{"id":50921,"date":"2024-05-27T23:02:33","date_gmt":"2024-05-28T05:02:33","guid":{"rendered":"https:\/\/elinformativotam.com\/?p=50921"},"modified":"2024-05-27T23:02:33","modified_gmt":"2024-05-28T05:02:33","slug":"fiscalia-sera-quien-investigue-incendio-en-almacenes-ibarra","status":"publish","type":"post","link":"https:\/\/elinformativotam.com\/index.php\/2024\/05\/27\/fiscalia-sera-quien-investigue-incendio-en-almacenes-ibarra\/","title":{"rendered":"FISCAL\u00cdA SER\u00c1 QUIEN INVESTIGUE INCENDIO EN ALMACENES IBARRA"},"content":{"rendered":"<p>Protecci\u00f3n Civil Regional, se\u00f1al\u00f3 que ser\u00e1 la Fiscal\u00eda General de Justicia de Tamaulipas as\u00ed como las aseguradoras los encargados de llevar a cabo la investigaci\u00f3n de qu\u00e9 fue lo que origin\u00f3 el incendio en este almac\u00e9n de la empresa Ibarra.<\/p>\n<p>&nbsp;<\/p>\n<p>La afectaci\u00f3n que se tuvo por incendio en la tienda comercial Almacenes Ibarra es de un 35 a un 45 por ciento y en Arteli de hasta un 55 por ciento la afectaci\u00f3n que se est\u00e1 teniendo se\u00f1al\u00f3, Rafael Chirinos Aguilar.<\/p>\n<p>&nbsp;<\/p>\n<p>Expuso\u00a0 que ah\u00ed lo que pas\u00f3, es que colaps\u00f3 la estructura, el techo, porque el calor fue muy intenso, donde participaron todo el personal de Bomberos, tanto los voluntarios como los que se encuentran formando parte de los municipios.<\/p>\n<p>&nbsp;<\/p>\n<p>&#8220;Afortunadamente tuvimos el apoyo de las empresas que nos pudieron dotar de agua para poder actuar en el incendio&#8221;, coment\u00f3.<\/p>\n<p>&nbsp;<\/p>\n<p>Elementos del Ej\u00e9rcito Mexicano implementaron el Plan DN-III, mientras que los de la Guardia Nacional resguardaron la tienda Arteli para evitar los actos de rapi\u00f1a.<\/p>\n<p>&nbsp;<\/p>\n","protected":false},"excerpt":{"rendered":"<p>Protecci\u00f3n Civil Regional, se\u00f1al\u00f3 que ser\u00e1 la Fiscal\u00eda General de Justicia de Tamaulipas as\u00ed como las aseguradoras los encargados de&hellip;<\/p>\n","protected":false},"author":1,"featured_media":50922,"comment_status":"open","ping_status":"open","sticky":false,"template":"","format":"standard","meta":{"footnotes":""},"categories":[5],"tags":[],"class_list":["post-50921","post","type-post","status-publish","format-standard","has-post-thumbnail","hentry","category-altamira"],"yoast_head":"<!-- This site is optimized with the Yoast SEO plugin v27.4 - https:\/\/yoast.com\/product\/yoast-seo-wordpress\/ -->\n<title>FISCAL\u00cdA SER\u00c1 QUIEN INVESTIGUE INCENDIO EN ALMACENES IBARRA - EL INFORMATIVO DE TAMAULIPAS<\/title>\n<meta name=\"description\" content=\"Protecci\u00f3n Civil Regional, se\u00f1al\u00f3 que ser\u00e1 la Fiscal\u00eda General de Justicia de Tamaulipas as\u00ed como las aseguradoras los encargados de llevar a cabo la\" \/>\n<meta name=\"robots\" content=\"index, follow, max-snippet:-1, max-image-preview:large, max-video-preview:-1\" \/>\n<link rel=\"canonical\" href=\"https:\/\/elinformativotam.com\/index.php\/2024\/05\/27\/fiscalia-sera-quien-investigue-incendio-en-almacenes-ibarra\/\" \/>\n<meta property=\"og:locale\" content=\"es_MX\" \/>\n<meta property=\"og:type\" content=\"article\" \/>\n<meta property=\"og:title\" content=\"FISCAL\u00cdA SER\u00c1 QUIEN INVESTIGUE INCENDIO EN ALMACENES IBARRA - EL INFORMATIVO DE TAMAULIPAS\" \/>\n<meta property=\"og:description\" content=\"Protecci\u00f3n Civil Regional, se\u00f1al\u00f3 que ser\u00e1 la Fiscal\u00eda General de Justicia de Tamaulipas as\u00ed como las aseguradoras los encargados de llevar a cabo la\" \/>\n<meta property=\"og:url\" content=\"https:\/\/elinformativotam.com\/index.php\/2024\/05\/27\/fiscalia-sera-quien-investigue-incendio-en-almacenes-ibarra\/\" \/>\n<meta property=\"og:site_name\" content=\"EL INFORMATIVO DE TAMAULIPAS\" \/>\n<meta property=\"article:published_time\" content=\"2024-05-28T05:02:33+00:00\" \/>\n<meta property=\"og:image\" content=\"https:\/\/elinformativotam.com\/wp-content\/uploads\/2024\/05\/Fiscalia.jpeg\" \/>\n\t<meta property=\"og:image:width\" content=\"1599\" \/>\n\t<meta property=\"og:image:height\" content=\"899\" \/>\n\t<meta property=\"og:image:type\" content=\"image\/jpeg\" \/>\n<meta name=\"author\" content=\"El Informativo Tam\" \/>\n<meta name=\"twitter:card\" content=\"summary_large_image\" \/>\n<meta name=\"twitter:label1\" content=\"Escrito por\" \/>\n\t<meta name=\"twitter:data1\" content=\"El Informativo Tam\" \/>\n\t<meta name=\"twitter:label2\" content=\"Tiempo de lectura\" \/>\n\t<meta name=\"twitter:data2\" content=\"1 minuto\" \/>\n<script type=\"application\/ld+json\" class=\"yoast-schema-graph\">{\"@context\":\"https:\\\/\\\/schema.org\",\"@graph\":[{\"@type\":\"Article\",\"@id\":\"https:\\\/\\\/elinformativotam.com\\\/index.php\\\/2024\\\/05\\\/27\\\/fiscalia-sera-quien-investigue-incendio-en-almacenes-ibarra\\\/#article\",\"isPartOf\":{\"@id\":\"https:\\\/\\\/elinformativotam.com\\\/index.php\\\/2024\\\/05\\\/27\\\/fiscalia-sera-quien-investigue-incendio-en-almacenes-ibarra\\\/\"},\"author\":{\"name\":\"El Informativo Tam\",\"@id\":\"https:\\\/\\\/elinformativotam.com\\\/#\\\/schema\\\/person\\\/78e08040eed0f6110f0c5f83b6153590\"},\"headline\":\"FISCAL\u00cdA SER\u00c1 QUIEN INVESTIGUE INCENDIO EN ALMACENES IBARRA\",\"datePublished\":\"2024-05-28T05:02:33+00:00\",\"mainEntityOfPage\":{\"@id\":\"https:\\\/\\\/elinformativotam.com\\\/index.php\\\/2024\\\/05\\\/27\\\/fiscalia-sera-quien-investigue-incendio-en-almacenes-ibarra\\\/\"},\"wordCount\":186,\"commentCount\":0,\"publisher\":{\"@id\":\"https:\\\/\\\/elinformativotam.com\\\/#organization\"},\"image\":{\"@id\":\"https:\\\/\\\/elinformativotam.com\\\/index.php\\\/2024\\\/05\\\/27\\\/fiscalia-sera-quien-investigue-incendio-en-almacenes-ibarra\\\/#primaryimage\"},\"thumbnailUrl\":\"https:\\\/\\\/elinformativotam.com\\\/wp-content\\\/uploads\\\/2024\\\/05\\\/Fiscalia.jpeg\",\"articleSection\":[\"Altamira\"],\"inLanguage\":\"es\",\"potentialAction\":[{\"@type\":\"CommentAction\",\"name\":\"Comment\",\"target\":[\"https:\\\/\\\/elinformativotam.com\\\/index.php\\\/2024\\\/05\\\/27\\\/fiscalia-sera-quien-investigue-incendio-en-almacenes-ibarra\\\/#respond\"]}]},{\"@type\":\"WebPage\",\"@id\":\"https:\\\/\\\/elinformativotam.com\\\/index.php\\\/2024\\\/05\\\/27\\\/fiscalia-sera-quien-investigue-incendio-en-almacenes-ibarra\\\/\",\"url\":\"https:\\\/\\\/elinformativotam.com\\\/index.php\\\/2024\\\/05\\\/27\\\/fiscalia-sera-quien-investigue-incendio-en-almacenes-ibarra\\\/\",\"name\":\"FISCAL\u00cdA SER\u00c1 QUIEN INVESTIGUE INCENDIO EN ALMACENES IBARRA - EL INFORMATIVO DE TAMAULIPAS\",\"isPartOf\":{\"@id\":\"https:\\\/\\\/elinformativotam.com\\\/#website\"},\"primaryImageOfPage\":{\"@id\":\"https:\\\/\\\/elinformativotam.com\\\/index.php\\\/2024\\\/05\\\/27\\\/fiscalia-sera-quien-investigue-incendio-en-almacenes-ibarra\\\/#primaryimage\"},\"image\":{\"@id\":\"https:\\\/\\\/elinformativotam.com\\\/index.php\\\/2024\\\/05\\\/27\\\/fiscalia-sera-quien-investigue-incendio-en-almacenes-ibarra\\\/#primaryimage\"},\"thumbnailUrl\":\"https:\\\/\\\/elinformativotam.com\\\/wp-content\\\/uploads\\\/2024\\\/05\\\/Fiscalia.jpeg\",\"datePublished\":\"2024-05-28T05:02:33+00:00\",\"description\":\"Protecci\u00f3n Civil Regional, se\u00f1al\u00f3 que ser\u00e1 la Fiscal\u00eda General de Justicia de Tamaulipas as\u00ed como las aseguradoras los encargados de llevar a cabo la\",\"inLanguage\":\"es\",\"potentialAction\":[{\"@type\":\"ReadAction\",\"target\":[\"https:\\\/\\\/elinformativotam.com\\\/index.php\\\/2024\\\/05\\\/27\\\/fiscalia-sera-quien-investigue-incendio-en-almacenes-ibarra\\\/\"]}]},{\"@type\":\"ImageObject\",\"inLanguage\":\"es\",\"@id\":\"https:\\\/\\\/elinformativotam.com\\\/index.php\\\/2024\\\/05\\\/27\\\/fiscalia-sera-quien-investigue-incendio-en-almacenes-ibarra\\\/#primaryimage\",\"url\":\"https:\\\/\\\/elinformativotam.com\\\/wp-content\\\/uploads\\\/2024\\\/05\\\/Fiscalia.jpeg\",\"contentUrl\":\"https:\\\/\\\/elinformativotam.com\\\/wp-content\\\/uploads\\\/2024\\\/05\\\/Fiscalia.jpeg\",\"width\":1599,\"height\":899},{\"@type\":\"WebSite\",\"@id\":\"https:\\\/\\\/elinformativotam.com\\\/#website\",\"url\":\"https:\\\/\\\/elinformativotam.com\\\/\",\"name\":\"EL INFORMATIVO DE TAMAULIPAS\",\"description\":\"Desde la Zona Metropolitana Para Todo M\u00e9xico\",\"publisher\":{\"@id\":\"https:\\\/\\\/elinformativotam.com\\\/#organization\"},\"potentialAction\":[{\"@type\":\"SearchAction\",\"target\":{\"@type\":\"EntryPoint\",\"urlTemplate\":\"https:\\\/\\\/elinformativotam.com\\\/?s={search_term_string}\"},\"query-input\":{\"@type\":\"PropertyValueSpecification\",\"valueRequired\":true,\"valueName\":\"search_term_string\"}}],\"inLanguage\":\"es\"},{\"@type\":\"Organization\",\"@id\":\"https:\\\/\\\/elinformativotam.com\\\/#organization\",\"name\":\"EL INFORMATIVO DE TAMAULIPAS\",\"url\":\"https:\\\/\\\/elinformativotam.com\\\/\",\"logo\":{\"@type\":\"ImageObject\",\"inLanguage\":\"es\",\"@id\":\"https:\\\/\\\/elinformativotam.com\\\/#\\\/schema\\\/logo\\\/image\\\/\",\"url\":\"https:\\\/\\\/elinformativotam.com\\\/wp-content\\\/uploads\\\/2026\\\/02\\\/Cabezal.png\",\"contentUrl\":\"https:\\\/\\\/elinformativotam.com\\\/wp-content\\\/uploads\\\/2026\\\/02\\\/Cabezal.png\",\"width\":960,\"height\":640,\"caption\":\"EL INFORMATIVO DE TAMAULIPAS\"},\"image\":{\"@id\":\"https:\\\/\\\/elinformativotam.com\\\/#\\\/schema\\\/logo\\\/image\\\/\"}},{\"@type\":\"Person\",\"@id\":\"https:\\\/\\\/elinformativotam.com\\\/#\\\/schema\\\/person\\\/78e08040eed0f6110f0c5f83b6153590\",\"name\":\"El Informativo Tam\",\"image\":{\"@type\":\"ImageObject\",\"inLanguage\":\"es\",\"@id\":\"https:\\\/\\\/secure.gravatar.com\\\/avatar\\\/f3b7ad3af540688955925ac610647be00b0cf41feea9c4978b73a707ee86bc53?s=96&d=mm&r=g\",\"url\":\"https:\\\/\\\/secure.gravatar.com\\\/avatar\\\/f3b7ad3af540688955925ac610647be00b0cf41feea9c4978b73a707ee86bc53?s=96&d=mm&r=g\",\"contentUrl\":\"https:\\\/\\\/secure.gravatar.com\\\/avatar\\\/f3b7ad3af540688955925ac610647be00b0cf41feea9c4978b73a707ee86bc53?s=96&d=mm&r=g\",\"caption\":\"El Informativo Tam\"}}]}<\/script>\n<!-- \/ Yoast SEO plugin. -->","yoast_head_json":{"title":"FISCAL\u00cdA SER\u00c1 QUIEN INVESTIGUE INCENDIO EN ALMACENES IBARRA - EL INFORMATIVO DE TAMAULIPAS","description":"Protecci\u00f3n Civil Regional, se\u00f1al\u00f3 que ser\u00e1 la Fiscal\u00eda General de Justicia de Tamaulipas as\u00ed como las aseguradoras los encargados de llevar a cabo la","robots":{"index":"index","follow":"follow","max-snippet":"max-snippet:-1","max-image-preview":"max-image-preview:large","max-video-preview":"max-video-preview:-1"},"canonical":"https:\/\/elinformativotam.com\/index.php\/2024\/05\/27\/fiscalia-sera-quien-investigue-incendio-en-almacenes-ibarra\/","og_locale":"es_MX","og_type":"article","og_title":"FISCAL\u00cdA SER\u00c1 QUIEN INVESTIGUE INCENDIO EN ALMACENES IBARRA - EL INFORMATIVO DE TAMAULIPAS","og_description":"Protecci\u00f3n Civil Regional, se\u00f1al\u00f3 que ser\u00e1 la Fiscal\u00eda General de Justicia de Tamaulipas as\u00ed como las aseguradoras los encargados de llevar a cabo la","og_url":"https:\/\/elinformativotam.com\/index.php\/2024\/05\/27\/fiscalia-sera-quien-investigue-incendio-en-almacenes-ibarra\/","og_site_name":"EL INFORMATIVO DE TAMAULIPAS","article_published_time":"2024-05-28T05:02:33+00:00","og_image":[{"width":1599,"height":899,"url":"https:\/\/elinformativotam.com\/wp-content\/uploads\/2024\/05\/Fiscalia.jpeg","type":"image\/jpeg"}],"author":"El Informativo Tam","twitter_card":"summary_large_image","twitter_misc":{"Escrito por":"El Informativo Tam","Tiempo de lectura":"1 minuto"},"schema":{"@context":"https:\/\/schema.org","@graph":[{"@type":"Article","@id":"https:\/\/elinformativotam.com\/index.php\/2024\/05\/27\/fiscalia-sera-quien-investigue-incendio-en-almacenes-ibarra\/#article","isPartOf":{"@id":"https:\/\/elinformativotam.com\/index.php\/2024\/05\/27\/fiscalia-sera-quien-investigue-incendio-en-almacenes-ibarra\/"},"author":{"name":"El Informativo Tam","@id":"https:\/\/elinformativotam.com\/#\/schema\/person\/78e08040eed0f6110f0c5f83b6153590"},"headline":"FISCAL\u00cdA SER\u00c1 QUIEN INVESTIGUE INCENDIO EN ALMACENES IBARRA","datePublished":"2024-05-28T05:02:33+00:00","mainEntityOfPage":{"@id":"https:\/\/elinformativotam.com\/index.php\/2024\/05\/27\/fiscalia-sera-quien-investigue-incendio-en-almacenes-ibarra\/"},"wordCount":186,"commentCount":0,"publisher":{"@id":"https:\/\/elinformativotam.com\/#organization"},"image":{"@id":"https:\/\/elinformativotam.com\/index.php\/2024\/05\/27\/fiscalia-sera-quien-investigue-incendio-en-almacenes-ibarra\/#primaryimage"},"thumbnailUrl":"https:\/\/elinformativotam.com\/wp-content\/uploads\/2024\/05\/Fiscalia.jpeg","articleSection":["Altamira"],"inLanguage":"es","potentialAction":[{"@type":"CommentAction","name":"Comment","target":["https:\/\/elinformativotam.com\/index.php\/2024\/05\/27\/fiscalia-sera-quien-investigue-incendio-en-almacenes-ibarra\/#respond"]}]},{"@type":"WebPage","@id":"https:\/\/elinformativotam.com\/index.php\/2024\/05\/27\/fiscalia-sera-quien-investigue-incendio-en-almacenes-ibarra\/","url":"https:\/\/elinformativotam.com\/index.php\/2024\/05\/27\/fiscalia-sera-quien-investigue-incendio-en-almacenes-ibarra\/","name":"FISCAL\u00cdA SER\u00c1 QUIEN INVESTIGUE INCENDIO EN ALMACENES IBARRA - EL INFORMATIVO DE TAMAULIPAS","isPartOf":{"@id":"https:\/\/elinformativotam.com\/#website"},"primaryImageOfPage":{"@id":"https:\/\/elinformativotam.com\/index.php\/2024\/05\/27\/fiscalia-sera-quien-investigue-incendio-en-almacenes-ibarra\/#primaryimage"},"image":{"@id":"https:\/\/elinformativotam.com\/index.php\/2024\/05\/27\/fiscalia-sera-quien-investigue-incendio-en-almacenes-ibarra\/#primaryimage"},"thumbnailUrl":"https:\/\/elinformativotam.com\/wp-content\/uploads\/2024\/05\/Fiscalia.jpeg","datePublished":"2024-05-28T05:02:33+00:00","description":"Protecci\u00f3n Civil Regional, se\u00f1al\u00f3 que ser\u00e1 la Fiscal\u00eda General de Justicia de Tamaulipas as\u00ed como las aseguradoras los encargados de llevar a cabo la","inLanguage":"es","potentialAction":[{"@type":"ReadAction","target":["https:\/\/elinformativotam.com\/index.php\/2024\/05\/27\/fiscalia-sera-quien-investigue-incendio-en-almacenes-ibarra\/"]}]},{"@type":"ImageObject","inLanguage":"es","@id":"https:\/\/elinformativotam.com\/index.php\/2024\/05\/27\/fiscalia-sera-quien-investigue-incendio-en-almacenes-ibarra\/#primaryimage","url":"https:\/\/elinformativotam.com\/wp-content\/uploads\/2024\/05\/Fiscalia.jpeg","contentUrl":"https:\/\/elinformativotam.com\/wp-content\/uploads\/2024\/05\/Fiscalia.jpeg","width":1599,"height":899},{"@type":"WebSite","@id":"https:\/\/elinformativotam.com\/#website","url":"https:\/\/elinformativotam.com\/","name":"EL INFORMATIVO DE TAMAULIPAS","description":"Desde la Zona Metropolitana Para Todo M\u00e9xico","publisher":{"@id":"https:\/\/elinformativotam.com\/#organization"},"potentialAction":[{"@type":"SearchAction","target":{"@type":"EntryPoint","urlTemplate":"https:\/\/elinformativotam.com\/?s={search_term_string}"},"query-input":{"@type":"PropertyValueSpecification","valueRequired":true,"valueName":"search_term_string"}}],"inLanguage":"es"},{"@type":"Organization","@id":"https:\/\/elinformativotam.com\/#organization","name":"EL INFORMATIVO DE TAMAULIPAS","url":"https:\/\/elinformativotam.com\/","logo":{"@type":"ImageObject","inLanguage":"es","@id":"https:\/\/elinformativotam.com\/#\/schema\/logo\/image\/","url":"https:\/\/elinformativotam.com\/wp-content\/uploads\/2026\/02\/Cabezal.png","contentUrl":"https:\/\/elinformativotam.com\/wp-content\/uploads\/2026\/02\/Cabezal.png","width":960,"height":640,"caption":"EL INFORMATIVO DE TAMAULIPAS"},"image":{"@id":"https:\/\/elinformativotam.com\/#\/schema\/logo\/image\/"}},{"@type":"Person","@id":"https:\/\/elinformativotam.com\/#\/schema\/person\/78e08040eed0f6110f0c5f83b6153590","name":"El Informativo Tam","image":{"@type":"ImageObject","inLanguage":"es","@id":"https:\/\/secure.gravatar.com\/avatar\/f3b7ad3af540688955925ac610647be00b0cf41feea9c4978b73a707ee86bc53?s=96&d=mm&r=g","url":"https:\/\/secure.gravatar.com\/avatar\/f3b7ad3af540688955925ac610647be00b0cf41feea9c4978b73a707ee86bc53?s=96&d=mm&r=g","contentUrl":"https:\/\/secure.gravatar.com\/avatar\/f3b7ad3af540688955925ac610647be00b0cf41feea9c4978b73a707ee86bc53?s=96&d=mm&r=g","caption":"El Informativo Tam"}}]}},"_links":{"self":[{"href":"https:\/\/elinformativotam.com\/index.php\/wp-json\/wp\/v2\/posts\/50921","targetHints":{"allow":["GET"]}}],"collection":[{"href":"https:\/\/elinformativotam.com\/index.php\/wp-json\/wp\/v2\/posts"}],"about":[{"href":"https:\/\/elinformativotam.com\/index.php\/wp-json\/wp\/v2\/types\/post"}],"author":[{"embeddable":true,"href":"https:\/\/elinformativotam.com\/index.php\/wp-json\/wp\/v2\/users\/1"}],"replies":[{"embeddable":true,"href":"https:\/\/elinformativotam.com\/index.php\/wp-json\/wp\/v2\/comments?post=50921"}],"version-history":[{"count":1,"href":"https:\/\/elinformativotam.com\/index.php\/wp-json\/wp\/v2\/posts\/50921\/revisions"}],"predecessor-version":[{"id":50923,"href":"https:\/\/elinformativotam.com\/index.php\/wp-json\/wp\/v2\/posts\/50921\/revisions\/50923"}],"wp:featuredmedia":[{"embeddable":true,"href":"https:\/\/elinformativotam.com\/index.php\/wp-json\/wp\/v2\/media\/50922"}],"wp:attachment":[{"href":"https:\/\/elinformativotam.com\/index.php\/wp-json\/wp\/v2\/media?parent=50921"}],"wp:term":[{"taxonomy":"category","embeddable":true,"href":"https:\/\/elinformativotam.com\/index.php\/wp-json\/wp\/v2\/categories?post=50921"},{"taxonomy":"post_tag","embeddable":true,"href":"https:\/\/elinformativotam.com\/index.php\/wp-json\/wp\/v2\/tags?post=50921"}],"curies":[{"name":"wp","href":"https:\/\/api.w.org\/{rel}","templated":true}]}}