{"id":50918,"date":"2024-05-27T22:58:13","date_gmt":"2024-05-28T04:58:13","guid":{"rendered":"https:\/\/elinformativotam.com\/?p=50918"},"modified":"2024-05-27T22:58:13","modified_gmt":"2024-05-28T04:58:13","slug":"fuego-en-el-almacen-continua-bomberos-siguen-en-trabajos-de-sofocarlo","status":"publish","type":"post","link":"https:\/\/elinformativotam.com\/index.php\/2024\/05\/27\/fuego-en-el-almacen-continua-bomberos-siguen-en-trabajos-de-sofocarlo\/","title":{"rendered":"FUEGO EN EL ALMAC\u00c9N CONTIN\u00daA, BOMBEROS SIGUEN EN TRABAJOS DE SOFOCARLO"},"content":{"rendered":"<p>Despu\u00e9s de tres d\u00edas de suscitarse el incendio en una bodega de la tienda comercial almacenes Ibarra, todav\u00eda este lunes hasta el cierre de la edici\u00f3n de esta informaci\u00f3n personal de Bomberos continuaban con labores para sofocar el mismo.<\/p>\n<p>&nbsp;<\/p>\n<p>Esto tras un incendio suscitado durante los \u00faltimos minutos del viernes, primeras horas del s\u00e1bado mismo que provoc\u00f3 da\u00f1os en gran parte de este almac\u00e9n alcanzando tambi\u00e9n a una tienda ubicada a un costado de la misma.<\/p>\n<p>&nbsp;<\/p>\n<p>Maria Luisa Cuevas Rivera, expuso que siguen realizando acciones para retirar la estructura de las paredes, para con ello poder maniobrar con las m\u00e1quinas.<\/p>\n<p>&nbsp;<\/p>\n<p>&#8220;No se ha logrado controlar por el tipo de materiales que se almacenado tales como harina, az\u00facar, parafina y eso son aceites que f\u00e1cilmente se incendian&#8221;.<\/p>\n<p>&nbsp;<\/p>\n<p>Las \u00e1reas que se quemaron fueron panader\u00eda y \u00e1reas de producci\u00f3n, donde ellos tienen producci\u00f3n de alimentos de la tienda Arteli.<\/p>\n<p>&nbsp;<\/p>\n<p>En acciones de respuesta para controlar este incendio se tuvo el apoyo de grupos voluntarios, de igual manera bomberos de Tampico y Ciudad Madero, as\u00ed como de la Asipona.<\/p>\n","protected":false},"excerpt":{"rendered":"<p>Despu\u00e9s de tres d\u00edas de suscitarse el incendio en una bodega de la tienda comercial almacenes Ibarra, todav\u00eda este lunes&hellip;<\/p>\n","protected":false},"author":1,"featured_media":50919,"comment_status":"open","ping_status":"open","sticky":false,"template":"","format":"standard","meta":{"footnotes":""},"categories":[5],"tags":[],"class_list":["post-50918","post","type-post","status-publish","format-standard","has-post-thumbnail","hentry","category-altamira"],"yoast_head":"<!-- This site is optimized with the Yoast SEO plugin v27.4 - https:\/\/yoast.com\/product\/yoast-seo-wordpress\/ -->\n<title>FUEGO EN EL ALMAC\u00c9N CONTIN\u00daA, BOMBEROS SIGUEN EN TRABAJOS DE SOFOCARLO - EL INFORMATIVO DE TAMAULIPAS<\/title>\n<meta name=\"description\" content=\"Despu\u00e9s de tres d\u00edas de suscitarse el incendio en una bodega de la tienda comercial almacenes Ibarra, todav\u00eda este lunes hasta el cierre de la edici\u00f3n de\" \/>\n<meta name=\"robots\" content=\"index, follow, max-snippet:-1, max-image-preview:large, max-video-preview:-1\" \/>\n<link rel=\"canonical\" href=\"https:\/\/elinformativotam.com\/index.php\/2024\/05\/27\/fuego-en-el-almacen-continua-bomberos-siguen-en-trabajos-de-sofocarlo\/\" \/>\n<meta property=\"og:locale\" content=\"es_MX\" \/>\n<meta property=\"og:type\" content=\"article\" \/>\n<meta property=\"og:title\" content=\"FUEGO EN EL ALMAC\u00c9N CONTIN\u00daA, BOMBEROS SIGUEN EN TRABAJOS DE SOFOCARLO - EL INFORMATIVO DE TAMAULIPAS\" \/>\n<meta property=\"og:description\" content=\"Despu\u00e9s de tres d\u00edas de suscitarse el incendio en una bodega de la tienda comercial almacenes Ibarra, todav\u00eda este lunes hasta el cierre de la edici\u00f3n de\" \/>\n<meta property=\"og:url\" content=\"https:\/\/elinformativotam.com\/index.php\/2024\/05\/27\/fuego-en-el-almacen-continua-bomberos-siguen-en-trabajos-de-sofocarlo\/\" \/>\n<meta property=\"og:site_name\" content=\"EL INFORMATIVO DE TAMAULIPAS\" \/>\n<meta property=\"article:published_time\" content=\"2024-05-28T04:58:13+00:00\" \/>\n<meta property=\"og:image\" content=\"https:\/\/elinformativotam.com\/wp-content\/uploads\/2024\/05\/IBARRA1.jpeg\" \/>\n\t<meta property=\"og:image:width\" content=\"1280\" \/>\n\t<meta property=\"og:image:height\" content=\"960\" \/>\n\t<meta property=\"og:image:type\" content=\"image\/jpeg\" \/>\n<meta name=\"author\" content=\"El Informativo Tam\" \/>\n<meta name=\"twitter:card\" content=\"summary_large_image\" \/>\n<meta name=\"twitter:label1\" content=\"Escrito por\" \/>\n\t<meta name=\"twitter:data1\" content=\"El Informativo Tam\" \/>\n\t<meta name=\"twitter:label2\" content=\"Tiempo de lectura\" \/>\n\t<meta name=\"twitter:data2\" content=\"2 minutos\" \/>\n<script type=\"application\/ld+json\" class=\"yoast-schema-graph\">{\"@context\":\"https:\\\/\\\/schema.org\",\"@graph\":[{\"@type\":\"Article\",\"@id\":\"https:\\\/\\\/elinformativotam.com\\\/index.php\\\/2024\\\/05\\\/27\\\/fuego-en-el-almacen-continua-bomberos-siguen-en-trabajos-de-sofocarlo\\\/#article\",\"isPartOf\":{\"@id\":\"https:\\\/\\\/elinformativotam.com\\\/index.php\\\/2024\\\/05\\\/27\\\/fuego-en-el-almacen-continua-bomberos-siguen-en-trabajos-de-sofocarlo\\\/\"},\"author\":{\"name\":\"El Informativo Tam\",\"@id\":\"https:\\\/\\\/elinformativotam.com\\\/#\\\/schema\\\/person\\\/78e08040eed0f6110f0c5f83b6153590\"},\"headline\":\"FUEGO EN EL ALMAC\u00c9N CONTIN\u00daA, BOMBEROS SIGUEN EN TRABAJOS DE SOFOCARLO\",\"datePublished\":\"2024-05-28T04:58:13+00:00\",\"mainEntityOfPage\":{\"@id\":\"https:\\\/\\\/elinformativotam.com\\\/index.php\\\/2024\\\/05\\\/27\\\/fuego-en-el-almacen-continua-bomberos-siguen-en-trabajos-de-sofocarlo\\\/\"},\"wordCount\":209,\"commentCount\":0,\"publisher\":{\"@id\":\"https:\\\/\\\/elinformativotam.com\\\/#organization\"},\"image\":{\"@id\":\"https:\\\/\\\/elinformativotam.com\\\/index.php\\\/2024\\\/05\\\/27\\\/fuego-en-el-almacen-continua-bomberos-siguen-en-trabajos-de-sofocarlo\\\/#primaryimage\"},\"thumbnailUrl\":\"https:\\\/\\\/elinformativotam.com\\\/wp-content\\\/uploads\\\/2024\\\/05\\\/IBARRA1.jpeg\",\"articleSection\":[\"Altamira\"],\"inLanguage\":\"es\",\"potentialAction\":[{\"@type\":\"CommentAction\",\"name\":\"Comment\",\"target\":[\"https:\\\/\\\/elinformativotam.com\\\/index.php\\\/2024\\\/05\\\/27\\\/fuego-en-el-almacen-continua-bomberos-siguen-en-trabajos-de-sofocarlo\\\/#respond\"]}]},{\"@type\":\"WebPage\",\"@id\":\"https:\\\/\\\/elinformativotam.com\\\/index.php\\\/2024\\\/05\\\/27\\\/fuego-en-el-almacen-continua-bomberos-siguen-en-trabajos-de-sofocarlo\\\/\",\"url\":\"https:\\\/\\\/elinformativotam.com\\\/index.php\\\/2024\\\/05\\\/27\\\/fuego-en-el-almacen-continua-bomberos-siguen-en-trabajos-de-sofocarlo\\\/\",\"name\":\"FUEGO EN EL ALMAC\u00c9N CONTIN\u00daA, BOMBEROS SIGUEN EN TRABAJOS DE SOFOCARLO - EL INFORMATIVO DE TAMAULIPAS\",\"isPartOf\":{\"@id\":\"https:\\\/\\\/elinformativotam.com\\\/#website\"},\"primaryImageOfPage\":{\"@id\":\"https:\\\/\\\/elinformativotam.com\\\/index.php\\\/2024\\\/05\\\/27\\\/fuego-en-el-almacen-continua-bomberos-siguen-en-trabajos-de-sofocarlo\\\/#primaryimage\"},\"image\":{\"@id\":\"https:\\\/\\\/elinformativotam.com\\\/index.php\\\/2024\\\/05\\\/27\\\/fuego-en-el-almacen-continua-bomberos-siguen-en-trabajos-de-sofocarlo\\\/#primaryimage\"},\"thumbnailUrl\":\"https:\\\/\\\/elinformativotam.com\\\/wp-content\\\/uploads\\\/2024\\\/05\\\/IBARRA1.jpeg\",\"datePublished\":\"2024-05-28T04:58:13+00:00\",\"description\":\"Despu\u00e9s de tres d\u00edas de suscitarse el incendio en una bodega de la tienda comercial almacenes Ibarra, todav\u00eda este lunes hasta el cierre de la edici\u00f3n de\",\"inLanguage\":\"es\",\"potentialAction\":[{\"@type\":\"ReadAction\",\"target\":[\"https:\\\/\\\/elinformativotam.com\\\/index.php\\\/2024\\\/05\\\/27\\\/fuego-en-el-almacen-continua-bomberos-siguen-en-trabajos-de-sofocarlo\\\/\"]}]},{\"@type\":\"ImageObject\",\"inLanguage\":\"es\",\"@id\":\"https:\\\/\\\/elinformativotam.com\\\/index.php\\\/2024\\\/05\\\/27\\\/fuego-en-el-almacen-continua-bomberos-siguen-en-trabajos-de-sofocarlo\\\/#primaryimage\",\"url\":\"https:\\\/\\\/elinformativotam.com\\\/wp-content\\\/uploads\\\/2024\\\/05\\\/IBARRA1.jpeg\",\"contentUrl\":\"https:\\\/\\\/elinformativotam.com\\\/wp-content\\\/uploads\\\/2024\\\/05\\\/IBARRA1.jpeg\",\"width\":1280,\"height\":960},{\"@type\":\"WebSite\",\"@id\":\"https:\\\/\\\/elinformativotam.com\\\/#website\",\"url\":\"https:\\\/\\\/elinformativotam.com\\\/\",\"name\":\"EL INFORMATIVO DE TAMAULIPAS\",\"description\":\"Desde la Zona Metropolitana Para Todo M\u00e9xico\",\"publisher\":{\"@id\":\"https:\\\/\\\/elinformativotam.com\\\/#organization\"},\"potentialAction\":[{\"@type\":\"SearchAction\",\"target\":{\"@type\":\"EntryPoint\",\"urlTemplate\":\"https:\\\/\\\/elinformativotam.com\\\/?s={search_term_string}\"},\"query-input\":{\"@type\":\"PropertyValueSpecification\",\"valueRequired\":true,\"valueName\":\"search_term_string\"}}],\"inLanguage\":\"es\"},{\"@type\":\"Organization\",\"@id\":\"https:\\\/\\\/elinformativotam.com\\\/#organization\",\"name\":\"EL INFORMATIVO DE TAMAULIPAS\",\"url\":\"https:\\\/\\\/elinformativotam.com\\\/\",\"logo\":{\"@type\":\"ImageObject\",\"inLanguage\":\"es\",\"@id\":\"https:\\\/\\\/elinformativotam.com\\\/#\\\/schema\\\/logo\\\/image\\\/\",\"url\":\"https:\\\/\\\/elinformativotam.com\\\/wp-content\\\/uploads\\\/2026\\\/02\\\/Cabezal.png\",\"contentUrl\":\"https:\\\/\\\/elinformativotam.com\\\/wp-content\\\/uploads\\\/2026\\\/02\\\/Cabezal.png\",\"width\":960,\"height\":640,\"caption\":\"EL INFORMATIVO DE TAMAULIPAS\"},\"image\":{\"@id\":\"https:\\\/\\\/elinformativotam.com\\\/#\\\/schema\\\/logo\\\/image\\\/\"}},{\"@type\":\"Person\",\"@id\":\"https:\\\/\\\/elinformativotam.com\\\/#\\\/schema\\\/person\\\/78e08040eed0f6110f0c5f83b6153590\",\"name\":\"El Informativo Tam\",\"image\":{\"@type\":\"ImageObject\",\"inLanguage\":\"es\",\"@id\":\"https:\\\/\\\/secure.gravatar.com\\\/avatar\\\/f3b7ad3af540688955925ac610647be00b0cf41feea9c4978b73a707ee86bc53?s=96&d=mm&r=g\",\"url\":\"https:\\\/\\\/secure.gravatar.com\\\/avatar\\\/f3b7ad3af540688955925ac610647be00b0cf41feea9c4978b73a707ee86bc53?s=96&d=mm&r=g\",\"contentUrl\":\"https:\\\/\\\/secure.gravatar.com\\\/avatar\\\/f3b7ad3af540688955925ac610647be00b0cf41feea9c4978b73a707ee86bc53?s=96&d=mm&r=g\",\"caption\":\"El Informativo Tam\"}}]}<\/script>\n<!-- \/ Yoast SEO plugin. -->","yoast_head_json":{"title":"FUEGO EN EL ALMAC\u00c9N CONTIN\u00daA, BOMBEROS SIGUEN EN TRABAJOS DE SOFOCARLO - EL INFORMATIVO DE TAMAULIPAS","description":"Despu\u00e9s de tres d\u00edas de suscitarse el incendio en una bodega de la tienda comercial almacenes Ibarra, todav\u00eda este lunes hasta el cierre de la edici\u00f3n de","robots":{"index":"index","follow":"follow","max-snippet":"max-snippet:-1","max-image-preview":"max-image-preview:large","max-video-preview":"max-video-preview:-1"},"canonical":"https:\/\/elinformativotam.com\/index.php\/2024\/05\/27\/fuego-en-el-almacen-continua-bomberos-siguen-en-trabajos-de-sofocarlo\/","og_locale":"es_MX","og_type":"article","og_title":"FUEGO EN EL ALMAC\u00c9N CONTIN\u00daA, BOMBEROS SIGUEN EN TRABAJOS DE SOFOCARLO - EL INFORMATIVO DE TAMAULIPAS","og_description":"Despu\u00e9s de tres d\u00edas de suscitarse el incendio en una bodega de la tienda comercial almacenes Ibarra, todav\u00eda este lunes hasta el cierre de la edici\u00f3n de","og_url":"https:\/\/elinformativotam.com\/index.php\/2024\/05\/27\/fuego-en-el-almacen-continua-bomberos-siguen-en-trabajos-de-sofocarlo\/","og_site_name":"EL INFORMATIVO DE TAMAULIPAS","article_published_time":"2024-05-28T04:58:13+00:00","og_image":[{"width":1280,"height":960,"url":"https:\/\/elinformativotam.com\/wp-content\/uploads\/2024\/05\/IBARRA1.jpeg","type":"image\/jpeg"}],"author":"El Informativo Tam","twitter_card":"summary_large_image","twitter_misc":{"Escrito por":"El Informativo Tam","Tiempo de lectura":"2 minutos"},"schema":{"@context":"https:\/\/schema.org","@graph":[{"@type":"Article","@id":"https:\/\/elinformativotam.com\/index.php\/2024\/05\/27\/fuego-en-el-almacen-continua-bomberos-siguen-en-trabajos-de-sofocarlo\/#article","isPartOf":{"@id":"https:\/\/elinformativotam.com\/index.php\/2024\/05\/27\/fuego-en-el-almacen-continua-bomberos-siguen-en-trabajos-de-sofocarlo\/"},"author":{"name":"El Informativo Tam","@id":"https:\/\/elinformativotam.com\/#\/schema\/person\/78e08040eed0f6110f0c5f83b6153590"},"headline":"FUEGO EN EL ALMAC\u00c9N CONTIN\u00daA, BOMBEROS SIGUEN EN TRABAJOS DE SOFOCARLO","datePublished":"2024-05-28T04:58:13+00:00","mainEntityOfPage":{"@id":"https:\/\/elinformativotam.com\/index.php\/2024\/05\/27\/fuego-en-el-almacen-continua-bomberos-siguen-en-trabajos-de-sofocarlo\/"},"wordCount":209,"commentCount":0,"publisher":{"@id":"https:\/\/elinformativotam.com\/#organization"},"image":{"@id":"https:\/\/elinformativotam.com\/index.php\/2024\/05\/27\/fuego-en-el-almacen-continua-bomberos-siguen-en-trabajos-de-sofocarlo\/#primaryimage"},"thumbnailUrl":"https:\/\/elinformativotam.com\/wp-content\/uploads\/2024\/05\/IBARRA1.jpeg","articleSection":["Altamira"],"inLanguage":"es","potentialAction":[{"@type":"CommentAction","name":"Comment","target":["https:\/\/elinformativotam.com\/index.php\/2024\/05\/27\/fuego-en-el-almacen-continua-bomberos-siguen-en-trabajos-de-sofocarlo\/#respond"]}]},{"@type":"WebPage","@id":"https:\/\/elinformativotam.com\/index.php\/2024\/05\/27\/fuego-en-el-almacen-continua-bomberos-siguen-en-trabajos-de-sofocarlo\/","url":"https:\/\/elinformativotam.com\/index.php\/2024\/05\/27\/fuego-en-el-almacen-continua-bomberos-siguen-en-trabajos-de-sofocarlo\/","name":"FUEGO EN EL ALMAC\u00c9N CONTIN\u00daA, BOMBEROS SIGUEN EN TRABAJOS DE SOFOCARLO - EL INFORMATIVO DE TAMAULIPAS","isPartOf":{"@id":"https:\/\/elinformativotam.com\/#website"},"primaryImageOfPage":{"@id":"https:\/\/elinformativotam.com\/index.php\/2024\/05\/27\/fuego-en-el-almacen-continua-bomberos-siguen-en-trabajos-de-sofocarlo\/#primaryimage"},"image":{"@id":"https:\/\/elinformativotam.com\/index.php\/2024\/05\/27\/fuego-en-el-almacen-continua-bomberos-siguen-en-trabajos-de-sofocarlo\/#primaryimage"},"thumbnailUrl":"https:\/\/elinformativotam.com\/wp-content\/uploads\/2024\/05\/IBARRA1.jpeg","datePublished":"2024-05-28T04:58:13+00:00","description":"Despu\u00e9s de tres d\u00edas de suscitarse el incendio en una bodega de la tienda comercial almacenes Ibarra, todav\u00eda este lunes hasta el cierre de la edici\u00f3n de","inLanguage":"es","potentialAction":[{"@type":"ReadAction","target":["https:\/\/elinformativotam.com\/index.php\/2024\/05\/27\/fuego-en-el-almacen-continua-bomberos-siguen-en-trabajos-de-sofocarlo\/"]}]},{"@type":"ImageObject","inLanguage":"es","@id":"https:\/\/elinformativotam.com\/index.php\/2024\/05\/27\/fuego-en-el-almacen-continua-bomberos-siguen-en-trabajos-de-sofocarlo\/#primaryimage","url":"https:\/\/elinformativotam.com\/wp-content\/uploads\/2024\/05\/IBARRA1.jpeg","contentUrl":"https:\/\/elinformativotam.com\/wp-content\/uploads\/2024\/05\/IBARRA1.jpeg","width":1280,"height":960},{"@type":"WebSite","@id":"https:\/\/elinformativotam.com\/#website","url":"https:\/\/elinformativotam.com\/","name":"EL INFORMATIVO DE TAMAULIPAS","description":"Desde la Zona Metropolitana Para Todo M\u00e9xico","publisher":{"@id":"https:\/\/elinformativotam.com\/#organization"},"potentialAction":[{"@type":"SearchAction","target":{"@type":"EntryPoint","urlTemplate":"https:\/\/elinformativotam.com\/?s={search_term_string}"},"query-input":{"@type":"PropertyValueSpecification","valueRequired":true,"valueName":"search_term_string"}}],"inLanguage":"es"},{"@type":"Organization","@id":"https:\/\/elinformativotam.com\/#organization","name":"EL INFORMATIVO DE TAMAULIPAS","url":"https:\/\/elinformativotam.com\/","logo":{"@type":"ImageObject","inLanguage":"es","@id":"https:\/\/elinformativotam.com\/#\/schema\/logo\/image\/","url":"https:\/\/elinformativotam.com\/wp-content\/uploads\/2026\/02\/Cabezal.png","contentUrl":"https:\/\/elinformativotam.com\/wp-content\/uploads\/2026\/02\/Cabezal.png","width":960,"height":640,"caption":"EL INFORMATIVO DE TAMAULIPAS"},"image":{"@id":"https:\/\/elinformativotam.com\/#\/schema\/logo\/image\/"}},{"@type":"Person","@id":"https:\/\/elinformativotam.com\/#\/schema\/person\/78e08040eed0f6110f0c5f83b6153590","name":"El Informativo Tam","image":{"@type":"ImageObject","inLanguage":"es","@id":"https:\/\/secure.gravatar.com\/avatar\/f3b7ad3af540688955925ac610647be00b0cf41feea9c4978b73a707ee86bc53?s=96&d=mm&r=g","url":"https:\/\/secure.gravatar.com\/avatar\/f3b7ad3af540688955925ac610647be00b0cf41feea9c4978b73a707ee86bc53?s=96&d=mm&r=g","contentUrl":"https:\/\/secure.gravatar.com\/avatar\/f3b7ad3af540688955925ac610647be00b0cf41feea9c4978b73a707ee86bc53?s=96&d=mm&r=g","caption":"El Informativo Tam"}}]}},"_links":{"self":[{"href":"https:\/\/elinformativotam.com\/index.php\/wp-json\/wp\/v2\/posts\/50918","targetHints":{"allow":["GET"]}}],"collection":[{"href":"https:\/\/elinformativotam.com\/index.php\/wp-json\/wp\/v2\/posts"}],"about":[{"href":"https:\/\/elinformativotam.com\/index.php\/wp-json\/wp\/v2\/types\/post"}],"author":[{"embeddable":true,"href":"https:\/\/elinformativotam.com\/index.php\/wp-json\/wp\/v2\/users\/1"}],"replies":[{"embeddable":true,"href":"https:\/\/elinformativotam.com\/index.php\/wp-json\/wp\/v2\/comments?post=50918"}],"version-history":[{"count":1,"href":"https:\/\/elinformativotam.com\/index.php\/wp-json\/wp\/v2\/posts\/50918\/revisions"}],"predecessor-version":[{"id":50920,"href":"https:\/\/elinformativotam.com\/index.php\/wp-json\/wp\/v2\/posts\/50918\/revisions\/50920"}],"wp:featuredmedia":[{"embeddable":true,"href":"https:\/\/elinformativotam.com\/index.php\/wp-json\/wp\/v2\/media\/50919"}],"wp:attachment":[{"href":"https:\/\/elinformativotam.com\/index.php\/wp-json\/wp\/v2\/media?parent=50918"}],"wp:term":[{"taxonomy":"category","embeddable":true,"href":"https:\/\/elinformativotam.com\/index.php\/wp-json\/wp\/v2\/categories?post=50918"},{"taxonomy":"post_tag","embeddable":true,"href":"https:\/\/elinformativotam.com\/index.php\/wp-json\/wp\/v2\/tags?post=50918"}],"curies":[{"name":"wp","href":"https:\/\/api.w.org\/{rel}","templated":true}]}}