{"id":50912,"date":"2024-05-27T22:03:30","date_gmt":"2024-05-28T04:03:30","guid":{"rendered":"https:\/\/elinformativotam.com\/?p=50912"},"modified":"2024-05-27T22:03:30","modified_gmt":"2024-05-28T04:03:30","slug":"inicia-el-reparto-de-paquetes-electorales-en-tampico-y-madero","status":"publish","type":"post","link":"https:\/\/elinformativotam.com\/index.php\/2024\/05\/27\/inicia-el-reparto-de-paquetes-electorales-en-tampico-y-madero\/","title":{"rendered":"INICIA EL REPARTO DE PAQUETES ELECTORALES EN TAMPICO Y MADERO"},"content":{"rendered":"<h2 style=\"text-align: center;\"><em><span style=\"font-family: 'times new roman', times;\">*Los Presidentes De Las Mesas De Casilla Tendr\u00e1n Dichos Paquetes En Sus Domicilios Varios D\u00edas Antes De La Elecci\u00f3n<\/span><\/em><\/h2>\n<p>&nbsp;<\/p>\n<p>&nbsp;<\/p>\n<p>El consejo distrital 8 del INE con sede en Tampico, comenz\u00f3 este lunes, con la distribuci\u00f3n de los 730 paquetes electorales entregados en la mano de los presidentes de las mesas directivas de casilla, de cara al 2 de Junio.<\/p>\n<p>&nbsp;<\/p>\n<p>Mar\u00eda de la Luz Espinoza Hern\u00e1ndez, Presidenta del Consejo Electoral Federal, indic\u00f3 que de ese n\u00famero, 439 paquetes se quedar\u00e1n en Tampico y 287 ser\u00e1n enviados a Ciudad Madero, esto luego de la redistritaci\u00f3n electoral reciente que provoc\u00f3 que el 8 distrito sea de los cinco m\u00e1s grandes de todo el pa\u00eds.<\/p>\n<p>&nbsp;<\/p>\n<p>Abund\u00f3 que el consejo distrital tiene hasta el pr\u00f3ximo 31 de Mayo para completar con ese cometido, es decir tres d\u00edas antes de la elecci\u00f3n.<\/p>\n<p>&nbsp;<\/p>\n<p>&#8220;Debe de quedar listo est\u00e1 encomienda esencial para las votaciones, y los presidentes de casilla jugar\u00e1n un papel importante en la elecci\u00f3n del domingo&#8221;, apunt\u00f3<\/p>\n<p>&nbsp;<\/p>\n<p>Enfatiz\u00f3 que alrededor de 427 mil boletas electorales fueron debidamente enfajilladas y repartidas en los paquetes electorales conforme al listado nominal de cada secci\u00f3n electoral.<\/p>\n<p>&nbsp;<\/p>\n<p>&#8220;Vamos bien, llevamos casi 100 paquetes electorales entregados, y la meta es entregar su totalidad hasta el pr\u00f3ximo viernes&#8221;, acot\u00f3<\/p>\n<p>&nbsp;<\/p>\n<p>Dej\u00f3 claro que la integraci\u00f3n de las mesas directivas de casilla se hizo en tiempo y forma, pues ya se cuenta con la totalidad de los presidentes.<\/p>\n<p>&nbsp;<\/p>\n<p>&#8220;Esperemos que todos los integrantes de las casillas se presenten el d\u00eda de la elecci\u00f3n y ayuden a que \u00e9sta fiesta c\u00edvica transcurra sin mayor contratiempo&#8221;.<\/p>\n<p>&nbsp;<\/p>\n<p>Remarc\u00f3, incluso que a\u00fan se capacita de \u00faltimo momento a suplentes generales esto con el fin de prever cualquier posible falta o ausencia del presidente de casilla para el d\u00eda de la integraci\u00f3n formal de la casilla<\/p>\n<p>&nbsp;<\/p>\n","protected":false},"excerpt":{"rendered":"<p>*Los Presidentes De Las Mesas De Casilla Tendr\u00e1n Dichos Paquetes En Sus Domicilios Varios D\u00edas Antes De La Elecci\u00f3n &nbsp;&hellip;<\/p>\n","protected":false},"author":1,"featured_media":50913,"comment_status":"open","ping_status":"open","sticky":false,"template":"","format":"standard","meta":{"footnotes":""},"categories":[3],"tags":[],"class_list":["post-50912","post","type-post","status-publish","format-standard","has-post-thumbnail","hentry","category-tampico"],"yoast_head":"<!-- This site is optimized with the Yoast SEO plugin v27.4 - https:\/\/yoast.com\/product\/yoast-seo-wordpress\/ -->\n<title>INICIA EL REPARTO DE PAQUETES ELECTORALES EN TAMPICO Y MADERO - EL INFORMATIVO DE TAMAULIPAS<\/title>\n<meta name=\"description\" content=\"*Los Presidentes De Las Mesas De Casilla Tendr\u00e1n Dichos Paquetes En Sus Domicilios Varios D\u00edas Antes De La Elecci\u00f3n &nbsp; &nbsp; El consejo distrital 8\" \/>\n<meta name=\"robots\" content=\"index, follow, max-snippet:-1, max-image-preview:large, max-video-preview:-1\" \/>\n<link rel=\"canonical\" href=\"https:\/\/elinformativotam.com\/index.php\/2024\/05\/27\/inicia-el-reparto-de-paquetes-electorales-en-tampico-y-madero\/\" \/>\n<meta property=\"og:locale\" content=\"es_MX\" \/>\n<meta property=\"og:type\" content=\"article\" \/>\n<meta property=\"og:title\" content=\"INICIA EL REPARTO DE PAQUETES ELECTORALES EN TAMPICO Y MADERO - EL INFORMATIVO DE TAMAULIPAS\" \/>\n<meta property=\"og:description\" content=\"*Los Presidentes De Las Mesas De Casilla Tendr\u00e1n Dichos Paquetes En Sus Domicilios Varios D\u00edas Antes De La Elecci\u00f3n &nbsp; &nbsp; El consejo distrital 8\" \/>\n<meta property=\"og:url\" content=\"https:\/\/elinformativotam.com\/index.php\/2024\/05\/27\/inicia-el-reparto-de-paquetes-electorales-en-tampico-y-madero\/\" \/>\n<meta property=\"og:site_name\" content=\"EL INFORMATIVO DE TAMAULIPAS\" \/>\n<meta property=\"article:published_time\" content=\"2024-05-28T04:03:30+00:00\" \/>\n<meta property=\"og:image\" content=\"https:\/\/elinformativotam.com\/wp-content\/uploads\/2024\/05\/Maria-de-INE.jpeg\" \/>\n\t<meta property=\"og:image:width\" content=\"1600\" \/>\n\t<meta property=\"og:image:height\" content=\"1200\" \/>\n\t<meta property=\"og:image:type\" content=\"image\/jpeg\" \/>\n<meta name=\"author\" content=\"El Informativo Tam\" \/>\n<meta name=\"twitter:card\" content=\"summary_large_image\" \/>\n<meta name=\"twitter:label1\" content=\"Escrito por\" \/>\n\t<meta name=\"twitter:data1\" content=\"El Informativo Tam\" \/>\n\t<meta name=\"twitter:label2\" content=\"Tiempo de lectura\" \/>\n\t<meta name=\"twitter:data2\" content=\"2 minutos\" \/>\n<script type=\"application\/ld+json\" class=\"yoast-schema-graph\">{\"@context\":\"https:\\\/\\\/schema.org\",\"@graph\":[{\"@type\":\"Article\",\"@id\":\"https:\\\/\\\/elinformativotam.com\\\/index.php\\\/2024\\\/05\\\/27\\\/inicia-el-reparto-de-paquetes-electorales-en-tampico-y-madero\\\/#article\",\"isPartOf\":{\"@id\":\"https:\\\/\\\/elinformativotam.com\\\/index.php\\\/2024\\\/05\\\/27\\\/inicia-el-reparto-de-paquetes-electorales-en-tampico-y-madero\\\/\"},\"author\":{\"name\":\"El Informativo Tam\",\"@id\":\"https:\\\/\\\/elinformativotam.com\\\/#\\\/schema\\\/person\\\/78e08040eed0f6110f0c5f83b6153590\"},\"headline\":\"INICIA EL REPARTO DE PAQUETES ELECTORALES EN TAMPICO Y MADERO\",\"datePublished\":\"2024-05-28T04:03:30+00:00\",\"mainEntityOfPage\":{\"@id\":\"https:\\\/\\\/elinformativotam.com\\\/index.php\\\/2024\\\/05\\\/27\\\/inicia-el-reparto-de-paquetes-electorales-en-tampico-y-madero\\\/\"},\"wordCount\":334,\"commentCount\":0,\"publisher\":{\"@id\":\"https:\\\/\\\/elinformativotam.com\\\/#organization\"},\"image\":{\"@id\":\"https:\\\/\\\/elinformativotam.com\\\/index.php\\\/2024\\\/05\\\/27\\\/inicia-el-reparto-de-paquetes-electorales-en-tampico-y-madero\\\/#primaryimage\"},\"thumbnailUrl\":\"https:\\\/\\\/elinformativotam.com\\\/wp-content\\\/uploads\\\/2024\\\/05\\\/Maria-de-INE.jpeg\",\"articleSection\":[\"Tampico\"],\"inLanguage\":\"es\",\"potentialAction\":[{\"@type\":\"CommentAction\",\"name\":\"Comment\",\"target\":[\"https:\\\/\\\/elinformativotam.com\\\/index.php\\\/2024\\\/05\\\/27\\\/inicia-el-reparto-de-paquetes-electorales-en-tampico-y-madero\\\/#respond\"]}]},{\"@type\":\"WebPage\",\"@id\":\"https:\\\/\\\/elinformativotam.com\\\/index.php\\\/2024\\\/05\\\/27\\\/inicia-el-reparto-de-paquetes-electorales-en-tampico-y-madero\\\/\",\"url\":\"https:\\\/\\\/elinformativotam.com\\\/index.php\\\/2024\\\/05\\\/27\\\/inicia-el-reparto-de-paquetes-electorales-en-tampico-y-madero\\\/\",\"name\":\"INICIA EL REPARTO DE PAQUETES ELECTORALES EN TAMPICO Y MADERO - EL INFORMATIVO DE TAMAULIPAS\",\"isPartOf\":{\"@id\":\"https:\\\/\\\/elinformativotam.com\\\/#website\"},\"primaryImageOfPage\":{\"@id\":\"https:\\\/\\\/elinformativotam.com\\\/index.php\\\/2024\\\/05\\\/27\\\/inicia-el-reparto-de-paquetes-electorales-en-tampico-y-madero\\\/#primaryimage\"},\"image\":{\"@id\":\"https:\\\/\\\/elinformativotam.com\\\/index.php\\\/2024\\\/05\\\/27\\\/inicia-el-reparto-de-paquetes-electorales-en-tampico-y-madero\\\/#primaryimage\"},\"thumbnailUrl\":\"https:\\\/\\\/elinformativotam.com\\\/wp-content\\\/uploads\\\/2024\\\/05\\\/Maria-de-INE.jpeg\",\"datePublished\":\"2024-05-28T04:03:30+00:00\",\"description\":\"*Los Presidentes De Las Mesas De Casilla Tendr\u00e1n Dichos Paquetes En Sus Domicilios Varios D\u00edas Antes De La Elecci\u00f3n &nbsp; &nbsp; El consejo distrital 8\",\"inLanguage\":\"es\",\"potentialAction\":[{\"@type\":\"ReadAction\",\"target\":[\"https:\\\/\\\/elinformativotam.com\\\/index.php\\\/2024\\\/05\\\/27\\\/inicia-el-reparto-de-paquetes-electorales-en-tampico-y-madero\\\/\"]}]},{\"@type\":\"ImageObject\",\"inLanguage\":\"es\",\"@id\":\"https:\\\/\\\/elinformativotam.com\\\/index.php\\\/2024\\\/05\\\/27\\\/inicia-el-reparto-de-paquetes-electorales-en-tampico-y-madero\\\/#primaryimage\",\"url\":\"https:\\\/\\\/elinformativotam.com\\\/wp-content\\\/uploads\\\/2024\\\/05\\\/Maria-de-INE.jpeg\",\"contentUrl\":\"https:\\\/\\\/elinformativotam.com\\\/wp-content\\\/uploads\\\/2024\\\/05\\\/Maria-de-INE.jpeg\",\"width\":1600,\"height\":1200},{\"@type\":\"WebSite\",\"@id\":\"https:\\\/\\\/elinformativotam.com\\\/#website\",\"url\":\"https:\\\/\\\/elinformativotam.com\\\/\",\"name\":\"EL INFORMATIVO DE TAMAULIPAS\",\"description\":\"Desde la Zona Metropolitana Para Todo M\u00e9xico\",\"publisher\":{\"@id\":\"https:\\\/\\\/elinformativotam.com\\\/#organization\"},\"potentialAction\":[{\"@type\":\"SearchAction\",\"target\":{\"@type\":\"EntryPoint\",\"urlTemplate\":\"https:\\\/\\\/elinformativotam.com\\\/?s={search_term_string}\"},\"query-input\":{\"@type\":\"PropertyValueSpecification\",\"valueRequired\":true,\"valueName\":\"search_term_string\"}}],\"inLanguage\":\"es\"},{\"@type\":\"Organization\",\"@id\":\"https:\\\/\\\/elinformativotam.com\\\/#organization\",\"name\":\"EL INFORMATIVO DE TAMAULIPAS\",\"url\":\"https:\\\/\\\/elinformativotam.com\\\/\",\"logo\":{\"@type\":\"ImageObject\",\"inLanguage\":\"es\",\"@id\":\"https:\\\/\\\/elinformativotam.com\\\/#\\\/schema\\\/logo\\\/image\\\/\",\"url\":\"https:\\\/\\\/elinformativotam.com\\\/wp-content\\\/uploads\\\/2026\\\/02\\\/Cabezal.png\",\"contentUrl\":\"https:\\\/\\\/elinformativotam.com\\\/wp-content\\\/uploads\\\/2026\\\/02\\\/Cabezal.png\",\"width\":960,\"height\":640,\"caption\":\"EL INFORMATIVO DE TAMAULIPAS\"},\"image\":{\"@id\":\"https:\\\/\\\/elinformativotam.com\\\/#\\\/schema\\\/logo\\\/image\\\/\"}},{\"@type\":\"Person\",\"@id\":\"https:\\\/\\\/elinformativotam.com\\\/#\\\/schema\\\/person\\\/78e08040eed0f6110f0c5f83b6153590\",\"name\":\"El Informativo Tam\",\"image\":{\"@type\":\"ImageObject\",\"inLanguage\":\"es\",\"@id\":\"https:\\\/\\\/secure.gravatar.com\\\/avatar\\\/f3b7ad3af540688955925ac610647be00b0cf41feea9c4978b73a707ee86bc53?s=96&d=mm&r=g\",\"url\":\"https:\\\/\\\/secure.gravatar.com\\\/avatar\\\/f3b7ad3af540688955925ac610647be00b0cf41feea9c4978b73a707ee86bc53?s=96&d=mm&r=g\",\"contentUrl\":\"https:\\\/\\\/secure.gravatar.com\\\/avatar\\\/f3b7ad3af540688955925ac610647be00b0cf41feea9c4978b73a707ee86bc53?s=96&d=mm&r=g\",\"caption\":\"El Informativo Tam\"}}]}<\/script>\n<!-- \/ Yoast SEO plugin. -->","yoast_head_json":{"title":"INICIA EL REPARTO DE PAQUETES ELECTORALES EN TAMPICO Y MADERO - EL INFORMATIVO DE TAMAULIPAS","description":"*Los Presidentes De Las Mesas De Casilla Tendr\u00e1n Dichos Paquetes En Sus Domicilios Varios D\u00edas Antes De La Elecci\u00f3n &nbsp; &nbsp; El consejo distrital 8","robots":{"index":"index","follow":"follow","max-snippet":"max-snippet:-1","max-image-preview":"max-image-preview:large","max-video-preview":"max-video-preview:-1"},"canonical":"https:\/\/elinformativotam.com\/index.php\/2024\/05\/27\/inicia-el-reparto-de-paquetes-electorales-en-tampico-y-madero\/","og_locale":"es_MX","og_type":"article","og_title":"INICIA EL REPARTO DE PAQUETES ELECTORALES EN TAMPICO Y MADERO - EL INFORMATIVO DE TAMAULIPAS","og_description":"*Los Presidentes De Las Mesas De Casilla Tendr\u00e1n Dichos Paquetes En Sus Domicilios Varios D\u00edas Antes De La Elecci\u00f3n &nbsp; &nbsp; El consejo distrital 8","og_url":"https:\/\/elinformativotam.com\/index.php\/2024\/05\/27\/inicia-el-reparto-de-paquetes-electorales-en-tampico-y-madero\/","og_site_name":"EL INFORMATIVO DE TAMAULIPAS","article_published_time":"2024-05-28T04:03:30+00:00","og_image":[{"width":1600,"height":1200,"url":"https:\/\/elinformativotam.com\/wp-content\/uploads\/2024\/05\/Maria-de-INE.jpeg","type":"image\/jpeg"}],"author":"El Informativo Tam","twitter_card":"summary_large_image","twitter_misc":{"Escrito por":"El Informativo Tam","Tiempo de lectura":"2 minutos"},"schema":{"@context":"https:\/\/schema.org","@graph":[{"@type":"Article","@id":"https:\/\/elinformativotam.com\/index.php\/2024\/05\/27\/inicia-el-reparto-de-paquetes-electorales-en-tampico-y-madero\/#article","isPartOf":{"@id":"https:\/\/elinformativotam.com\/index.php\/2024\/05\/27\/inicia-el-reparto-de-paquetes-electorales-en-tampico-y-madero\/"},"author":{"name":"El Informativo Tam","@id":"https:\/\/elinformativotam.com\/#\/schema\/person\/78e08040eed0f6110f0c5f83b6153590"},"headline":"INICIA EL REPARTO DE PAQUETES ELECTORALES EN TAMPICO Y MADERO","datePublished":"2024-05-28T04:03:30+00:00","mainEntityOfPage":{"@id":"https:\/\/elinformativotam.com\/index.php\/2024\/05\/27\/inicia-el-reparto-de-paquetes-electorales-en-tampico-y-madero\/"},"wordCount":334,"commentCount":0,"publisher":{"@id":"https:\/\/elinformativotam.com\/#organization"},"image":{"@id":"https:\/\/elinformativotam.com\/index.php\/2024\/05\/27\/inicia-el-reparto-de-paquetes-electorales-en-tampico-y-madero\/#primaryimage"},"thumbnailUrl":"https:\/\/elinformativotam.com\/wp-content\/uploads\/2024\/05\/Maria-de-INE.jpeg","articleSection":["Tampico"],"inLanguage":"es","potentialAction":[{"@type":"CommentAction","name":"Comment","target":["https:\/\/elinformativotam.com\/index.php\/2024\/05\/27\/inicia-el-reparto-de-paquetes-electorales-en-tampico-y-madero\/#respond"]}]},{"@type":"WebPage","@id":"https:\/\/elinformativotam.com\/index.php\/2024\/05\/27\/inicia-el-reparto-de-paquetes-electorales-en-tampico-y-madero\/","url":"https:\/\/elinformativotam.com\/index.php\/2024\/05\/27\/inicia-el-reparto-de-paquetes-electorales-en-tampico-y-madero\/","name":"INICIA EL REPARTO DE PAQUETES ELECTORALES EN TAMPICO Y MADERO - EL INFORMATIVO DE TAMAULIPAS","isPartOf":{"@id":"https:\/\/elinformativotam.com\/#website"},"primaryImageOfPage":{"@id":"https:\/\/elinformativotam.com\/index.php\/2024\/05\/27\/inicia-el-reparto-de-paquetes-electorales-en-tampico-y-madero\/#primaryimage"},"image":{"@id":"https:\/\/elinformativotam.com\/index.php\/2024\/05\/27\/inicia-el-reparto-de-paquetes-electorales-en-tampico-y-madero\/#primaryimage"},"thumbnailUrl":"https:\/\/elinformativotam.com\/wp-content\/uploads\/2024\/05\/Maria-de-INE.jpeg","datePublished":"2024-05-28T04:03:30+00:00","description":"*Los Presidentes De Las Mesas De Casilla Tendr\u00e1n Dichos Paquetes En Sus Domicilios Varios D\u00edas Antes De La Elecci\u00f3n &nbsp; &nbsp; El consejo distrital 8","inLanguage":"es","potentialAction":[{"@type":"ReadAction","target":["https:\/\/elinformativotam.com\/index.php\/2024\/05\/27\/inicia-el-reparto-de-paquetes-electorales-en-tampico-y-madero\/"]}]},{"@type":"ImageObject","inLanguage":"es","@id":"https:\/\/elinformativotam.com\/index.php\/2024\/05\/27\/inicia-el-reparto-de-paquetes-electorales-en-tampico-y-madero\/#primaryimage","url":"https:\/\/elinformativotam.com\/wp-content\/uploads\/2024\/05\/Maria-de-INE.jpeg","contentUrl":"https:\/\/elinformativotam.com\/wp-content\/uploads\/2024\/05\/Maria-de-INE.jpeg","width":1600,"height":1200},{"@type":"WebSite","@id":"https:\/\/elinformativotam.com\/#website","url":"https:\/\/elinformativotam.com\/","name":"EL INFORMATIVO DE TAMAULIPAS","description":"Desde la Zona Metropolitana Para Todo M\u00e9xico","publisher":{"@id":"https:\/\/elinformativotam.com\/#organization"},"potentialAction":[{"@type":"SearchAction","target":{"@type":"EntryPoint","urlTemplate":"https:\/\/elinformativotam.com\/?s={search_term_string}"},"query-input":{"@type":"PropertyValueSpecification","valueRequired":true,"valueName":"search_term_string"}}],"inLanguage":"es"},{"@type":"Organization","@id":"https:\/\/elinformativotam.com\/#organization","name":"EL INFORMATIVO DE TAMAULIPAS","url":"https:\/\/elinformativotam.com\/","logo":{"@type":"ImageObject","inLanguage":"es","@id":"https:\/\/elinformativotam.com\/#\/schema\/logo\/image\/","url":"https:\/\/elinformativotam.com\/wp-content\/uploads\/2026\/02\/Cabezal.png","contentUrl":"https:\/\/elinformativotam.com\/wp-content\/uploads\/2026\/02\/Cabezal.png","width":960,"height":640,"caption":"EL INFORMATIVO DE TAMAULIPAS"},"image":{"@id":"https:\/\/elinformativotam.com\/#\/schema\/logo\/image\/"}},{"@type":"Person","@id":"https:\/\/elinformativotam.com\/#\/schema\/person\/78e08040eed0f6110f0c5f83b6153590","name":"El Informativo Tam","image":{"@type":"ImageObject","inLanguage":"es","@id":"https:\/\/secure.gravatar.com\/avatar\/f3b7ad3af540688955925ac610647be00b0cf41feea9c4978b73a707ee86bc53?s=96&d=mm&r=g","url":"https:\/\/secure.gravatar.com\/avatar\/f3b7ad3af540688955925ac610647be00b0cf41feea9c4978b73a707ee86bc53?s=96&d=mm&r=g","contentUrl":"https:\/\/secure.gravatar.com\/avatar\/f3b7ad3af540688955925ac610647be00b0cf41feea9c4978b73a707ee86bc53?s=96&d=mm&r=g","caption":"El Informativo Tam"}}]}},"_links":{"self":[{"href":"https:\/\/elinformativotam.com\/index.php\/wp-json\/wp\/v2\/posts\/50912","targetHints":{"allow":["GET"]}}],"collection":[{"href":"https:\/\/elinformativotam.com\/index.php\/wp-json\/wp\/v2\/posts"}],"about":[{"href":"https:\/\/elinformativotam.com\/index.php\/wp-json\/wp\/v2\/types\/post"}],"author":[{"embeddable":true,"href":"https:\/\/elinformativotam.com\/index.php\/wp-json\/wp\/v2\/users\/1"}],"replies":[{"embeddable":true,"href":"https:\/\/elinformativotam.com\/index.php\/wp-json\/wp\/v2\/comments?post=50912"}],"version-history":[{"count":1,"href":"https:\/\/elinformativotam.com\/index.php\/wp-json\/wp\/v2\/posts\/50912\/revisions"}],"predecessor-version":[{"id":50914,"href":"https:\/\/elinformativotam.com\/index.php\/wp-json\/wp\/v2\/posts\/50912\/revisions\/50914"}],"wp:featuredmedia":[{"embeddable":true,"href":"https:\/\/elinformativotam.com\/index.php\/wp-json\/wp\/v2\/media\/50913"}],"wp:attachment":[{"href":"https:\/\/elinformativotam.com\/index.php\/wp-json\/wp\/v2\/media?parent=50912"}],"wp:term":[{"taxonomy":"category","embeddable":true,"href":"https:\/\/elinformativotam.com\/index.php\/wp-json\/wp\/v2\/categories?post=50912"},{"taxonomy":"post_tag","embeddable":true,"href":"https:\/\/elinformativotam.com\/index.php\/wp-json\/wp\/v2\/tags?post=50912"}],"curies":[{"name":"wp","href":"https:\/\/api.w.org\/{rel}","templated":true}]}}