{"id":50906,"date":"2024-05-27T21:55:18","date_gmt":"2024-05-28T03:55:18","guid":{"rendered":"https:\/\/elinformativotam.com\/?p=50906"},"modified":"2024-05-27T21:55:18","modified_gmt":"2024-05-28T03:55:18","slug":"truena-gonzalez-meza-con-amlo-apoyara-a-xochitl","status":"publish","type":"post","link":"https:\/\/elinformativotam.com\/index.php\/2024\/05\/27\/truena-gonzalez-meza-con-amlo-apoyara-a-xochitl\/","title":{"rendered":"TRUENA GONZ\u00c1LEZ MEZA CON AMLO; APOYAR\u00c1 A X\u00d3CHITL"},"content":{"rendered":"<h2 style=\"text-align: center;\"><span style=\"font-family: 'times new roman', times;\"><em>*El Abogado Y Ex Candidato A La Presidencia De M\u00e9xico Afirma Que L\u00f3pez No Cumpli\u00f3 Con La Verdadera Justicia Social<\/em><\/span><\/h2>\n<p>&nbsp;<\/p>\n<p>&nbsp;<\/p>\n<p>Qui\u00e9n en los \u00faltimos a\u00f1os hab\u00eda sido un seguidor nato y fiel a la filosof\u00eda de la cuarta transformaci\u00f3n, particularmente del Presidente Andr\u00e9s Manuel L\u00f3pez Obrador, el abogado de la zona sur y escritor, Jos\u00e9 Luis Gonz\u00e1lez Meza, se desmarc\u00f3 el mandatario mexicano, se\u00f1alando que no ha cumplido con lograr una verdadera justicia social para los m\u00e1s pobres, y ha dejado que sus m\u00e1s allegados se enriquezcan a costillas del amparo del poder que todav\u00eda ejercen en el gobierno federal<\/p>\n<p>&nbsp;<\/p>\n<p>Qui\u00e9n dijo ser candidato independiente a la Presidencia de M\u00e9xico en esta elecci\u00f3n, detall\u00f3 que hasta hace unos d\u00edas fue fiel seguidor de la filosof\u00eda del L\u00f3pez Obrador, sin embargo, dijo, se di\u00f3 cuenta que el mandatario mexicano no busca el bien com\u00fan, ni apoyar a quienes menos tienen, pues un ejemplo es la justicia social que no ha llegado al pa\u00eds.<\/p>\n<p>&nbsp;<\/p>\n<p>Extern\u00f3 que es por ello que decidi\u00f3 declinar a favor de la candidatura de X\u00f3chitl G\u00e1lvez, de qui\u00e9n dijo &#8220;es una mujer valiente que es una candidata ciudadana, y que mantiene a raya a los partidos pol\u00edticos que la postularon, esos son sus ideales&#8221;, dijo<\/p>\n<p>&nbsp;<\/p>\n<p>El abogado de la zona extern\u00f3 que hace unos meses atr\u00e1s platic\u00f3 con el Presidente de M\u00e9xico al pi\u00e9 de la Sierra Madre Occidental para decirle brevemente la necesidad de que los sectores desprotegidos tuvieran acesso al vestido, medicamentos y alimento.<\/p>\n<p>&nbsp;<\/p>\n<p>&#8220;Pero al decirle eso al Presidente, s\u00f3lo se me qued\u00f3 viendo, nunca hizo un cambio&#8221;, detall\u00f3<\/p>\n<p>&nbsp;<\/p>\n<p>Gonz\u00e1lez Meza, subray\u00f3 que en cambio ha dejado que pol\u00edticos cercanos como Ad\u00e1n Augusto y dirigentes sindicales se &#8220;sirvan con la cuchara grande&#8221; se hayan apoderado de 2 mil millones de d\u00f3lares de fideicomisos que se dejaron para los beneficiarios.<\/p>\n<p>&nbsp;<\/p>\n<p>&#8220;El Presidente lo sabe, en la Sierra Madre Occidental se lo dije&#8221;, resalt\u00f3<\/p>\n<p>&nbsp;<\/p>\n<p>Abund\u00f3 que otra promesa de AMLO incumplida hacia el pueblo de M\u00e9xico es no haber encarcelado a los 5 ex presidentes, en aquella consulta popular llevada a cabo en Agosto del 2021.<\/p>\n<p>&nbsp;<\/p>\n<p>&#8220;Por eso tambi\u00e9n llamo a todas las personas que me han apoyado en esta candidatura a qu\u00e9 voten por X\u00f3chitl.<\/p>\n<p>&nbsp;<\/p>\n","protected":false},"excerpt":{"rendered":"<p>*El Abogado Y Ex Candidato A La Presidencia De M\u00e9xico Afirma Que L\u00f3pez No Cumpli\u00f3 Con La Verdadera Justicia Social&hellip;<\/p>\n","protected":false},"author":1,"featured_media":50907,"comment_status":"open","ping_status":"open","sticky":false,"template":"","format":"standard","meta":{"footnotes":""},"categories":[3],"tags":[],"class_list":["post-50906","post","type-post","status-publish","format-standard","has-post-thumbnail","hentry","category-tampico"],"yoast_head":"<!-- This site is optimized with the Yoast SEO plugin v27.4 - https:\/\/yoast.com\/product\/yoast-seo-wordpress\/ -->\n<title>TRUENA GONZ\u00c1LEZ MEZA CON AMLO; APOYAR\u00c1 A X\u00d3CHITL - EL INFORMATIVO DE TAMAULIPAS<\/title>\n<meta name=\"description\" content=\"*El Abogado Y Ex Candidato A La Presidencia De M\u00e9xico Afirma Que L\u00f3pez No Cumpli\u00f3 Con La Verdadera Justicia Social &nbsp; &nbsp; Qui\u00e9n en los \u00faltimos a\u00f1os\" \/>\n<meta name=\"robots\" content=\"index, follow, max-snippet:-1, max-image-preview:large, max-video-preview:-1\" \/>\n<link rel=\"canonical\" href=\"https:\/\/elinformativotam.com\/index.php\/2024\/05\/27\/truena-gonzalez-meza-con-amlo-apoyara-a-xochitl\/\" \/>\n<meta property=\"og:locale\" content=\"es_MX\" \/>\n<meta property=\"og:type\" content=\"article\" \/>\n<meta property=\"og:title\" content=\"TRUENA GONZ\u00c1LEZ MEZA CON AMLO; APOYAR\u00c1 A X\u00d3CHITL - EL INFORMATIVO DE TAMAULIPAS\" \/>\n<meta property=\"og:description\" content=\"*El Abogado Y Ex Candidato A La Presidencia De M\u00e9xico Afirma Que L\u00f3pez No Cumpli\u00f3 Con La Verdadera Justicia Social &nbsp; &nbsp; Qui\u00e9n en los \u00faltimos a\u00f1os\" \/>\n<meta property=\"og:url\" content=\"https:\/\/elinformativotam.com\/index.php\/2024\/05\/27\/truena-gonzalez-meza-con-amlo-apoyara-a-xochitl\/\" \/>\n<meta property=\"og:site_name\" content=\"EL INFORMATIVO DE TAMAULIPAS\" \/>\n<meta property=\"article:published_time\" content=\"2024-05-28T03:55:18+00:00\" \/>\n<meta property=\"og:image\" content=\"https:\/\/elinformativotam.com\/wp-content\/uploads\/2024\/05\/Gonzalez-meza.jpeg\" \/>\n\t<meta property=\"og:image:width\" content=\"1600\" \/>\n\t<meta property=\"og:image:height\" content=\"1204\" \/>\n\t<meta property=\"og:image:type\" content=\"image\/jpeg\" \/>\n<meta name=\"author\" content=\"El Informativo Tam\" \/>\n<meta name=\"twitter:card\" content=\"summary_large_image\" \/>\n<meta name=\"twitter:label1\" content=\"Escrito por\" \/>\n\t<meta name=\"twitter:data1\" content=\"El Informativo Tam\" \/>\n\t<meta name=\"twitter:label2\" content=\"Tiempo de lectura\" \/>\n\t<meta name=\"twitter:data2\" content=\"2 minutos\" \/>\n<script type=\"application\/ld+json\" class=\"yoast-schema-graph\">{\"@context\":\"https:\\\/\\\/schema.org\",\"@graph\":[{\"@type\":\"Article\",\"@id\":\"https:\\\/\\\/elinformativotam.com\\\/index.php\\\/2024\\\/05\\\/27\\\/truena-gonzalez-meza-con-amlo-apoyara-a-xochitl\\\/#article\",\"isPartOf\":{\"@id\":\"https:\\\/\\\/elinformativotam.com\\\/index.php\\\/2024\\\/05\\\/27\\\/truena-gonzalez-meza-con-amlo-apoyara-a-xochitl\\\/\"},\"author\":{\"name\":\"El Informativo Tam\",\"@id\":\"https:\\\/\\\/elinformativotam.com\\\/#\\\/schema\\\/person\\\/78e08040eed0f6110f0c5f83b6153590\"},\"headline\":\"TRUENA GONZ\u00c1LEZ MEZA CON AMLO; APOYAR\u00c1 A X\u00d3CHITL\",\"datePublished\":\"2024-05-28T03:55:18+00:00\",\"mainEntityOfPage\":{\"@id\":\"https:\\\/\\\/elinformativotam.com\\\/index.php\\\/2024\\\/05\\\/27\\\/truena-gonzalez-meza-con-amlo-apoyara-a-xochitl\\\/\"},\"wordCount\":423,\"commentCount\":0,\"publisher\":{\"@id\":\"https:\\\/\\\/elinformativotam.com\\\/#organization\"},\"image\":{\"@id\":\"https:\\\/\\\/elinformativotam.com\\\/index.php\\\/2024\\\/05\\\/27\\\/truena-gonzalez-meza-con-amlo-apoyara-a-xochitl\\\/#primaryimage\"},\"thumbnailUrl\":\"https:\\\/\\\/elinformativotam.com\\\/wp-content\\\/uploads\\\/2024\\\/05\\\/Gonzalez-meza.jpeg\",\"articleSection\":[\"Tampico\"],\"inLanguage\":\"es\",\"potentialAction\":[{\"@type\":\"CommentAction\",\"name\":\"Comment\",\"target\":[\"https:\\\/\\\/elinformativotam.com\\\/index.php\\\/2024\\\/05\\\/27\\\/truena-gonzalez-meza-con-amlo-apoyara-a-xochitl\\\/#respond\"]}]},{\"@type\":\"WebPage\",\"@id\":\"https:\\\/\\\/elinformativotam.com\\\/index.php\\\/2024\\\/05\\\/27\\\/truena-gonzalez-meza-con-amlo-apoyara-a-xochitl\\\/\",\"url\":\"https:\\\/\\\/elinformativotam.com\\\/index.php\\\/2024\\\/05\\\/27\\\/truena-gonzalez-meza-con-amlo-apoyara-a-xochitl\\\/\",\"name\":\"TRUENA GONZ\u00c1LEZ MEZA CON AMLO; APOYAR\u00c1 A X\u00d3CHITL - EL INFORMATIVO DE TAMAULIPAS\",\"isPartOf\":{\"@id\":\"https:\\\/\\\/elinformativotam.com\\\/#website\"},\"primaryImageOfPage\":{\"@id\":\"https:\\\/\\\/elinformativotam.com\\\/index.php\\\/2024\\\/05\\\/27\\\/truena-gonzalez-meza-con-amlo-apoyara-a-xochitl\\\/#primaryimage\"},\"image\":{\"@id\":\"https:\\\/\\\/elinformativotam.com\\\/index.php\\\/2024\\\/05\\\/27\\\/truena-gonzalez-meza-con-amlo-apoyara-a-xochitl\\\/#primaryimage\"},\"thumbnailUrl\":\"https:\\\/\\\/elinformativotam.com\\\/wp-content\\\/uploads\\\/2024\\\/05\\\/Gonzalez-meza.jpeg\",\"datePublished\":\"2024-05-28T03:55:18+00:00\",\"description\":\"*El Abogado Y Ex Candidato A La Presidencia De M\u00e9xico Afirma Que L\u00f3pez No Cumpli\u00f3 Con La Verdadera Justicia Social &nbsp; &nbsp; Qui\u00e9n en los \u00faltimos a\u00f1os\",\"inLanguage\":\"es\",\"potentialAction\":[{\"@type\":\"ReadAction\",\"target\":[\"https:\\\/\\\/elinformativotam.com\\\/index.php\\\/2024\\\/05\\\/27\\\/truena-gonzalez-meza-con-amlo-apoyara-a-xochitl\\\/\"]}]},{\"@type\":\"ImageObject\",\"inLanguage\":\"es\",\"@id\":\"https:\\\/\\\/elinformativotam.com\\\/index.php\\\/2024\\\/05\\\/27\\\/truena-gonzalez-meza-con-amlo-apoyara-a-xochitl\\\/#primaryimage\",\"url\":\"https:\\\/\\\/elinformativotam.com\\\/wp-content\\\/uploads\\\/2024\\\/05\\\/Gonzalez-meza.jpeg\",\"contentUrl\":\"https:\\\/\\\/elinformativotam.com\\\/wp-content\\\/uploads\\\/2024\\\/05\\\/Gonzalez-meza.jpeg\",\"width\":1600,\"height\":1204},{\"@type\":\"WebSite\",\"@id\":\"https:\\\/\\\/elinformativotam.com\\\/#website\",\"url\":\"https:\\\/\\\/elinformativotam.com\\\/\",\"name\":\"EL INFORMATIVO DE TAMAULIPAS\",\"description\":\"Desde la Zona Metropolitana Para Todo M\u00e9xico\",\"publisher\":{\"@id\":\"https:\\\/\\\/elinformativotam.com\\\/#organization\"},\"potentialAction\":[{\"@type\":\"SearchAction\",\"target\":{\"@type\":\"EntryPoint\",\"urlTemplate\":\"https:\\\/\\\/elinformativotam.com\\\/?s={search_term_string}\"},\"query-input\":{\"@type\":\"PropertyValueSpecification\",\"valueRequired\":true,\"valueName\":\"search_term_string\"}}],\"inLanguage\":\"es\"},{\"@type\":\"Organization\",\"@id\":\"https:\\\/\\\/elinformativotam.com\\\/#organization\",\"name\":\"EL INFORMATIVO DE TAMAULIPAS\",\"url\":\"https:\\\/\\\/elinformativotam.com\\\/\",\"logo\":{\"@type\":\"ImageObject\",\"inLanguage\":\"es\",\"@id\":\"https:\\\/\\\/elinformativotam.com\\\/#\\\/schema\\\/logo\\\/image\\\/\",\"url\":\"https:\\\/\\\/elinformativotam.com\\\/wp-content\\\/uploads\\\/2026\\\/02\\\/Cabezal.png\",\"contentUrl\":\"https:\\\/\\\/elinformativotam.com\\\/wp-content\\\/uploads\\\/2026\\\/02\\\/Cabezal.png\",\"width\":960,\"height\":640,\"caption\":\"EL INFORMATIVO DE TAMAULIPAS\"},\"image\":{\"@id\":\"https:\\\/\\\/elinformativotam.com\\\/#\\\/schema\\\/logo\\\/image\\\/\"}},{\"@type\":\"Person\",\"@id\":\"https:\\\/\\\/elinformativotam.com\\\/#\\\/schema\\\/person\\\/78e08040eed0f6110f0c5f83b6153590\",\"name\":\"El Informativo Tam\",\"image\":{\"@type\":\"ImageObject\",\"inLanguage\":\"es\",\"@id\":\"https:\\\/\\\/secure.gravatar.com\\\/avatar\\\/f3b7ad3af540688955925ac610647be00b0cf41feea9c4978b73a707ee86bc53?s=96&d=mm&r=g\",\"url\":\"https:\\\/\\\/secure.gravatar.com\\\/avatar\\\/f3b7ad3af540688955925ac610647be00b0cf41feea9c4978b73a707ee86bc53?s=96&d=mm&r=g\",\"contentUrl\":\"https:\\\/\\\/secure.gravatar.com\\\/avatar\\\/f3b7ad3af540688955925ac610647be00b0cf41feea9c4978b73a707ee86bc53?s=96&d=mm&r=g\",\"caption\":\"El Informativo Tam\"}}]}<\/script>\n<!-- \/ Yoast SEO plugin. -->","yoast_head_json":{"title":"TRUENA GONZ\u00c1LEZ MEZA CON AMLO; APOYAR\u00c1 A X\u00d3CHITL - EL INFORMATIVO DE TAMAULIPAS","description":"*El Abogado Y Ex Candidato A La Presidencia De M\u00e9xico Afirma Que L\u00f3pez No Cumpli\u00f3 Con La Verdadera Justicia Social &nbsp; &nbsp; Qui\u00e9n en los \u00faltimos a\u00f1os","robots":{"index":"index","follow":"follow","max-snippet":"max-snippet:-1","max-image-preview":"max-image-preview:large","max-video-preview":"max-video-preview:-1"},"canonical":"https:\/\/elinformativotam.com\/index.php\/2024\/05\/27\/truena-gonzalez-meza-con-amlo-apoyara-a-xochitl\/","og_locale":"es_MX","og_type":"article","og_title":"TRUENA GONZ\u00c1LEZ MEZA CON AMLO; APOYAR\u00c1 A X\u00d3CHITL - EL INFORMATIVO DE TAMAULIPAS","og_description":"*El Abogado Y Ex Candidato A La Presidencia De M\u00e9xico Afirma Que L\u00f3pez No Cumpli\u00f3 Con La Verdadera Justicia Social &nbsp; &nbsp; Qui\u00e9n en los \u00faltimos a\u00f1os","og_url":"https:\/\/elinformativotam.com\/index.php\/2024\/05\/27\/truena-gonzalez-meza-con-amlo-apoyara-a-xochitl\/","og_site_name":"EL INFORMATIVO DE TAMAULIPAS","article_published_time":"2024-05-28T03:55:18+00:00","og_image":[{"width":1600,"height":1204,"url":"https:\/\/elinformativotam.com\/wp-content\/uploads\/2024\/05\/Gonzalez-meza.jpeg","type":"image\/jpeg"}],"author":"El Informativo Tam","twitter_card":"summary_large_image","twitter_misc":{"Escrito por":"El Informativo Tam","Tiempo de lectura":"2 minutos"},"schema":{"@context":"https:\/\/schema.org","@graph":[{"@type":"Article","@id":"https:\/\/elinformativotam.com\/index.php\/2024\/05\/27\/truena-gonzalez-meza-con-amlo-apoyara-a-xochitl\/#article","isPartOf":{"@id":"https:\/\/elinformativotam.com\/index.php\/2024\/05\/27\/truena-gonzalez-meza-con-amlo-apoyara-a-xochitl\/"},"author":{"name":"El Informativo Tam","@id":"https:\/\/elinformativotam.com\/#\/schema\/person\/78e08040eed0f6110f0c5f83b6153590"},"headline":"TRUENA GONZ\u00c1LEZ MEZA CON AMLO; APOYAR\u00c1 A X\u00d3CHITL","datePublished":"2024-05-28T03:55:18+00:00","mainEntityOfPage":{"@id":"https:\/\/elinformativotam.com\/index.php\/2024\/05\/27\/truena-gonzalez-meza-con-amlo-apoyara-a-xochitl\/"},"wordCount":423,"commentCount":0,"publisher":{"@id":"https:\/\/elinformativotam.com\/#organization"},"image":{"@id":"https:\/\/elinformativotam.com\/index.php\/2024\/05\/27\/truena-gonzalez-meza-con-amlo-apoyara-a-xochitl\/#primaryimage"},"thumbnailUrl":"https:\/\/elinformativotam.com\/wp-content\/uploads\/2024\/05\/Gonzalez-meza.jpeg","articleSection":["Tampico"],"inLanguage":"es","potentialAction":[{"@type":"CommentAction","name":"Comment","target":["https:\/\/elinformativotam.com\/index.php\/2024\/05\/27\/truena-gonzalez-meza-con-amlo-apoyara-a-xochitl\/#respond"]}]},{"@type":"WebPage","@id":"https:\/\/elinformativotam.com\/index.php\/2024\/05\/27\/truena-gonzalez-meza-con-amlo-apoyara-a-xochitl\/","url":"https:\/\/elinformativotam.com\/index.php\/2024\/05\/27\/truena-gonzalez-meza-con-amlo-apoyara-a-xochitl\/","name":"TRUENA GONZ\u00c1LEZ MEZA CON AMLO; APOYAR\u00c1 A X\u00d3CHITL - EL INFORMATIVO DE TAMAULIPAS","isPartOf":{"@id":"https:\/\/elinformativotam.com\/#website"},"primaryImageOfPage":{"@id":"https:\/\/elinformativotam.com\/index.php\/2024\/05\/27\/truena-gonzalez-meza-con-amlo-apoyara-a-xochitl\/#primaryimage"},"image":{"@id":"https:\/\/elinformativotam.com\/index.php\/2024\/05\/27\/truena-gonzalez-meza-con-amlo-apoyara-a-xochitl\/#primaryimage"},"thumbnailUrl":"https:\/\/elinformativotam.com\/wp-content\/uploads\/2024\/05\/Gonzalez-meza.jpeg","datePublished":"2024-05-28T03:55:18+00:00","description":"*El Abogado Y Ex Candidato A La Presidencia De M\u00e9xico Afirma Que L\u00f3pez No Cumpli\u00f3 Con La Verdadera Justicia Social &nbsp; &nbsp; Qui\u00e9n en los \u00faltimos a\u00f1os","inLanguage":"es","potentialAction":[{"@type":"ReadAction","target":["https:\/\/elinformativotam.com\/index.php\/2024\/05\/27\/truena-gonzalez-meza-con-amlo-apoyara-a-xochitl\/"]}]},{"@type":"ImageObject","inLanguage":"es","@id":"https:\/\/elinformativotam.com\/index.php\/2024\/05\/27\/truena-gonzalez-meza-con-amlo-apoyara-a-xochitl\/#primaryimage","url":"https:\/\/elinformativotam.com\/wp-content\/uploads\/2024\/05\/Gonzalez-meza.jpeg","contentUrl":"https:\/\/elinformativotam.com\/wp-content\/uploads\/2024\/05\/Gonzalez-meza.jpeg","width":1600,"height":1204},{"@type":"WebSite","@id":"https:\/\/elinformativotam.com\/#website","url":"https:\/\/elinformativotam.com\/","name":"EL INFORMATIVO DE TAMAULIPAS","description":"Desde la Zona Metropolitana Para Todo M\u00e9xico","publisher":{"@id":"https:\/\/elinformativotam.com\/#organization"},"potentialAction":[{"@type":"SearchAction","target":{"@type":"EntryPoint","urlTemplate":"https:\/\/elinformativotam.com\/?s={search_term_string}"},"query-input":{"@type":"PropertyValueSpecification","valueRequired":true,"valueName":"search_term_string"}}],"inLanguage":"es"},{"@type":"Organization","@id":"https:\/\/elinformativotam.com\/#organization","name":"EL INFORMATIVO DE TAMAULIPAS","url":"https:\/\/elinformativotam.com\/","logo":{"@type":"ImageObject","inLanguage":"es","@id":"https:\/\/elinformativotam.com\/#\/schema\/logo\/image\/","url":"https:\/\/elinformativotam.com\/wp-content\/uploads\/2026\/02\/Cabezal.png","contentUrl":"https:\/\/elinformativotam.com\/wp-content\/uploads\/2026\/02\/Cabezal.png","width":960,"height":640,"caption":"EL INFORMATIVO DE TAMAULIPAS"},"image":{"@id":"https:\/\/elinformativotam.com\/#\/schema\/logo\/image\/"}},{"@type":"Person","@id":"https:\/\/elinformativotam.com\/#\/schema\/person\/78e08040eed0f6110f0c5f83b6153590","name":"El Informativo Tam","image":{"@type":"ImageObject","inLanguage":"es","@id":"https:\/\/secure.gravatar.com\/avatar\/f3b7ad3af540688955925ac610647be00b0cf41feea9c4978b73a707ee86bc53?s=96&d=mm&r=g","url":"https:\/\/secure.gravatar.com\/avatar\/f3b7ad3af540688955925ac610647be00b0cf41feea9c4978b73a707ee86bc53?s=96&d=mm&r=g","contentUrl":"https:\/\/secure.gravatar.com\/avatar\/f3b7ad3af540688955925ac610647be00b0cf41feea9c4978b73a707ee86bc53?s=96&d=mm&r=g","caption":"El Informativo Tam"}}]}},"_links":{"self":[{"href":"https:\/\/elinformativotam.com\/index.php\/wp-json\/wp\/v2\/posts\/50906","targetHints":{"allow":["GET"]}}],"collection":[{"href":"https:\/\/elinformativotam.com\/index.php\/wp-json\/wp\/v2\/posts"}],"about":[{"href":"https:\/\/elinformativotam.com\/index.php\/wp-json\/wp\/v2\/types\/post"}],"author":[{"embeddable":true,"href":"https:\/\/elinformativotam.com\/index.php\/wp-json\/wp\/v2\/users\/1"}],"replies":[{"embeddable":true,"href":"https:\/\/elinformativotam.com\/index.php\/wp-json\/wp\/v2\/comments?post=50906"}],"version-history":[{"count":1,"href":"https:\/\/elinformativotam.com\/index.php\/wp-json\/wp\/v2\/posts\/50906\/revisions"}],"predecessor-version":[{"id":50908,"href":"https:\/\/elinformativotam.com\/index.php\/wp-json\/wp\/v2\/posts\/50906\/revisions\/50908"}],"wp:featuredmedia":[{"embeddable":true,"href":"https:\/\/elinformativotam.com\/index.php\/wp-json\/wp\/v2\/media\/50907"}],"wp:attachment":[{"href":"https:\/\/elinformativotam.com\/index.php\/wp-json\/wp\/v2\/media?parent=50906"}],"wp:term":[{"taxonomy":"category","embeddable":true,"href":"https:\/\/elinformativotam.com\/index.php\/wp-json\/wp\/v2\/categories?post=50906"},{"taxonomy":"post_tag","embeddable":true,"href":"https:\/\/elinformativotam.com\/index.php\/wp-json\/wp\/v2\/tags?post=50906"}],"curies":[{"name":"wp","href":"https:\/\/api.w.org\/{rel}","templated":true}]}}