{"id":50893,"date":"2024-05-24T22:21:10","date_gmt":"2024-05-25T04:21:10","guid":{"rendered":"https:\/\/elinformativotam.com\/?p=50893"},"modified":"2024-05-24T22:21:10","modified_gmt":"2024-05-25T04:21:10","slug":"necesario-que-poblacion-portena-se-cuide-de-la-tercera-ola-de-calor","status":"publish","type":"post","link":"https:\/\/elinformativotam.com\/index.php\/2024\/05\/24\/necesario-que-poblacion-portena-se-cuide-de-la-tercera-ola-de-calor\/","title":{"rendered":"NECESARIO QUE POBLACI\u00d3N PORTE\u00d1A SE CUIDE DE LA TERCERA OLA DE CALOR"},"content":{"rendered":"<h2 style=\"text-align: center;\"><em><span style=\"font-family: 'times new roman', times;\">*Pide Municipio Hidratarse De Manera Adecuada Para Evitar El Impacto De Los Rayos Solares<\/span><\/em><\/h2>\n<p>&nbsp;<\/p>\n<p>&nbsp;<\/p>\n<p>La tercera ola de calor est\u00e1 registrando temperaturas superiores a los 35 grados en la zona sur, y para ello la Secretar\u00eda de Servicios M\u00e9dicos del Municipio Porte\u00f1o exhorta a la poblaci\u00f3n a protegerse de los incandescentes rayos solares, que son muy da\u00f1inos de 11 de la ma\u00f1ana a 4 de la tarde.<\/p>\n<p>&nbsp;<\/p>\n<p>Al respecto, el titular de esa dependencia municipal, Jos\u00e9 Deutsch Mendoza, indic\u00f3 que las condiciones clim\u00e1ticas seguir\u00e1n siendo adversas para lo que resta de la semana, de ah\u00ed la importancia de que los menores, adultos y de la tercera edad, no se expongan por largo tiempo a los rayos solares.<\/p>\n<p>&nbsp;<\/p>\n<p>Manifest\u00f3, que el llamado golpe de calor est\u00e1 cobrando fuerza desde las \u00faltimas semanas, por lo que es importante que la poblaci\u00f3n acate las medidas que vierten las autoridades de salud, ya que desafortunadamente ya se han registrado decesos en la zona sur por est\u00e1 situaci\u00f3n.<\/p>\n<p>&nbsp;<\/p>\n<p>Deutsch, dej\u00f3 claro la importancia del cuidado en el consumo de alimentos en buen estado, y de preferencia que no sean de dudosa procedencia.<\/p>\n<p>&nbsp;<\/p>\n<p>Abund\u00f3 que la recomendaci\u00f3n a los trabajadores que realizan sus labores en exteriores, es que consuman grandes cantidades de agua, suero y que hagan alto a sus actividades cada 10 minutos.<\/p>\n<p>&nbsp;<\/p>\n<p>&#8220;Sabemos que los servicios no se pueden dejar de atender, pero si estar muy al pendiente de que los trabajadores no sufran del golpe de calor&#8221;, dijo<\/p>\n<p>&nbsp;<\/p>\n<p>El Secretario de Servicios M\u00e9dicos del Gobierno Panista extern\u00f3 que en Marzo pasado hasta el mes pasado, las condiciones sanitarias en la ciudad son delicadas debido a la intensa ola de calor, por lo que es importante que todos los expendios y negocios que venden alimentos los tengan en buena refrigeraci\u00f3n.<\/p>\n<p>&nbsp;<\/p>\n<p>&#8220;Tan solo en el gobierno municipal se atienden hasta 7 casos por semana de padecimientos gastrointestinales en trabajadores municipales, de ah\u00ed la importancia de saber d\u00f3nde consumir alimentos en buen estado<\/p>\n<p>&nbsp;<\/p>\n","protected":false},"excerpt":{"rendered":"<p>*Pide Municipio Hidratarse De Manera Adecuada Para Evitar El Impacto De Los Rayos Solares &nbsp; &nbsp; La tercera ola de&hellip;<\/p>\n","protected":false},"author":1,"featured_media":50894,"comment_status":"open","ping_status":"open","sticky":false,"template":"","format":"standard","meta":{"footnotes":""},"categories":[3],"tags":[],"class_list":["post-50893","post","type-post","status-publish","format-standard","has-post-thumbnail","hentry","category-tampico"],"yoast_head":"<!-- This site is optimized with the Yoast SEO plugin v27.4 - https:\/\/yoast.com\/product\/yoast-seo-wordpress\/ -->\n<title>NECESARIO QUE POBLACI\u00d3N PORTE\u00d1A SE CUIDE DE LA TERCERA OLA DE CALOR - EL INFORMATIVO DE TAMAULIPAS<\/title>\n<meta name=\"description\" content=\"*Pide Municipio Hidratarse De Manera Adecuada Para Evitar El Impacto De Los Rayos Solares &nbsp; &nbsp; La tercera ola de calor est\u00e1 registrando\" \/>\n<meta name=\"robots\" content=\"index, follow, max-snippet:-1, max-image-preview:large, max-video-preview:-1\" \/>\n<link rel=\"canonical\" href=\"https:\/\/elinformativotam.com\/index.php\/2024\/05\/24\/necesario-que-poblacion-portena-se-cuide-de-la-tercera-ola-de-calor\/\" \/>\n<meta property=\"og:locale\" content=\"es_MX\" \/>\n<meta property=\"og:type\" content=\"article\" \/>\n<meta property=\"og:title\" content=\"NECESARIO QUE POBLACI\u00d3N PORTE\u00d1A SE CUIDE DE LA TERCERA OLA DE CALOR - EL INFORMATIVO DE TAMAULIPAS\" \/>\n<meta property=\"og:description\" content=\"*Pide Municipio Hidratarse De Manera Adecuada Para Evitar El Impacto De Los Rayos Solares &nbsp; &nbsp; La tercera ola de calor est\u00e1 registrando\" \/>\n<meta property=\"og:url\" content=\"https:\/\/elinformativotam.com\/index.php\/2024\/05\/24\/necesario-que-poblacion-portena-se-cuide-de-la-tercera-ola-de-calor\/\" \/>\n<meta property=\"og:site_name\" content=\"EL INFORMATIVO DE TAMAULIPAS\" \/>\n<meta property=\"article:published_time\" content=\"2024-05-25T04:21:10+00:00\" \/>\n<meta property=\"og:image\" content=\"https:\/\/elinformativotam.com\/wp-content\/uploads\/2024\/05\/Deutsch.jpeg\" \/>\n\t<meta property=\"og:image:width\" content=\"1280\" \/>\n\t<meta property=\"og:image:height\" content=\"963\" \/>\n\t<meta property=\"og:image:type\" content=\"image\/jpeg\" \/>\n<meta name=\"author\" content=\"El Informativo Tam\" \/>\n<meta name=\"twitter:card\" content=\"summary_large_image\" \/>\n<meta name=\"twitter:label1\" content=\"Escrito por\" \/>\n\t<meta name=\"twitter:data1\" content=\"El Informativo Tam\" \/>\n\t<meta name=\"twitter:label2\" content=\"Tiempo de lectura\" \/>\n\t<meta name=\"twitter:data2\" content=\"2 minutos\" \/>\n<script type=\"application\/ld+json\" class=\"yoast-schema-graph\">{\"@context\":\"https:\\\/\\\/schema.org\",\"@graph\":[{\"@type\":\"Article\",\"@id\":\"https:\\\/\\\/elinformativotam.com\\\/index.php\\\/2024\\\/05\\\/24\\\/necesario-que-poblacion-portena-se-cuide-de-la-tercera-ola-de-calor\\\/#article\",\"isPartOf\":{\"@id\":\"https:\\\/\\\/elinformativotam.com\\\/index.php\\\/2024\\\/05\\\/24\\\/necesario-que-poblacion-portena-se-cuide-de-la-tercera-ola-de-calor\\\/\"},\"author\":{\"name\":\"El Informativo Tam\",\"@id\":\"https:\\\/\\\/elinformativotam.com\\\/#\\\/schema\\\/person\\\/78e08040eed0f6110f0c5f83b6153590\"},\"headline\":\"NECESARIO QUE POBLACI\u00d3N PORTE\u00d1A SE CUIDE DE LA TERCERA OLA DE CALOR\",\"datePublished\":\"2024-05-25T04:21:10+00:00\",\"mainEntityOfPage\":{\"@id\":\"https:\\\/\\\/elinformativotam.com\\\/index.php\\\/2024\\\/05\\\/24\\\/necesario-que-poblacion-portena-se-cuide-de-la-tercera-ola-de-calor\\\/\"},\"wordCount\":360,\"commentCount\":0,\"publisher\":{\"@id\":\"https:\\\/\\\/elinformativotam.com\\\/#organization\"},\"image\":{\"@id\":\"https:\\\/\\\/elinformativotam.com\\\/index.php\\\/2024\\\/05\\\/24\\\/necesario-que-poblacion-portena-se-cuide-de-la-tercera-ola-de-calor\\\/#primaryimage\"},\"thumbnailUrl\":\"https:\\\/\\\/elinformativotam.com\\\/wp-content\\\/uploads\\\/2024\\\/05\\\/Deutsch.jpeg\",\"articleSection\":[\"Tampico\"],\"inLanguage\":\"es\",\"potentialAction\":[{\"@type\":\"CommentAction\",\"name\":\"Comment\",\"target\":[\"https:\\\/\\\/elinformativotam.com\\\/index.php\\\/2024\\\/05\\\/24\\\/necesario-que-poblacion-portena-se-cuide-de-la-tercera-ola-de-calor\\\/#respond\"]}]},{\"@type\":\"WebPage\",\"@id\":\"https:\\\/\\\/elinformativotam.com\\\/index.php\\\/2024\\\/05\\\/24\\\/necesario-que-poblacion-portena-se-cuide-de-la-tercera-ola-de-calor\\\/\",\"url\":\"https:\\\/\\\/elinformativotam.com\\\/index.php\\\/2024\\\/05\\\/24\\\/necesario-que-poblacion-portena-se-cuide-de-la-tercera-ola-de-calor\\\/\",\"name\":\"NECESARIO QUE POBLACI\u00d3N PORTE\u00d1A SE CUIDE DE LA TERCERA OLA DE CALOR - EL INFORMATIVO DE TAMAULIPAS\",\"isPartOf\":{\"@id\":\"https:\\\/\\\/elinformativotam.com\\\/#website\"},\"primaryImageOfPage\":{\"@id\":\"https:\\\/\\\/elinformativotam.com\\\/index.php\\\/2024\\\/05\\\/24\\\/necesario-que-poblacion-portena-se-cuide-de-la-tercera-ola-de-calor\\\/#primaryimage\"},\"image\":{\"@id\":\"https:\\\/\\\/elinformativotam.com\\\/index.php\\\/2024\\\/05\\\/24\\\/necesario-que-poblacion-portena-se-cuide-de-la-tercera-ola-de-calor\\\/#primaryimage\"},\"thumbnailUrl\":\"https:\\\/\\\/elinformativotam.com\\\/wp-content\\\/uploads\\\/2024\\\/05\\\/Deutsch.jpeg\",\"datePublished\":\"2024-05-25T04:21:10+00:00\",\"description\":\"*Pide Municipio Hidratarse De Manera Adecuada Para Evitar El Impacto De Los Rayos Solares &nbsp; &nbsp; La tercera ola de calor est\u00e1 registrando\",\"inLanguage\":\"es\",\"potentialAction\":[{\"@type\":\"ReadAction\",\"target\":[\"https:\\\/\\\/elinformativotam.com\\\/index.php\\\/2024\\\/05\\\/24\\\/necesario-que-poblacion-portena-se-cuide-de-la-tercera-ola-de-calor\\\/\"]}]},{\"@type\":\"ImageObject\",\"inLanguage\":\"es\",\"@id\":\"https:\\\/\\\/elinformativotam.com\\\/index.php\\\/2024\\\/05\\\/24\\\/necesario-que-poblacion-portena-se-cuide-de-la-tercera-ola-de-calor\\\/#primaryimage\",\"url\":\"https:\\\/\\\/elinformativotam.com\\\/wp-content\\\/uploads\\\/2024\\\/05\\\/Deutsch.jpeg\",\"contentUrl\":\"https:\\\/\\\/elinformativotam.com\\\/wp-content\\\/uploads\\\/2024\\\/05\\\/Deutsch.jpeg\",\"width\":1280,\"height\":963},{\"@type\":\"WebSite\",\"@id\":\"https:\\\/\\\/elinformativotam.com\\\/#website\",\"url\":\"https:\\\/\\\/elinformativotam.com\\\/\",\"name\":\"EL INFORMATIVO DE TAMAULIPAS\",\"description\":\"Desde la Zona Metropolitana Para Todo M\u00e9xico\",\"publisher\":{\"@id\":\"https:\\\/\\\/elinformativotam.com\\\/#organization\"},\"potentialAction\":[{\"@type\":\"SearchAction\",\"target\":{\"@type\":\"EntryPoint\",\"urlTemplate\":\"https:\\\/\\\/elinformativotam.com\\\/?s={search_term_string}\"},\"query-input\":{\"@type\":\"PropertyValueSpecification\",\"valueRequired\":true,\"valueName\":\"search_term_string\"}}],\"inLanguage\":\"es\"},{\"@type\":\"Organization\",\"@id\":\"https:\\\/\\\/elinformativotam.com\\\/#organization\",\"name\":\"EL INFORMATIVO DE TAMAULIPAS\",\"url\":\"https:\\\/\\\/elinformativotam.com\\\/\",\"logo\":{\"@type\":\"ImageObject\",\"inLanguage\":\"es\",\"@id\":\"https:\\\/\\\/elinformativotam.com\\\/#\\\/schema\\\/logo\\\/image\\\/\",\"url\":\"https:\\\/\\\/elinformativotam.com\\\/wp-content\\\/uploads\\\/2026\\\/02\\\/Cabezal.png\",\"contentUrl\":\"https:\\\/\\\/elinformativotam.com\\\/wp-content\\\/uploads\\\/2026\\\/02\\\/Cabezal.png\",\"width\":960,\"height\":640,\"caption\":\"EL INFORMATIVO DE TAMAULIPAS\"},\"image\":{\"@id\":\"https:\\\/\\\/elinformativotam.com\\\/#\\\/schema\\\/logo\\\/image\\\/\"}},{\"@type\":\"Person\",\"@id\":\"https:\\\/\\\/elinformativotam.com\\\/#\\\/schema\\\/person\\\/78e08040eed0f6110f0c5f83b6153590\",\"name\":\"El Informativo Tam\",\"image\":{\"@type\":\"ImageObject\",\"inLanguage\":\"es\",\"@id\":\"https:\\\/\\\/secure.gravatar.com\\\/avatar\\\/f3b7ad3af540688955925ac610647be00b0cf41feea9c4978b73a707ee86bc53?s=96&d=mm&r=g\",\"url\":\"https:\\\/\\\/secure.gravatar.com\\\/avatar\\\/f3b7ad3af540688955925ac610647be00b0cf41feea9c4978b73a707ee86bc53?s=96&d=mm&r=g\",\"contentUrl\":\"https:\\\/\\\/secure.gravatar.com\\\/avatar\\\/f3b7ad3af540688955925ac610647be00b0cf41feea9c4978b73a707ee86bc53?s=96&d=mm&r=g\",\"caption\":\"El Informativo Tam\"}}]}<\/script>\n<!-- \/ Yoast SEO plugin. -->","yoast_head_json":{"title":"NECESARIO QUE POBLACI\u00d3N PORTE\u00d1A SE CUIDE DE LA TERCERA OLA DE CALOR - EL INFORMATIVO DE TAMAULIPAS","description":"*Pide Municipio Hidratarse De Manera Adecuada Para Evitar El Impacto De Los Rayos Solares &nbsp; &nbsp; La tercera ola de calor est\u00e1 registrando","robots":{"index":"index","follow":"follow","max-snippet":"max-snippet:-1","max-image-preview":"max-image-preview:large","max-video-preview":"max-video-preview:-1"},"canonical":"https:\/\/elinformativotam.com\/index.php\/2024\/05\/24\/necesario-que-poblacion-portena-se-cuide-de-la-tercera-ola-de-calor\/","og_locale":"es_MX","og_type":"article","og_title":"NECESARIO QUE POBLACI\u00d3N PORTE\u00d1A SE CUIDE DE LA TERCERA OLA DE CALOR - EL INFORMATIVO DE TAMAULIPAS","og_description":"*Pide Municipio Hidratarse De Manera Adecuada Para Evitar El Impacto De Los Rayos Solares &nbsp; &nbsp; La tercera ola de calor est\u00e1 registrando","og_url":"https:\/\/elinformativotam.com\/index.php\/2024\/05\/24\/necesario-que-poblacion-portena-se-cuide-de-la-tercera-ola-de-calor\/","og_site_name":"EL INFORMATIVO DE TAMAULIPAS","article_published_time":"2024-05-25T04:21:10+00:00","og_image":[{"width":1280,"height":963,"url":"https:\/\/elinformativotam.com\/wp-content\/uploads\/2024\/05\/Deutsch.jpeg","type":"image\/jpeg"}],"author":"El Informativo Tam","twitter_card":"summary_large_image","twitter_misc":{"Escrito por":"El Informativo Tam","Tiempo de lectura":"2 minutos"},"schema":{"@context":"https:\/\/schema.org","@graph":[{"@type":"Article","@id":"https:\/\/elinformativotam.com\/index.php\/2024\/05\/24\/necesario-que-poblacion-portena-se-cuide-de-la-tercera-ola-de-calor\/#article","isPartOf":{"@id":"https:\/\/elinformativotam.com\/index.php\/2024\/05\/24\/necesario-que-poblacion-portena-se-cuide-de-la-tercera-ola-de-calor\/"},"author":{"name":"El Informativo Tam","@id":"https:\/\/elinformativotam.com\/#\/schema\/person\/78e08040eed0f6110f0c5f83b6153590"},"headline":"NECESARIO QUE POBLACI\u00d3N PORTE\u00d1A SE CUIDE DE LA TERCERA OLA DE CALOR","datePublished":"2024-05-25T04:21:10+00:00","mainEntityOfPage":{"@id":"https:\/\/elinformativotam.com\/index.php\/2024\/05\/24\/necesario-que-poblacion-portena-se-cuide-de-la-tercera-ola-de-calor\/"},"wordCount":360,"commentCount":0,"publisher":{"@id":"https:\/\/elinformativotam.com\/#organization"},"image":{"@id":"https:\/\/elinformativotam.com\/index.php\/2024\/05\/24\/necesario-que-poblacion-portena-se-cuide-de-la-tercera-ola-de-calor\/#primaryimage"},"thumbnailUrl":"https:\/\/elinformativotam.com\/wp-content\/uploads\/2024\/05\/Deutsch.jpeg","articleSection":["Tampico"],"inLanguage":"es","potentialAction":[{"@type":"CommentAction","name":"Comment","target":["https:\/\/elinformativotam.com\/index.php\/2024\/05\/24\/necesario-que-poblacion-portena-se-cuide-de-la-tercera-ola-de-calor\/#respond"]}]},{"@type":"WebPage","@id":"https:\/\/elinformativotam.com\/index.php\/2024\/05\/24\/necesario-que-poblacion-portena-se-cuide-de-la-tercera-ola-de-calor\/","url":"https:\/\/elinformativotam.com\/index.php\/2024\/05\/24\/necesario-que-poblacion-portena-se-cuide-de-la-tercera-ola-de-calor\/","name":"NECESARIO QUE POBLACI\u00d3N PORTE\u00d1A SE CUIDE DE LA TERCERA OLA DE CALOR - EL INFORMATIVO DE TAMAULIPAS","isPartOf":{"@id":"https:\/\/elinformativotam.com\/#website"},"primaryImageOfPage":{"@id":"https:\/\/elinformativotam.com\/index.php\/2024\/05\/24\/necesario-que-poblacion-portena-se-cuide-de-la-tercera-ola-de-calor\/#primaryimage"},"image":{"@id":"https:\/\/elinformativotam.com\/index.php\/2024\/05\/24\/necesario-que-poblacion-portena-se-cuide-de-la-tercera-ola-de-calor\/#primaryimage"},"thumbnailUrl":"https:\/\/elinformativotam.com\/wp-content\/uploads\/2024\/05\/Deutsch.jpeg","datePublished":"2024-05-25T04:21:10+00:00","description":"*Pide Municipio Hidratarse De Manera Adecuada Para Evitar El Impacto De Los Rayos Solares &nbsp; &nbsp; La tercera ola de calor est\u00e1 registrando","inLanguage":"es","potentialAction":[{"@type":"ReadAction","target":["https:\/\/elinformativotam.com\/index.php\/2024\/05\/24\/necesario-que-poblacion-portena-se-cuide-de-la-tercera-ola-de-calor\/"]}]},{"@type":"ImageObject","inLanguage":"es","@id":"https:\/\/elinformativotam.com\/index.php\/2024\/05\/24\/necesario-que-poblacion-portena-se-cuide-de-la-tercera-ola-de-calor\/#primaryimage","url":"https:\/\/elinformativotam.com\/wp-content\/uploads\/2024\/05\/Deutsch.jpeg","contentUrl":"https:\/\/elinformativotam.com\/wp-content\/uploads\/2024\/05\/Deutsch.jpeg","width":1280,"height":963},{"@type":"WebSite","@id":"https:\/\/elinformativotam.com\/#website","url":"https:\/\/elinformativotam.com\/","name":"EL INFORMATIVO DE TAMAULIPAS","description":"Desde la Zona Metropolitana Para Todo M\u00e9xico","publisher":{"@id":"https:\/\/elinformativotam.com\/#organization"},"potentialAction":[{"@type":"SearchAction","target":{"@type":"EntryPoint","urlTemplate":"https:\/\/elinformativotam.com\/?s={search_term_string}"},"query-input":{"@type":"PropertyValueSpecification","valueRequired":true,"valueName":"search_term_string"}}],"inLanguage":"es"},{"@type":"Organization","@id":"https:\/\/elinformativotam.com\/#organization","name":"EL INFORMATIVO DE TAMAULIPAS","url":"https:\/\/elinformativotam.com\/","logo":{"@type":"ImageObject","inLanguage":"es","@id":"https:\/\/elinformativotam.com\/#\/schema\/logo\/image\/","url":"https:\/\/elinformativotam.com\/wp-content\/uploads\/2026\/02\/Cabezal.png","contentUrl":"https:\/\/elinformativotam.com\/wp-content\/uploads\/2026\/02\/Cabezal.png","width":960,"height":640,"caption":"EL INFORMATIVO DE TAMAULIPAS"},"image":{"@id":"https:\/\/elinformativotam.com\/#\/schema\/logo\/image\/"}},{"@type":"Person","@id":"https:\/\/elinformativotam.com\/#\/schema\/person\/78e08040eed0f6110f0c5f83b6153590","name":"El Informativo Tam","image":{"@type":"ImageObject","inLanguage":"es","@id":"https:\/\/secure.gravatar.com\/avatar\/f3b7ad3af540688955925ac610647be00b0cf41feea9c4978b73a707ee86bc53?s=96&d=mm&r=g","url":"https:\/\/secure.gravatar.com\/avatar\/f3b7ad3af540688955925ac610647be00b0cf41feea9c4978b73a707ee86bc53?s=96&d=mm&r=g","contentUrl":"https:\/\/secure.gravatar.com\/avatar\/f3b7ad3af540688955925ac610647be00b0cf41feea9c4978b73a707ee86bc53?s=96&d=mm&r=g","caption":"El Informativo Tam"}}]}},"_links":{"self":[{"href":"https:\/\/elinformativotam.com\/index.php\/wp-json\/wp\/v2\/posts\/50893","targetHints":{"allow":["GET"]}}],"collection":[{"href":"https:\/\/elinformativotam.com\/index.php\/wp-json\/wp\/v2\/posts"}],"about":[{"href":"https:\/\/elinformativotam.com\/index.php\/wp-json\/wp\/v2\/types\/post"}],"author":[{"embeddable":true,"href":"https:\/\/elinformativotam.com\/index.php\/wp-json\/wp\/v2\/users\/1"}],"replies":[{"embeddable":true,"href":"https:\/\/elinformativotam.com\/index.php\/wp-json\/wp\/v2\/comments?post=50893"}],"version-history":[{"count":1,"href":"https:\/\/elinformativotam.com\/index.php\/wp-json\/wp\/v2\/posts\/50893\/revisions"}],"predecessor-version":[{"id":50895,"href":"https:\/\/elinformativotam.com\/index.php\/wp-json\/wp\/v2\/posts\/50893\/revisions\/50895"}],"wp:featuredmedia":[{"embeddable":true,"href":"https:\/\/elinformativotam.com\/index.php\/wp-json\/wp\/v2\/media\/50894"}],"wp:attachment":[{"href":"https:\/\/elinformativotam.com\/index.php\/wp-json\/wp\/v2\/media?parent=50893"}],"wp:term":[{"taxonomy":"category","embeddable":true,"href":"https:\/\/elinformativotam.com\/index.php\/wp-json\/wp\/v2\/categories?post=50893"},{"taxonomy":"post_tag","embeddable":true,"href":"https:\/\/elinformativotam.com\/index.php\/wp-json\/wp\/v2\/tags?post=50893"}],"curies":[{"name":"wp","href":"https:\/\/api.w.org\/{rel}","templated":true}]}}