{"id":50887,"date":"2024-05-24T22:08:43","date_gmt":"2024-05-25T04:08:43","guid":{"rendered":"https:\/\/elinformativotam.com\/?p=50887"},"modified":"2024-05-24T22:08:43","modified_gmt":"2024-05-25T04:08:43","slug":"persisten-las-descargas-de-aguas-residuales-al-chairel","status":"publish","type":"post","link":"https:\/\/elinformativotam.com\/index.php\/2024\/05\/24\/persisten-las-descargas-de-aguas-residuales-al-chairel\/","title":{"rendered":"PERSISTEN LAS DESCARGAS DE AGUAS RESIDUALES AL CHAIREL"},"content":{"rendered":"<h2 style=\"text-align: center;\"><em><span style=\"font-family: 'times new roman', times;\">*Por Si La Sequ\u00eda Fuera Un Tema Menor, Las Aguas Negras Siguen Llegando Al Sistema Lagunario De D\u00f3nde Se Abastece Del L\u00edquido A La Poblaci\u00f3n<\/span><\/em><\/h2>\n<p>&nbsp;<\/p>\n<p>&nbsp;<\/p>\n<p>La Comapa Sur Debe Detener el Flujo de Descargas de Aguas Residuales Hacia la Laguna del Chairel, pues con los bajos niveles que existen se est\u00e1 generando olores pestilentes y la mortandad excesiva de peces, se\u00f1al\u00f3 el representante de colonos, Fernando Arturo S\u00e1nchez Gonz\u00e1lez<\/p>\n<p>&nbsp;<\/p>\n<p>El representante del sector Fray Andr\u00e9s de Olmos, expres\u00f3 que el organismo operador del vital l\u00edquido, del Gobierno del Estado, debe de acabar de una vez por todas con las filtraciones de aguas negras que hay hacia el vaso de captaci\u00f3n, ya que esa agua residual proviene de colonias como Sierra Morena y Minerva, por mencionar algunas.<\/p>\n<p>&nbsp;<\/p>\n<p>Detall\u00f3, que en esos sectores existen rejillas de colectores que necesitan ser desazolvadas, adem\u00e1s de que son puntos de fisura por d\u00f3nde se cuelan las aguas residuales hacia el hidrotunel para terminar en el Chairel.<\/p>\n<p>&nbsp;<\/p>\n<p>S\u00e1nchez, enfatiz\u00f3 que el enorme desfogue construido en el sexenio del ex Gobernador Egidio Torre Cant\u00fa para sacar el agua lluvia de varias colonias catalogadas de inundables, sigue generando molestias a los residentes de la colonia cercana al Sistema Lagunario.<\/p>\n<p>&nbsp;<\/p>\n<p>&#8220;Hay que cuidar la poca agua que tenemos, hay que recordar que ese hidrotunel descarga a 500 metros de la bocatoma de Comapa, de d\u00f3nde se extrae el agua para los usuarios&#8221;, resalt\u00f3<\/p>\n<p>&nbsp;<\/p>\n<p>El representante de la referida colonia popular exhort\u00f3 a la poblaci\u00f3n a seguir cuidando el vital l\u00edquido en esta temporada de sequ\u00eda, catalogada como hist\u00f3rica y da\u00f1ina para la ecolog\u00eda, vida marina y por supuesto para los habitantes de la regi\u00f3n.<\/p>\n<p>&nbsp;<\/p>\n<p>&#8220;Hay que continuar mantenido esa cultura del ahorro y cuidado del agua, es algo que lleg\u00f3 para quedarse, ya que las lluvias son cada vez m\u00e1s escasas a lo largo del a\u00f1o&#8221;, acot\u00f3<\/p>\n","protected":false},"excerpt":{"rendered":"<p>*Por Si La Sequ\u00eda Fuera Un Tema Menor, Las Aguas Negras Siguen Llegando Al Sistema Lagunario De D\u00f3nde Se Abastece&hellip;<\/p>\n","protected":false},"author":1,"featured_media":50888,"comment_status":"open","ping_status":"open","sticky":false,"template":"","format":"standard","meta":{"footnotes":""},"categories":[3],"tags":[],"class_list":["post-50887","post","type-post","status-publish","format-standard","has-post-thumbnail","hentry","category-tampico"],"yoast_head":"<!-- This site is optimized with the Yoast SEO plugin v27.4 - https:\/\/yoast.com\/product\/yoast-seo-wordpress\/ -->\n<title>PERSISTEN LAS DESCARGAS DE AGUAS RESIDUALES AL CHAIREL - EL INFORMATIVO DE TAMAULIPAS<\/title>\n<meta name=\"description\" content=\"*Por Si La Sequ\u00eda Fuera Un Tema Menor, Las Aguas Negras Siguen Llegando Al Sistema Lagunario De D\u00f3nde Se Abastece Del L\u00edquido A La Poblaci\u00f3n &nbsp; &nbsp;\" \/>\n<meta name=\"robots\" content=\"index, follow, max-snippet:-1, max-image-preview:large, max-video-preview:-1\" \/>\n<link rel=\"canonical\" href=\"https:\/\/elinformativotam.com\/index.php\/2024\/05\/24\/persisten-las-descargas-de-aguas-residuales-al-chairel\/\" \/>\n<meta property=\"og:locale\" content=\"es_MX\" \/>\n<meta property=\"og:type\" content=\"article\" \/>\n<meta property=\"og:title\" content=\"PERSISTEN LAS DESCARGAS DE AGUAS RESIDUALES AL CHAIREL - EL INFORMATIVO DE TAMAULIPAS\" \/>\n<meta property=\"og:description\" content=\"*Por Si La Sequ\u00eda Fuera Un Tema Menor, Las Aguas Negras Siguen Llegando Al Sistema Lagunario De D\u00f3nde Se Abastece Del L\u00edquido A La Poblaci\u00f3n &nbsp; &nbsp;\" \/>\n<meta property=\"og:url\" content=\"https:\/\/elinformativotam.com\/index.php\/2024\/05\/24\/persisten-las-descargas-de-aguas-residuales-al-chairel\/\" \/>\n<meta property=\"og:site_name\" content=\"EL INFORMATIVO DE TAMAULIPAS\" \/>\n<meta property=\"article:published_time\" content=\"2024-05-25T04:08:43+00:00\" \/>\n<meta property=\"og:image\" content=\"https:\/\/elinformativotam.com\/wp-content\/uploads\/2024\/05\/Arturo-Sanchez.jpeg\" \/>\n\t<meta property=\"og:image:width\" content=\"1600\" \/>\n\t<meta property=\"og:image:height\" content=\"1204\" \/>\n\t<meta property=\"og:image:type\" content=\"image\/jpeg\" \/>\n<meta name=\"author\" content=\"El Informativo Tam\" \/>\n<meta name=\"twitter:card\" content=\"summary_large_image\" \/>\n<meta name=\"twitter:label1\" content=\"Escrito por\" \/>\n\t<meta name=\"twitter:data1\" content=\"El Informativo Tam\" \/>\n\t<meta name=\"twitter:label2\" content=\"Tiempo de lectura\" \/>\n\t<meta name=\"twitter:data2\" content=\"2 minutos\" \/>\n<script type=\"application\/ld+json\" class=\"yoast-schema-graph\">{\"@context\":\"https:\\\/\\\/schema.org\",\"@graph\":[{\"@type\":\"Article\",\"@id\":\"https:\\\/\\\/elinformativotam.com\\\/index.php\\\/2024\\\/05\\\/24\\\/persisten-las-descargas-de-aguas-residuales-al-chairel\\\/#article\",\"isPartOf\":{\"@id\":\"https:\\\/\\\/elinformativotam.com\\\/index.php\\\/2024\\\/05\\\/24\\\/persisten-las-descargas-de-aguas-residuales-al-chairel\\\/\"},\"author\":{\"name\":\"El Informativo Tam\",\"@id\":\"https:\\\/\\\/elinformativotam.com\\\/#\\\/schema\\\/person\\\/78e08040eed0f6110f0c5f83b6153590\"},\"headline\":\"PERSISTEN LAS DESCARGAS DE AGUAS RESIDUALES AL CHAIREL\",\"datePublished\":\"2024-05-25T04:08:43+00:00\",\"mainEntityOfPage\":{\"@id\":\"https:\\\/\\\/elinformativotam.com\\\/index.php\\\/2024\\\/05\\\/24\\\/persisten-las-descargas-de-aguas-residuales-al-chairel\\\/\"},\"wordCount\":346,\"commentCount\":0,\"publisher\":{\"@id\":\"https:\\\/\\\/elinformativotam.com\\\/#organization\"},\"image\":{\"@id\":\"https:\\\/\\\/elinformativotam.com\\\/index.php\\\/2024\\\/05\\\/24\\\/persisten-las-descargas-de-aguas-residuales-al-chairel\\\/#primaryimage\"},\"thumbnailUrl\":\"https:\\\/\\\/elinformativotam.com\\\/wp-content\\\/uploads\\\/2024\\\/05\\\/Arturo-Sanchez.jpeg\",\"articleSection\":[\"Tampico\"],\"inLanguage\":\"es\",\"potentialAction\":[{\"@type\":\"CommentAction\",\"name\":\"Comment\",\"target\":[\"https:\\\/\\\/elinformativotam.com\\\/index.php\\\/2024\\\/05\\\/24\\\/persisten-las-descargas-de-aguas-residuales-al-chairel\\\/#respond\"]}]},{\"@type\":\"WebPage\",\"@id\":\"https:\\\/\\\/elinformativotam.com\\\/index.php\\\/2024\\\/05\\\/24\\\/persisten-las-descargas-de-aguas-residuales-al-chairel\\\/\",\"url\":\"https:\\\/\\\/elinformativotam.com\\\/index.php\\\/2024\\\/05\\\/24\\\/persisten-las-descargas-de-aguas-residuales-al-chairel\\\/\",\"name\":\"PERSISTEN LAS DESCARGAS DE AGUAS RESIDUALES AL CHAIREL - EL INFORMATIVO DE TAMAULIPAS\",\"isPartOf\":{\"@id\":\"https:\\\/\\\/elinformativotam.com\\\/#website\"},\"primaryImageOfPage\":{\"@id\":\"https:\\\/\\\/elinformativotam.com\\\/index.php\\\/2024\\\/05\\\/24\\\/persisten-las-descargas-de-aguas-residuales-al-chairel\\\/#primaryimage\"},\"image\":{\"@id\":\"https:\\\/\\\/elinformativotam.com\\\/index.php\\\/2024\\\/05\\\/24\\\/persisten-las-descargas-de-aguas-residuales-al-chairel\\\/#primaryimage\"},\"thumbnailUrl\":\"https:\\\/\\\/elinformativotam.com\\\/wp-content\\\/uploads\\\/2024\\\/05\\\/Arturo-Sanchez.jpeg\",\"datePublished\":\"2024-05-25T04:08:43+00:00\",\"description\":\"*Por Si La Sequ\u00eda Fuera Un Tema Menor, Las Aguas Negras Siguen Llegando Al Sistema Lagunario De D\u00f3nde Se Abastece Del L\u00edquido A La Poblaci\u00f3n &nbsp; &nbsp;\",\"inLanguage\":\"es\",\"potentialAction\":[{\"@type\":\"ReadAction\",\"target\":[\"https:\\\/\\\/elinformativotam.com\\\/index.php\\\/2024\\\/05\\\/24\\\/persisten-las-descargas-de-aguas-residuales-al-chairel\\\/\"]}]},{\"@type\":\"ImageObject\",\"inLanguage\":\"es\",\"@id\":\"https:\\\/\\\/elinformativotam.com\\\/index.php\\\/2024\\\/05\\\/24\\\/persisten-las-descargas-de-aguas-residuales-al-chairel\\\/#primaryimage\",\"url\":\"https:\\\/\\\/elinformativotam.com\\\/wp-content\\\/uploads\\\/2024\\\/05\\\/Arturo-Sanchez.jpeg\",\"contentUrl\":\"https:\\\/\\\/elinformativotam.com\\\/wp-content\\\/uploads\\\/2024\\\/05\\\/Arturo-Sanchez.jpeg\",\"width\":1600,\"height\":1204},{\"@type\":\"WebSite\",\"@id\":\"https:\\\/\\\/elinformativotam.com\\\/#website\",\"url\":\"https:\\\/\\\/elinformativotam.com\\\/\",\"name\":\"EL INFORMATIVO DE TAMAULIPAS\",\"description\":\"Desde la Zona Metropolitana Para Todo M\u00e9xico\",\"publisher\":{\"@id\":\"https:\\\/\\\/elinformativotam.com\\\/#organization\"},\"potentialAction\":[{\"@type\":\"SearchAction\",\"target\":{\"@type\":\"EntryPoint\",\"urlTemplate\":\"https:\\\/\\\/elinformativotam.com\\\/?s={search_term_string}\"},\"query-input\":{\"@type\":\"PropertyValueSpecification\",\"valueRequired\":true,\"valueName\":\"search_term_string\"}}],\"inLanguage\":\"es\"},{\"@type\":\"Organization\",\"@id\":\"https:\\\/\\\/elinformativotam.com\\\/#organization\",\"name\":\"EL INFORMATIVO DE TAMAULIPAS\",\"url\":\"https:\\\/\\\/elinformativotam.com\\\/\",\"logo\":{\"@type\":\"ImageObject\",\"inLanguage\":\"es\",\"@id\":\"https:\\\/\\\/elinformativotam.com\\\/#\\\/schema\\\/logo\\\/image\\\/\",\"url\":\"https:\\\/\\\/elinformativotam.com\\\/wp-content\\\/uploads\\\/2026\\\/02\\\/Cabezal.png\",\"contentUrl\":\"https:\\\/\\\/elinformativotam.com\\\/wp-content\\\/uploads\\\/2026\\\/02\\\/Cabezal.png\",\"width\":960,\"height\":640,\"caption\":\"EL INFORMATIVO DE TAMAULIPAS\"},\"image\":{\"@id\":\"https:\\\/\\\/elinformativotam.com\\\/#\\\/schema\\\/logo\\\/image\\\/\"}},{\"@type\":\"Person\",\"@id\":\"https:\\\/\\\/elinformativotam.com\\\/#\\\/schema\\\/person\\\/78e08040eed0f6110f0c5f83b6153590\",\"name\":\"El Informativo Tam\",\"image\":{\"@type\":\"ImageObject\",\"inLanguage\":\"es\",\"@id\":\"https:\\\/\\\/secure.gravatar.com\\\/avatar\\\/f3b7ad3af540688955925ac610647be00b0cf41feea9c4978b73a707ee86bc53?s=96&d=mm&r=g\",\"url\":\"https:\\\/\\\/secure.gravatar.com\\\/avatar\\\/f3b7ad3af540688955925ac610647be00b0cf41feea9c4978b73a707ee86bc53?s=96&d=mm&r=g\",\"contentUrl\":\"https:\\\/\\\/secure.gravatar.com\\\/avatar\\\/f3b7ad3af540688955925ac610647be00b0cf41feea9c4978b73a707ee86bc53?s=96&d=mm&r=g\",\"caption\":\"El Informativo Tam\"}}]}<\/script>\n<!-- \/ Yoast SEO plugin. -->","yoast_head_json":{"title":"PERSISTEN LAS DESCARGAS DE AGUAS RESIDUALES AL CHAIREL - EL INFORMATIVO DE TAMAULIPAS","description":"*Por Si La Sequ\u00eda Fuera Un Tema Menor, Las Aguas Negras Siguen Llegando Al Sistema Lagunario De D\u00f3nde Se Abastece Del L\u00edquido A La Poblaci\u00f3n &nbsp; &nbsp;","robots":{"index":"index","follow":"follow","max-snippet":"max-snippet:-1","max-image-preview":"max-image-preview:large","max-video-preview":"max-video-preview:-1"},"canonical":"https:\/\/elinformativotam.com\/index.php\/2024\/05\/24\/persisten-las-descargas-de-aguas-residuales-al-chairel\/","og_locale":"es_MX","og_type":"article","og_title":"PERSISTEN LAS DESCARGAS DE AGUAS RESIDUALES AL CHAIREL - EL INFORMATIVO DE TAMAULIPAS","og_description":"*Por Si La Sequ\u00eda Fuera Un Tema Menor, Las Aguas Negras Siguen Llegando Al Sistema Lagunario De D\u00f3nde Se Abastece Del L\u00edquido A La Poblaci\u00f3n &nbsp; &nbsp;","og_url":"https:\/\/elinformativotam.com\/index.php\/2024\/05\/24\/persisten-las-descargas-de-aguas-residuales-al-chairel\/","og_site_name":"EL INFORMATIVO DE TAMAULIPAS","article_published_time":"2024-05-25T04:08:43+00:00","og_image":[{"width":1600,"height":1204,"url":"https:\/\/elinformativotam.com\/wp-content\/uploads\/2024\/05\/Arturo-Sanchez.jpeg","type":"image\/jpeg"}],"author":"El Informativo Tam","twitter_card":"summary_large_image","twitter_misc":{"Escrito por":"El Informativo Tam","Tiempo de lectura":"2 minutos"},"schema":{"@context":"https:\/\/schema.org","@graph":[{"@type":"Article","@id":"https:\/\/elinformativotam.com\/index.php\/2024\/05\/24\/persisten-las-descargas-de-aguas-residuales-al-chairel\/#article","isPartOf":{"@id":"https:\/\/elinformativotam.com\/index.php\/2024\/05\/24\/persisten-las-descargas-de-aguas-residuales-al-chairel\/"},"author":{"name":"El Informativo Tam","@id":"https:\/\/elinformativotam.com\/#\/schema\/person\/78e08040eed0f6110f0c5f83b6153590"},"headline":"PERSISTEN LAS DESCARGAS DE AGUAS RESIDUALES AL CHAIREL","datePublished":"2024-05-25T04:08:43+00:00","mainEntityOfPage":{"@id":"https:\/\/elinformativotam.com\/index.php\/2024\/05\/24\/persisten-las-descargas-de-aguas-residuales-al-chairel\/"},"wordCount":346,"commentCount":0,"publisher":{"@id":"https:\/\/elinformativotam.com\/#organization"},"image":{"@id":"https:\/\/elinformativotam.com\/index.php\/2024\/05\/24\/persisten-las-descargas-de-aguas-residuales-al-chairel\/#primaryimage"},"thumbnailUrl":"https:\/\/elinformativotam.com\/wp-content\/uploads\/2024\/05\/Arturo-Sanchez.jpeg","articleSection":["Tampico"],"inLanguage":"es","potentialAction":[{"@type":"CommentAction","name":"Comment","target":["https:\/\/elinformativotam.com\/index.php\/2024\/05\/24\/persisten-las-descargas-de-aguas-residuales-al-chairel\/#respond"]}]},{"@type":"WebPage","@id":"https:\/\/elinformativotam.com\/index.php\/2024\/05\/24\/persisten-las-descargas-de-aguas-residuales-al-chairel\/","url":"https:\/\/elinformativotam.com\/index.php\/2024\/05\/24\/persisten-las-descargas-de-aguas-residuales-al-chairel\/","name":"PERSISTEN LAS DESCARGAS DE AGUAS RESIDUALES AL CHAIREL - EL INFORMATIVO DE TAMAULIPAS","isPartOf":{"@id":"https:\/\/elinformativotam.com\/#website"},"primaryImageOfPage":{"@id":"https:\/\/elinformativotam.com\/index.php\/2024\/05\/24\/persisten-las-descargas-de-aguas-residuales-al-chairel\/#primaryimage"},"image":{"@id":"https:\/\/elinformativotam.com\/index.php\/2024\/05\/24\/persisten-las-descargas-de-aguas-residuales-al-chairel\/#primaryimage"},"thumbnailUrl":"https:\/\/elinformativotam.com\/wp-content\/uploads\/2024\/05\/Arturo-Sanchez.jpeg","datePublished":"2024-05-25T04:08:43+00:00","description":"*Por Si La Sequ\u00eda Fuera Un Tema Menor, Las Aguas Negras Siguen Llegando Al Sistema Lagunario De D\u00f3nde Se Abastece Del L\u00edquido A La Poblaci\u00f3n &nbsp; &nbsp;","inLanguage":"es","potentialAction":[{"@type":"ReadAction","target":["https:\/\/elinformativotam.com\/index.php\/2024\/05\/24\/persisten-las-descargas-de-aguas-residuales-al-chairel\/"]}]},{"@type":"ImageObject","inLanguage":"es","@id":"https:\/\/elinformativotam.com\/index.php\/2024\/05\/24\/persisten-las-descargas-de-aguas-residuales-al-chairel\/#primaryimage","url":"https:\/\/elinformativotam.com\/wp-content\/uploads\/2024\/05\/Arturo-Sanchez.jpeg","contentUrl":"https:\/\/elinformativotam.com\/wp-content\/uploads\/2024\/05\/Arturo-Sanchez.jpeg","width":1600,"height":1204},{"@type":"WebSite","@id":"https:\/\/elinformativotam.com\/#website","url":"https:\/\/elinformativotam.com\/","name":"EL INFORMATIVO DE TAMAULIPAS","description":"Desde la Zona Metropolitana Para Todo M\u00e9xico","publisher":{"@id":"https:\/\/elinformativotam.com\/#organization"},"potentialAction":[{"@type":"SearchAction","target":{"@type":"EntryPoint","urlTemplate":"https:\/\/elinformativotam.com\/?s={search_term_string}"},"query-input":{"@type":"PropertyValueSpecification","valueRequired":true,"valueName":"search_term_string"}}],"inLanguage":"es"},{"@type":"Organization","@id":"https:\/\/elinformativotam.com\/#organization","name":"EL INFORMATIVO DE TAMAULIPAS","url":"https:\/\/elinformativotam.com\/","logo":{"@type":"ImageObject","inLanguage":"es","@id":"https:\/\/elinformativotam.com\/#\/schema\/logo\/image\/","url":"https:\/\/elinformativotam.com\/wp-content\/uploads\/2026\/02\/Cabezal.png","contentUrl":"https:\/\/elinformativotam.com\/wp-content\/uploads\/2026\/02\/Cabezal.png","width":960,"height":640,"caption":"EL INFORMATIVO DE TAMAULIPAS"},"image":{"@id":"https:\/\/elinformativotam.com\/#\/schema\/logo\/image\/"}},{"@type":"Person","@id":"https:\/\/elinformativotam.com\/#\/schema\/person\/78e08040eed0f6110f0c5f83b6153590","name":"El Informativo Tam","image":{"@type":"ImageObject","inLanguage":"es","@id":"https:\/\/secure.gravatar.com\/avatar\/f3b7ad3af540688955925ac610647be00b0cf41feea9c4978b73a707ee86bc53?s=96&d=mm&r=g","url":"https:\/\/secure.gravatar.com\/avatar\/f3b7ad3af540688955925ac610647be00b0cf41feea9c4978b73a707ee86bc53?s=96&d=mm&r=g","contentUrl":"https:\/\/secure.gravatar.com\/avatar\/f3b7ad3af540688955925ac610647be00b0cf41feea9c4978b73a707ee86bc53?s=96&d=mm&r=g","caption":"El Informativo Tam"}}]}},"_links":{"self":[{"href":"https:\/\/elinformativotam.com\/index.php\/wp-json\/wp\/v2\/posts\/50887","targetHints":{"allow":["GET"]}}],"collection":[{"href":"https:\/\/elinformativotam.com\/index.php\/wp-json\/wp\/v2\/posts"}],"about":[{"href":"https:\/\/elinformativotam.com\/index.php\/wp-json\/wp\/v2\/types\/post"}],"author":[{"embeddable":true,"href":"https:\/\/elinformativotam.com\/index.php\/wp-json\/wp\/v2\/users\/1"}],"replies":[{"embeddable":true,"href":"https:\/\/elinformativotam.com\/index.php\/wp-json\/wp\/v2\/comments?post=50887"}],"version-history":[{"count":1,"href":"https:\/\/elinformativotam.com\/index.php\/wp-json\/wp\/v2\/posts\/50887\/revisions"}],"predecessor-version":[{"id":50889,"href":"https:\/\/elinformativotam.com\/index.php\/wp-json\/wp\/v2\/posts\/50887\/revisions\/50889"}],"wp:featuredmedia":[{"embeddable":true,"href":"https:\/\/elinformativotam.com\/index.php\/wp-json\/wp\/v2\/media\/50888"}],"wp:attachment":[{"href":"https:\/\/elinformativotam.com\/index.php\/wp-json\/wp\/v2\/media?parent=50887"}],"wp:term":[{"taxonomy":"category","embeddable":true,"href":"https:\/\/elinformativotam.com\/index.php\/wp-json\/wp\/v2\/categories?post=50887"},{"taxonomy":"post_tag","embeddable":true,"href":"https:\/\/elinformativotam.com\/index.php\/wp-json\/wp\/v2\/tags?post=50887"}],"curies":[{"name":"wp","href":"https:\/\/api.w.org\/{rel}","templated":true}]}}