{"id":50867,"date":"2024-05-23T20:55:06","date_gmt":"2024-05-24T02:55:06","guid":{"rendered":"https:\/\/elinformativotam.com\/?p=50867"},"modified":"2024-05-23T20:55:06","modified_gmt":"2024-05-24T02:55:06","slug":"con-presupuesto-se-demuestra-el-carino-a-los-municipios","status":"publish","type":"post","link":"https:\/\/elinformativotam.com\/index.php\/2024\/05\/23\/con-presupuesto-se-demuestra-el-carino-a-los-municipios\/","title":{"rendered":"CON PRESUPUESTO SE DEMUESTRA EL CARI\u00d1O A LOS MUNICIPIOS."},"content":{"rendered":"<p>Cd. Madero, Tamaulipas.- El cari\u00f1o que se le tiene a una ciudad se demuestra con presupuesto, ya que es lo que ayudar\u00e1 para su mejora.<\/p>\n<p>&nbsp;<\/p>\n<p>El candidato de la coalici\u00f3n Fuerza y Coraz\u00f3n por Tamaulipas a la alcald\u00eda de\u00a0 Madero, Carlos Fern\u00e1ndez Altamirano, indic\u00f3 que el cari\u00f1o se nota con presupuesto para obras y proyectos, pues es parte fundamental para el crecimiento de una ciudad.<\/p>\n<p>&nbsp;<\/p>\n<p>Al reunirse con integrantes del Consejo Empresarial de Madero, indic\u00f3 que uno de los problemas que ha causado la falta de\u00a0 presupuesto, es lo que se est\u00e1 viviendo con el tema del agua.<\/p>\n<p>&nbsp;<\/p>\n<p>Explic\u00f3 que faltaron recursos para invertir en el sistema lagunario, as\u00ed como mayor vigilancia para evitar el robo del vital l\u00edquido a trav\u00e9s de tomas clandestinas.<\/p>\n<p>&nbsp;<\/p>\n<p>A\u00f1adi\u00f3 que en Ciudad Madero, no se ve reflejada ninguna obra que haya sido generada con recursos federales, lo cual se puede cuestionar directamente a la ciudadan\u00eda, a los empresarios o al mismo alcalde.<\/p>\n<p>&nbsp;<\/p>\n<p>Finalmente dej\u00f3 en claro que lo m\u00e1s importante para obtener recursos es la gesti\u00f3n, algo que hace mucha falta en Madero.<\/p>\n","protected":false},"excerpt":{"rendered":"<p>Cd. Madero, Tamaulipas.- El cari\u00f1o que se le tiene a una ciudad se demuestra con presupuesto, ya que es lo&hellip;<\/p>\n","protected":false},"author":1,"featured_media":50868,"comment_status":"open","ping_status":"open","sticky":false,"template":"","format":"standard","meta":{"footnotes":""},"categories":[4],"tags":[],"class_list":["post-50867","post","type-post","status-publish","format-standard","has-post-thumbnail","hentry","category-madero"],"yoast_head":"<!-- This site is optimized with the Yoast SEO plugin v27.4 - https:\/\/yoast.com\/product\/yoast-seo-wordpress\/ -->\n<title>CON PRESUPUESTO SE DEMUESTRA EL CARI\u00d1O A LOS MUNICIPIOS. - EL INFORMATIVO DE TAMAULIPAS<\/title>\n<meta name=\"description\" content=\"Cd. Madero, Tamaulipas.- El cari\u00f1o que se le tiene a una ciudad se demuestra con presupuesto, ya que es lo que ayudar\u00e1 para su mejora. &nbsp; El candidato\" \/>\n<meta name=\"robots\" content=\"index, follow, max-snippet:-1, max-image-preview:large, max-video-preview:-1\" \/>\n<link rel=\"canonical\" href=\"https:\/\/elinformativotam.com\/index.php\/2024\/05\/23\/con-presupuesto-se-demuestra-el-carino-a-los-municipios\/\" \/>\n<meta property=\"og:locale\" content=\"es_MX\" \/>\n<meta property=\"og:type\" content=\"article\" \/>\n<meta property=\"og:title\" content=\"CON PRESUPUESTO SE DEMUESTRA EL CARI\u00d1O A LOS MUNICIPIOS. - EL INFORMATIVO DE TAMAULIPAS\" \/>\n<meta property=\"og:description\" content=\"Cd. Madero, Tamaulipas.- El cari\u00f1o que se le tiene a una ciudad se demuestra con presupuesto, ya que es lo que ayudar\u00e1 para su mejora. &nbsp; El candidato\" \/>\n<meta property=\"og:url\" content=\"https:\/\/elinformativotam.com\/index.php\/2024\/05\/23\/con-presupuesto-se-demuestra-el-carino-a-los-municipios\/\" \/>\n<meta property=\"og:site_name\" content=\"EL INFORMATIVO DE TAMAULIPAS\" \/>\n<meta property=\"article:published_time\" content=\"2024-05-24T02:55:06+00:00\" \/>\n<meta property=\"og:image\" content=\"https:\/\/elinformativotam.com\/wp-content\/uploads\/2024\/05\/Carlos-1.jpeg\" \/>\n\t<meta property=\"og:image:width\" content=\"1280\" \/>\n\t<meta property=\"og:image:height\" content=\"960\" \/>\n\t<meta property=\"og:image:type\" content=\"image\/jpeg\" \/>\n<meta name=\"author\" content=\"El Informativo Tam\" \/>\n<meta name=\"twitter:card\" content=\"summary_large_image\" \/>\n<meta name=\"twitter:label1\" content=\"Escrito por\" \/>\n\t<meta name=\"twitter:data1\" content=\"El Informativo Tam\" \/>\n\t<meta name=\"twitter:label2\" content=\"Tiempo de lectura\" \/>\n\t<meta name=\"twitter:data2\" content=\"2 minutos\" \/>\n<script type=\"application\/ld+json\" class=\"yoast-schema-graph\">{\"@context\":\"https:\\\/\\\/schema.org\",\"@graph\":[{\"@type\":\"Article\",\"@id\":\"https:\\\/\\\/elinformativotam.com\\\/index.php\\\/2024\\\/05\\\/23\\\/con-presupuesto-se-demuestra-el-carino-a-los-municipios\\\/#article\",\"isPartOf\":{\"@id\":\"https:\\\/\\\/elinformativotam.com\\\/index.php\\\/2024\\\/05\\\/23\\\/con-presupuesto-se-demuestra-el-carino-a-los-municipios\\\/\"},\"author\":{\"name\":\"El Informativo Tam\",\"@id\":\"https:\\\/\\\/elinformativotam.com\\\/#\\\/schema\\\/person\\\/78e08040eed0f6110f0c5f83b6153590\"},\"headline\":\"CON PRESUPUESTO SE DEMUESTRA EL CARI\u00d1O A LOS MUNICIPIOS.\",\"datePublished\":\"2024-05-24T02:55:06+00:00\",\"mainEntityOfPage\":{\"@id\":\"https:\\\/\\\/elinformativotam.com\\\/index.php\\\/2024\\\/05\\\/23\\\/con-presupuesto-se-demuestra-el-carino-a-los-municipios\\\/\"},\"wordCount\":207,\"commentCount\":0,\"publisher\":{\"@id\":\"https:\\\/\\\/elinformativotam.com\\\/#organization\"},\"image\":{\"@id\":\"https:\\\/\\\/elinformativotam.com\\\/index.php\\\/2024\\\/05\\\/23\\\/con-presupuesto-se-demuestra-el-carino-a-los-municipios\\\/#primaryimage\"},\"thumbnailUrl\":\"https:\\\/\\\/elinformativotam.com\\\/wp-content\\\/uploads\\\/2024\\\/05\\\/Carlos-1.jpeg\",\"articleSection\":[\"Cd Madero\"],\"inLanguage\":\"es\",\"potentialAction\":[{\"@type\":\"CommentAction\",\"name\":\"Comment\",\"target\":[\"https:\\\/\\\/elinformativotam.com\\\/index.php\\\/2024\\\/05\\\/23\\\/con-presupuesto-se-demuestra-el-carino-a-los-municipios\\\/#respond\"]}]},{\"@type\":\"WebPage\",\"@id\":\"https:\\\/\\\/elinformativotam.com\\\/index.php\\\/2024\\\/05\\\/23\\\/con-presupuesto-se-demuestra-el-carino-a-los-municipios\\\/\",\"url\":\"https:\\\/\\\/elinformativotam.com\\\/index.php\\\/2024\\\/05\\\/23\\\/con-presupuesto-se-demuestra-el-carino-a-los-municipios\\\/\",\"name\":\"CON PRESUPUESTO SE DEMUESTRA EL CARI\u00d1O A LOS MUNICIPIOS. - EL INFORMATIVO DE TAMAULIPAS\",\"isPartOf\":{\"@id\":\"https:\\\/\\\/elinformativotam.com\\\/#website\"},\"primaryImageOfPage\":{\"@id\":\"https:\\\/\\\/elinformativotam.com\\\/index.php\\\/2024\\\/05\\\/23\\\/con-presupuesto-se-demuestra-el-carino-a-los-municipios\\\/#primaryimage\"},\"image\":{\"@id\":\"https:\\\/\\\/elinformativotam.com\\\/index.php\\\/2024\\\/05\\\/23\\\/con-presupuesto-se-demuestra-el-carino-a-los-municipios\\\/#primaryimage\"},\"thumbnailUrl\":\"https:\\\/\\\/elinformativotam.com\\\/wp-content\\\/uploads\\\/2024\\\/05\\\/Carlos-1.jpeg\",\"datePublished\":\"2024-05-24T02:55:06+00:00\",\"description\":\"Cd. Madero, Tamaulipas.- El cari\u00f1o que se le tiene a una ciudad se demuestra con presupuesto, ya que es lo que ayudar\u00e1 para su mejora. &nbsp; El candidato\",\"inLanguage\":\"es\",\"potentialAction\":[{\"@type\":\"ReadAction\",\"target\":[\"https:\\\/\\\/elinformativotam.com\\\/index.php\\\/2024\\\/05\\\/23\\\/con-presupuesto-se-demuestra-el-carino-a-los-municipios\\\/\"]}]},{\"@type\":\"ImageObject\",\"inLanguage\":\"es\",\"@id\":\"https:\\\/\\\/elinformativotam.com\\\/index.php\\\/2024\\\/05\\\/23\\\/con-presupuesto-se-demuestra-el-carino-a-los-municipios\\\/#primaryimage\",\"url\":\"https:\\\/\\\/elinformativotam.com\\\/wp-content\\\/uploads\\\/2024\\\/05\\\/Carlos-1.jpeg\",\"contentUrl\":\"https:\\\/\\\/elinformativotam.com\\\/wp-content\\\/uploads\\\/2024\\\/05\\\/Carlos-1.jpeg\",\"width\":1280,\"height\":960},{\"@type\":\"WebSite\",\"@id\":\"https:\\\/\\\/elinformativotam.com\\\/#website\",\"url\":\"https:\\\/\\\/elinformativotam.com\\\/\",\"name\":\"EL INFORMATIVO DE TAMAULIPAS\",\"description\":\"Desde la Zona Metropolitana Para Todo M\u00e9xico\",\"publisher\":{\"@id\":\"https:\\\/\\\/elinformativotam.com\\\/#organization\"},\"potentialAction\":[{\"@type\":\"SearchAction\",\"target\":{\"@type\":\"EntryPoint\",\"urlTemplate\":\"https:\\\/\\\/elinformativotam.com\\\/?s={search_term_string}\"},\"query-input\":{\"@type\":\"PropertyValueSpecification\",\"valueRequired\":true,\"valueName\":\"search_term_string\"}}],\"inLanguage\":\"es\"},{\"@type\":\"Organization\",\"@id\":\"https:\\\/\\\/elinformativotam.com\\\/#organization\",\"name\":\"EL INFORMATIVO DE TAMAULIPAS\",\"url\":\"https:\\\/\\\/elinformativotam.com\\\/\",\"logo\":{\"@type\":\"ImageObject\",\"inLanguage\":\"es\",\"@id\":\"https:\\\/\\\/elinformativotam.com\\\/#\\\/schema\\\/logo\\\/image\\\/\",\"url\":\"https:\\\/\\\/elinformativotam.com\\\/wp-content\\\/uploads\\\/2026\\\/02\\\/Cabezal.png\",\"contentUrl\":\"https:\\\/\\\/elinformativotam.com\\\/wp-content\\\/uploads\\\/2026\\\/02\\\/Cabezal.png\",\"width\":960,\"height\":640,\"caption\":\"EL INFORMATIVO DE TAMAULIPAS\"},\"image\":{\"@id\":\"https:\\\/\\\/elinformativotam.com\\\/#\\\/schema\\\/logo\\\/image\\\/\"}},{\"@type\":\"Person\",\"@id\":\"https:\\\/\\\/elinformativotam.com\\\/#\\\/schema\\\/person\\\/78e08040eed0f6110f0c5f83b6153590\",\"name\":\"El Informativo Tam\",\"image\":{\"@type\":\"ImageObject\",\"inLanguage\":\"es\",\"@id\":\"https:\\\/\\\/secure.gravatar.com\\\/avatar\\\/f3b7ad3af540688955925ac610647be00b0cf41feea9c4978b73a707ee86bc53?s=96&d=mm&r=g\",\"url\":\"https:\\\/\\\/secure.gravatar.com\\\/avatar\\\/f3b7ad3af540688955925ac610647be00b0cf41feea9c4978b73a707ee86bc53?s=96&d=mm&r=g\",\"contentUrl\":\"https:\\\/\\\/secure.gravatar.com\\\/avatar\\\/f3b7ad3af540688955925ac610647be00b0cf41feea9c4978b73a707ee86bc53?s=96&d=mm&r=g\",\"caption\":\"El Informativo Tam\"}}]}<\/script>\n<!-- \/ Yoast SEO plugin. -->","yoast_head_json":{"title":"CON PRESUPUESTO SE DEMUESTRA EL CARI\u00d1O A LOS MUNICIPIOS. - EL INFORMATIVO DE TAMAULIPAS","description":"Cd. Madero, Tamaulipas.- El cari\u00f1o que se le tiene a una ciudad se demuestra con presupuesto, ya que es lo que ayudar\u00e1 para su mejora. &nbsp; El candidato","robots":{"index":"index","follow":"follow","max-snippet":"max-snippet:-1","max-image-preview":"max-image-preview:large","max-video-preview":"max-video-preview:-1"},"canonical":"https:\/\/elinformativotam.com\/index.php\/2024\/05\/23\/con-presupuesto-se-demuestra-el-carino-a-los-municipios\/","og_locale":"es_MX","og_type":"article","og_title":"CON PRESUPUESTO SE DEMUESTRA EL CARI\u00d1O A LOS MUNICIPIOS. - EL INFORMATIVO DE TAMAULIPAS","og_description":"Cd. Madero, Tamaulipas.- El cari\u00f1o que se le tiene a una ciudad se demuestra con presupuesto, ya que es lo que ayudar\u00e1 para su mejora. &nbsp; El candidato","og_url":"https:\/\/elinformativotam.com\/index.php\/2024\/05\/23\/con-presupuesto-se-demuestra-el-carino-a-los-municipios\/","og_site_name":"EL INFORMATIVO DE TAMAULIPAS","article_published_time":"2024-05-24T02:55:06+00:00","og_image":[{"width":1280,"height":960,"url":"https:\/\/elinformativotam.com\/wp-content\/uploads\/2024\/05\/Carlos-1.jpeg","type":"image\/jpeg"}],"author":"El Informativo Tam","twitter_card":"summary_large_image","twitter_misc":{"Escrito por":"El Informativo Tam","Tiempo de lectura":"2 minutos"},"schema":{"@context":"https:\/\/schema.org","@graph":[{"@type":"Article","@id":"https:\/\/elinformativotam.com\/index.php\/2024\/05\/23\/con-presupuesto-se-demuestra-el-carino-a-los-municipios\/#article","isPartOf":{"@id":"https:\/\/elinformativotam.com\/index.php\/2024\/05\/23\/con-presupuesto-se-demuestra-el-carino-a-los-municipios\/"},"author":{"name":"El Informativo Tam","@id":"https:\/\/elinformativotam.com\/#\/schema\/person\/78e08040eed0f6110f0c5f83b6153590"},"headline":"CON PRESUPUESTO SE DEMUESTRA EL CARI\u00d1O A LOS MUNICIPIOS.","datePublished":"2024-05-24T02:55:06+00:00","mainEntityOfPage":{"@id":"https:\/\/elinformativotam.com\/index.php\/2024\/05\/23\/con-presupuesto-se-demuestra-el-carino-a-los-municipios\/"},"wordCount":207,"commentCount":0,"publisher":{"@id":"https:\/\/elinformativotam.com\/#organization"},"image":{"@id":"https:\/\/elinformativotam.com\/index.php\/2024\/05\/23\/con-presupuesto-se-demuestra-el-carino-a-los-municipios\/#primaryimage"},"thumbnailUrl":"https:\/\/elinformativotam.com\/wp-content\/uploads\/2024\/05\/Carlos-1.jpeg","articleSection":["Cd Madero"],"inLanguage":"es","potentialAction":[{"@type":"CommentAction","name":"Comment","target":["https:\/\/elinformativotam.com\/index.php\/2024\/05\/23\/con-presupuesto-se-demuestra-el-carino-a-los-municipios\/#respond"]}]},{"@type":"WebPage","@id":"https:\/\/elinformativotam.com\/index.php\/2024\/05\/23\/con-presupuesto-se-demuestra-el-carino-a-los-municipios\/","url":"https:\/\/elinformativotam.com\/index.php\/2024\/05\/23\/con-presupuesto-se-demuestra-el-carino-a-los-municipios\/","name":"CON PRESUPUESTO SE DEMUESTRA EL CARI\u00d1O A LOS MUNICIPIOS. - EL INFORMATIVO DE TAMAULIPAS","isPartOf":{"@id":"https:\/\/elinformativotam.com\/#website"},"primaryImageOfPage":{"@id":"https:\/\/elinformativotam.com\/index.php\/2024\/05\/23\/con-presupuesto-se-demuestra-el-carino-a-los-municipios\/#primaryimage"},"image":{"@id":"https:\/\/elinformativotam.com\/index.php\/2024\/05\/23\/con-presupuesto-se-demuestra-el-carino-a-los-municipios\/#primaryimage"},"thumbnailUrl":"https:\/\/elinformativotam.com\/wp-content\/uploads\/2024\/05\/Carlos-1.jpeg","datePublished":"2024-05-24T02:55:06+00:00","description":"Cd. Madero, Tamaulipas.- El cari\u00f1o que se le tiene a una ciudad se demuestra con presupuesto, ya que es lo que ayudar\u00e1 para su mejora. &nbsp; El candidato","inLanguage":"es","potentialAction":[{"@type":"ReadAction","target":["https:\/\/elinformativotam.com\/index.php\/2024\/05\/23\/con-presupuesto-se-demuestra-el-carino-a-los-municipios\/"]}]},{"@type":"ImageObject","inLanguage":"es","@id":"https:\/\/elinformativotam.com\/index.php\/2024\/05\/23\/con-presupuesto-se-demuestra-el-carino-a-los-municipios\/#primaryimage","url":"https:\/\/elinformativotam.com\/wp-content\/uploads\/2024\/05\/Carlos-1.jpeg","contentUrl":"https:\/\/elinformativotam.com\/wp-content\/uploads\/2024\/05\/Carlos-1.jpeg","width":1280,"height":960},{"@type":"WebSite","@id":"https:\/\/elinformativotam.com\/#website","url":"https:\/\/elinformativotam.com\/","name":"EL INFORMATIVO DE TAMAULIPAS","description":"Desde la Zona Metropolitana Para Todo M\u00e9xico","publisher":{"@id":"https:\/\/elinformativotam.com\/#organization"},"potentialAction":[{"@type":"SearchAction","target":{"@type":"EntryPoint","urlTemplate":"https:\/\/elinformativotam.com\/?s={search_term_string}"},"query-input":{"@type":"PropertyValueSpecification","valueRequired":true,"valueName":"search_term_string"}}],"inLanguage":"es"},{"@type":"Organization","@id":"https:\/\/elinformativotam.com\/#organization","name":"EL INFORMATIVO DE TAMAULIPAS","url":"https:\/\/elinformativotam.com\/","logo":{"@type":"ImageObject","inLanguage":"es","@id":"https:\/\/elinformativotam.com\/#\/schema\/logo\/image\/","url":"https:\/\/elinformativotam.com\/wp-content\/uploads\/2026\/02\/Cabezal.png","contentUrl":"https:\/\/elinformativotam.com\/wp-content\/uploads\/2026\/02\/Cabezal.png","width":960,"height":640,"caption":"EL INFORMATIVO DE TAMAULIPAS"},"image":{"@id":"https:\/\/elinformativotam.com\/#\/schema\/logo\/image\/"}},{"@type":"Person","@id":"https:\/\/elinformativotam.com\/#\/schema\/person\/78e08040eed0f6110f0c5f83b6153590","name":"El Informativo Tam","image":{"@type":"ImageObject","inLanguage":"es","@id":"https:\/\/secure.gravatar.com\/avatar\/f3b7ad3af540688955925ac610647be00b0cf41feea9c4978b73a707ee86bc53?s=96&d=mm&r=g","url":"https:\/\/secure.gravatar.com\/avatar\/f3b7ad3af540688955925ac610647be00b0cf41feea9c4978b73a707ee86bc53?s=96&d=mm&r=g","contentUrl":"https:\/\/secure.gravatar.com\/avatar\/f3b7ad3af540688955925ac610647be00b0cf41feea9c4978b73a707ee86bc53?s=96&d=mm&r=g","caption":"El Informativo Tam"}}]}},"_links":{"self":[{"href":"https:\/\/elinformativotam.com\/index.php\/wp-json\/wp\/v2\/posts\/50867","targetHints":{"allow":["GET"]}}],"collection":[{"href":"https:\/\/elinformativotam.com\/index.php\/wp-json\/wp\/v2\/posts"}],"about":[{"href":"https:\/\/elinformativotam.com\/index.php\/wp-json\/wp\/v2\/types\/post"}],"author":[{"embeddable":true,"href":"https:\/\/elinformativotam.com\/index.php\/wp-json\/wp\/v2\/users\/1"}],"replies":[{"embeddable":true,"href":"https:\/\/elinformativotam.com\/index.php\/wp-json\/wp\/v2\/comments?post=50867"}],"version-history":[{"count":1,"href":"https:\/\/elinformativotam.com\/index.php\/wp-json\/wp\/v2\/posts\/50867\/revisions"}],"predecessor-version":[{"id":50869,"href":"https:\/\/elinformativotam.com\/index.php\/wp-json\/wp\/v2\/posts\/50867\/revisions\/50869"}],"wp:featuredmedia":[{"embeddable":true,"href":"https:\/\/elinformativotam.com\/index.php\/wp-json\/wp\/v2\/media\/50868"}],"wp:attachment":[{"href":"https:\/\/elinformativotam.com\/index.php\/wp-json\/wp\/v2\/media?parent=50867"}],"wp:term":[{"taxonomy":"category","embeddable":true,"href":"https:\/\/elinformativotam.com\/index.php\/wp-json\/wp\/v2\/categories?post=50867"},{"taxonomy":"post_tag","embeddable":true,"href":"https:\/\/elinformativotam.com\/index.php\/wp-json\/wp\/v2\/tags?post=50867"}],"curies":[{"name":"wp","href":"https:\/\/api.w.org\/{rel}","templated":true}]}}