{"id":50863,"date":"2024-05-23T13:14:27","date_gmt":"2024-05-23T19:14:27","guid":{"rendered":"https:\/\/elinformativotam.com\/?p=50863"},"modified":"2024-05-23T13:14:27","modified_gmt":"2024-05-23T19:14:27","slug":"trabajadores-petroleros-evitan-ingreso-de-marinos-a-instalaciones-del-cerenav","status":"publish","type":"post","link":"https:\/\/elinformativotam.com\/index.php\/2024\/05\/23\/trabajadores-petroleros-evitan-ingreso-de-marinos-a-instalaciones-del-cerenav\/","title":{"rendered":"TRABAJADORES PETROLEROS EVITAN INGRESO DE MARINOS A INSTALACIONES DEL CERENAV."},"content":{"rendered":"<p>Desde temprana hora de este jueves, trabajadores petroleros del Centro de Reparaciones Navales, CERENAV, de Petr\u00f3leos Mexicanos, en Ciudad Madero, evitaron que personal de la Secretar\u00eda de Marina, SEMAR, ingresara al centro de trabajo.<\/p>\n<p>&nbsp;<\/p>\n<p>El grupo encabezado y respaldado por el Secretario Genaral de la Secci\u00f3n Uno, del Sindicato Petrolero, Esdras Romero Vega, as\u00ed como delegados y funcionarios de Gremio, bloquearon los accesos impidiendo que marinos ingresaran a las instalaciones del CERENAV.<\/p>\n<p><img loading=\"lazy\" decoding=\"async\" class=\"alignnone size-medium wp-image-50865\" src=\"https:\/\/elinformativotam.com\/wp-content\/uploads\/2024\/05\/pmx1-649x365.jpg\" alt=\"\" width=\"649\" height=\"365\" srcset=\"https:\/\/elinformativotam.com\/wp-content\/uploads\/2024\/05\/pmx1-649x365.jpg 649w, https:\/\/elinformativotam.com\/wp-content\/uploads\/2024\/05\/pmx1-840x472.jpg 840w, https:\/\/elinformativotam.com\/wp-content\/uploads\/2024\/05\/pmx1-500x280.jpg 500w, https:\/\/elinformativotam.com\/wp-content\/uploads\/2024\/05\/pmx1-768x432.jpg 768w, https:\/\/elinformativotam.com\/wp-content\/uploads\/2024\/05\/pmx1-1536x864.jpg 1536w, https:\/\/elinformativotam.com\/wp-content\/uploads\/2024\/05\/pmx1-1140x641.jpg 1140w, https:\/\/elinformativotam.com\/wp-content\/uploads\/2024\/05\/pmx1-720x405.jpg 720w, https:\/\/elinformativotam.com\/wp-content\/uploads\/2024\/05\/pmx1.jpg 1599w\" sizes=\"auto, (max-width: 649px) 100vw, 649px\" \/><\/p>\n<p>Dicha acci\u00f3n fue tomada al no contar con un documento que informe y oficilice a la base trabajadora sobre el traspaso de las instalaciones a la SEMAR.<\/p>\n<p>&nbsp;<\/p>\n<p>El reclamo a los derechos laborales ha sido afianzado por el dirigente nacional del STPRM, Ricardo Aldana Prieto, quien adem\u00e1s, se encuentra en di\u00e1logo con las instancias involucradas a fin de llegar a acuerdos qu\u00e9 beneficien a la base trabajadora.<\/p>\n<p>&nbsp;<\/p>\n<p>En tanto los trabajadores permanecer\u00e1n en resguardo del centro de trabajo.<\/p>\n","protected":false},"excerpt":{"rendered":"<p>Desde temprana hora de este jueves, trabajadores petroleros del Centro de Reparaciones Navales, CERENAV, de Petr\u00f3leos Mexicanos, en Ciudad Madero,&hellip;<\/p>\n","protected":false},"author":1,"featured_media":50864,"comment_status":"open","ping_status":"open","sticky":false,"template":"","format":"standard","meta":{"footnotes":""},"categories":[4],"tags":[],"class_list":["post-50863","post","type-post","status-publish","format-standard","has-post-thumbnail","hentry","category-madero"],"yoast_head":"<!-- This site is optimized with the Yoast SEO plugin v27.4 - https:\/\/yoast.com\/product\/yoast-seo-wordpress\/ -->\n<title>TRABAJADORES PETROLEROS EVITAN INGRESO DE MARINOS A INSTALACIONES DEL CERENAV. - EL INFORMATIVO DE TAMAULIPAS<\/title>\n<meta name=\"description\" content=\"Desde temprana hora de este jueves, trabajadores petroleros del Centro de Reparaciones Navales, CERENAV, de Petr\u00f3leos Mexicanos, en Ciudad Madero,\" \/>\n<meta name=\"robots\" content=\"index, follow, max-snippet:-1, max-image-preview:large, max-video-preview:-1\" \/>\n<link rel=\"canonical\" href=\"https:\/\/elinformativotam.com\/index.php\/2024\/05\/23\/trabajadores-petroleros-evitan-ingreso-de-marinos-a-instalaciones-del-cerenav\/\" \/>\n<meta property=\"og:locale\" content=\"es_MX\" \/>\n<meta property=\"og:type\" content=\"article\" \/>\n<meta property=\"og:title\" content=\"TRABAJADORES PETROLEROS EVITAN INGRESO DE MARINOS A INSTALACIONES DEL CERENAV. - EL INFORMATIVO DE TAMAULIPAS\" \/>\n<meta property=\"og:description\" content=\"Desde temprana hora de este jueves, trabajadores petroleros del Centro de Reparaciones Navales, CERENAV, de Petr\u00f3leos Mexicanos, en Ciudad Madero,\" \/>\n<meta property=\"og:url\" content=\"https:\/\/elinformativotam.com\/index.php\/2024\/05\/23\/trabajadores-petroleros-evitan-ingreso-de-marinos-a-instalaciones-del-cerenav\/\" \/>\n<meta property=\"og:site_name\" content=\"EL INFORMATIVO DE TAMAULIPAS\" \/>\n<meta property=\"article:published_time\" content=\"2024-05-23T19:14:27+00:00\" \/>\n<meta property=\"og:image\" content=\"https:\/\/elinformativotam.com\/wp-content\/uploads\/2024\/05\/pmx2.jpg\" \/>\n\t<meta property=\"og:image:width\" content=\"1599\" \/>\n\t<meta property=\"og:image:height\" content=\"899\" \/>\n\t<meta property=\"og:image:type\" content=\"image\/jpeg\" \/>\n<meta name=\"author\" content=\"El Informativo Tam\" \/>\n<meta name=\"twitter:card\" content=\"summary_large_image\" \/>\n<meta name=\"twitter:label1\" content=\"Escrito por\" \/>\n\t<meta name=\"twitter:data1\" content=\"El Informativo Tam\" \/>\n\t<meta name=\"twitter:label2\" content=\"Tiempo de lectura\" \/>\n\t<meta name=\"twitter:data2\" content=\"2 minutos\" \/>\n<script type=\"application\/ld+json\" class=\"yoast-schema-graph\">{\"@context\":\"https:\\\/\\\/schema.org\",\"@graph\":[{\"@type\":\"Article\",\"@id\":\"https:\\\/\\\/elinformativotam.com\\\/index.php\\\/2024\\\/05\\\/23\\\/trabajadores-petroleros-evitan-ingreso-de-marinos-a-instalaciones-del-cerenav\\\/#article\",\"isPartOf\":{\"@id\":\"https:\\\/\\\/elinformativotam.com\\\/index.php\\\/2024\\\/05\\\/23\\\/trabajadores-petroleros-evitan-ingreso-de-marinos-a-instalaciones-del-cerenav\\\/\"},\"author\":{\"name\":\"El Informativo Tam\",\"@id\":\"https:\\\/\\\/elinformativotam.com\\\/#\\\/schema\\\/person\\\/78e08040eed0f6110f0c5f83b6153590\"},\"headline\":\"TRABAJADORES PETROLEROS EVITAN INGRESO DE MARINOS A INSTALACIONES DEL CERENAV.\",\"datePublished\":\"2024-05-23T19:14:27+00:00\",\"mainEntityOfPage\":{\"@id\":\"https:\\\/\\\/elinformativotam.com\\\/index.php\\\/2024\\\/05\\\/23\\\/trabajadores-petroleros-evitan-ingreso-de-marinos-a-instalaciones-del-cerenav\\\/\"},\"wordCount\":170,\"commentCount\":0,\"publisher\":{\"@id\":\"https:\\\/\\\/elinformativotam.com\\\/#organization\"},\"image\":{\"@id\":\"https:\\\/\\\/elinformativotam.com\\\/index.php\\\/2024\\\/05\\\/23\\\/trabajadores-petroleros-evitan-ingreso-de-marinos-a-instalaciones-del-cerenav\\\/#primaryimage\"},\"thumbnailUrl\":\"https:\\\/\\\/elinformativotam.com\\\/wp-content\\\/uploads\\\/2024\\\/05\\\/pmx2.jpg\",\"articleSection\":[\"Cd Madero\"],\"inLanguage\":\"es\",\"potentialAction\":[{\"@type\":\"CommentAction\",\"name\":\"Comment\",\"target\":[\"https:\\\/\\\/elinformativotam.com\\\/index.php\\\/2024\\\/05\\\/23\\\/trabajadores-petroleros-evitan-ingreso-de-marinos-a-instalaciones-del-cerenav\\\/#respond\"]}]},{\"@type\":\"WebPage\",\"@id\":\"https:\\\/\\\/elinformativotam.com\\\/index.php\\\/2024\\\/05\\\/23\\\/trabajadores-petroleros-evitan-ingreso-de-marinos-a-instalaciones-del-cerenav\\\/\",\"url\":\"https:\\\/\\\/elinformativotam.com\\\/index.php\\\/2024\\\/05\\\/23\\\/trabajadores-petroleros-evitan-ingreso-de-marinos-a-instalaciones-del-cerenav\\\/\",\"name\":\"TRABAJADORES PETROLEROS EVITAN INGRESO DE MARINOS A INSTALACIONES DEL CERENAV. - EL INFORMATIVO DE TAMAULIPAS\",\"isPartOf\":{\"@id\":\"https:\\\/\\\/elinformativotam.com\\\/#website\"},\"primaryImageOfPage\":{\"@id\":\"https:\\\/\\\/elinformativotam.com\\\/index.php\\\/2024\\\/05\\\/23\\\/trabajadores-petroleros-evitan-ingreso-de-marinos-a-instalaciones-del-cerenav\\\/#primaryimage\"},\"image\":{\"@id\":\"https:\\\/\\\/elinformativotam.com\\\/index.php\\\/2024\\\/05\\\/23\\\/trabajadores-petroleros-evitan-ingreso-de-marinos-a-instalaciones-del-cerenav\\\/#primaryimage\"},\"thumbnailUrl\":\"https:\\\/\\\/elinformativotam.com\\\/wp-content\\\/uploads\\\/2024\\\/05\\\/pmx2.jpg\",\"datePublished\":\"2024-05-23T19:14:27+00:00\",\"description\":\"Desde temprana hora de este jueves, trabajadores petroleros del Centro de Reparaciones Navales, CERENAV, de Petr\u00f3leos Mexicanos, en Ciudad Madero,\",\"inLanguage\":\"es\",\"potentialAction\":[{\"@type\":\"ReadAction\",\"target\":[\"https:\\\/\\\/elinformativotam.com\\\/index.php\\\/2024\\\/05\\\/23\\\/trabajadores-petroleros-evitan-ingreso-de-marinos-a-instalaciones-del-cerenav\\\/\"]}]},{\"@type\":\"ImageObject\",\"inLanguage\":\"es\",\"@id\":\"https:\\\/\\\/elinformativotam.com\\\/index.php\\\/2024\\\/05\\\/23\\\/trabajadores-petroleros-evitan-ingreso-de-marinos-a-instalaciones-del-cerenav\\\/#primaryimage\",\"url\":\"https:\\\/\\\/elinformativotam.com\\\/wp-content\\\/uploads\\\/2024\\\/05\\\/pmx2.jpg\",\"contentUrl\":\"https:\\\/\\\/elinformativotam.com\\\/wp-content\\\/uploads\\\/2024\\\/05\\\/pmx2.jpg\",\"width\":1599,\"height\":899},{\"@type\":\"WebSite\",\"@id\":\"https:\\\/\\\/elinformativotam.com\\\/#website\",\"url\":\"https:\\\/\\\/elinformativotam.com\\\/\",\"name\":\"EL INFORMATIVO DE TAMAULIPAS\",\"description\":\"Desde la Zona Metropolitana Para Todo M\u00e9xico\",\"publisher\":{\"@id\":\"https:\\\/\\\/elinformativotam.com\\\/#organization\"},\"potentialAction\":[{\"@type\":\"SearchAction\",\"target\":{\"@type\":\"EntryPoint\",\"urlTemplate\":\"https:\\\/\\\/elinformativotam.com\\\/?s={search_term_string}\"},\"query-input\":{\"@type\":\"PropertyValueSpecification\",\"valueRequired\":true,\"valueName\":\"search_term_string\"}}],\"inLanguage\":\"es\"},{\"@type\":\"Organization\",\"@id\":\"https:\\\/\\\/elinformativotam.com\\\/#organization\",\"name\":\"EL INFORMATIVO DE TAMAULIPAS\",\"url\":\"https:\\\/\\\/elinformativotam.com\\\/\",\"logo\":{\"@type\":\"ImageObject\",\"inLanguage\":\"es\",\"@id\":\"https:\\\/\\\/elinformativotam.com\\\/#\\\/schema\\\/logo\\\/image\\\/\",\"url\":\"https:\\\/\\\/elinformativotam.com\\\/wp-content\\\/uploads\\\/2026\\\/02\\\/Cabezal.png\",\"contentUrl\":\"https:\\\/\\\/elinformativotam.com\\\/wp-content\\\/uploads\\\/2026\\\/02\\\/Cabezal.png\",\"width\":960,\"height\":640,\"caption\":\"EL INFORMATIVO DE TAMAULIPAS\"},\"image\":{\"@id\":\"https:\\\/\\\/elinformativotam.com\\\/#\\\/schema\\\/logo\\\/image\\\/\"}},{\"@type\":\"Person\",\"@id\":\"https:\\\/\\\/elinformativotam.com\\\/#\\\/schema\\\/person\\\/78e08040eed0f6110f0c5f83b6153590\",\"name\":\"El Informativo Tam\",\"image\":{\"@type\":\"ImageObject\",\"inLanguage\":\"es\",\"@id\":\"https:\\\/\\\/secure.gravatar.com\\\/avatar\\\/f3b7ad3af540688955925ac610647be00b0cf41feea9c4978b73a707ee86bc53?s=96&d=mm&r=g\",\"url\":\"https:\\\/\\\/secure.gravatar.com\\\/avatar\\\/f3b7ad3af540688955925ac610647be00b0cf41feea9c4978b73a707ee86bc53?s=96&d=mm&r=g\",\"contentUrl\":\"https:\\\/\\\/secure.gravatar.com\\\/avatar\\\/f3b7ad3af540688955925ac610647be00b0cf41feea9c4978b73a707ee86bc53?s=96&d=mm&r=g\",\"caption\":\"El Informativo Tam\"}}]}<\/script>\n<!-- \/ Yoast SEO plugin. -->","yoast_head_json":{"title":"TRABAJADORES PETROLEROS EVITAN INGRESO DE MARINOS A INSTALACIONES DEL CERENAV. - EL INFORMATIVO DE TAMAULIPAS","description":"Desde temprana hora de este jueves, trabajadores petroleros del Centro de Reparaciones Navales, CERENAV, de Petr\u00f3leos Mexicanos, en Ciudad Madero,","robots":{"index":"index","follow":"follow","max-snippet":"max-snippet:-1","max-image-preview":"max-image-preview:large","max-video-preview":"max-video-preview:-1"},"canonical":"https:\/\/elinformativotam.com\/index.php\/2024\/05\/23\/trabajadores-petroleros-evitan-ingreso-de-marinos-a-instalaciones-del-cerenav\/","og_locale":"es_MX","og_type":"article","og_title":"TRABAJADORES PETROLEROS EVITAN INGRESO DE MARINOS A INSTALACIONES DEL CERENAV. - EL INFORMATIVO DE TAMAULIPAS","og_description":"Desde temprana hora de este jueves, trabajadores petroleros del Centro de Reparaciones Navales, CERENAV, de Petr\u00f3leos Mexicanos, en Ciudad Madero,","og_url":"https:\/\/elinformativotam.com\/index.php\/2024\/05\/23\/trabajadores-petroleros-evitan-ingreso-de-marinos-a-instalaciones-del-cerenav\/","og_site_name":"EL INFORMATIVO DE TAMAULIPAS","article_published_time":"2024-05-23T19:14:27+00:00","og_image":[{"width":1599,"height":899,"url":"https:\/\/elinformativotam.com\/wp-content\/uploads\/2024\/05\/pmx2.jpg","type":"image\/jpeg"}],"author":"El Informativo Tam","twitter_card":"summary_large_image","twitter_misc":{"Escrito por":"El Informativo Tam","Tiempo de lectura":"2 minutos"},"schema":{"@context":"https:\/\/schema.org","@graph":[{"@type":"Article","@id":"https:\/\/elinformativotam.com\/index.php\/2024\/05\/23\/trabajadores-petroleros-evitan-ingreso-de-marinos-a-instalaciones-del-cerenav\/#article","isPartOf":{"@id":"https:\/\/elinformativotam.com\/index.php\/2024\/05\/23\/trabajadores-petroleros-evitan-ingreso-de-marinos-a-instalaciones-del-cerenav\/"},"author":{"name":"El Informativo Tam","@id":"https:\/\/elinformativotam.com\/#\/schema\/person\/78e08040eed0f6110f0c5f83b6153590"},"headline":"TRABAJADORES PETROLEROS EVITAN INGRESO DE MARINOS A INSTALACIONES DEL CERENAV.","datePublished":"2024-05-23T19:14:27+00:00","mainEntityOfPage":{"@id":"https:\/\/elinformativotam.com\/index.php\/2024\/05\/23\/trabajadores-petroleros-evitan-ingreso-de-marinos-a-instalaciones-del-cerenav\/"},"wordCount":170,"commentCount":0,"publisher":{"@id":"https:\/\/elinformativotam.com\/#organization"},"image":{"@id":"https:\/\/elinformativotam.com\/index.php\/2024\/05\/23\/trabajadores-petroleros-evitan-ingreso-de-marinos-a-instalaciones-del-cerenav\/#primaryimage"},"thumbnailUrl":"https:\/\/elinformativotam.com\/wp-content\/uploads\/2024\/05\/pmx2.jpg","articleSection":["Cd Madero"],"inLanguage":"es","potentialAction":[{"@type":"CommentAction","name":"Comment","target":["https:\/\/elinformativotam.com\/index.php\/2024\/05\/23\/trabajadores-petroleros-evitan-ingreso-de-marinos-a-instalaciones-del-cerenav\/#respond"]}]},{"@type":"WebPage","@id":"https:\/\/elinformativotam.com\/index.php\/2024\/05\/23\/trabajadores-petroleros-evitan-ingreso-de-marinos-a-instalaciones-del-cerenav\/","url":"https:\/\/elinformativotam.com\/index.php\/2024\/05\/23\/trabajadores-petroleros-evitan-ingreso-de-marinos-a-instalaciones-del-cerenav\/","name":"TRABAJADORES PETROLEROS EVITAN INGRESO DE MARINOS A INSTALACIONES DEL CERENAV. - EL INFORMATIVO DE TAMAULIPAS","isPartOf":{"@id":"https:\/\/elinformativotam.com\/#website"},"primaryImageOfPage":{"@id":"https:\/\/elinformativotam.com\/index.php\/2024\/05\/23\/trabajadores-petroleros-evitan-ingreso-de-marinos-a-instalaciones-del-cerenav\/#primaryimage"},"image":{"@id":"https:\/\/elinformativotam.com\/index.php\/2024\/05\/23\/trabajadores-petroleros-evitan-ingreso-de-marinos-a-instalaciones-del-cerenav\/#primaryimage"},"thumbnailUrl":"https:\/\/elinformativotam.com\/wp-content\/uploads\/2024\/05\/pmx2.jpg","datePublished":"2024-05-23T19:14:27+00:00","description":"Desde temprana hora de este jueves, trabajadores petroleros del Centro de Reparaciones Navales, CERENAV, de Petr\u00f3leos Mexicanos, en Ciudad Madero,","inLanguage":"es","potentialAction":[{"@type":"ReadAction","target":["https:\/\/elinformativotam.com\/index.php\/2024\/05\/23\/trabajadores-petroleros-evitan-ingreso-de-marinos-a-instalaciones-del-cerenav\/"]}]},{"@type":"ImageObject","inLanguage":"es","@id":"https:\/\/elinformativotam.com\/index.php\/2024\/05\/23\/trabajadores-petroleros-evitan-ingreso-de-marinos-a-instalaciones-del-cerenav\/#primaryimage","url":"https:\/\/elinformativotam.com\/wp-content\/uploads\/2024\/05\/pmx2.jpg","contentUrl":"https:\/\/elinformativotam.com\/wp-content\/uploads\/2024\/05\/pmx2.jpg","width":1599,"height":899},{"@type":"WebSite","@id":"https:\/\/elinformativotam.com\/#website","url":"https:\/\/elinformativotam.com\/","name":"EL INFORMATIVO DE TAMAULIPAS","description":"Desde la Zona Metropolitana Para Todo M\u00e9xico","publisher":{"@id":"https:\/\/elinformativotam.com\/#organization"},"potentialAction":[{"@type":"SearchAction","target":{"@type":"EntryPoint","urlTemplate":"https:\/\/elinformativotam.com\/?s={search_term_string}"},"query-input":{"@type":"PropertyValueSpecification","valueRequired":true,"valueName":"search_term_string"}}],"inLanguage":"es"},{"@type":"Organization","@id":"https:\/\/elinformativotam.com\/#organization","name":"EL INFORMATIVO DE TAMAULIPAS","url":"https:\/\/elinformativotam.com\/","logo":{"@type":"ImageObject","inLanguage":"es","@id":"https:\/\/elinformativotam.com\/#\/schema\/logo\/image\/","url":"https:\/\/elinformativotam.com\/wp-content\/uploads\/2026\/02\/Cabezal.png","contentUrl":"https:\/\/elinformativotam.com\/wp-content\/uploads\/2026\/02\/Cabezal.png","width":960,"height":640,"caption":"EL INFORMATIVO DE TAMAULIPAS"},"image":{"@id":"https:\/\/elinformativotam.com\/#\/schema\/logo\/image\/"}},{"@type":"Person","@id":"https:\/\/elinformativotam.com\/#\/schema\/person\/78e08040eed0f6110f0c5f83b6153590","name":"El Informativo Tam","image":{"@type":"ImageObject","inLanguage":"es","@id":"https:\/\/secure.gravatar.com\/avatar\/f3b7ad3af540688955925ac610647be00b0cf41feea9c4978b73a707ee86bc53?s=96&d=mm&r=g","url":"https:\/\/secure.gravatar.com\/avatar\/f3b7ad3af540688955925ac610647be00b0cf41feea9c4978b73a707ee86bc53?s=96&d=mm&r=g","contentUrl":"https:\/\/secure.gravatar.com\/avatar\/f3b7ad3af540688955925ac610647be00b0cf41feea9c4978b73a707ee86bc53?s=96&d=mm&r=g","caption":"El Informativo Tam"}}]}},"_links":{"self":[{"href":"https:\/\/elinformativotam.com\/index.php\/wp-json\/wp\/v2\/posts\/50863","targetHints":{"allow":["GET"]}}],"collection":[{"href":"https:\/\/elinformativotam.com\/index.php\/wp-json\/wp\/v2\/posts"}],"about":[{"href":"https:\/\/elinformativotam.com\/index.php\/wp-json\/wp\/v2\/types\/post"}],"author":[{"embeddable":true,"href":"https:\/\/elinformativotam.com\/index.php\/wp-json\/wp\/v2\/users\/1"}],"replies":[{"embeddable":true,"href":"https:\/\/elinformativotam.com\/index.php\/wp-json\/wp\/v2\/comments?post=50863"}],"version-history":[{"count":1,"href":"https:\/\/elinformativotam.com\/index.php\/wp-json\/wp\/v2\/posts\/50863\/revisions"}],"predecessor-version":[{"id":50866,"href":"https:\/\/elinformativotam.com\/index.php\/wp-json\/wp\/v2\/posts\/50863\/revisions\/50866"}],"wp:featuredmedia":[{"embeddable":true,"href":"https:\/\/elinformativotam.com\/index.php\/wp-json\/wp\/v2\/media\/50864"}],"wp:attachment":[{"href":"https:\/\/elinformativotam.com\/index.php\/wp-json\/wp\/v2\/media?parent=50863"}],"wp:term":[{"taxonomy":"category","embeddable":true,"href":"https:\/\/elinformativotam.com\/index.php\/wp-json\/wp\/v2\/categories?post=50863"},{"taxonomy":"post_tag","embeddable":true,"href":"https:\/\/elinformativotam.com\/index.php\/wp-json\/wp\/v2\/tags?post=50863"}],"curies":[{"name":"wp","href":"https:\/\/api.w.org\/{rel}","templated":true}]}}