{"id":50856,"date":"2024-05-22T23:09:13","date_gmt":"2024-05-23T05:09:13","guid":{"rendered":"https:\/\/elinformativotam.com\/?p=50856"},"modified":"2024-05-22T23:09:13","modified_gmt":"2024-05-23T05:09:13","slug":"inicia-gobierno-municipal-panista-a-racionar-el-agua-en-todas-sus-secretarias-del-gabinete","status":"publish","type":"post","link":"https:\/\/elinformativotam.com\/index.php\/2024\/05\/22\/inicia-gobierno-municipal-panista-a-racionar-el-agua-en-todas-sus-secretarias-del-gabinete\/","title":{"rendered":"INICIA GOBIERNO MUNICIPAL PANISTA A RACIONAR EL AGUA EN TODAS SUS SECRETAR\u00cdAS DEL GABINETE"},"content":{"rendered":"<h2 style=\"text-align: center;\"><em><span style=\"font-family: 'times new roman', times;\">*Todas Las \u00c1reas Y Dependencias Municipales Estar\u00e1n Sujetas Al Control Estricto En El Uso Del Vital L\u00edquido<\/span><\/em><\/h2>\n<p>&nbsp;<\/p>\n<p>&nbsp;<\/p>\n<p>Debido a que la crisis por la sequ\u00eda que impacta a la zona sur no cesa, el municipio de Tampico anunciar\u00e1 en los pr\u00f3ximos d\u00edas una serie de acciones encaminadas al ahorro del vital l\u00edquido en pr\u00e1cticamente todas sus \u00e1reas de gobierno.<\/p>\n<p>&nbsp;<\/p>\n<p>Fernando Alzaga Madaria, alcalde suplente de Tampico, dej\u00f3 en claro que la poblaci\u00f3n debe continuar cuidando el adecuado uso del agua, ya que pr\u00e1cticamente el sistema lagunario est\u00e1 seco, y el trasvase de agua realizado desde el pasado martes desde &#8220;El Nacimiento&#8221; al Chairel tardar\u00e1 unos cuantos d\u00edas en surtir efecto en los habitantes de la regi\u00f3n.<\/p>\n<p>&nbsp;<\/p>\n<p>Destac\u00f3 que ser\u00e1 en esta misma semana cuando el ayuntamiento emita un comunicado oficial de las acciones que habr\u00e1 de realizar para tratar de atender las necesidades que tiene la ciudad con el tema del agua, y el ahorro que se tendr\u00e1 en las \u00e1reas donde el vital l\u00edquido es imprescindible.<\/p>\n<p>&nbsp;<\/p>\n<p>Manifest\u00f3 que el gobierno municipal seguir\u00e1 atento a las indicaciones que emita CNA y el Gobierno del Estado por conducto de la Secretar\u00eda de Recursos Hidr\u00e1ulicos.<\/p>\n<p>&nbsp;<\/p>\n<p>&#8220;Estamos colaboraando con todas las instancias de gobierno para lo que se necesite, ied, dijo<\/p>\n<p>&nbsp;<\/p>\n<p>Alzaga, enfatiz\u00f3 que mientras llegan los recursos para la infraestructura h\u00eddrica, y las lluvias para volver al almacenaje en el sistema lagunario, el ahorro del agua ser\u00e1 vital en las pr\u00f3ximas semanas.<\/p>\n<p>&nbsp;<\/p>\n<p>&#8220;Hoy el consumo humano es prioridad para la regi\u00f3n, para la entidad y para el pa\u00eds&#8221;, recalc\u00f3<\/p>\n","protected":false},"excerpt":{"rendered":"<p>*Todas Las \u00c1reas Y Dependencias Municipales Estar\u00e1n Sujetas Al Control Estricto En El Uso Del Vital L\u00edquido &nbsp; &nbsp; Debido&hellip;<\/p>\n","protected":false},"author":1,"featured_media":50845,"comment_status":"open","ping_status":"open","sticky":false,"template":"","format":"standard","meta":{"footnotes":""},"categories":[3],"tags":[],"class_list":["post-50856","post","type-post","status-publish","format-standard","has-post-thumbnail","hentry","category-tampico"],"yoast_head":"<!-- This site is optimized with the Yoast SEO plugin v27.4 - https:\/\/yoast.com\/product\/yoast-seo-wordpress\/ -->\n<title>INICIA GOBIERNO MUNICIPAL PANISTA A RACIONAR EL AGUA EN TODAS SUS SECRETAR\u00cdAS DEL GABINETE - EL INFORMATIVO DE TAMAULIPAS<\/title>\n<meta name=\"description\" content=\"*Todas Las \u00c1reas Y Dependencias Municipales Estar\u00e1n Sujetas Al Control Estricto En El Uso Del Vital L\u00edquido &nbsp; &nbsp; Debido a que la crisis por la\" \/>\n<meta name=\"robots\" content=\"index, follow, max-snippet:-1, max-image-preview:large, max-video-preview:-1\" \/>\n<link rel=\"canonical\" href=\"https:\/\/elinformativotam.com\/index.php\/2024\/05\/22\/inicia-gobierno-municipal-panista-a-racionar-el-agua-en-todas-sus-secretarias-del-gabinete\/\" \/>\n<meta property=\"og:locale\" content=\"es_MX\" \/>\n<meta property=\"og:type\" content=\"article\" \/>\n<meta property=\"og:title\" content=\"INICIA GOBIERNO MUNICIPAL PANISTA A RACIONAR EL AGUA EN TODAS SUS SECRETAR\u00cdAS DEL GABINETE - EL INFORMATIVO DE TAMAULIPAS\" \/>\n<meta property=\"og:description\" content=\"*Todas Las \u00c1reas Y Dependencias Municipales Estar\u00e1n Sujetas Al Control Estricto En El Uso Del Vital L\u00edquido &nbsp; &nbsp; Debido a que la crisis por la\" \/>\n<meta property=\"og:url\" content=\"https:\/\/elinformativotam.com\/index.php\/2024\/05\/22\/inicia-gobierno-municipal-panista-a-racionar-el-agua-en-todas-sus-secretarias-del-gabinete\/\" \/>\n<meta property=\"og:site_name\" content=\"EL INFORMATIVO DE TAMAULIPAS\" \/>\n<meta property=\"article:published_time\" content=\"2024-05-23T05:09:13+00:00\" \/>\n<meta property=\"og:image\" content=\"https:\/\/elinformativotam.com\/wp-content\/uploads\/2024\/05\/Alzaga.jpeg\" \/>\n\t<meta property=\"og:image:width\" content=\"1280\" \/>\n\t<meta property=\"og:image:height\" content=\"720\" \/>\n\t<meta property=\"og:image:type\" content=\"image\/jpeg\" \/>\n<meta name=\"author\" content=\"El Informativo Tam\" \/>\n<meta name=\"twitter:card\" content=\"summary_large_image\" \/>\n<meta name=\"twitter:label1\" content=\"Escrito por\" \/>\n\t<meta name=\"twitter:data1\" content=\"El Informativo Tam\" \/>\n\t<meta name=\"twitter:label2\" content=\"Tiempo de lectura\" \/>\n\t<meta name=\"twitter:data2\" content=\"2 minutos\" \/>\n<script type=\"application\/ld+json\" class=\"yoast-schema-graph\">{\"@context\":\"https:\\\/\\\/schema.org\",\"@graph\":[{\"@type\":\"Article\",\"@id\":\"https:\\\/\\\/elinformativotam.com\\\/index.php\\\/2024\\\/05\\\/22\\\/inicia-gobierno-municipal-panista-a-racionar-el-agua-en-todas-sus-secretarias-del-gabinete\\\/#article\",\"isPartOf\":{\"@id\":\"https:\\\/\\\/elinformativotam.com\\\/index.php\\\/2024\\\/05\\\/22\\\/inicia-gobierno-municipal-panista-a-racionar-el-agua-en-todas-sus-secretarias-del-gabinete\\\/\"},\"author\":{\"name\":\"El Informativo Tam\",\"@id\":\"https:\\\/\\\/elinformativotam.com\\\/#\\\/schema\\\/person\\\/78e08040eed0f6110f0c5f83b6153590\"},\"headline\":\"INICIA GOBIERNO MUNICIPAL PANISTA A RACIONAR EL AGUA EN TODAS SUS SECRETAR\u00cdAS DEL GABINETE\",\"datePublished\":\"2024-05-23T05:09:13+00:00\",\"mainEntityOfPage\":{\"@id\":\"https:\\\/\\\/elinformativotam.com\\\/index.php\\\/2024\\\/05\\\/22\\\/inicia-gobierno-municipal-panista-a-racionar-el-agua-en-todas-sus-secretarias-del-gabinete\\\/\"},\"wordCount\":298,\"commentCount\":0,\"publisher\":{\"@id\":\"https:\\\/\\\/elinformativotam.com\\\/#organization\"},\"image\":{\"@id\":\"https:\\\/\\\/elinformativotam.com\\\/index.php\\\/2024\\\/05\\\/22\\\/inicia-gobierno-municipal-panista-a-racionar-el-agua-en-todas-sus-secretarias-del-gabinete\\\/#primaryimage\"},\"thumbnailUrl\":\"https:\\\/\\\/elinformativotam.com\\\/wp-content\\\/uploads\\\/2024\\\/05\\\/Alzaga.jpeg\",\"articleSection\":[\"Tampico\"],\"inLanguage\":\"es\",\"potentialAction\":[{\"@type\":\"CommentAction\",\"name\":\"Comment\",\"target\":[\"https:\\\/\\\/elinformativotam.com\\\/index.php\\\/2024\\\/05\\\/22\\\/inicia-gobierno-municipal-panista-a-racionar-el-agua-en-todas-sus-secretarias-del-gabinete\\\/#respond\"]}]},{\"@type\":\"WebPage\",\"@id\":\"https:\\\/\\\/elinformativotam.com\\\/index.php\\\/2024\\\/05\\\/22\\\/inicia-gobierno-municipal-panista-a-racionar-el-agua-en-todas-sus-secretarias-del-gabinete\\\/\",\"url\":\"https:\\\/\\\/elinformativotam.com\\\/index.php\\\/2024\\\/05\\\/22\\\/inicia-gobierno-municipal-panista-a-racionar-el-agua-en-todas-sus-secretarias-del-gabinete\\\/\",\"name\":\"INICIA GOBIERNO MUNICIPAL PANISTA A RACIONAR EL AGUA EN TODAS SUS SECRETAR\u00cdAS DEL GABINETE - EL INFORMATIVO DE TAMAULIPAS\",\"isPartOf\":{\"@id\":\"https:\\\/\\\/elinformativotam.com\\\/#website\"},\"primaryImageOfPage\":{\"@id\":\"https:\\\/\\\/elinformativotam.com\\\/index.php\\\/2024\\\/05\\\/22\\\/inicia-gobierno-municipal-panista-a-racionar-el-agua-en-todas-sus-secretarias-del-gabinete\\\/#primaryimage\"},\"image\":{\"@id\":\"https:\\\/\\\/elinformativotam.com\\\/index.php\\\/2024\\\/05\\\/22\\\/inicia-gobierno-municipal-panista-a-racionar-el-agua-en-todas-sus-secretarias-del-gabinete\\\/#primaryimage\"},\"thumbnailUrl\":\"https:\\\/\\\/elinformativotam.com\\\/wp-content\\\/uploads\\\/2024\\\/05\\\/Alzaga.jpeg\",\"datePublished\":\"2024-05-23T05:09:13+00:00\",\"description\":\"*Todas Las \u00c1reas Y Dependencias Municipales Estar\u00e1n Sujetas Al Control Estricto En El Uso Del Vital L\u00edquido &nbsp; &nbsp; Debido a que la crisis por la\",\"inLanguage\":\"es\",\"potentialAction\":[{\"@type\":\"ReadAction\",\"target\":[\"https:\\\/\\\/elinformativotam.com\\\/index.php\\\/2024\\\/05\\\/22\\\/inicia-gobierno-municipal-panista-a-racionar-el-agua-en-todas-sus-secretarias-del-gabinete\\\/\"]}]},{\"@type\":\"ImageObject\",\"inLanguage\":\"es\",\"@id\":\"https:\\\/\\\/elinformativotam.com\\\/index.php\\\/2024\\\/05\\\/22\\\/inicia-gobierno-municipal-panista-a-racionar-el-agua-en-todas-sus-secretarias-del-gabinete\\\/#primaryimage\",\"url\":\"https:\\\/\\\/elinformativotam.com\\\/wp-content\\\/uploads\\\/2024\\\/05\\\/Alzaga.jpeg\",\"contentUrl\":\"https:\\\/\\\/elinformativotam.com\\\/wp-content\\\/uploads\\\/2024\\\/05\\\/Alzaga.jpeg\",\"width\":1280,\"height\":720},{\"@type\":\"WebSite\",\"@id\":\"https:\\\/\\\/elinformativotam.com\\\/#website\",\"url\":\"https:\\\/\\\/elinformativotam.com\\\/\",\"name\":\"EL INFORMATIVO DE TAMAULIPAS\",\"description\":\"Desde la Zona Metropolitana Para Todo M\u00e9xico\",\"publisher\":{\"@id\":\"https:\\\/\\\/elinformativotam.com\\\/#organization\"},\"potentialAction\":[{\"@type\":\"SearchAction\",\"target\":{\"@type\":\"EntryPoint\",\"urlTemplate\":\"https:\\\/\\\/elinformativotam.com\\\/?s={search_term_string}\"},\"query-input\":{\"@type\":\"PropertyValueSpecification\",\"valueRequired\":true,\"valueName\":\"search_term_string\"}}],\"inLanguage\":\"es\"},{\"@type\":\"Organization\",\"@id\":\"https:\\\/\\\/elinformativotam.com\\\/#organization\",\"name\":\"EL INFORMATIVO DE TAMAULIPAS\",\"url\":\"https:\\\/\\\/elinformativotam.com\\\/\",\"logo\":{\"@type\":\"ImageObject\",\"inLanguage\":\"es\",\"@id\":\"https:\\\/\\\/elinformativotam.com\\\/#\\\/schema\\\/logo\\\/image\\\/\",\"url\":\"https:\\\/\\\/elinformativotam.com\\\/wp-content\\\/uploads\\\/2026\\\/02\\\/Cabezal.png\",\"contentUrl\":\"https:\\\/\\\/elinformativotam.com\\\/wp-content\\\/uploads\\\/2026\\\/02\\\/Cabezal.png\",\"width\":960,\"height\":640,\"caption\":\"EL INFORMATIVO DE TAMAULIPAS\"},\"image\":{\"@id\":\"https:\\\/\\\/elinformativotam.com\\\/#\\\/schema\\\/logo\\\/image\\\/\"}},{\"@type\":\"Person\",\"@id\":\"https:\\\/\\\/elinformativotam.com\\\/#\\\/schema\\\/person\\\/78e08040eed0f6110f0c5f83b6153590\",\"name\":\"El Informativo Tam\",\"image\":{\"@type\":\"ImageObject\",\"inLanguage\":\"es\",\"@id\":\"https:\\\/\\\/secure.gravatar.com\\\/avatar\\\/f3b7ad3af540688955925ac610647be00b0cf41feea9c4978b73a707ee86bc53?s=96&d=mm&r=g\",\"url\":\"https:\\\/\\\/secure.gravatar.com\\\/avatar\\\/f3b7ad3af540688955925ac610647be00b0cf41feea9c4978b73a707ee86bc53?s=96&d=mm&r=g\",\"contentUrl\":\"https:\\\/\\\/secure.gravatar.com\\\/avatar\\\/f3b7ad3af540688955925ac610647be00b0cf41feea9c4978b73a707ee86bc53?s=96&d=mm&r=g\",\"caption\":\"El Informativo Tam\"}}]}<\/script>\n<!-- \/ Yoast SEO plugin. -->","yoast_head_json":{"title":"INICIA GOBIERNO MUNICIPAL PANISTA A RACIONAR EL AGUA EN TODAS SUS SECRETAR\u00cdAS DEL GABINETE - EL INFORMATIVO DE TAMAULIPAS","description":"*Todas Las \u00c1reas Y Dependencias Municipales Estar\u00e1n Sujetas Al Control Estricto En El Uso Del Vital L\u00edquido &nbsp; &nbsp; Debido a que la crisis por la","robots":{"index":"index","follow":"follow","max-snippet":"max-snippet:-1","max-image-preview":"max-image-preview:large","max-video-preview":"max-video-preview:-1"},"canonical":"https:\/\/elinformativotam.com\/index.php\/2024\/05\/22\/inicia-gobierno-municipal-panista-a-racionar-el-agua-en-todas-sus-secretarias-del-gabinete\/","og_locale":"es_MX","og_type":"article","og_title":"INICIA GOBIERNO MUNICIPAL PANISTA A RACIONAR EL AGUA EN TODAS SUS SECRETAR\u00cdAS DEL GABINETE - EL INFORMATIVO DE TAMAULIPAS","og_description":"*Todas Las \u00c1reas Y Dependencias Municipales Estar\u00e1n Sujetas Al Control Estricto En El Uso Del Vital L\u00edquido &nbsp; &nbsp; Debido a que la crisis por la","og_url":"https:\/\/elinformativotam.com\/index.php\/2024\/05\/22\/inicia-gobierno-municipal-panista-a-racionar-el-agua-en-todas-sus-secretarias-del-gabinete\/","og_site_name":"EL INFORMATIVO DE TAMAULIPAS","article_published_time":"2024-05-23T05:09:13+00:00","og_image":[{"width":1280,"height":720,"url":"https:\/\/elinformativotam.com\/wp-content\/uploads\/2024\/05\/Alzaga.jpeg","type":"image\/jpeg"}],"author":"El Informativo Tam","twitter_card":"summary_large_image","twitter_misc":{"Escrito por":"El Informativo Tam","Tiempo de lectura":"2 minutos"},"schema":{"@context":"https:\/\/schema.org","@graph":[{"@type":"Article","@id":"https:\/\/elinformativotam.com\/index.php\/2024\/05\/22\/inicia-gobierno-municipal-panista-a-racionar-el-agua-en-todas-sus-secretarias-del-gabinete\/#article","isPartOf":{"@id":"https:\/\/elinformativotam.com\/index.php\/2024\/05\/22\/inicia-gobierno-municipal-panista-a-racionar-el-agua-en-todas-sus-secretarias-del-gabinete\/"},"author":{"name":"El Informativo Tam","@id":"https:\/\/elinformativotam.com\/#\/schema\/person\/78e08040eed0f6110f0c5f83b6153590"},"headline":"INICIA GOBIERNO MUNICIPAL PANISTA A RACIONAR EL AGUA EN TODAS SUS SECRETAR\u00cdAS DEL GABINETE","datePublished":"2024-05-23T05:09:13+00:00","mainEntityOfPage":{"@id":"https:\/\/elinformativotam.com\/index.php\/2024\/05\/22\/inicia-gobierno-municipal-panista-a-racionar-el-agua-en-todas-sus-secretarias-del-gabinete\/"},"wordCount":298,"commentCount":0,"publisher":{"@id":"https:\/\/elinformativotam.com\/#organization"},"image":{"@id":"https:\/\/elinformativotam.com\/index.php\/2024\/05\/22\/inicia-gobierno-municipal-panista-a-racionar-el-agua-en-todas-sus-secretarias-del-gabinete\/#primaryimage"},"thumbnailUrl":"https:\/\/elinformativotam.com\/wp-content\/uploads\/2024\/05\/Alzaga.jpeg","articleSection":["Tampico"],"inLanguage":"es","potentialAction":[{"@type":"CommentAction","name":"Comment","target":["https:\/\/elinformativotam.com\/index.php\/2024\/05\/22\/inicia-gobierno-municipal-panista-a-racionar-el-agua-en-todas-sus-secretarias-del-gabinete\/#respond"]}]},{"@type":"WebPage","@id":"https:\/\/elinformativotam.com\/index.php\/2024\/05\/22\/inicia-gobierno-municipal-panista-a-racionar-el-agua-en-todas-sus-secretarias-del-gabinete\/","url":"https:\/\/elinformativotam.com\/index.php\/2024\/05\/22\/inicia-gobierno-municipal-panista-a-racionar-el-agua-en-todas-sus-secretarias-del-gabinete\/","name":"INICIA GOBIERNO MUNICIPAL PANISTA A RACIONAR EL AGUA EN TODAS SUS SECRETAR\u00cdAS DEL GABINETE - EL INFORMATIVO DE TAMAULIPAS","isPartOf":{"@id":"https:\/\/elinformativotam.com\/#website"},"primaryImageOfPage":{"@id":"https:\/\/elinformativotam.com\/index.php\/2024\/05\/22\/inicia-gobierno-municipal-panista-a-racionar-el-agua-en-todas-sus-secretarias-del-gabinete\/#primaryimage"},"image":{"@id":"https:\/\/elinformativotam.com\/index.php\/2024\/05\/22\/inicia-gobierno-municipal-panista-a-racionar-el-agua-en-todas-sus-secretarias-del-gabinete\/#primaryimage"},"thumbnailUrl":"https:\/\/elinformativotam.com\/wp-content\/uploads\/2024\/05\/Alzaga.jpeg","datePublished":"2024-05-23T05:09:13+00:00","description":"*Todas Las \u00c1reas Y Dependencias Municipales Estar\u00e1n Sujetas Al Control Estricto En El Uso Del Vital L\u00edquido &nbsp; &nbsp; Debido a que la crisis por la","inLanguage":"es","potentialAction":[{"@type":"ReadAction","target":["https:\/\/elinformativotam.com\/index.php\/2024\/05\/22\/inicia-gobierno-municipal-panista-a-racionar-el-agua-en-todas-sus-secretarias-del-gabinete\/"]}]},{"@type":"ImageObject","inLanguage":"es","@id":"https:\/\/elinformativotam.com\/index.php\/2024\/05\/22\/inicia-gobierno-municipal-panista-a-racionar-el-agua-en-todas-sus-secretarias-del-gabinete\/#primaryimage","url":"https:\/\/elinformativotam.com\/wp-content\/uploads\/2024\/05\/Alzaga.jpeg","contentUrl":"https:\/\/elinformativotam.com\/wp-content\/uploads\/2024\/05\/Alzaga.jpeg","width":1280,"height":720},{"@type":"WebSite","@id":"https:\/\/elinformativotam.com\/#website","url":"https:\/\/elinformativotam.com\/","name":"EL INFORMATIVO DE TAMAULIPAS","description":"Desde la Zona Metropolitana Para Todo M\u00e9xico","publisher":{"@id":"https:\/\/elinformativotam.com\/#organization"},"potentialAction":[{"@type":"SearchAction","target":{"@type":"EntryPoint","urlTemplate":"https:\/\/elinformativotam.com\/?s={search_term_string}"},"query-input":{"@type":"PropertyValueSpecification","valueRequired":true,"valueName":"search_term_string"}}],"inLanguage":"es"},{"@type":"Organization","@id":"https:\/\/elinformativotam.com\/#organization","name":"EL INFORMATIVO DE TAMAULIPAS","url":"https:\/\/elinformativotam.com\/","logo":{"@type":"ImageObject","inLanguage":"es","@id":"https:\/\/elinformativotam.com\/#\/schema\/logo\/image\/","url":"https:\/\/elinformativotam.com\/wp-content\/uploads\/2026\/02\/Cabezal.png","contentUrl":"https:\/\/elinformativotam.com\/wp-content\/uploads\/2026\/02\/Cabezal.png","width":960,"height":640,"caption":"EL INFORMATIVO DE TAMAULIPAS"},"image":{"@id":"https:\/\/elinformativotam.com\/#\/schema\/logo\/image\/"}},{"@type":"Person","@id":"https:\/\/elinformativotam.com\/#\/schema\/person\/78e08040eed0f6110f0c5f83b6153590","name":"El Informativo Tam","image":{"@type":"ImageObject","inLanguage":"es","@id":"https:\/\/secure.gravatar.com\/avatar\/f3b7ad3af540688955925ac610647be00b0cf41feea9c4978b73a707ee86bc53?s=96&d=mm&r=g","url":"https:\/\/secure.gravatar.com\/avatar\/f3b7ad3af540688955925ac610647be00b0cf41feea9c4978b73a707ee86bc53?s=96&d=mm&r=g","contentUrl":"https:\/\/secure.gravatar.com\/avatar\/f3b7ad3af540688955925ac610647be00b0cf41feea9c4978b73a707ee86bc53?s=96&d=mm&r=g","caption":"El Informativo Tam"}}]}},"_links":{"self":[{"href":"https:\/\/elinformativotam.com\/index.php\/wp-json\/wp\/v2\/posts\/50856","targetHints":{"allow":["GET"]}}],"collection":[{"href":"https:\/\/elinformativotam.com\/index.php\/wp-json\/wp\/v2\/posts"}],"about":[{"href":"https:\/\/elinformativotam.com\/index.php\/wp-json\/wp\/v2\/types\/post"}],"author":[{"embeddable":true,"href":"https:\/\/elinformativotam.com\/index.php\/wp-json\/wp\/v2\/users\/1"}],"replies":[{"embeddable":true,"href":"https:\/\/elinformativotam.com\/index.php\/wp-json\/wp\/v2\/comments?post=50856"}],"version-history":[{"count":1,"href":"https:\/\/elinformativotam.com\/index.php\/wp-json\/wp\/v2\/posts\/50856\/revisions"}],"predecessor-version":[{"id":50857,"href":"https:\/\/elinformativotam.com\/index.php\/wp-json\/wp\/v2\/posts\/50856\/revisions\/50857"}],"wp:featuredmedia":[{"embeddable":true,"href":"https:\/\/elinformativotam.com\/index.php\/wp-json\/wp\/v2\/media\/50845"}],"wp:attachment":[{"href":"https:\/\/elinformativotam.com\/index.php\/wp-json\/wp\/v2\/media?parent=50856"}],"wp:term":[{"taxonomy":"category","embeddable":true,"href":"https:\/\/elinformativotam.com\/index.php\/wp-json\/wp\/v2\/categories?post=50856"},{"taxonomy":"post_tag","embeddable":true,"href":"https:\/\/elinformativotam.com\/index.php\/wp-json\/wp\/v2\/tags?post=50856"}],"curies":[{"name":"wp","href":"https:\/\/api.w.org\/{rel}","templated":true}]}}