{"id":50832,"date":"2024-05-21T09:19:33","date_gmt":"2024-05-21T15:19:33","guid":{"rendered":"https:\/\/elinformativotam.com\/?p=50832"},"modified":"2024-05-21T09:19:33","modified_gmt":"2024-05-21T15:19:33","slug":"70-de-las-mujeres-portenas-han-sufrido-algun-tipo-de-violencia","status":"publish","type":"post","link":"https:\/\/elinformativotam.com\/index.php\/2024\/05\/21\/70-de-las-mujeres-portenas-han-sufrido-algun-tipo-de-violencia\/","title":{"rendered":"70% de las Mujeres Porte\u00f1as han Sufrido Alg\u00fan Tipo de Violencia"},"content":{"rendered":"<h2 style=\"text-align: center;\"><em><span style=\"font-family: 'times new roman', times;\">*el mal social deber\u00e1 ser atendido en los pr\u00f3ximos tres a\u00f1os<\/span><\/em><\/h2>\n<p>La candidata a la alcald\u00eda de Tampico por Morena y sus partidos pol\u00edticos aliados, M\u00f3nica Villarreal Anaya, subray\u00f3 que el 70% de las mujeres de esta ciudad han padecido alg\u00fan tipo de violencia, cifras que se tendr\u00e1n qu\u00e9 abatir en los pr\u00f3ximos tres a\u00f1os.<\/p>\n<p>&nbsp;<\/p>\n<p>Mencion\u00f3 que el mal llamado sexo d\u00e9bil de esta ciudad juega un papel importante en todos los \u00e1mbitos de la vida productiva y en el hogar.<\/p>\n<p>&nbsp;<\/p>\n<p>Explic\u00f3 que uno de los objetivos que persigue en esta campa\u00f1a, al llegar a la alcald\u00eda, es que las mujeres porte\u00f1as puedan contribuir en el desarrollo econ\u00f3mico de Tampico<\/p>\n<p>&nbsp;<\/p>\n<p>&#8220;Es tiempo de las mujeres, y este tipo de conferencias ayudan a empoderar m\u00e1s al sexo femenino, el cu\u00e1l cada d\u00eda gana m\u00e1s espacios en todas las \u00e1reas&#8221;, resalt\u00f3<\/p>\n<p>&nbsp;<\/p>\n<p>Villarreal, acudi\u00f3 como invitada a la conferencia &#8220;Los derechos humanos de la mujer y la igualdad&#8221; , donde reiter\u00f3 que desafortunadamente prevalece la desigualdad con las mujeres, sin embargo se sigue trabajando para que tanto hombres y mujeres tengan las mismas oportunidades en todos los sentidos.<\/p>\n<p>&nbsp;<\/p>\n<p>&#8220;Nosotras como mujeres intuimos muchas situaciones de lo que somos, de lo que podemos lograr, sabemos que hay un gran reto el que tenemos que afrontar&#8221;, extern\u00f3<\/p>\n<p>&nbsp;<\/p>\n<p>Coment\u00f3, finalmente que en sus a\u00f1os como servidora p\u00fablica ha podido notar de la gran desigualdad que existe en la ciudad, pero con adecuadas pol\u00edticas p\u00fablicas que habr\u00e1 de Implementar, seguramente el tema habr\u00e1 de mejorar paulatinamente.<\/p>\n","protected":false},"excerpt":{"rendered":"<p>*el mal social deber\u00e1 ser atendido en los pr\u00f3ximos tres a\u00f1os La candidata a la alcald\u00eda de Tampico por Morena&hellip;<\/p>\n","protected":false},"author":1,"featured_media":50833,"comment_status":"open","ping_status":"open","sticky":false,"template":"","format":"standard","meta":{"footnotes":""},"categories":[3],"tags":[],"class_list":["post-50832","post","type-post","status-publish","format-standard","has-post-thumbnail","hentry","category-tampico"],"yoast_head":"<!-- This site is optimized with the Yoast SEO plugin v27.4 - https:\/\/yoast.com\/product\/yoast-seo-wordpress\/ -->\n<title>70% de las Mujeres Porte\u00f1as han Sufrido Alg\u00fan Tipo de Violencia - EL INFORMATIVO DE TAMAULIPAS<\/title>\n<meta name=\"description\" content=\"*el mal social deber\u00e1 ser atendido en los pr\u00f3ximos tres a\u00f1os La candidata a la alcald\u00eda de Tampico por Morena y sus partidos pol\u00edticos aliados, M\u00f3nica\" \/>\n<meta name=\"robots\" content=\"index, follow, max-snippet:-1, max-image-preview:large, max-video-preview:-1\" \/>\n<link rel=\"canonical\" href=\"https:\/\/elinformativotam.com\/index.php\/2024\/05\/21\/70-de-las-mujeres-portenas-han-sufrido-algun-tipo-de-violencia\/\" \/>\n<meta property=\"og:locale\" content=\"es_MX\" \/>\n<meta property=\"og:type\" content=\"article\" \/>\n<meta property=\"og:title\" content=\"70% de las Mujeres Porte\u00f1as han Sufrido Alg\u00fan Tipo de Violencia - EL INFORMATIVO DE TAMAULIPAS\" \/>\n<meta property=\"og:description\" content=\"*el mal social deber\u00e1 ser atendido en los pr\u00f3ximos tres a\u00f1os La candidata a la alcald\u00eda de Tampico por Morena y sus partidos pol\u00edticos aliados, M\u00f3nica\" \/>\n<meta property=\"og:url\" content=\"https:\/\/elinformativotam.com\/index.php\/2024\/05\/21\/70-de-las-mujeres-portenas-han-sufrido-algun-tipo-de-violencia\/\" \/>\n<meta property=\"og:site_name\" content=\"EL INFORMATIVO DE TAMAULIPAS\" \/>\n<meta property=\"article:published_time\" content=\"2024-05-21T15:19:33+00:00\" \/>\n<meta property=\"og:image\" content=\"https:\/\/elinformativotam.com\/wp-content\/uploads\/2024\/05\/M1.jpg\" \/>\n\t<meta property=\"og:image:width\" content=\"2560\" \/>\n\t<meta property=\"og:image:height\" content=\"1706\" \/>\n\t<meta property=\"og:image:type\" content=\"image\/jpeg\" \/>\n<meta name=\"author\" content=\"El Informativo Tam\" \/>\n<meta name=\"twitter:card\" content=\"summary_large_image\" \/>\n<meta name=\"twitter:label1\" content=\"Escrito por\" \/>\n\t<meta name=\"twitter:data1\" content=\"El Informativo Tam\" \/>\n\t<meta name=\"twitter:label2\" content=\"Tiempo de lectura\" \/>\n\t<meta name=\"twitter:data2\" content=\"2 minutos\" \/>\n<script type=\"application\/ld+json\" class=\"yoast-schema-graph\">{\"@context\":\"https:\\\/\\\/schema.org\",\"@graph\":[{\"@type\":\"Article\",\"@id\":\"https:\\\/\\\/elinformativotam.com\\\/index.php\\\/2024\\\/05\\\/21\\\/70-de-las-mujeres-portenas-han-sufrido-algun-tipo-de-violencia\\\/#article\",\"isPartOf\":{\"@id\":\"https:\\\/\\\/elinformativotam.com\\\/index.php\\\/2024\\\/05\\\/21\\\/70-de-las-mujeres-portenas-han-sufrido-algun-tipo-de-violencia\\\/\"},\"author\":{\"name\":\"El Informativo Tam\",\"@id\":\"https:\\\/\\\/elinformativotam.com\\\/#\\\/schema\\\/person\\\/78e08040eed0f6110f0c5f83b6153590\"},\"headline\":\"70% de las Mujeres Porte\u00f1as han Sufrido Alg\u00fan Tipo de Violencia\",\"datePublished\":\"2024-05-21T15:19:33+00:00\",\"mainEntityOfPage\":{\"@id\":\"https:\\\/\\\/elinformativotam.com\\\/index.php\\\/2024\\\/05\\\/21\\\/70-de-las-mujeres-portenas-han-sufrido-algun-tipo-de-violencia\\\/\"},\"wordCount\":287,\"commentCount\":0,\"publisher\":{\"@id\":\"https:\\\/\\\/elinformativotam.com\\\/#organization\"},\"image\":{\"@id\":\"https:\\\/\\\/elinformativotam.com\\\/index.php\\\/2024\\\/05\\\/21\\\/70-de-las-mujeres-portenas-han-sufrido-algun-tipo-de-violencia\\\/#primaryimage\"},\"thumbnailUrl\":\"https:\\\/\\\/elinformativotam.com\\\/wp-content\\\/uploads\\\/2024\\\/05\\\/M1.jpg\",\"articleSection\":[\"Tampico\"],\"inLanguage\":\"es\",\"potentialAction\":[{\"@type\":\"CommentAction\",\"name\":\"Comment\",\"target\":[\"https:\\\/\\\/elinformativotam.com\\\/index.php\\\/2024\\\/05\\\/21\\\/70-de-las-mujeres-portenas-han-sufrido-algun-tipo-de-violencia\\\/#respond\"]}]},{\"@type\":\"WebPage\",\"@id\":\"https:\\\/\\\/elinformativotam.com\\\/index.php\\\/2024\\\/05\\\/21\\\/70-de-las-mujeres-portenas-han-sufrido-algun-tipo-de-violencia\\\/\",\"url\":\"https:\\\/\\\/elinformativotam.com\\\/index.php\\\/2024\\\/05\\\/21\\\/70-de-las-mujeres-portenas-han-sufrido-algun-tipo-de-violencia\\\/\",\"name\":\"70% de las Mujeres Porte\u00f1as han Sufrido Alg\u00fan Tipo de Violencia - EL INFORMATIVO DE TAMAULIPAS\",\"isPartOf\":{\"@id\":\"https:\\\/\\\/elinformativotam.com\\\/#website\"},\"primaryImageOfPage\":{\"@id\":\"https:\\\/\\\/elinformativotam.com\\\/index.php\\\/2024\\\/05\\\/21\\\/70-de-las-mujeres-portenas-han-sufrido-algun-tipo-de-violencia\\\/#primaryimage\"},\"image\":{\"@id\":\"https:\\\/\\\/elinformativotam.com\\\/index.php\\\/2024\\\/05\\\/21\\\/70-de-las-mujeres-portenas-han-sufrido-algun-tipo-de-violencia\\\/#primaryimage\"},\"thumbnailUrl\":\"https:\\\/\\\/elinformativotam.com\\\/wp-content\\\/uploads\\\/2024\\\/05\\\/M1.jpg\",\"datePublished\":\"2024-05-21T15:19:33+00:00\",\"description\":\"*el mal social deber\u00e1 ser atendido en los pr\u00f3ximos tres a\u00f1os La candidata a la alcald\u00eda de Tampico por Morena y sus partidos pol\u00edticos aliados, M\u00f3nica\",\"inLanguage\":\"es\",\"potentialAction\":[{\"@type\":\"ReadAction\",\"target\":[\"https:\\\/\\\/elinformativotam.com\\\/index.php\\\/2024\\\/05\\\/21\\\/70-de-las-mujeres-portenas-han-sufrido-algun-tipo-de-violencia\\\/\"]}]},{\"@type\":\"ImageObject\",\"inLanguage\":\"es\",\"@id\":\"https:\\\/\\\/elinformativotam.com\\\/index.php\\\/2024\\\/05\\\/21\\\/70-de-las-mujeres-portenas-han-sufrido-algun-tipo-de-violencia\\\/#primaryimage\",\"url\":\"https:\\\/\\\/elinformativotam.com\\\/wp-content\\\/uploads\\\/2024\\\/05\\\/M1.jpg\",\"contentUrl\":\"https:\\\/\\\/elinformativotam.com\\\/wp-content\\\/uploads\\\/2024\\\/05\\\/M1.jpg\",\"width\":2560,\"height\":1706},{\"@type\":\"WebSite\",\"@id\":\"https:\\\/\\\/elinformativotam.com\\\/#website\",\"url\":\"https:\\\/\\\/elinformativotam.com\\\/\",\"name\":\"EL INFORMATIVO DE TAMAULIPAS\",\"description\":\"Desde la Zona Metropolitana Para Todo M\u00e9xico\",\"publisher\":{\"@id\":\"https:\\\/\\\/elinformativotam.com\\\/#organization\"},\"potentialAction\":[{\"@type\":\"SearchAction\",\"target\":{\"@type\":\"EntryPoint\",\"urlTemplate\":\"https:\\\/\\\/elinformativotam.com\\\/?s={search_term_string}\"},\"query-input\":{\"@type\":\"PropertyValueSpecification\",\"valueRequired\":true,\"valueName\":\"search_term_string\"}}],\"inLanguage\":\"es\"},{\"@type\":\"Organization\",\"@id\":\"https:\\\/\\\/elinformativotam.com\\\/#organization\",\"name\":\"EL INFORMATIVO DE TAMAULIPAS\",\"url\":\"https:\\\/\\\/elinformativotam.com\\\/\",\"logo\":{\"@type\":\"ImageObject\",\"inLanguage\":\"es\",\"@id\":\"https:\\\/\\\/elinformativotam.com\\\/#\\\/schema\\\/logo\\\/image\\\/\",\"url\":\"https:\\\/\\\/elinformativotam.com\\\/wp-content\\\/uploads\\\/2026\\\/02\\\/Cabezal.png\",\"contentUrl\":\"https:\\\/\\\/elinformativotam.com\\\/wp-content\\\/uploads\\\/2026\\\/02\\\/Cabezal.png\",\"width\":960,\"height\":640,\"caption\":\"EL INFORMATIVO DE TAMAULIPAS\"},\"image\":{\"@id\":\"https:\\\/\\\/elinformativotam.com\\\/#\\\/schema\\\/logo\\\/image\\\/\"}},{\"@type\":\"Person\",\"@id\":\"https:\\\/\\\/elinformativotam.com\\\/#\\\/schema\\\/person\\\/78e08040eed0f6110f0c5f83b6153590\",\"name\":\"El Informativo Tam\",\"image\":{\"@type\":\"ImageObject\",\"inLanguage\":\"es\",\"@id\":\"https:\\\/\\\/secure.gravatar.com\\\/avatar\\\/f3b7ad3af540688955925ac610647be00b0cf41feea9c4978b73a707ee86bc53?s=96&d=mm&r=g\",\"url\":\"https:\\\/\\\/secure.gravatar.com\\\/avatar\\\/f3b7ad3af540688955925ac610647be00b0cf41feea9c4978b73a707ee86bc53?s=96&d=mm&r=g\",\"contentUrl\":\"https:\\\/\\\/secure.gravatar.com\\\/avatar\\\/f3b7ad3af540688955925ac610647be00b0cf41feea9c4978b73a707ee86bc53?s=96&d=mm&r=g\",\"caption\":\"El Informativo Tam\"}}]}<\/script>\n<!-- \/ Yoast SEO plugin. -->","yoast_head_json":{"title":"70% de las Mujeres Porte\u00f1as han Sufrido Alg\u00fan Tipo de Violencia - EL INFORMATIVO DE TAMAULIPAS","description":"*el mal social deber\u00e1 ser atendido en los pr\u00f3ximos tres a\u00f1os La candidata a la alcald\u00eda de Tampico por Morena y sus partidos pol\u00edticos aliados, M\u00f3nica","robots":{"index":"index","follow":"follow","max-snippet":"max-snippet:-1","max-image-preview":"max-image-preview:large","max-video-preview":"max-video-preview:-1"},"canonical":"https:\/\/elinformativotam.com\/index.php\/2024\/05\/21\/70-de-las-mujeres-portenas-han-sufrido-algun-tipo-de-violencia\/","og_locale":"es_MX","og_type":"article","og_title":"70% de las Mujeres Porte\u00f1as han Sufrido Alg\u00fan Tipo de Violencia - EL INFORMATIVO DE TAMAULIPAS","og_description":"*el mal social deber\u00e1 ser atendido en los pr\u00f3ximos tres a\u00f1os La candidata a la alcald\u00eda de Tampico por Morena y sus partidos pol\u00edticos aliados, M\u00f3nica","og_url":"https:\/\/elinformativotam.com\/index.php\/2024\/05\/21\/70-de-las-mujeres-portenas-han-sufrido-algun-tipo-de-violencia\/","og_site_name":"EL INFORMATIVO DE TAMAULIPAS","article_published_time":"2024-05-21T15:19:33+00:00","og_image":[{"width":2560,"height":1706,"url":"https:\/\/elinformativotam.com\/wp-content\/uploads\/2024\/05\/M1.jpg","type":"image\/jpeg"}],"author":"El Informativo Tam","twitter_card":"summary_large_image","twitter_misc":{"Escrito por":"El Informativo Tam","Tiempo de lectura":"2 minutos"},"schema":{"@context":"https:\/\/schema.org","@graph":[{"@type":"Article","@id":"https:\/\/elinformativotam.com\/index.php\/2024\/05\/21\/70-de-las-mujeres-portenas-han-sufrido-algun-tipo-de-violencia\/#article","isPartOf":{"@id":"https:\/\/elinformativotam.com\/index.php\/2024\/05\/21\/70-de-las-mujeres-portenas-han-sufrido-algun-tipo-de-violencia\/"},"author":{"name":"El Informativo Tam","@id":"https:\/\/elinformativotam.com\/#\/schema\/person\/78e08040eed0f6110f0c5f83b6153590"},"headline":"70% de las Mujeres Porte\u00f1as han Sufrido Alg\u00fan Tipo de Violencia","datePublished":"2024-05-21T15:19:33+00:00","mainEntityOfPage":{"@id":"https:\/\/elinformativotam.com\/index.php\/2024\/05\/21\/70-de-las-mujeres-portenas-han-sufrido-algun-tipo-de-violencia\/"},"wordCount":287,"commentCount":0,"publisher":{"@id":"https:\/\/elinformativotam.com\/#organization"},"image":{"@id":"https:\/\/elinformativotam.com\/index.php\/2024\/05\/21\/70-de-las-mujeres-portenas-han-sufrido-algun-tipo-de-violencia\/#primaryimage"},"thumbnailUrl":"https:\/\/elinformativotam.com\/wp-content\/uploads\/2024\/05\/M1.jpg","articleSection":["Tampico"],"inLanguage":"es","potentialAction":[{"@type":"CommentAction","name":"Comment","target":["https:\/\/elinformativotam.com\/index.php\/2024\/05\/21\/70-de-las-mujeres-portenas-han-sufrido-algun-tipo-de-violencia\/#respond"]}]},{"@type":"WebPage","@id":"https:\/\/elinformativotam.com\/index.php\/2024\/05\/21\/70-de-las-mujeres-portenas-han-sufrido-algun-tipo-de-violencia\/","url":"https:\/\/elinformativotam.com\/index.php\/2024\/05\/21\/70-de-las-mujeres-portenas-han-sufrido-algun-tipo-de-violencia\/","name":"70% de las Mujeres Porte\u00f1as han Sufrido Alg\u00fan Tipo de Violencia - EL INFORMATIVO DE TAMAULIPAS","isPartOf":{"@id":"https:\/\/elinformativotam.com\/#website"},"primaryImageOfPage":{"@id":"https:\/\/elinformativotam.com\/index.php\/2024\/05\/21\/70-de-las-mujeres-portenas-han-sufrido-algun-tipo-de-violencia\/#primaryimage"},"image":{"@id":"https:\/\/elinformativotam.com\/index.php\/2024\/05\/21\/70-de-las-mujeres-portenas-han-sufrido-algun-tipo-de-violencia\/#primaryimage"},"thumbnailUrl":"https:\/\/elinformativotam.com\/wp-content\/uploads\/2024\/05\/M1.jpg","datePublished":"2024-05-21T15:19:33+00:00","description":"*el mal social deber\u00e1 ser atendido en los pr\u00f3ximos tres a\u00f1os La candidata a la alcald\u00eda de Tampico por Morena y sus partidos pol\u00edticos aliados, M\u00f3nica","inLanguage":"es","potentialAction":[{"@type":"ReadAction","target":["https:\/\/elinformativotam.com\/index.php\/2024\/05\/21\/70-de-las-mujeres-portenas-han-sufrido-algun-tipo-de-violencia\/"]}]},{"@type":"ImageObject","inLanguage":"es","@id":"https:\/\/elinformativotam.com\/index.php\/2024\/05\/21\/70-de-las-mujeres-portenas-han-sufrido-algun-tipo-de-violencia\/#primaryimage","url":"https:\/\/elinformativotam.com\/wp-content\/uploads\/2024\/05\/M1.jpg","contentUrl":"https:\/\/elinformativotam.com\/wp-content\/uploads\/2024\/05\/M1.jpg","width":2560,"height":1706},{"@type":"WebSite","@id":"https:\/\/elinformativotam.com\/#website","url":"https:\/\/elinformativotam.com\/","name":"EL INFORMATIVO DE TAMAULIPAS","description":"Desde la Zona Metropolitana Para Todo M\u00e9xico","publisher":{"@id":"https:\/\/elinformativotam.com\/#organization"},"potentialAction":[{"@type":"SearchAction","target":{"@type":"EntryPoint","urlTemplate":"https:\/\/elinformativotam.com\/?s={search_term_string}"},"query-input":{"@type":"PropertyValueSpecification","valueRequired":true,"valueName":"search_term_string"}}],"inLanguage":"es"},{"@type":"Organization","@id":"https:\/\/elinformativotam.com\/#organization","name":"EL INFORMATIVO DE TAMAULIPAS","url":"https:\/\/elinformativotam.com\/","logo":{"@type":"ImageObject","inLanguage":"es","@id":"https:\/\/elinformativotam.com\/#\/schema\/logo\/image\/","url":"https:\/\/elinformativotam.com\/wp-content\/uploads\/2026\/02\/Cabezal.png","contentUrl":"https:\/\/elinformativotam.com\/wp-content\/uploads\/2026\/02\/Cabezal.png","width":960,"height":640,"caption":"EL INFORMATIVO DE TAMAULIPAS"},"image":{"@id":"https:\/\/elinformativotam.com\/#\/schema\/logo\/image\/"}},{"@type":"Person","@id":"https:\/\/elinformativotam.com\/#\/schema\/person\/78e08040eed0f6110f0c5f83b6153590","name":"El Informativo Tam","image":{"@type":"ImageObject","inLanguage":"es","@id":"https:\/\/secure.gravatar.com\/avatar\/f3b7ad3af540688955925ac610647be00b0cf41feea9c4978b73a707ee86bc53?s=96&d=mm&r=g","url":"https:\/\/secure.gravatar.com\/avatar\/f3b7ad3af540688955925ac610647be00b0cf41feea9c4978b73a707ee86bc53?s=96&d=mm&r=g","contentUrl":"https:\/\/secure.gravatar.com\/avatar\/f3b7ad3af540688955925ac610647be00b0cf41feea9c4978b73a707ee86bc53?s=96&d=mm&r=g","caption":"El Informativo Tam"}}]}},"_links":{"self":[{"href":"https:\/\/elinformativotam.com\/index.php\/wp-json\/wp\/v2\/posts\/50832","targetHints":{"allow":["GET"]}}],"collection":[{"href":"https:\/\/elinformativotam.com\/index.php\/wp-json\/wp\/v2\/posts"}],"about":[{"href":"https:\/\/elinformativotam.com\/index.php\/wp-json\/wp\/v2\/types\/post"}],"author":[{"embeddable":true,"href":"https:\/\/elinformativotam.com\/index.php\/wp-json\/wp\/v2\/users\/1"}],"replies":[{"embeddable":true,"href":"https:\/\/elinformativotam.com\/index.php\/wp-json\/wp\/v2\/comments?post=50832"}],"version-history":[{"count":1,"href":"https:\/\/elinformativotam.com\/index.php\/wp-json\/wp\/v2\/posts\/50832\/revisions"}],"predecessor-version":[{"id":50834,"href":"https:\/\/elinformativotam.com\/index.php\/wp-json\/wp\/v2\/posts\/50832\/revisions\/50834"}],"wp:featuredmedia":[{"embeddable":true,"href":"https:\/\/elinformativotam.com\/index.php\/wp-json\/wp\/v2\/media\/50833"}],"wp:attachment":[{"href":"https:\/\/elinformativotam.com\/index.php\/wp-json\/wp\/v2\/media?parent=50832"}],"wp:term":[{"taxonomy":"category","embeddable":true,"href":"https:\/\/elinformativotam.com\/index.php\/wp-json\/wp\/v2\/categories?post=50832"},{"taxonomy":"post_tag","embeddable":true,"href":"https:\/\/elinformativotam.com\/index.php\/wp-json\/wp\/v2\/tags?post=50832"}],"curies":[{"name":"wp","href":"https:\/\/api.w.org\/{rel}","templated":true}]}}