{"id":50829,"date":"2024-05-21T09:16:04","date_gmt":"2024-05-21T15:16:04","guid":{"rendered":"https:\/\/elinformativotam.com\/?p=50829"},"modified":"2024-05-21T09:16:04","modified_gmt":"2024-05-21T15:16:04","slug":"existe-inequidad-en-proceso-electoral-ine-debio-suspender-la-mananera","status":"publish","type":"post","link":"https:\/\/elinformativotam.com\/index.php\/2024\/05\/21\/existe-inequidad-en-proceso-electoral-ine-debio-suspender-la-mananera\/","title":{"rendered":"Existe Inequidad en Proceso Electoral; INE Debi\u00f3 Suspender La Ma\u00f1anera"},"content":{"rendered":"<h2 style=\"text-align: center;\"><em><span style=\"font-family: 'times new roman', times;\">*el \u00f3rgano electoral no ha podido poner orden en la elecci\u00f3n constitucional<\/span><\/em><\/h2>\n<p>Al Instituto Nacional Electoral(INE) le ha faltado &#8220;fajarse los pantalones&#8221; e interceder de manera decidida en la suspensi\u00f3n de las denominadas &#8220;ma\u00f1aneras&#8221;, pues el Presidente de M\u00e9xico se ha metido de manera reincidente en el proceso electoral, que a todas luces resulta inequitativo.<\/p>\n<p>&nbsp;<\/p>\n<p>As\u00ed lo expres\u00f3 el Presidente del CEN del PAN, Marko Cort\u00e9s Mendoza, al se\u00f1alar que al \u00f3rgano electoral que comanda Guadalupe Taddei le ha faltado seriedad para sancionar de manera decidida la conferencia &#8220;la ma\u00f1anera&#8221; desde donde el jefe del ejecutivo incide en favor de su candidata a la Presidencia de M\u00e9xico.<\/p>\n<p>&nbsp;<\/p>\n<p>Remarc\u00f3 que hasta el momento el \u00f3rgano electoral no se atreve a sacar la tarjeta roja a L\u00f3pez Obrador y suspender de manera temporal ese ejercicio cotidiano, desde donde se impulsa a Morena y sus abanderados.<\/p>\n<p>&nbsp;<\/p>\n<p>&#8220;Hay inequidad en este proceso electoral, al INE le ha faltado sacar la tarjeta amarilla cuando se ocupa, y la roja cuando es necesaria&#8221;, dijo Cort\u00e9s<\/p>\n<p>&nbsp;<\/p>\n<p>Subray\u00f3 que de nada sirve que el INE ordene&#8221;bajar&#8221; de las redes sociales una transmisi\u00f3n de la ma\u00f1anera, cuando se hace una semana despu\u00e9s, pues tal decisi\u00f3n genera, dijo, desconfianza y refuerza la inequidad que se ha vivido a lo largo de este proceso electoral.<\/p>\n<p>&nbsp;<\/p>\n<p>Cort\u00e9s, enfatiz\u00f3 que el INE debi\u00f3 quitarle el micr\u00f3fono a L\u00f3pez Obrador desde el comienzo de la campa\u00f1a constitucional hasta el 2 de Junio, pues desafortunadamente, dijo, el Presidente de M\u00e9xico ha sido reincidente en meterse un d\u00eda s\u00ed y otro tambi\u00e9n en la elecci\u00f3n presidencial.<\/p>\n","protected":false},"excerpt":{"rendered":"<p>*el \u00f3rgano electoral no ha podido poner orden en la elecci\u00f3n constitucional Al Instituto Nacional Electoral(INE) le ha faltado &#8220;fajarse&hellip;<\/p>\n","protected":false},"author":1,"featured_media":50830,"comment_status":"open","ping_status":"open","sticky":false,"template":"","format":"standard","meta":{"footnotes":""},"categories":[3],"tags":[],"class_list":["post-50829","post","type-post","status-publish","format-standard","has-post-thumbnail","hentry","category-tampico"],"yoast_head":"<!-- This site is optimized with the Yoast SEO plugin v27.4 - https:\/\/yoast.com\/product\/yoast-seo-wordpress\/ -->\n<title>Existe Inequidad en Proceso Electoral; INE Debi\u00f3 Suspender La Ma\u00f1anera - EL INFORMATIVO DE TAMAULIPAS<\/title>\n<meta name=\"description\" content=\"*el \u00f3rgano electoral no ha podido poner orden en la elecci\u00f3n constitucional Al Instituto Nacional Electoral(INE) le ha faltado &quot;fajarse los pantalones&quot; e\" \/>\n<meta name=\"robots\" content=\"index, follow, max-snippet:-1, max-image-preview:large, max-video-preview:-1\" \/>\n<link rel=\"canonical\" href=\"https:\/\/elinformativotam.com\/index.php\/2024\/05\/21\/existe-inequidad-en-proceso-electoral-ine-debio-suspender-la-mananera\/\" \/>\n<meta property=\"og:locale\" content=\"es_MX\" \/>\n<meta property=\"og:type\" content=\"article\" \/>\n<meta property=\"og:title\" content=\"Existe Inequidad en Proceso Electoral; INE Debi\u00f3 Suspender La Ma\u00f1anera - EL INFORMATIVO DE TAMAULIPAS\" \/>\n<meta property=\"og:description\" content=\"*el \u00f3rgano electoral no ha podido poner orden en la elecci\u00f3n constitucional Al Instituto Nacional Electoral(INE) le ha faltado &quot;fajarse los pantalones&quot; e\" \/>\n<meta property=\"og:url\" content=\"https:\/\/elinformativotam.com\/index.php\/2024\/05\/21\/existe-inequidad-en-proceso-electoral-ine-debio-suspender-la-mananera\/\" \/>\n<meta property=\"og:site_name\" content=\"EL INFORMATIVO DE TAMAULIPAS\" \/>\n<meta property=\"article:published_time\" content=\"2024-05-21T15:16:04+00:00\" \/>\n<meta property=\"og:image\" content=\"https:\/\/elinformativotam.com\/wp-content\/uploads\/2024\/05\/Marco.jpg\" \/>\n\t<meta property=\"og:image:width\" content=\"702\" \/>\n\t<meta property=\"og:image:height\" content=\"1600\" \/>\n\t<meta property=\"og:image:type\" content=\"image\/jpeg\" \/>\n<meta name=\"author\" content=\"El Informativo Tam\" \/>\n<meta name=\"twitter:card\" content=\"summary_large_image\" \/>\n<meta name=\"twitter:label1\" content=\"Escrito por\" \/>\n\t<meta name=\"twitter:data1\" content=\"El Informativo Tam\" \/>\n\t<meta name=\"twitter:label2\" content=\"Tiempo de lectura\" \/>\n\t<meta name=\"twitter:data2\" content=\"2 minutos\" \/>\n<script type=\"application\/ld+json\" class=\"yoast-schema-graph\">{\"@context\":\"https:\\\/\\\/schema.org\",\"@graph\":[{\"@type\":\"Article\",\"@id\":\"https:\\\/\\\/elinformativotam.com\\\/index.php\\\/2024\\\/05\\\/21\\\/existe-inequidad-en-proceso-electoral-ine-debio-suspender-la-mananera\\\/#article\",\"isPartOf\":{\"@id\":\"https:\\\/\\\/elinformativotam.com\\\/index.php\\\/2024\\\/05\\\/21\\\/existe-inequidad-en-proceso-electoral-ine-debio-suspender-la-mananera\\\/\"},\"author\":{\"name\":\"El Informativo Tam\",\"@id\":\"https:\\\/\\\/elinformativotam.com\\\/#\\\/schema\\\/person\\\/78e08040eed0f6110f0c5f83b6153590\"},\"headline\":\"Existe Inequidad en Proceso Electoral; INE Debi\u00f3 Suspender La Ma\u00f1anera\",\"datePublished\":\"2024-05-21T15:16:04+00:00\",\"mainEntityOfPage\":{\"@id\":\"https:\\\/\\\/elinformativotam.com\\\/index.php\\\/2024\\\/05\\\/21\\\/existe-inequidad-en-proceso-electoral-ine-debio-suspender-la-mananera\\\/\"},\"wordCount\":299,\"commentCount\":0,\"publisher\":{\"@id\":\"https:\\\/\\\/elinformativotam.com\\\/#organization\"},\"image\":{\"@id\":\"https:\\\/\\\/elinformativotam.com\\\/index.php\\\/2024\\\/05\\\/21\\\/existe-inequidad-en-proceso-electoral-ine-debio-suspender-la-mananera\\\/#primaryimage\"},\"thumbnailUrl\":\"https:\\\/\\\/elinformativotam.com\\\/wp-content\\\/uploads\\\/2024\\\/05\\\/Marco.jpg\",\"articleSection\":[\"Tampico\"],\"inLanguage\":\"es\",\"potentialAction\":[{\"@type\":\"CommentAction\",\"name\":\"Comment\",\"target\":[\"https:\\\/\\\/elinformativotam.com\\\/index.php\\\/2024\\\/05\\\/21\\\/existe-inequidad-en-proceso-electoral-ine-debio-suspender-la-mananera\\\/#respond\"]}]},{\"@type\":\"WebPage\",\"@id\":\"https:\\\/\\\/elinformativotam.com\\\/index.php\\\/2024\\\/05\\\/21\\\/existe-inequidad-en-proceso-electoral-ine-debio-suspender-la-mananera\\\/\",\"url\":\"https:\\\/\\\/elinformativotam.com\\\/index.php\\\/2024\\\/05\\\/21\\\/existe-inequidad-en-proceso-electoral-ine-debio-suspender-la-mananera\\\/\",\"name\":\"Existe Inequidad en Proceso Electoral; INE Debi\u00f3 Suspender La Ma\u00f1anera - EL INFORMATIVO DE TAMAULIPAS\",\"isPartOf\":{\"@id\":\"https:\\\/\\\/elinformativotam.com\\\/#website\"},\"primaryImageOfPage\":{\"@id\":\"https:\\\/\\\/elinformativotam.com\\\/index.php\\\/2024\\\/05\\\/21\\\/existe-inequidad-en-proceso-electoral-ine-debio-suspender-la-mananera\\\/#primaryimage\"},\"image\":{\"@id\":\"https:\\\/\\\/elinformativotam.com\\\/index.php\\\/2024\\\/05\\\/21\\\/existe-inequidad-en-proceso-electoral-ine-debio-suspender-la-mananera\\\/#primaryimage\"},\"thumbnailUrl\":\"https:\\\/\\\/elinformativotam.com\\\/wp-content\\\/uploads\\\/2024\\\/05\\\/Marco.jpg\",\"datePublished\":\"2024-05-21T15:16:04+00:00\",\"description\":\"*el \u00f3rgano electoral no ha podido poner orden en la elecci\u00f3n constitucional Al Instituto Nacional Electoral(INE) le ha faltado \\\"fajarse los pantalones\\\" e\",\"inLanguage\":\"es\",\"potentialAction\":[{\"@type\":\"ReadAction\",\"target\":[\"https:\\\/\\\/elinformativotam.com\\\/index.php\\\/2024\\\/05\\\/21\\\/existe-inequidad-en-proceso-electoral-ine-debio-suspender-la-mananera\\\/\"]}]},{\"@type\":\"ImageObject\",\"inLanguage\":\"es\",\"@id\":\"https:\\\/\\\/elinformativotam.com\\\/index.php\\\/2024\\\/05\\\/21\\\/existe-inequidad-en-proceso-electoral-ine-debio-suspender-la-mananera\\\/#primaryimage\",\"url\":\"https:\\\/\\\/elinformativotam.com\\\/wp-content\\\/uploads\\\/2024\\\/05\\\/Marco.jpg\",\"contentUrl\":\"https:\\\/\\\/elinformativotam.com\\\/wp-content\\\/uploads\\\/2024\\\/05\\\/Marco.jpg\",\"width\":702,\"height\":1600},{\"@type\":\"WebSite\",\"@id\":\"https:\\\/\\\/elinformativotam.com\\\/#website\",\"url\":\"https:\\\/\\\/elinformativotam.com\\\/\",\"name\":\"EL INFORMATIVO DE TAMAULIPAS\",\"description\":\"Desde la Zona Metropolitana Para Todo M\u00e9xico\",\"publisher\":{\"@id\":\"https:\\\/\\\/elinformativotam.com\\\/#organization\"},\"potentialAction\":[{\"@type\":\"SearchAction\",\"target\":{\"@type\":\"EntryPoint\",\"urlTemplate\":\"https:\\\/\\\/elinformativotam.com\\\/?s={search_term_string}\"},\"query-input\":{\"@type\":\"PropertyValueSpecification\",\"valueRequired\":true,\"valueName\":\"search_term_string\"}}],\"inLanguage\":\"es\"},{\"@type\":\"Organization\",\"@id\":\"https:\\\/\\\/elinformativotam.com\\\/#organization\",\"name\":\"EL INFORMATIVO DE TAMAULIPAS\",\"url\":\"https:\\\/\\\/elinformativotam.com\\\/\",\"logo\":{\"@type\":\"ImageObject\",\"inLanguage\":\"es\",\"@id\":\"https:\\\/\\\/elinformativotam.com\\\/#\\\/schema\\\/logo\\\/image\\\/\",\"url\":\"https:\\\/\\\/elinformativotam.com\\\/wp-content\\\/uploads\\\/2026\\\/02\\\/Cabezal.png\",\"contentUrl\":\"https:\\\/\\\/elinformativotam.com\\\/wp-content\\\/uploads\\\/2026\\\/02\\\/Cabezal.png\",\"width\":960,\"height\":640,\"caption\":\"EL INFORMATIVO DE TAMAULIPAS\"},\"image\":{\"@id\":\"https:\\\/\\\/elinformativotam.com\\\/#\\\/schema\\\/logo\\\/image\\\/\"}},{\"@type\":\"Person\",\"@id\":\"https:\\\/\\\/elinformativotam.com\\\/#\\\/schema\\\/person\\\/78e08040eed0f6110f0c5f83b6153590\",\"name\":\"El Informativo Tam\",\"image\":{\"@type\":\"ImageObject\",\"inLanguage\":\"es\",\"@id\":\"https:\\\/\\\/secure.gravatar.com\\\/avatar\\\/f3b7ad3af540688955925ac610647be00b0cf41feea9c4978b73a707ee86bc53?s=96&d=mm&r=g\",\"url\":\"https:\\\/\\\/secure.gravatar.com\\\/avatar\\\/f3b7ad3af540688955925ac610647be00b0cf41feea9c4978b73a707ee86bc53?s=96&d=mm&r=g\",\"contentUrl\":\"https:\\\/\\\/secure.gravatar.com\\\/avatar\\\/f3b7ad3af540688955925ac610647be00b0cf41feea9c4978b73a707ee86bc53?s=96&d=mm&r=g\",\"caption\":\"El Informativo Tam\"}}]}<\/script>\n<!-- \/ Yoast SEO plugin. -->","yoast_head_json":{"title":"Existe Inequidad en Proceso Electoral; INE Debi\u00f3 Suspender La Ma\u00f1anera - EL INFORMATIVO DE TAMAULIPAS","description":"*el \u00f3rgano electoral no ha podido poner orden en la elecci\u00f3n constitucional Al Instituto Nacional Electoral(INE) le ha faltado \"fajarse los pantalones\" e","robots":{"index":"index","follow":"follow","max-snippet":"max-snippet:-1","max-image-preview":"max-image-preview:large","max-video-preview":"max-video-preview:-1"},"canonical":"https:\/\/elinformativotam.com\/index.php\/2024\/05\/21\/existe-inequidad-en-proceso-electoral-ine-debio-suspender-la-mananera\/","og_locale":"es_MX","og_type":"article","og_title":"Existe Inequidad en Proceso Electoral; INE Debi\u00f3 Suspender La Ma\u00f1anera - EL INFORMATIVO DE TAMAULIPAS","og_description":"*el \u00f3rgano electoral no ha podido poner orden en la elecci\u00f3n constitucional Al Instituto Nacional Electoral(INE) le ha faltado \"fajarse los pantalones\" e","og_url":"https:\/\/elinformativotam.com\/index.php\/2024\/05\/21\/existe-inequidad-en-proceso-electoral-ine-debio-suspender-la-mananera\/","og_site_name":"EL INFORMATIVO DE TAMAULIPAS","article_published_time":"2024-05-21T15:16:04+00:00","og_image":[{"width":702,"height":1600,"url":"https:\/\/elinformativotam.com\/wp-content\/uploads\/2024\/05\/Marco.jpg","type":"image\/jpeg"}],"author":"El Informativo Tam","twitter_card":"summary_large_image","twitter_misc":{"Escrito por":"El Informativo Tam","Tiempo de lectura":"2 minutos"},"schema":{"@context":"https:\/\/schema.org","@graph":[{"@type":"Article","@id":"https:\/\/elinformativotam.com\/index.php\/2024\/05\/21\/existe-inequidad-en-proceso-electoral-ine-debio-suspender-la-mananera\/#article","isPartOf":{"@id":"https:\/\/elinformativotam.com\/index.php\/2024\/05\/21\/existe-inequidad-en-proceso-electoral-ine-debio-suspender-la-mananera\/"},"author":{"name":"El Informativo Tam","@id":"https:\/\/elinformativotam.com\/#\/schema\/person\/78e08040eed0f6110f0c5f83b6153590"},"headline":"Existe Inequidad en Proceso Electoral; INE Debi\u00f3 Suspender La Ma\u00f1anera","datePublished":"2024-05-21T15:16:04+00:00","mainEntityOfPage":{"@id":"https:\/\/elinformativotam.com\/index.php\/2024\/05\/21\/existe-inequidad-en-proceso-electoral-ine-debio-suspender-la-mananera\/"},"wordCount":299,"commentCount":0,"publisher":{"@id":"https:\/\/elinformativotam.com\/#organization"},"image":{"@id":"https:\/\/elinformativotam.com\/index.php\/2024\/05\/21\/existe-inequidad-en-proceso-electoral-ine-debio-suspender-la-mananera\/#primaryimage"},"thumbnailUrl":"https:\/\/elinformativotam.com\/wp-content\/uploads\/2024\/05\/Marco.jpg","articleSection":["Tampico"],"inLanguage":"es","potentialAction":[{"@type":"CommentAction","name":"Comment","target":["https:\/\/elinformativotam.com\/index.php\/2024\/05\/21\/existe-inequidad-en-proceso-electoral-ine-debio-suspender-la-mananera\/#respond"]}]},{"@type":"WebPage","@id":"https:\/\/elinformativotam.com\/index.php\/2024\/05\/21\/existe-inequidad-en-proceso-electoral-ine-debio-suspender-la-mananera\/","url":"https:\/\/elinformativotam.com\/index.php\/2024\/05\/21\/existe-inequidad-en-proceso-electoral-ine-debio-suspender-la-mananera\/","name":"Existe Inequidad en Proceso Electoral; INE Debi\u00f3 Suspender La Ma\u00f1anera - EL INFORMATIVO DE TAMAULIPAS","isPartOf":{"@id":"https:\/\/elinformativotam.com\/#website"},"primaryImageOfPage":{"@id":"https:\/\/elinformativotam.com\/index.php\/2024\/05\/21\/existe-inequidad-en-proceso-electoral-ine-debio-suspender-la-mananera\/#primaryimage"},"image":{"@id":"https:\/\/elinformativotam.com\/index.php\/2024\/05\/21\/existe-inequidad-en-proceso-electoral-ine-debio-suspender-la-mananera\/#primaryimage"},"thumbnailUrl":"https:\/\/elinformativotam.com\/wp-content\/uploads\/2024\/05\/Marco.jpg","datePublished":"2024-05-21T15:16:04+00:00","description":"*el \u00f3rgano electoral no ha podido poner orden en la elecci\u00f3n constitucional Al Instituto Nacional Electoral(INE) le ha faltado \"fajarse los pantalones\" e","inLanguage":"es","potentialAction":[{"@type":"ReadAction","target":["https:\/\/elinformativotam.com\/index.php\/2024\/05\/21\/existe-inequidad-en-proceso-electoral-ine-debio-suspender-la-mananera\/"]}]},{"@type":"ImageObject","inLanguage":"es","@id":"https:\/\/elinformativotam.com\/index.php\/2024\/05\/21\/existe-inequidad-en-proceso-electoral-ine-debio-suspender-la-mananera\/#primaryimage","url":"https:\/\/elinformativotam.com\/wp-content\/uploads\/2024\/05\/Marco.jpg","contentUrl":"https:\/\/elinformativotam.com\/wp-content\/uploads\/2024\/05\/Marco.jpg","width":702,"height":1600},{"@type":"WebSite","@id":"https:\/\/elinformativotam.com\/#website","url":"https:\/\/elinformativotam.com\/","name":"EL INFORMATIVO DE TAMAULIPAS","description":"Desde la Zona Metropolitana Para Todo M\u00e9xico","publisher":{"@id":"https:\/\/elinformativotam.com\/#organization"},"potentialAction":[{"@type":"SearchAction","target":{"@type":"EntryPoint","urlTemplate":"https:\/\/elinformativotam.com\/?s={search_term_string}"},"query-input":{"@type":"PropertyValueSpecification","valueRequired":true,"valueName":"search_term_string"}}],"inLanguage":"es"},{"@type":"Organization","@id":"https:\/\/elinformativotam.com\/#organization","name":"EL INFORMATIVO DE TAMAULIPAS","url":"https:\/\/elinformativotam.com\/","logo":{"@type":"ImageObject","inLanguage":"es","@id":"https:\/\/elinformativotam.com\/#\/schema\/logo\/image\/","url":"https:\/\/elinformativotam.com\/wp-content\/uploads\/2026\/02\/Cabezal.png","contentUrl":"https:\/\/elinformativotam.com\/wp-content\/uploads\/2026\/02\/Cabezal.png","width":960,"height":640,"caption":"EL INFORMATIVO DE TAMAULIPAS"},"image":{"@id":"https:\/\/elinformativotam.com\/#\/schema\/logo\/image\/"}},{"@type":"Person","@id":"https:\/\/elinformativotam.com\/#\/schema\/person\/78e08040eed0f6110f0c5f83b6153590","name":"El Informativo Tam","image":{"@type":"ImageObject","inLanguage":"es","@id":"https:\/\/secure.gravatar.com\/avatar\/f3b7ad3af540688955925ac610647be00b0cf41feea9c4978b73a707ee86bc53?s=96&d=mm&r=g","url":"https:\/\/secure.gravatar.com\/avatar\/f3b7ad3af540688955925ac610647be00b0cf41feea9c4978b73a707ee86bc53?s=96&d=mm&r=g","contentUrl":"https:\/\/secure.gravatar.com\/avatar\/f3b7ad3af540688955925ac610647be00b0cf41feea9c4978b73a707ee86bc53?s=96&d=mm&r=g","caption":"El Informativo Tam"}}]}},"_links":{"self":[{"href":"https:\/\/elinformativotam.com\/index.php\/wp-json\/wp\/v2\/posts\/50829","targetHints":{"allow":["GET"]}}],"collection":[{"href":"https:\/\/elinformativotam.com\/index.php\/wp-json\/wp\/v2\/posts"}],"about":[{"href":"https:\/\/elinformativotam.com\/index.php\/wp-json\/wp\/v2\/types\/post"}],"author":[{"embeddable":true,"href":"https:\/\/elinformativotam.com\/index.php\/wp-json\/wp\/v2\/users\/1"}],"replies":[{"embeddable":true,"href":"https:\/\/elinformativotam.com\/index.php\/wp-json\/wp\/v2\/comments?post=50829"}],"version-history":[{"count":1,"href":"https:\/\/elinformativotam.com\/index.php\/wp-json\/wp\/v2\/posts\/50829\/revisions"}],"predecessor-version":[{"id":50831,"href":"https:\/\/elinformativotam.com\/index.php\/wp-json\/wp\/v2\/posts\/50829\/revisions\/50831"}],"wp:featuredmedia":[{"embeddable":true,"href":"https:\/\/elinformativotam.com\/index.php\/wp-json\/wp\/v2\/media\/50830"}],"wp:attachment":[{"href":"https:\/\/elinformativotam.com\/index.php\/wp-json\/wp\/v2\/media?parent=50829"}],"wp:term":[{"taxonomy":"category","embeddable":true,"href":"https:\/\/elinformativotam.com\/index.php\/wp-json\/wp\/v2\/categories?post=50829"},{"taxonomy":"post_tag","embeddable":true,"href":"https:\/\/elinformativotam.com\/index.php\/wp-json\/wp\/v2\/tags?post=50829"}],"curies":[{"name":"wp","href":"https:\/\/api.w.org\/{rel}","templated":true}]}}