{"id":50825,"date":"2024-05-19T12:15:37","date_gmt":"2024-05-19T18:15:37","guid":{"rendered":"https:\/\/elinformativotam.com\/?p=50825"},"modified":"2024-05-19T12:15:51","modified_gmt":"2024-05-19T18:15:51","slug":"50825","status":"publish","type":"post","link":"https:\/\/elinformativotam.com\/index.php\/2024\/05\/19\/50825\/","title":{"rendered":"Llegan Casi 500 a la Plaza de la Libertad en Tampico por Marea Rosa\u00a0"},"content":{"rendered":"<p style=\"text-align: center;\"><strong><em>*la convocatoria en esta ocasi\u00f3n no cumpli\u00f3 con el n\u00famero esperado en cuanto a participantes, sin embargo el mensaje de democracia se ha replicado en muchas ocasiones\u00a0<\/em><\/strong><\/p>\n<p>&nbsp;<\/p>\n<p>&nbsp;<\/p>\n<p>Unos 500 ciudadanos de Tampico y la zona sur se concentraron, la ma\u00f1ana de este domingo, en la plaza de la libertad en la llamada &#8220;Defensa de la Rep\u00fablica&#8221; en clara defensa de la justicia, libertad y democracia.<\/p>\n<p>&nbsp;<\/p>\n<p>Pasadas las 10 de la ma\u00f1ana seguidores de la Marea Rosa se fueron congregando en la segunda plaza m\u00e1s importante de la zona centro del puerto, portando la bandera del pa\u00eds y vestidos de color rosa y blanco, indumentaria que caracteriza al movimiento social que comenz\u00f3 en el 2022.<\/p>\n<p>&nbsp;<\/p>\n<p>Jorge Gual L\u00f3pez, representante del organismo &#8220;Ciudadanos Unidos Tamaulipas&#8221; explic\u00f3 que s\u00ed bien el n\u00famero de personas no fue lo esperado en esta ocasi\u00f3n, el mensaje esencial de la defensa de la democracia se ha replicado en varias ocasiones en todo el pa\u00eds.<\/p>\n<p>&nbsp;<\/p>\n<p>&#8220;Est\u00e1 no es la excepci\u00f3n, desde Noviembre del 2022, Febrero del 2023, Febrero de este A\u00f1o hasta antes de celebrar las elecciones hemos hecho concentraciones masivas, d\u00f3nde la respuesta de la sociedad ha sido importante<\/p>\n<p>&nbsp;<\/p>\n<p>Explic\u00f3 que hoy el pa\u00eds est\u00e1 bajo amenaza, es por ello el t\u00edtulo de la concentraci\u00f3n, ya que el poder ejecutivo ya copto al poder legislativo, y pretende hacer lo mismo con el poder judicial.<\/p>\n<p>&nbsp;<\/p>\n<p>Adem\u00e1s, la marea rosa est\u00e1 a favor de las instituciones y la no desaparici\u00f3n del INE, INAI y otras m\u00e1s que &#8220;son un contrapeso en el pa\u00eds, y la misi\u00f3n es detener un r\u00e9gimen autoritario y predominante en uno de los poderes&#8221;, recalc\u00f3<\/p>\n<p>&nbsp;<\/p>\n<p>Subray\u00f3 que el color rosa no es propiedad de nadie, ni del INE que adem\u00e1s es una instituci\u00f3n de los mexicanos &#8220;el rosa es un color de todos los mexicanos, y es un distintivo del INE solamente&#8221;.<\/p>\n<p>&nbsp;<\/p>\n<p>La concentraci\u00f3n ciudadana culmin\u00f3 pasadas las 10:30 de la ma\u00f1ana con el c\u00e1ntico del himno nacional por parte de todos los participantes.<\/p>\n<p>&nbsp;<\/p>\n<p>En el lugar se mont\u00f3 una mesa de simulaci\u00f3n del voto con el objetivo de que la poblaci\u00f3n conozca la manera de c\u00f3mo habr\u00e1 de cruzar las cinco boletas, sin el riesgo de que puedan ser anuladas al momento de ser contabilizadas en los consejos del INE o IETAM.<\/p>\n<p>&nbsp;<\/p>\n<p>Participaron organismos como Art\u00edculo 39; Poder Ciudadano; Frente C\u00edvico; Consejos Ciudadanos Mexico, entre otros m\u00e1s<\/p>\n","protected":false},"excerpt":{"rendered":"<p>*la convocatoria en esta ocasi\u00f3n no cumpli\u00f3 con el n\u00famero esperado en cuanto a participantes, sin embargo el mensaje de&hellip;<\/p>\n","protected":false},"author":1,"featured_media":50826,"comment_status":"open","ping_status":"open","sticky":false,"template":"","format":"standard","meta":{"footnotes":""},"categories":[3],"tags":[],"class_list":["post-50825","post","type-post","status-publish","format-standard","has-post-thumbnail","hentry","category-tampico"],"yoast_head":"<!-- This site is optimized with the Yoast SEO plugin v27.4 - https:\/\/yoast.com\/product\/yoast-seo-wordpress\/ -->\n<title>Llegan Casi 500 a la Plaza de la Libertad en Tampico por Marea Rosa\u00a0 - EL INFORMATIVO DE TAMAULIPAS<\/title>\n<meta name=\"description\" content=\"*la convocatoria en esta ocasi\u00f3n no cumpli\u00f3 con el n\u00famero esperado en cuanto a participantes, sin embargo el mensaje de democracia se ha replicado en\" \/>\n<meta name=\"robots\" content=\"index, follow, max-snippet:-1, max-image-preview:large, max-video-preview:-1\" \/>\n<link rel=\"canonical\" href=\"https:\/\/elinformativotam.com\/index.php\/2024\/05\/19\/50825\/\" \/>\n<meta property=\"og:locale\" content=\"es_MX\" \/>\n<meta property=\"og:type\" content=\"article\" \/>\n<meta property=\"og:title\" content=\"Llegan Casi 500 a la Plaza de la Libertad en Tampico por Marea Rosa\u00a0 - EL INFORMATIVO DE TAMAULIPAS\" \/>\n<meta property=\"og:description\" content=\"*la convocatoria en esta ocasi\u00f3n no cumpli\u00f3 con el n\u00famero esperado en cuanto a participantes, sin embargo el mensaje de democracia se ha replicado en\" \/>\n<meta property=\"og:url\" content=\"https:\/\/elinformativotam.com\/index.php\/2024\/05\/19\/50825\/\" \/>\n<meta property=\"og:site_name\" content=\"EL INFORMATIVO DE TAMAULIPAS\" \/>\n<meta property=\"article:published_time\" content=\"2024-05-19T18:15:37+00:00\" \/>\n<meta property=\"article:modified_time\" content=\"2024-05-19T18:15:51+00:00\" \/>\n<meta property=\"og:image\" content=\"https:\/\/elinformativotam.com\/wp-content\/uploads\/2024\/05\/IMG-20240519-WA0046.jpg\" \/>\n\t<meta property=\"og:image:width\" content=\"1600\" \/>\n\t<meta property=\"og:image:height\" content=\"1204\" \/>\n\t<meta property=\"og:image:type\" content=\"image\/jpeg\" \/>\n<meta name=\"author\" content=\"El Informativo Tam\" \/>\n<meta name=\"twitter:card\" content=\"summary_large_image\" \/>\n<meta name=\"twitter:label1\" content=\"Escrito por\" \/>\n\t<meta name=\"twitter:data1\" content=\"El Informativo Tam\" \/>\n\t<meta name=\"twitter:label2\" content=\"Tiempo de lectura\" \/>\n\t<meta name=\"twitter:data2\" content=\"3 minutos\" \/>\n<script type=\"application\/ld+json\" class=\"yoast-schema-graph\">{\"@context\":\"https:\\\/\\\/schema.org\",\"@graph\":[{\"@type\":\"Article\",\"@id\":\"https:\\\/\\\/elinformativotam.com\\\/index.php\\\/2024\\\/05\\\/19\\\/50825\\\/#article\",\"isPartOf\":{\"@id\":\"https:\\\/\\\/elinformativotam.com\\\/index.php\\\/2024\\\/05\\\/19\\\/50825\\\/\"},\"author\":{\"name\":\"El Informativo Tam\",\"@id\":\"https:\\\/\\\/elinformativotam.com\\\/#\\\/schema\\\/person\\\/78e08040eed0f6110f0c5f83b6153590\"},\"headline\":\"Llegan Casi 500 a la Plaza de la Libertad en Tampico por Marea Rosa\u00a0\",\"datePublished\":\"2024-05-19T18:15:37+00:00\",\"dateModified\":\"2024-05-19T18:15:51+00:00\",\"mainEntityOfPage\":{\"@id\":\"https:\\\/\\\/elinformativotam.com\\\/index.php\\\/2024\\\/05\\\/19\\\/50825\\\/\"},\"wordCount\":444,\"commentCount\":0,\"publisher\":{\"@id\":\"https:\\\/\\\/elinformativotam.com\\\/#organization\"},\"image\":{\"@id\":\"https:\\\/\\\/elinformativotam.com\\\/index.php\\\/2024\\\/05\\\/19\\\/50825\\\/#primaryimage\"},\"thumbnailUrl\":\"https:\\\/\\\/elinformativotam.com\\\/wp-content\\\/uploads\\\/2024\\\/05\\\/IMG-20240519-WA0046.jpg\",\"articleSection\":[\"Tampico\"],\"inLanguage\":\"es\",\"potentialAction\":[{\"@type\":\"CommentAction\",\"name\":\"Comment\",\"target\":[\"https:\\\/\\\/elinformativotam.com\\\/index.php\\\/2024\\\/05\\\/19\\\/50825\\\/#respond\"]}]},{\"@type\":\"WebPage\",\"@id\":\"https:\\\/\\\/elinformativotam.com\\\/index.php\\\/2024\\\/05\\\/19\\\/50825\\\/\",\"url\":\"https:\\\/\\\/elinformativotam.com\\\/index.php\\\/2024\\\/05\\\/19\\\/50825\\\/\",\"name\":\"Llegan Casi 500 a la Plaza de la Libertad en Tampico por Marea Rosa\u00a0 - EL INFORMATIVO DE TAMAULIPAS\",\"isPartOf\":{\"@id\":\"https:\\\/\\\/elinformativotam.com\\\/#website\"},\"primaryImageOfPage\":{\"@id\":\"https:\\\/\\\/elinformativotam.com\\\/index.php\\\/2024\\\/05\\\/19\\\/50825\\\/#primaryimage\"},\"image\":{\"@id\":\"https:\\\/\\\/elinformativotam.com\\\/index.php\\\/2024\\\/05\\\/19\\\/50825\\\/#primaryimage\"},\"thumbnailUrl\":\"https:\\\/\\\/elinformativotam.com\\\/wp-content\\\/uploads\\\/2024\\\/05\\\/IMG-20240519-WA0046.jpg\",\"datePublished\":\"2024-05-19T18:15:37+00:00\",\"dateModified\":\"2024-05-19T18:15:51+00:00\",\"description\":\"*la convocatoria en esta ocasi\u00f3n no cumpli\u00f3 con el n\u00famero esperado en cuanto a participantes, sin embargo el mensaje de democracia se ha replicado en\",\"inLanguage\":\"es\",\"potentialAction\":[{\"@type\":\"ReadAction\",\"target\":[\"https:\\\/\\\/elinformativotam.com\\\/index.php\\\/2024\\\/05\\\/19\\\/50825\\\/\"]}]},{\"@type\":\"ImageObject\",\"inLanguage\":\"es\",\"@id\":\"https:\\\/\\\/elinformativotam.com\\\/index.php\\\/2024\\\/05\\\/19\\\/50825\\\/#primaryimage\",\"url\":\"https:\\\/\\\/elinformativotam.com\\\/wp-content\\\/uploads\\\/2024\\\/05\\\/IMG-20240519-WA0046.jpg\",\"contentUrl\":\"https:\\\/\\\/elinformativotam.com\\\/wp-content\\\/uploads\\\/2024\\\/05\\\/IMG-20240519-WA0046.jpg\",\"width\":1600,\"height\":1204},{\"@type\":\"WebSite\",\"@id\":\"https:\\\/\\\/elinformativotam.com\\\/#website\",\"url\":\"https:\\\/\\\/elinformativotam.com\\\/\",\"name\":\"EL INFORMATIVO DE TAMAULIPAS\",\"description\":\"Desde la Zona Metropolitana Para Todo M\u00e9xico\",\"publisher\":{\"@id\":\"https:\\\/\\\/elinformativotam.com\\\/#organization\"},\"potentialAction\":[{\"@type\":\"SearchAction\",\"target\":{\"@type\":\"EntryPoint\",\"urlTemplate\":\"https:\\\/\\\/elinformativotam.com\\\/?s={search_term_string}\"},\"query-input\":{\"@type\":\"PropertyValueSpecification\",\"valueRequired\":true,\"valueName\":\"search_term_string\"}}],\"inLanguage\":\"es\"},{\"@type\":\"Organization\",\"@id\":\"https:\\\/\\\/elinformativotam.com\\\/#organization\",\"name\":\"EL INFORMATIVO DE TAMAULIPAS\",\"url\":\"https:\\\/\\\/elinformativotam.com\\\/\",\"logo\":{\"@type\":\"ImageObject\",\"inLanguage\":\"es\",\"@id\":\"https:\\\/\\\/elinformativotam.com\\\/#\\\/schema\\\/logo\\\/image\\\/\",\"url\":\"https:\\\/\\\/elinformativotam.com\\\/wp-content\\\/uploads\\\/2026\\\/02\\\/Cabezal.png\",\"contentUrl\":\"https:\\\/\\\/elinformativotam.com\\\/wp-content\\\/uploads\\\/2026\\\/02\\\/Cabezal.png\",\"width\":960,\"height\":640,\"caption\":\"EL INFORMATIVO DE TAMAULIPAS\"},\"image\":{\"@id\":\"https:\\\/\\\/elinformativotam.com\\\/#\\\/schema\\\/logo\\\/image\\\/\"}},{\"@type\":\"Person\",\"@id\":\"https:\\\/\\\/elinformativotam.com\\\/#\\\/schema\\\/person\\\/78e08040eed0f6110f0c5f83b6153590\",\"name\":\"El Informativo Tam\",\"image\":{\"@type\":\"ImageObject\",\"inLanguage\":\"es\",\"@id\":\"https:\\\/\\\/secure.gravatar.com\\\/avatar\\\/f3b7ad3af540688955925ac610647be00b0cf41feea9c4978b73a707ee86bc53?s=96&d=mm&r=g\",\"url\":\"https:\\\/\\\/secure.gravatar.com\\\/avatar\\\/f3b7ad3af540688955925ac610647be00b0cf41feea9c4978b73a707ee86bc53?s=96&d=mm&r=g\",\"contentUrl\":\"https:\\\/\\\/secure.gravatar.com\\\/avatar\\\/f3b7ad3af540688955925ac610647be00b0cf41feea9c4978b73a707ee86bc53?s=96&d=mm&r=g\",\"caption\":\"El Informativo Tam\"}}]}<\/script>\n<!-- \/ Yoast SEO plugin. -->","yoast_head_json":{"title":"Llegan Casi 500 a la Plaza de la Libertad en Tampico por Marea Rosa\u00a0 - EL INFORMATIVO DE TAMAULIPAS","description":"*la convocatoria en esta ocasi\u00f3n no cumpli\u00f3 con el n\u00famero esperado en cuanto a participantes, sin embargo el mensaje de democracia se ha replicado en","robots":{"index":"index","follow":"follow","max-snippet":"max-snippet:-1","max-image-preview":"max-image-preview:large","max-video-preview":"max-video-preview:-1"},"canonical":"https:\/\/elinformativotam.com\/index.php\/2024\/05\/19\/50825\/","og_locale":"es_MX","og_type":"article","og_title":"Llegan Casi 500 a la Plaza de la Libertad en Tampico por Marea Rosa\u00a0 - EL INFORMATIVO DE TAMAULIPAS","og_description":"*la convocatoria en esta ocasi\u00f3n no cumpli\u00f3 con el n\u00famero esperado en cuanto a participantes, sin embargo el mensaje de democracia se ha replicado en","og_url":"https:\/\/elinformativotam.com\/index.php\/2024\/05\/19\/50825\/","og_site_name":"EL INFORMATIVO DE TAMAULIPAS","article_published_time":"2024-05-19T18:15:37+00:00","article_modified_time":"2024-05-19T18:15:51+00:00","og_image":[{"width":1600,"height":1204,"url":"https:\/\/elinformativotam.com\/wp-content\/uploads\/2024\/05\/IMG-20240519-WA0046.jpg","type":"image\/jpeg"}],"author":"El Informativo Tam","twitter_card":"summary_large_image","twitter_misc":{"Escrito por":"El Informativo Tam","Tiempo de lectura":"3 minutos"},"schema":{"@context":"https:\/\/schema.org","@graph":[{"@type":"Article","@id":"https:\/\/elinformativotam.com\/index.php\/2024\/05\/19\/50825\/#article","isPartOf":{"@id":"https:\/\/elinformativotam.com\/index.php\/2024\/05\/19\/50825\/"},"author":{"name":"El Informativo Tam","@id":"https:\/\/elinformativotam.com\/#\/schema\/person\/78e08040eed0f6110f0c5f83b6153590"},"headline":"Llegan Casi 500 a la Plaza de la Libertad en Tampico por Marea Rosa\u00a0","datePublished":"2024-05-19T18:15:37+00:00","dateModified":"2024-05-19T18:15:51+00:00","mainEntityOfPage":{"@id":"https:\/\/elinformativotam.com\/index.php\/2024\/05\/19\/50825\/"},"wordCount":444,"commentCount":0,"publisher":{"@id":"https:\/\/elinformativotam.com\/#organization"},"image":{"@id":"https:\/\/elinformativotam.com\/index.php\/2024\/05\/19\/50825\/#primaryimage"},"thumbnailUrl":"https:\/\/elinformativotam.com\/wp-content\/uploads\/2024\/05\/IMG-20240519-WA0046.jpg","articleSection":["Tampico"],"inLanguage":"es","potentialAction":[{"@type":"CommentAction","name":"Comment","target":["https:\/\/elinformativotam.com\/index.php\/2024\/05\/19\/50825\/#respond"]}]},{"@type":"WebPage","@id":"https:\/\/elinformativotam.com\/index.php\/2024\/05\/19\/50825\/","url":"https:\/\/elinformativotam.com\/index.php\/2024\/05\/19\/50825\/","name":"Llegan Casi 500 a la Plaza de la Libertad en Tampico por Marea Rosa\u00a0 - EL INFORMATIVO DE TAMAULIPAS","isPartOf":{"@id":"https:\/\/elinformativotam.com\/#website"},"primaryImageOfPage":{"@id":"https:\/\/elinformativotam.com\/index.php\/2024\/05\/19\/50825\/#primaryimage"},"image":{"@id":"https:\/\/elinformativotam.com\/index.php\/2024\/05\/19\/50825\/#primaryimage"},"thumbnailUrl":"https:\/\/elinformativotam.com\/wp-content\/uploads\/2024\/05\/IMG-20240519-WA0046.jpg","datePublished":"2024-05-19T18:15:37+00:00","dateModified":"2024-05-19T18:15:51+00:00","description":"*la convocatoria en esta ocasi\u00f3n no cumpli\u00f3 con el n\u00famero esperado en cuanto a participantes, sin embargo el mensaje de democracia se ha replicado en","inLanguage":"es","potentialAction":[{"@type":"ReadAction","target":["https:\/\/elinformativotam.com\/index.php\/2024\/05\/19\/50825\/"]}]},{"@type":"ImageObject","inLanguage":"es","@id":"https:\/\/elinformativotam.com\/index.php\/2024\/05\/19\/50825\/#primaryimage","url":"https:\/\/elinformativotam.com\/wp-content\/uploads\/2024\/05\/IMG-20240519-WA0046.jpg","contentUrl":"https:\/\/elinformativotam.com\/wp-content\/uploads\/2024\/05\/IMG-20240519-WA0046.jpg","width":1600,"height":1204},{"@type":"WebSite","@id":"https:\/\/elinformativotam.com\/#website","url":"https:\/\/elinformativotam.com\/","name":"EL INFORMATIVO DE TAMAULIPAS","description":"Desde la Zona Metropolitana Para Todo M\u00e9xico","publisher":{"@id":"https:\/\/elinformativotam.com\/#organization"},"potentialAction":[{"@type":"SearchAction","target":{"@type":"EntryPoint","urlTemplate":"https:\/\/elinformativotam.com\/?s={search_term_string}"},"query-input":{"@type":"PropertyValueSpecification","valueRequired":true,"valueName":"search_term_string"}}],"inLanguage":"es"},{"@type":"Organization","@id":"https:\/\/elinformativotam.com\/#organization","name":"EL INFORMATIVO DE TAMAULIPAS","url":"https:\/\/elinformativotam.com\/","logo":{"@type":"ImageObject","inLanguage":"es","@id":"https:\/\/elinformativotam.com\/#\/schema\/logo\/image\/","url":"https:\/\/elinformativotam.com\/wp-content\/uploads\/2026\/02\/Cabezal.png","contentUrl":"https:\/\/elinformativotam.com\/wp-content\/uploads\/2026\/02\/Cabezal.png","width":960,"height":640,"caption":"EL INFORMATIVO DE TAMAULIPAS"},"image":{"@id":"https:\/\/elinformativotam.com\/#\/schema\/logo\/image\/"}},{"@type":"Person","@id":"https:\/\/elinformativotam.com\/#\/schema\/person\/78e08040eed0f6110f0c5f83b6153590","name":"El Informativo Tam","image":{"@type":"ImageObject","inLanguage":"es","@id":"https:\/\/secure.gravatar.com\/avatar\/f3b7ad3af540688955925ac610647be00b0cf41feea9c4978b73a707ee86bc53?s=96&d=mm&r=g","url":"https:\/\/secure.gravatar.com\/avatar\/f3b7ad3af540688955925ac610647be00b0cf41feea9c4978b73a707ee86bc53?s=96&d=mm&r=g","contentUrl":"https:\/\/secure.gravatar.com\/avatar\/f3b7ad3af540688955925ac610647be00b0cf41feea9c4978b73a707ee86bc53?s=96&d=mm&r=g","caption":"El Informativo Tam"}}]}},"_links":{"self":[{"href":"https:\/\/elinformativotam.com\/index.php\/wp-json\/wp\/v2\/posts\/50825","targetHints":{"allow":["GET"]}}],"collection":[{"href":"https:\/\/elinformativotam.com\/index.php\/wp-json\/wp\/v2\/posts"}],"about":[{"href":"https:\/\/elinformativotam.com\/index.php\/wp-json\/wp\/v2\/types\/post"}],"author":[{"embeddable":true,"href":"https:\/\/elinformativotam.com\/index.php\/wp-json\/wp\/v2\/users\/1"}],"replies":[{"embeddable":true,"href":"https:\/\/elinformativotam.com\/index.php\/wp-json\/wp\/v2\/comments?post=50825"}],"version-history":[{"count":2,"href":"https:\/\/elinformativotam.com\/index.php\/wp-json\/wp\/v2\/posts\/50825\/revisions"}],"predecessor-version":[{"id":50828,"href":"https:\/\/elinformativotam.com\/index.php\/wp-json\/wp\/v2\/posts\/50825\/revisions\/50828"}],"wp:featuredmedia":[{"embeddable":true,"href":"https:\/\/elinformativotam.com\/index.php\/wp-json\/wp\/v2\/media\/50826"}],"wp:attachment":[{"href":"https:\/\/elinformativotam.com\/index.php\/wp-json\/wp\/v2\/media?parent=50825"}],"wp:term":[{"taxonomy":"category","embeddable":true,"href":"https:\/\/elinformativotam.com\/index.php\/wp-json\/wp\/v2\/categories?post=50825"},{"taxonomy":"post_tag","embeddable":true,"href":"https:\/\/elinformativotam.com\/index.php\/wp-json\/wp\/v2\/tags?post=50825"}],"curies":[{"name":"wp","href":"https:\/\/api.w.org\/{rel}","templated":true}]}}