{"id":50818,"date":"2024-05-17T23:55:16","date_gmt":"2024-05-18T05:55:16","guid":{"rendered":"https:\/\/elinformativotam.com\/?p=50818"},"modified":"2024-05-17T23:55:16","modified_gmt":"2024-05-18T05:55:16","slug":"pide-candidata-de-mc-a-la-alcaldia-de-madero-a-candidatos-y-partidos-civilidad-politica-y-respeto-en-este-cierre-del-proceso-electoral","status":"publish","type":"post","link":"https:\/\/elinformativotam.com\/index.php\/2024\/05\/17\/pide-candidata-de-mc-a-la-alcaldia-de-madero-a-candidatos-y-partidos-civilidad-politica-y-respeto-en-este-cierre-del-proceso-electoral\/","title":{"rendered":"PIDE CANDIDATA DE MC A LA ALCALD\u00cdA DE MADERO A CANDIDATOS Y PARTIDOS, CIVILIDAD POL\u00cdTICA Y RESPETO EN ESTE CIERRE DEL PROCESO ELECTORAL."},"content":{"rendered":"<p>Cd. Madero, Tamaulipas. &#8211; La candidata a la presidencia municipal de Ciudad Madero por Movimiento Ciudadano, Marisela N\u00fa\u00f1ez, ha hecho un llamado enf\u00e1tico al respeto y a la civilidad pol\u00edtica tras los recientes eventos de violencia en su integridad y la de sus seguidores.<\/p>\n<p>&nbsp;<\/p>\n<p>Durante una coincidencia de brigadas de impacto en la Plaza Jalisco, simpatizantes de un partido contrincante agredieron verbal y f\u00edsicamente a miembros de Movimiento Ciudadano, incluyendo a la propia N\u00fa\u00f1ez, quien fue empujada.<\/p>\n<p>&nbsp;<\/p>\n<p>La candidata ha expresado su preocupaci\u00f3n, se\u00f1alando que estos actos pueden ser considerados como Violencia Pol\u00edtica de G\u00e9nero, dada su posici\u00f3n como la \u00fanica mujer contendiente a la alcald\u00eda de Ciudad Madero. N\u00fa\u00f1ez ha advertido que, de persistir estas conductas violentas, no dudar\u00e1 en acudir a las autoridades para presentar las denuncias judiciales correspondientes.<\/p>\n<p>&nbsp;<\/p>\n<p>Este incidente resalta la necesidad urgente de un ambiente pol\u00edtico seguro y respetuoso, donde se puedan compartir y debatir ideas sin temor a represalias f\u00edsicas o verbales. Marisela N\u00fa\u00f1ez insta a todos los partidos pol\u00edticos y sus seguidores a mantener un comportamiento digno y constructivo, en l\u00ednea con los valores democr\u00e1ticos y el bienestar de la comunidad maderense.<\/p>\n<p>&nbsp;<\/p>\n<p>En ese sentido, MC reafirma su compromiso con una campa\u00f1a limpia, de propuestas y visi\u00f3n por un Ciudad Madero moderno y progresista. Un Municipio Verde, Solidario, Saludable y Sobresaliente, pero ante todo enfocado a la familia.<\/p>\n<p>&nbsp;<\/p>\n<p>En un contexto donde la equidad de g\u00e9nero y el empoderamiento femenino son temas de gran importancia, la postura de Marisela N\u00fa\u00f1ez destaca como un llamado a la reflexi\u00f3n y acci\u00f3n para garantizar que la pol\u00edtica sea un espacio seguro para todas y todos.<\/p>\n<p>&nbsp;<\/p>\n","protected":false},"excerpt":{"rendered":"<p>Cd. Madero, Tamaulipas. &#8211; La candidata a la presidencia municipal de Ciudad Madero por Movimiento Ciudadano, Marisela N\u00fa\u00f1ez, ha hecho&hellip;<\/p>\n","protected":false},"author":1,"featured_media":50819,"comment_status":"open","ping_status":"open","sticky":false,"template":"","format":"standard","meta":{"footnotes":""},"categories":[4],"tags":[],"class_list":["post-50818","post","type-post","status-publish","format-standard","has-post-thumbnail","hentry","category-madero"],"yoast_head":"<!-- This site is optimized with the Yoast SEO plugin v27.4 - https:\/\/yoast.com\/product\/yoast-seo-wordpress\/ -->\n<title>PIDE CANDIDATA DE MC A LA ALCALD\u00cdA DE MADERO A CANDIDATOS Y PARTIDOS, CIVILIDAD POL\u00cdTICA Y RESPETO EN ESTE CIERRE DEL PROCESO ELECTORAL. - EL INFORMATIVO DE TAMAULIPAS<\/title>\n<meta name=\"description\" content=\"Cd. Madero, Tamaulipas. - La candidata a la presidencia municipal de Ciudad Madero por Movimiento Ciudadano, Marisela N\u00fa\u00f1ez, ha hecho un llamado enf\u00e1tico\" \/>\n<meta name=\"robots\" content=\"index, follow, max-snippet:-1, max-image-preview:large, max-video-preview:-1\" \/>\n<link rel=\"canonical\" href=\"https:\/\/elinformativotam.com\/index.php\/2024\/05\/17\/pide-candidata-de-mc-a-la-alcaldia-de-madero-a-candidatos-y-partidos-civilidad-politica-y-respeto-en-este-cierre-del-proceso-electoral\/\" \/>\n<meta property=\"og:locale\" content=\"es_MX\" \/>\n<meta property=\"og:type\" content=\"article\" \/>\n<meta property=\"og:title\" content=\"PIDE CANDIDATA DE MC A LA ALCALD\u00cdA DE MADERO A CANDIDATOS Y PARTIDOS, CIVILIDAD POL\u00cdTICA Y RESPETO EN ESTE CIERRE DEL PROCESO ELECTORAL. - EL INFORMATIVO DE TAMAULIPAS\" \/>\n<meta property=\"og:description\" content=\"Cd. Madero, Tamaulipas. - La candidata a la presidencia municipal de Ciudad Madero por Movimiento Ciudadano, Marisela N\u00fa\u00f1ez, ha hecho un llamado enf\u00e1tico\" \/>\n<meta property=\"og:url\" content=\"https:\/\/elinformativotam.com\/index.php\/2024\/05\/17\/pide-candidata-de-mc-a-la-alcaldia-de-madero-a-candidatos-y-partidos-civilidad-politica-y-respeto-en-este-cierre-del-proceso-electoral\/\" \/>\n<meta property=\"og:site_name\" content=\"EL INFORMATIVO DE TAMAULIPAS\" \/>\n<meta property=\"article:published_time\" content=\"2024-05-18T05:55:16+00:00\" \/>\n<meta property=\"og:image\" content=\"https:\/\/elinformativotam.com\/wp-content\/uploads\/2024\/05\/Marisela.jpeg\" \/>\n\t<meta property=\"og:image:width\" content=\"1280\" \/>\n\t<meta property=\"og:image:height\" content=\"720\" \/>\n\t<meta property=\"og:image:type\" content=\"image\/jpeg\" \/>\n<meta name=\"author\" content=\"El Informativo Tam\" \/>\n<meta name=\"twitter:card\" content=\"summary_large_image\" \/>\n<meta name=\"twitter:label1\" content=\"Escrito por\" \/>\n\t<meta name=\"twitter:data1\" content=\"El Informativo Tam\" \/>\n\t<meta name=\"twitter:label2\" content=\"Tiempo de lectura\" \/>\n\t<meta name=\"twitter:data2\" content=\"2 minutos\" \/>\n<script type=\"application\/ld+json\" class=\"yoast-schema-graph\">{\"@context\":\"https:\\\/\\\/schema.org\",\"@graph\":[{\"@type\":\"Article\",\"@id\":\"https:\\\/\\\/elinformativotam.com\\\/index.php\\\/2024\\\/05\\\/17\\\/pide-candidata-de-mc-a-la-alcaldia-de-madero-a-candidatos-y-partidos-civilidad-politica-y-respeto-en-este-cierre-del-proceso-electoral\\\/#article\",\"isPartOf\":{\"@id\":\"https:\\\/\\\/elinformativotam.com\\\/index.php\\\/2024\\\/05\\\/17\\\/pide-candidata-de-mc-a-la-alcaldia-de-madero-a-candidatos-y-partidos-civilidad-politica-y-respeto-en-este-cierre-del-proceso-electoral\\\/\"},\"author\":{\"name\":\"El Informativo Tam\",\"@id\":\"https:\\\/\\\/elinformativotam.com\\\/#\\\/schema\\\/person\\\/78e08040eed0f6110f0c5f83b6153590\"},\"headline\":\"PIDE CANDIDATA DE MC A LA ALCALD\u00cdA DE MADERO A CANDIDATOS Y PARTIDOS, CIVILIDAD POL\u00cdTICA Y RESPETO EN ESTE CIERRE DEL PROCESO ELECTORAL.\",\"datePublished\":\"2024-05-18T05:55:16+00:00\",\"mainEntityOfPage\":{\"@id\":\"https:\\\/\\\/elinformativotam.com\\\/index.php\\\/2024\\\/05\\\/17\\\/pide-candidata-de-mc-a-la-alcaldia-de-madero-a-candidatos-y-partidos-civilidad-politica-y-respeto-en-este-cierre-del-proceso-electoral\\\/\"},\"wordCount\":325,\"commentCount\":0,\"publisher\":{\"@id\":\"https:\\\/\\\/elinformativotam.com\\\/#organization\"},\"image\":{\"@id\":\"https:\\\/\\\/elinformativotam.com\\\/index.php\\\/2024\\\/05\\\/17\\\/pide-candidata-de-mc-a-la-alcaldia-de-madero-a-candidatos-y-partidos-civilidad-politica-y-respeto-en-este-cierre-del-proceso-electoral\\\/#primaryimage\"},\"thumbnailUrl\":\"https:\\\/\\\/elinformativotam.com\\\/wp-content\\\/uploads\\\/2024\\\/05\\\/Marisela.jpeg\",\"articleSection\":[\"Cd Madero\"],\"inLanguage\":\"es\",\"potentialAction\":[{\"@type\":\"CommentAction\",\"name\":\"Comment\",\"target\":[\"https:\\\/\\\/elinformativotam.com\\\/index.php\\\/2024\\\/05\\\/17\\\/pide-candidata-de-mc-a-la-alcaldia-de-madero-a-candidatos-y-partidos-civilidad-politica-y-respeto-en-este-cierre-del-proceso-electoral\\\/#respond\"]}]},{\"@type\":\"WebPage\",\"@id\":\"https:\\\/\\\/elinformativotam.com\\\/index.php\\\/2024\\\/05\\\/17\\\/pide-candidata-de-mc-a-la-alcaldia-de-madero-a-candidatos-y-partidos-civilidad-politica-y-respeto-en-este-cierre-del-proceso-electoral\\\/\",\"url\":\"https:\\\/\\\/elinformativotam.com\\\/index.php\\\/2024\\\/05\\\/17\\\/pide-candidata-de-mc-a-la-alcaldia-de-madero-a-candidatos-y-partidos-civilidad-politica-y-respeto-en-este-cierre-del-proceso-electoral\\\/\",\"name\":\"PIDE CANDIDATA DE MC A LA ALCALD\u00cdA DE MADERO A CANDIDATOS Y PARTIDOS, CIVILIDAD POL\u00cdTICA Y RESPETO EN ESTE CIERRE DEL PROCESO ELECTORAL. - EL INFORMATIVO DE TAMAULIPAS\",\"isPartOf\":{\"@id\":\"https:\\\/\\\/elinformativotam.com\\\/#website\"},\"primaryImageOfPage\":{\"@id\":\"https:\\\/\\\/elinformativotam.com\\\/index.php\\\/2024\\\/05\\\/17\\\/pide-candidata-de-mc-a-la-alcaldia-de-madero-a-candidatos-y-partidos-civilidad-politica-y-respeto-en-este-cierre-del-proceso-electoral\\\/#primaryimage\"},\"image\":{\"@id\":\"https:\\\/\\\/elinformativotam.com\\\/index.php\\\/2024\\\/05\\\/17\\\/pide-candidata-de-mc-a-la-alcaldia-de-madero-a-candidatos-y-partidos-civilidad-politica-y-respeto-en-este-cierre-del-proceso-electoral\\\/#primaryimage\"},\"thumbnailUrl\":\"https:\\\/\\\/elinformativotam.com\\\/wp-content\\\/uploads\\\/2024\\\/05\\\/Marisela.jpeg\",\"datePublished\":\"2024-05-18T05:55:16+00:00\",\"description\":\"Cd. Madero, Tamaulipas. - La candidata a la presidencia municipal de Ciudad Madero por Movimiento Ciudadano, Marisela N\u00fa\u00f1ez, ha hecho un llamado enf\u00e1tico\",\"inLanguage\":\"es\",\"potentialAction\":[{\"@type\":\"ReadAction\",\"target\":[\"https:\\\/\\\/elinformativotam.com\\\/index.php\\\/2024\\\/05\\\/17\\\/pide-candidata-de-mc-a-la-alcaldia-de-madero-a-candidatos-y-partidos-civilidad-politica-y-respeto-en-este-cierre-del-proceso-electoral\\\/\"]}]},{\"@type\":\"ImageObject\",\"inLanguage\":\"es\",\"@id\":\"https:\\\/\\\/elinformativotam.com\\\/index.php\\\/2024\\\/05\\\/17\\\/pide-candidata-de-mc-a-la-alcaldia-de-madero-a-candidatos-y-partidos-civilidad-politica-y-respeto-en-este-cierre-del-proceso-electoral\\\/#primaryimage\",\"url\":\"https:\\\/\\\/elinformativotam.com\\\/wp-content\\\/uploads\\\/2024\\\/05\\\/Marisela.jpeg\",\"contentUrl\":\"https:\\\/\\\/elinformativotam.com\\\/wp-content\\\/uploads\\\/2024\\\/05\\\/Marisela.jpeg\",\"width\":1280,\"height\":720},{\"@type\":\"WebSite\",\"@id\":\"https:\\\/\\\/elinformativotam.com\\\/#website\",\"url\":\"https:\\\/\\\/elinformativotam.com\\\/\",\"name\":\"EL INFORMATIVO DE TAMAULIPAS\",\"description\":\"Desde la Zona Metropolitana Para Todo M\u00e9xico\",\"publisher\":{\"@id\":\"https:\\\/\\\/elinformativotam.com\\\/#organization\"},\"potentialAction\":[{\"@type\":\"SearchAction\",\"target\":{\"@type\":\"EntryPoint\",\"urlTemplate\":\"https:\\\/\\\/elinformativotam.com\\\/?s={search_term_string}\"},\"query-input\":{\"@type\":\"PropertyValueSpecification\",\"valueRequired\":true,\"valueName\":\"search_term_string\"}}],\"inLanguage\":\"es\"},{\"@type\":\"Organization\",\"@id\":\"https:\\\/\\\/elinformativotam.com\\\/#organization\",\"name\":\"EL INFORMATIVO DE TAMAULIPAS\",\"url\":\"https:\\\/\\\/elinformativotam.com\\\/\",\"logo\":{\"@type\":\"ImageObject\",\"inLanguage\":\"es\",\"@id\":\"https:\\\/\\\/elinformativotam.com\\\/#\\\/schema\\\/logo\\\/image\\\/\",\"url\":\"https:\\\/\\\/elinformativotam.com\\\/wp-content\\\/uploads\\\/2026\\\/02\\\/Cabezal.png\",\"contentUrl\":\"https:\\\/\\\/elinformativotam.com\\\/wp-content\\\/uploads\\\/2026\\\/02\\\/Cabezal.png\",\"width\":960,\"height\":640,\"caption\":\"EL INFORMATIVO DE TAMAULIPAS\"},\"image\":{\"@id\":\"https:\\\/\\\/elinformativotam.com\\\/#\\\/schema\\\/logo\\\/image\\\/\"}},{\"@type\":\"Person\",\"@id\":\"https:\\\/\\\/elinformativotam.com\\\/#\\\/schema\\\/person\\\/78e08040eed0f6110f0c5f83b6153590\",\"name\":\"El Informativo Tam\",\"image\":{\"@type\":\"ImageObject\",\"inLanguage\":\"es\",\"@id\":\"https:\\\/\\\/secure.gravatar.com\\\/avatar\\\/f3b7ad3af540688955925ac610647be00b0cf41feea9c4978b73a707ee86bc53?s=96&d=mm&r=g\",\"url\":\"https:\\\/\\\/secure.gravatar.com\\\/avatar\\\/f3b7ad3af540688955925ac610647be00b0cf41feea9c4978b73a707ee86bc53?s=96&d=mm&r=g\",\"contentUrl\":\"https:\\\/\\\/secure.gravatar.com\\\/avatar\\\/f3b7ad3af540688955925ac610647be00b0cf41feea9c4978b73a707ee86bc53?s=96&d=mm&r=g\",\"caption\":\"El Informativo Tam\"}}]}<\/script>\n<!-- \/ Yoast SEO plugin. -->","yoast_head_json":{"title":"PIDE CANDIDATA DE MC A LA ALCALD\u00cdA DE MADERO A CANDIDATOS Y PARTIDOS, CIVILIDAD POL\u00cdTICA Y RESPETO EN ESTE CIERRE DEL PROCESO ELECTORAL. - EL INFORMATIVO DE TAMAULIPAS","description":"Cd. Madero, Tamaulipas. - La candidata a la presidencia municipal de Ciudad Madero por Movimiento Ciudadano, Marisela N\u00fa\u00f1ez, ha hecho un llamado enf\u00e1tico","robots":{"index":"index","follow":"follow","max-snippet":"max-snippet:-1","max-image-preview":"max-image-preview:large","max-video-preview":"max-video-preview:-1"},"canonical":"https:\/\/elinformativotam.com\/index.php\/2024\/05\/17\/pide-candidata-de-mc-a-la-alcaldia-de-madero-a-candidatos-y-partidos-civilidad-politica-y-respeto-en-este-cierre-del-proceso-electoral\/","og_locale":"es_MX","og_type":"article","og_title":"PIDE CANDIDATA DE MC A LA ALCALD\u00cdA DE MADERO A CANDIDATOS Y PARTIDOS, CIVILIDAD POL\u00cdTICA Y RESPETO EN ESTE CIERRE DEL PROCESO ELECTORAL. - EL INFORMATIVO DE TAMAULIPAS","og_description":"Cd. Madero, Tamaulipas. - La candidata a la presidencia municipal de Ciudad Madero por Movimiento Ciudadano, Marisela N\u00fa\u00f1ez, ha hecho un llamado enf\u00e1tico","og_url":"https:\/\/elinformativotam.com\/index.php\/2024\/05\/17\/pide-candidata-de-mc-a-la-alcaldia-de-madero-a-candidatos-y-partidos-civilidad-politica-y-respeto-en-este-cierre-del-proceso-electoral\/","og_site_name":"EL INFORMATIVO DE TAMAULIPAS","article_published_time":"2024-05-18T05:55:16+00:00","og_image":[{"width":1280,"height":720,"url":"https:\/\/elinformativotam.com\/wp-content\/uploads\/2024\/05\/Marisela.jpeg","type":"image\/jpeg"}],"author":"El Informativo Tam","twitter_card":"summary_large_image","twitter_misc":{"Escrito por":"El Informativo Tam","Tiempo de lectura":"2 minutos"},"schema":{"@context":"https:\/\/schema.org","@graph":[{"@type":"Article","@id":"https:\/\/elinformativotam.com\/index.php\/2024\/05\/17\/pide-candidata-de-mc-a-la-alcaldia-de-madero-a-candidatos-y-partidos-civilidad-politica-y-respeto-en-este-cierre-del-proceso-electoral\/#article","isPartOf":{"@id":"https:\/\/elinformativotam.com\/index.php\/2024\/05\/17\/pide-candidata-de-mc-a-la-alcaldia-de-madero-a-candidatos-y-partidos-civilidad-politica-y-respeto-en-este-cierre-del-proceso-electoral\/"},"author":{"name":"El Informativo Tam","@id":"https:\/\/elinformativotam.com\/#\/schema\/person\/78e08040eed0f6110f0c5f83b6153590"},"headline":"PIDE CANDIDATA DE MC A LA ALCALD\u00cdA DE MADERO A CANDIDATOS Y PARTIDOS, CIVILIDAD POL\u00cdTICA Y RESPETO EN ESTE CIERRE DEL PROCESO ELECTORAL.","datePublished":"2024-05-18T05:55:16+00:00","mainEntityOfPage":{"@id":"https:\/\/elinformativotam.com\/index.php\/2024\/05\/17\/pide-candidata-de-mc-a-la-alcaldia-de-madero-a-candidatos-y-partidos-civilidad-politica-y-respeto-en-este-cierre-del-proceso-electoral\/"},"wordCount":325,"commentCount":0,"publisher":{"@id":"https:\/\/elinformativotam.com\/#organization"},"image":{"@id":"https:\/\/elinformativotam.com\/index.php\/2024\/05\/17\/pide-candidata-de-mc-a-la-alcaldia-de-madero-a-candidatos-y-partidos-civilidad-politica-y-respeto-en-este-cierre-del-proceso-electoral\/#primaryimage"},"thumbnailUrl":"https:\/\/elinformativotam.com\/wp-content\/uploads\/2024\/05\/Marisela.jpeg","articleSection":["Cd Madero"],"inLanguage":"es","potentialAction":[{"@type":"CommentAction","name":"Comment","target":["https:\/\/elinformativotam.com\/index.php\/2024\/05\/17\/pide-candidata-de-mc-a-la-alcaldia-de-madero-a-candidatos-y-partidos-civilidad-politica-y-respeto-en-este-cierre-del-proceso-electoral\/#respond"]}]},{"@type":"WebPage","@id":"https:\/\/elinformativotam.com\/index.php\/2024\/05\/17\/pide-candidata-de-mc-a-la-alcaldia-de-madero-a-candidatos-y-partidos-civilidad-politica-y-respeto-en-este-cierre-del-proceso-electoral\/","url":"https:\/\/elinformativotam.com\/index.php\/2024\/05\/17\/pide-candidata-de-mc-a-la-alcaldia-de-madero-a-candidatos-y-partidos-civilidad-politica-y-respeto-en-este-cierre-del-proceso-electoral\/","name":"PIDE CANDIDATA DE MC A LA ALCALD\u00cdA DE MADERO A CANDIDATOS Y PARTIDOS, CIVILIDAD POL\u00cdTICA Y RESPETO EN ESTE CIERRE DEL PROCESO ELECTORAL. - EL INFORMATIVO DE TAMAULIPAS","isPartOf":{"@id":"https:\/\/elinformativotam.com\/#website"},"primaryImageOfPage":{"@id":"https:\/\/elinformativotam.com\/index.php\/2024\/05\/17\/pide-candidata-de-mc-a-la-alcaldia-de-madero-a-candidatos-y-partidos-civilidad-politica-y-respeto-en-este-cierre-del-proceso-electoral\/#primaryimage"},"image":{"@id":"https:\/\/elinformativotam.com\/index.php\/2024\/05\/17\/pide-candidata-de-mc-a-la-alcaldia-de-madero-a-candidatos-y-partidos-civilidad-politica-y-respeto-en-este-cierre-del-proceso-electoral\/#primaryimage"},"thumbnailUrl":"https:\/\/elinformativotam.com\/wp-content\/uploads\/2024\/05\/Marisela.jpeg","datePublished":"2024-05-18T05:55:16+00:00","description":"Cd. Madero, Tamaulipas. - La candidata a la presidencia municipal de Ciudad Madero por Movimiento Ciudadano, Marisela N\u00fa\u00f1ez, ha hecho un llamado enf\u00e1tico","inLanguage":"es","potentialAction":[{"@type":"ReadAction","target":["https:\/\/elinformativotam.com\/index.php\/2024\/05\/17\/pide-candidata-de-mc-a-la-alcaldia-de-madero-a-candidatos-y-partidos-civilidad-politica-y-respeto-en-este-cierre-del-proceso-electoral\/"]}]},{"@type":"ImageObject","inLanguage":"es","@id":"https:\/\/elinformativotam.com\/index.php\/2024\/05\/17\/pide-candidata-de-mc-a-la-alcaldia-de-madero-a-candidatos-y-partidos-civilidad-politica-y-respeto-en-este-cierre-del-proceso-electoral\/#primaryimage","url":"https:\/\/elinformativotam.com\/wp-content\/uploads\/2024\/05\/Marisela.jpeg","contentUrl":"https:\/\/elinformativotam.com\/wp-content\/uploads\/2024\/05\/Marisela.jpeg","width":1280,"height":720},{"@type":"WebSite","@id":"https:\/\/elinformativotam.com\/#website","url":"https:\/\/elinformativotam.com\/","name":"EL INFORMATIVO DE TAMAULIPAS","description":"Desde la Zona Metropolitana Para Todo M\u00e9xico","publisher":{"@id":"https:\/\/elinformativotam.com\/#organization"},"potentialAction":[{"@type":"SearchAction","target":{"@type":"EntryPoint","urlTemplate":"https:\/\/elinformativotam.com\/?s={search_term_string}"},"query-input":{"@type":"PropertyValueSpecification","valueRequired":true,"valueName":"search_term_string"}}],"inLanguage":"es"},{"@type":"Organization","@id":"https:\/\/elinformativotam.com\/#organization","name":"EL INFORMATIVO DE TAMAULIPAS","url":"https:\/\/elinformativotam.com\/","logo":{"@type":"ImageObject","inLanguage":"es","@id":"https:\/\/elinformativotam.com\/#\/schema\/logo\/image\/","url":"https:\/\/elinformativotam.com\/wp-content\/uploads\/2026\/02\/Cabezal.png","contentUrl":"https:\/\/elinformativotam.com\/wp-content\/uploads\/2026\/02\/Cabezal.png","width":960,"height":640,"caption":"EL INFORMATIVO DE TAMAULIPAS"},"image":{"@id":"https:\/\/elinformativotam.com\/#\/schema\/logo\/image\/"}},{"@type":"Person","@id":"https:\/\/elinformativotam.com\/#\/schema\/person\/78e08040eed0f6110f0c5f83b6153590","name":"El Informativo Tam","image":{"@type":"ImageObject","inLanguage":"es","@id":"https:\/\/secure.gravatar.com\/avatar\/f3b7ad3af540688955925ac610647be00b0cf41feea9c4978b73a707ee86bc53?s=96&d=mm&r=g","url":"https:\/\/secure.gravatar.com\/avatar\/f3b7ad3af540688955925ac610647be00b0cf41feea9c4978b73a707ee86bc53?s=96&d=mm&r=g","contentUrl":"https:\/\/secure.gravatar.com\/avatar\/f3b7ad3af540688955925ac610647be00b0cf41feea9c4978b73a707ee86bc53?s=96&d=mm&r=g","caption":"El Informativo Tam"}}]}},"_links":{"self":[{"href":"https:\/\/elinformativotam.com\/index.php\/wp-json\/wp\/v2\/posts\/50818","targetHints":{"allow":["GET"]}}],"collection":[{"href":"https:\/\/elinformativotam.com\/index.php\/wp-json\/wp\/v2\/posts"}],"about":[{"href":"https:\/\/elinformativotam.com\/index.php\/wp-json\/wp\/v2\/types\/post"}],"author":[{"embeddable":true,"href":"https:\/\/elinformativotam.com\/index.php\/wp-json\/wp\/v2\/users\/1"}],"replies":[{"embeddable":true,"href":"https:\/\/elinformativotam.com\/index.php\/wp-json\/wp\/v2\/comments?post=50818"}],"version-history":[{"count":1,"href":"https:\/\/elinformativotam.com\/index.php\/wp-json\/wp\/v2\/posts\/50818\/revisions"}],"predecessor-version":[{"id":50820,"href":"https:\/\/elinformativotam.com\/index.php\/wp-json\/wp\/v2\/posts\/50818\/revisions\/50820"}],"wp:featuredmedia":[{"embeddable":true,"href":"https:\/\/elinformativotam.com\/index.php\/wp-json\/wp\/v2\/media\/50819"}],"wp:attachment":[{"href":"https:\/\/elinformativotam.com\/index.php\/wp-json\/wp\/v2\/media?parent=50818"}],"wp:term":[{"taxonomy":"category","embeddable":true,"href":"https:\/\/elinformativotam.com\/index.php\/wp-json\/wp\/v2\/categories?post=50818"},{"taxonomy":"post_tag","embeddable":true,"href":"https:\/\/elinformativotam.com\/index.php\/wp-json\/wp\/v2\/tags?post=50818"}],"curies":[{"name":"wp","href":"https:\/\/api.w.org\/{rel}","templated":true}]}}