{"id":50810,"date":"2024-05-17T23:45:45","date_gmt":"2024-05-18T05:45:45","guid":{"rendered":"https:\/\/elinformativotam.com\/?p=50810"},"modified":"2024-05-17T23:45:45","modified_gmt":"2024-05-18T05:45:45","slug":"protestan-vecinos-por-ataques-de-perros-en-colonia-arbol-grande","status":"publish","type":"post","link":"https:\/\/elinformativotam.com\/index.php\/2024\/05\/17\/protestan-vecinos-por-ataques-de-perros-en-colonia-arbol-grande\/","title":{"rendered":"PROTESTAN VECINOS POR ATAQUES DE PERROS EN COLONIA \u00c1RBOL GRANDE."},"content":{"rendered":"<p><img loading=\"lazy\" decoding=\"async\" class=\"size-medium wp-image-50811 alignleft\" src=\"https:\/\/elinformativotam.com\/wp-content\/uploads\/2024\/05\/Mordida1-274x365.jpeg\" alt=\"\" width=\"274\" height=\"365\" srcset=\"https:\/\/elinformativotam.com\/wp-content\/uploads\/2024\/05\/Mordida1-274x365.jpeg 274w, https:\/\/elinformativotam.com\/wp-content\/uploads\/2024\/05\/Mordida1-630x840.jpeg 630w, https:\/\/elinformativotam.com\/wp-content\/uploads\/2024\/05\/Mordida1-768x1024.jpeg 768w, https:\/\/elinformativotam.com\/wp-content\/uploads\/2024\/05\/Mordida1.jpeg 960w\" sizes=\"auto, (max-width: 274px) 100vw, 274px\" \/>Cd. Madero, Tamaulipas.- Vecinos de la colonia \u00c1rbol Grande de Ciudad Madero protestaron por la falta de atenci\u00f3n a un problema que consideran grave, debido a que se han registrado 25 casos de agresi\u00f3n de un grupo de 5 perros a quienes transitan por el sector.<\/p>\n<p>&nbsp;<\/p>\n<p>El se\u00f1or, Juan Carlos Mart\u00ednez, residente del lugar, dijo que se tienen registradas 25 agresiones contra habitantes de este sector por parte de estos animales, los cuales son sacados por sus due\u00f1os de la vivienda donde se encuentran para que deambulen por las calles.<\/p>\n<p><img loading=\"lazy\" decoding=\"async\" class=\" wp-image-50813 alignleft\" src=\"https:\/\/elinformativotam.com\/wp-content\/uploads\/2024\/05\/Protesta-Perros-548x365.jpeg\" alt=\"\" width=\"480\" height=\"320\" srcset=\"https:\/\/elinformativotam.com\/wp-content\/uploads\/2024\/05\/Protesta-Perros-548x365.jpeg 548w, https:\/\/elinformativotam.com\/wp-content\/uploads\/2024\/05\/Protesta-Perros-840x560.jpeg 840w, https:\/\/elinformativotam.com\/wp-content\/uploads\/2024\/05\/Protesta-Perros-768x512.jpeg 768w, https:\/\/elinformativotam.com\/wp-content\/uploads\/2024\/05\/Protesta-Perros.jpeg 1280w\" sizes=\"auto, (max-width: 480px) 100vw, 480px\" \/><\/p>\n<p>Dijo que desde el mes de marzo se report\u00f3 este hecho ante la direcci\u00f3n de protecci\u00f3n animal del municipio, documentando las agresiones, las cuales han dejado lesiones a las personas.<\/p>\n<p>&nbsp;<\/p>\n<p>Indic\u00f3 que el caso m\u00e1s reciente es el de una mujer de la tercera edad, quien al caminar por la calle centenario fue agredida por los perros, siendo auxiliado por dos personas que andaban cerca para ahuyentar a los animales, pues la mujer cay\u00f3 al suelo debido a la agresi\u00f3n, provoc\u00e1ndole problemas de salud a la f\u00e9mina al tener diabetes.<\/p>\n<p>&nbsp;<\/p>\n","protected":false},"excerpt":{"rendered":"<p>Cd. Madero, Tamaulipas.- Vecinos de la colonia \u00c1rbol Grande de Ciudad Madero protestaron por la falta de atenci\u00f3n a un&hellip;<\/p>\n","protected":false},"author":1,"featured_media":50812,"comment_status":"open","ping_status":"open","sticky":false,"template":"","format":"standard","meta":{"footnotes":""},"categories":[4],"tags":[],"class_list":["post-50810","post","type-post","status-publish","format-standard","has-post-thumbnail","hentry","category-madero"],"yoast_head":"<!-- This site is optimized with the Yoast SEO plugin v27.4 - https:\/\/yoast.com\/product\/yoast-seo-wordpress\/ -->\n<title>PROTESTAN VECINOS POR ATAQUES DE PERROS EN COLONIA \u00c1RBOL GRANDE. - EL INFORMATIVO DE TAMAULIPAS<\/title>\n<meta name=\"description\" content=\"Cd. Madero, Tamaulipas.- Vecinos de la colonia \u00c1rbol Grande de Ciudad Madero protestaron por la falta de atenci\u00f3n a un problema que consideran grave,\" \/>\n<meta name=\"robots\" content=\"index, follow, max-snippet:-1, max-image-preview:large, max-video-preview:-1\" \/>\n<link rel=\"canonical\" href=\"https:\/\/elinformativotam.com\/index.php\/2024\/05\/17\/protestan-vecinos-por-ataques-de-perros-en-colonia-arbol-grande\/\" \/>\n<meta property=\"og:locale\" content=\"es_MX\" \/>\n<meta property=\"og:type\" content=\"article\" \/>\n<meta property=\"og:title\" content=\"PROTESTAN VECINOS POR ATAQUES DE PERROS EN COLONIA \u00c1RBOL GRANDE. - EL INFORMATIVO DE TAMAULIPAS\" \/>\n<meta property=\"og:description\" content=\"Cd. Madero, Tamaulipas.- Vecinos de la colonia \u00c1rbol Grande de Ciudad Madero protestaron por la falta de atenci\u00f3n a un problema que consideran grave,\" \/>\n<meta property=\"og:url\" content=\"https:\/\/elinformativotam.com\/index.php\/2024\/05\/17\/protestan-vecinos-por-ataques-de-perros-en-colonia-arbol-grande\/\" \/>\n<meta property=\"og:site_name\" content=\"EL INFORMATIVO DE TAMAULIPAS\" \/>\n<meta property=\"article:published_time\" content=\"2024-05-18T05:45:45+00:00\" \/>\n<meta property=\"og:image\" content=\"https:\/\/elinformativotam.com\/wp-content\/uploads\/2024\/05\/Mordida.jpeg\" \/>\n\t<meta property=\"og:image:width\" content=\"1200\" \/>\n\t<meta property=\"og:image:height\" content=\"1600\" \/>\n\t<meta property=\"og:image:type\" content=\"image\/jpeg\" \/>\n<meta name=\"author\" content=\"El Informativo Tam\" \/>\n<meta name=\"twitter:card\" content=\"summary_large_image\" \/>\n<meta name=\"twitter:label1\" content=\"Escrito por\" \/>\n\t<meta name=\"twitter:data1\" content=\"El Informativo Tam\" \/>\n\t<meta name=\"twitter:label2\" content=\"Tiempo de lectura\" \/>\n\t<meta name=\"twitter:data2\" content=\"2 minutos\" \/>\n<script type=\"application\/ld+json\" class=\"yoast-schema-graph\">{\"@context\":\"https:\\\/\\\/schema.org\",\"@graph\":[{\"@type\":\"Article\",\"@id\":\"https:\\\/\\\/elinformativotam.com\\\/index.php\\\/2024\\\/05\\\/17\\\/protestan-vecinos-por-ataques-de-perros-en-colonia-arbol-grande\\\/#article\",\"isPartOf\":{\"@id\":\"https:\\\/\\\/elinformativotam.com\\\/index.php\\\/2024\\\/05\\\/17\\\/protestan-vecinos-por-ataques-de-perros-en-colonia-arbol-grande\\\/\"},\"author\":{\"name\":\"El Informativo Tam\",\"@id\":\"https:\\\/\\\/elinformativotam.com\\\/#\\\/schema\\\/person\\\/78e08040eed0f6110f0c5f83b6153590\"},\"headline\":\"PROTESTAN VECINOS POR ATAQUES DE PERROS EN COLONIA \u00c1RBOL GRANDE.\",\"datePublished\":\"2024-05-18T05:45:45+00:00\",\"mainEntityOfPage\":{\"@id\":\"https:\\\/\\\/elinformativotam.com\\\/index.php\\\/2024\\\/05\\\/17\\\/protestan-vecinos-por-ataques-de-perros-en-colonia-arbol-grande\\\/\"},\"wordCount\":202,\"commentCount\":0,\"publisher\":{\"@id\":\"https:\\\/\\\/elinformativotam.com\\\/#organization\"},\"image\":{\"@id\":\"https:\\\/\\\/elinformativotam.com\\\/index.php\\\/2024\\\/05\\\/17\\\/protestan-vecinos-por-ataques-de-perros-en-colonia-arbol-grande\\\/#primaryimage\"},\"thumbnailUrl\":\"https:\\\/\\\/elinformativotam.com\\\/wp-content\\\/uploads\\\/2024\\\/05\\\/Mordida.jpeg\",\"articleSection\":[\"Cd Madero\"],\"inLanguage\":\"es\",\"potentialAction\":[{\"@type\":\"CommentAction\",\"name\":\"Comment\",\"target\":[\"https:\\\/\\\/elinformativotam.com\\\/index.php\\\/2024\\\/05\\\/17\\\/protestan-vecinos-por-ataques-de-perros-en-colonia-arbol-grande\\\/#respond\"]}]},{\"@type\":\"WebPage\",\"@id\":\"https:\\\/\\\/elinformativotam.com\\\/index.php\\\/2024\\\/05\\\/17\\\/protestan-vecinos-por-ataques-de-perros-en-colonia-arbol-grande\\\/\",\"url\":\"https:\\\/\\\/elinformativotam.com\\\/index.php\\\/2024\\\/05\\\/17\\\/protestan-vecinos-por-ataques-de-perros-en-colonia-arbol-grande\\\/\",\"name\":\"PROTESTAN VECINOS POR ATAQUES DE PERROS EN COLONIA \u00c1RBOL GRANDE. - EL INFORMATIVO DE TAMAULIPAS\",\"isPartOf\":{\"@id\":\"https:\\\/\\\/elinformativotam.com\\\/#website\"},\"primaryImageOfPage\":{\"@id\":\"https:\\\/\\\/elinformativotam.com\\\/index.php\\\/2024\\\/05\\\/17\\\/protestan-vecinos-por-ataques-de-perros-en-colonia-arbol-grande\\\/#primaryimage\"},\"image\":{\"@id\":\"https:\\\/\\\/elinformativotam.com\\\/index.php\\\/2024\\\/05\\\/17\\\/protestan-vecinos-por-ataques-de-perros-en-colonia-arbol-grande\\\/#primaryimage\"},\"thumbnailUrl\":\"https:\\\/\\\/elinformativotam.com\\\/wp-content\\\/uploads\\\/2024\\\/05\\\/Mordida.jpeg\",\"datePublished\":\"2024-05-18T05:45:45+00:00\",\"description\":\"Cd. Madero, Tamaulipas.- Vecinos de la colonia \u00c1rbol Grande de Ciudad Madero protestaron por la falta de atenci\u00f3n a un problema que consideran grave,\",\"inLanguage\":\"es\",\"potentialAction\":[{\"@type\":\"ReadAction\",\"target\":[\"https:\\\/\\\/elinformativotam.com\\\/index.php\\\/2024\\\/05\\\/17\\\/protestan-vecinos-por-ataques-de-perros-en-colonia-arbol-grande\\\/\"]}]},{\"@type\":\"ImageObject\",\"inLanguage\":\"es\",\"@id\":\"https:\\\/\\\/elinformativotam.com\\\/index.php\\\/2024\\\/05\\\/17\\\/protestan-vecinos-por-ataques-de-perros-en-colonia-arbol-grande\\\/#primaryimage\",\"url\":\"https:\\\/\\\/elinformativotam.com\\\/wp-content\\\/uploads\\\/2024\\\/05\\\/Mordida.jpeg\",\"contentUrl\":\"https:\\\/\\\/elinformativotam.com\\\/wp-content\\\/uploads\\\/2024\\\/05\\\/Mordida.jpeg\",\"width\":1200,\"height\":1600},{\"@type\":\"WebSite\",\"@id\":\"https:\\\/\\\/elinformativotam.com\\\/#website\",\"url\":\"https:\\\/\\\/elinformativotam.com\\\/\",\"name\":\"EL INFORMATIVO DE TAMAULIPAS\",\"description\":\"Desde la Zona Metropolitana Para Todo M\u00e9xico\",\"publisher\":{\"@id\":\"https:\\\/\\\/elinformativotam.com\\\/#organization\"},\"potentialAction\":[{\"@type\":\"SearchAction\",\"target\":{\"@type\":\"EntryPoint\",\"urlTemplate\":\"https:\\\/\\\/elinformativotam.com\\\/?s={search_term_string}\"},\"query-input\":{\"@type\":\"PropertyValueSpecification\",\"valueRequired\":true,\"valueName\":\"search_term_string\"}}],\"inLanguage\":\"es\"},{\"@type\":\"Organization\",\"@id\":\"https:\\\/\\\/elinformativotam.com\\\/#organization\",\"name\":\"EL INFORMATIVO DE TAMAULIPAS\",\"url\":\"https:\\\/\\\/elinformativotam.com\\\/\",\"logo\":{\"@type\":\"ImageObject\",\"inLanguage\":\"es\",\"@id\":\"https:\\\/\\\/elinformativotam.com\\\/#\\\/schema\\\/logo\\\/image\\\/\",\"url\":\"https:\\\/\\\/elinformativotam.com\\\/wp-content\\\/uploads\\\/2026\\\/02\\\/Cabezal.png\",\"contentUrl\":\"https:\\\/\\\/elinformativotam.com\\\/wp-content\\\/uploads\\\/2026\\\/02\\\/Cabezal.png\",\"width\":960,\"height\":640,\"caption\":\"EL INFORMATIVO DE TAMAULIPAS\"},\"image\":{\"@id\":\"https:\\\/\\\/elinformativotam.com\\\/#\\\/schema\\\/logo\\\/image\\\/\"}},{\"@type\":\"Person\",\"@id\":\"https:\\\/\\\/elinformativotam.com\\\/#\\\/schema\\\/person\\\/78e08040eed0f6110f0c5f83b6153590\",\"name\":\"El Informativo Tam\",\"image\":{\"@type\":\"ImageObject\",\"inLanguage\":\"es\",\"@id\":\"https:\\\/\\\/secure.gravatar.com\\\/avatar\\\/f3b7ad3af540688955925ac610647be00b0cf41feea9c4978b73a707ee86bc53?s=96&d=mm&r=g\",\"url\":\"https:\\\/\\\/secure.gravatar.com\\\/avatar\\\/f3b7ad3af540688955925ac610647be00b0cf41feea9c4978b73a707ee86bc53?s=96&d=mm&r=g\",\"contentUrl\":\"https:\\\/\\\/secure.gravatar.com\\\/avatar\\\/f3b7ad3af540688955925ac610647be00b0cf41feea9c4978b73a707ee86bc53?s=96&d=mm&r=g\",\"caption\":\"El Informativo Tam\"}}]}<\/script>\n<!-- \/ Yoast SEO plugin. -->","yoast_head_json":{"title":"PROTESTAN VECINOS POR ATAQUES DE PERROS EN COLONIA \u00c1RBOL GRANDE. - EL INFORMATIVO DE TAMAULIPAS","description":"Cd. Madero, Tamaulipas.- Vecinos de la colonia \u00c1rbol Grande de Ciudad Madero protestaron por la falta de atenci\u00f3n a un problema que consideran grave,","robots":{"index":"index","follow":"follow","max-snippet":"max-snippet:-1","max-image-preview":"max-image-preview:large","max-video-preview":"max-video-preview:-1"},"canonical":"https:\/\/elinformativotam.com\/index.php\/2024\/05\/17\/protestan-vecinos-por-ataques-de-perros-en-colonia-arbol-grande\/","og_locale":"es_MX","og_type":"article","og_title":"PROTESTAN VECINOS POR ATAQUES DE PERROS EN COLONIA \u00c1RBOL GRANDE. - EL INFORMATIVO DE TAMAULIPAS","og_description":"Cd. Madero, Tamaulipas.- Vecinos de la colonia \u00c1rbol Grande de Ciudad Madero protestaron por la falta de atenci\u00f3n a un problema que consideran grave,","og_url":"https:\/\/elinformativotam.com\/index.php\/2024\/05\/17\/protestan-vecinos-por-ataques-de-perros-en-colonia-arbol-grande\/","og_site_name":"EL INFORMATIVO DE TAMAULIPAS","article_published_time":"2024-05-18T05:45:45+00:00","og_image":[{"width":1200,"height":1600,"url":"https:\/\/elinformativotam.com\/wp-content\/uploads\/2024\/05\/Mordida.jpeg","type":"image\/jpeg"}],"author":"El Informativo Tam","twitter_card":"summary_large_image","twitter_misc":{"Escrito por":"El Informativo Tam","Tiempo de lectura":"2 minutos"},"schema":{"@context":"https:\/\/schema.org","@graph":[{"@type":"Article","@id":"https:\/\/elinformativotam.com\/index.php\/2024\/05\/17\/protestan-vecinos-por-ataques-de-perros-en-colonia-arbol-grande\/#article","isPartOf":{"@id":"https:\/\/elinformativotam.com\/index.php\/2024\/05\/17\/protestan-vecinos-por-ataques-de-perros-en-colonia-arbol-grande\/"},"author":{"name":"El Informativo Tam","@id":"https:\/\/elinformativotam.com\/#\/schema\/person\/78e08040eed0f6110f0c5f83b6153590"},"headline":"PROTESTAN VECINOS POR ATAQUES DE PERROS EN COLONIA \u00c1RBOL GRANDE.","datePublished":"2024-05-18T05:45:45+00:00","mainEntityOfPage":{"@id":"https:\/\/elinformativotam.com\/index.php\/2024\/05\/17\/protestan-vecinos-por-ataques-de-perros-en-colonia-arbol-grande\/"},"wordCount":202,"commentCount":0,"publisher":{"@id":"https:\/\/elinformativotam.com\/#organization"},"image":{"@id":"https:\/\/elinformativotam.com\/index.php\/2024\/05\/17\/protestan-vecinos-por-ataques-de-perros-en-colonia-arbol-grande\/#primaryimage"},"thumbnailUrl":"https:\/\/elinformativotam.com\/wp-content\/uploads\/2024\/05\/Mordida.jpeg","articleSection":["Cd Madero"],"inLanguage":"es","potentialAction":[{"@type":"CommentAction","name":"Comment","target":["https:\/\/elinformativotam.com\/index.php\/2024\/05\/17\/protestan-vecinos-por-ataques-de-perros-en-colonia-arbol-grande\/#respond"]}]},{"@type":"WebPage","@id":"https:\/\/elinformativotam.com\/index.php\/2024\/05\/17\/protestan-vecinos-por-ataques-de-perros-en-colonia-arbol-grande\/","url":"https:\/\/elinformativotam.com\/index.php\/2024\/05\/17\/protestan-vecinos-por-ataques-de-perros-en-colonia-arbol-grande\/","name":"PROTESTAN VECINOS POR ATAQUES DE PERROS EN COLONIA \u00c1RBOL GRANDE. - EL INFORMATIVO DE TAMAULIPAS","isPartOf":{"@id":"https:\/\/elinformativotam.com\/#website"},"primaryImageOfPage":{"@id":"https:\/\/elinformativotam.com\/index.php\/2024\/05\/17\/protestan-vecinos-por-ataques-de-perros-en-colonia-arbol-grande\/#primaryimage"},"image":{"@id":"https:\/\/elinformativotam.com\/index.php\/2024\/05\/17\/protestan-vecinos-por-ataques-de-perros-en-colonia-arbol-grande\/#primaryimage"},"thumbnailUrl":"https:\/\/elinformativotam.com\/wp-content\/uploads\/2024\/05\/Mordida.jpeg","datePublished":"2024-05-18T05:45:45+00:00","description":"Cd. Madero, Tamaulipas.- Vecinos de la colonia \u00c1rbol Grande de Ciudad Madero protestaron por la falta de atenci\u00f3n a un problema que consideran grave,","inLanguage":"es","potentialAction":[{"@type":"ReadAction","target":["https:\/\/elinformativotam.com\/index.php\/2024\/05\/17\/protestan-vecinos-por-ataques-de-perros-en-colonia-arbol-grande\/"]}]},{"@type":"ImageObject","inLanguage":"es","@id":"https:\/\/elinformativotam.com\/index.php\/2024\/05\/17\/protestan-vecinos-por-ataques-de-perros-en-colonia-arbol-grande\/#primaryimage","url":"https:\/\/elinformativotam.com\/wp-content\/uploads\/2024\/05\/Mordida.jpeg","contentUrl":"https:\/\/elinformativotam.com\/wp-content\/uploads\/2024\/05\/Mordida.jpeg","width":1200,"height":1600},{"@type":"WebSite","@id":"https:\/\/elinformativotam.com\/#website","url":"https:\/\/elinformativotam.com\/","name":"EL INFORMATIVO DE TAMAULIPAS","description":"Desde la Zona Metropolitana Para Todo M\u00e9xico","publisher":{"@id":"https:\/\/elinformativotam.com\/#organization"},"potentialAction":[{"@type":"SearchAction","target":{"@type":"EntryPoint","urlTemplate":"https:\/\/elinformativotam.com\/?s={search_term_string}"},"query-input":{"@type":"PropertyValueSpecification","valueRequired":true,"valueName":"search_term_string"}}],"inLanguage":"es"},{"@type":"Organization","@id":"https:\/\/elinformativotam.com\/#organization","name":"EL INFORMATIVO DE TAMAULIPAS","url":"https:\/\/elinformativotam.com\/","logo":{"@type":"ImageObject","inLanguage":"es","@id":"https:\/\/elinformativotam.com\/#\/schema\/logo\/image\/","url":"https:\/\/elinformativotam.com\/wp-content\/uploads\/2026\/02\/Cabezal.png","contentUrl":"https:\/\/elinformativotam.com\/wp-content\/uploads\/2026\/02\/Cabezal.png","width":960,"height":640,"caption":"EL INFORMATIVO DE TAMAULIPAS"},"image":{"@id":"https:\/\/elinformativotam.com\/#\/schema\/logo\/image\/"}},{"@type":"Person","@id":"https:\/\/elinformativotam.com\/#\/schema\/person\/78e08040eed0f6110f0c5f83b6153590","name":"El Informativo Tam","image":{"@type":"ImageObject","inLanguage":"es","@id":"https:\/\/secure.gravatar.com\/avatar\/f3b7ad3af540688955925ac610647be00b0cf41feea9c4978b73a707ee86bc53?s=96&d=mm&r=g","url":"https:\/\/secure.gravatar.com\/avatar\/f3b7ad3af540688955925ac610647be00b0cf41feea9c4978b73a707ee86bc53?s=96&d=mm&r=g","contentUrl":"https:\/\/secure.gravatar.com\/avatar\/f3b7ad3af540688955925ac610647be00b0cf41feea9c4978b73a707ee86bc53?s=96&d=mm&r=g","caption":"El Informativo Tam"}}]}},"_links":{"self":[{"href":"https:\/\/elinformativotam.com\/index.php\/wp-json\/wp\/v2\/posts\/50810","targetHints":{"allow":["GET"]}}],"collection":[{"href":"https:\/\/elinformativotam.com\/index.php\/wp-json\/wp\/v2\/posts"}],"about":[{"href":"https:\/\/elinformativotam.com\/index.php\/wp-json\/wp\/v2\/types\/post"}],"author":[{"embeddable":true,"href":"https:\/\/elinformativotam.com\/index.php\/wp-json\/wp\/v2\/users\/1"}],"replies":[{"embeddable":true,"href":"https:\/\/elinformativotam.com\/index.php\/wp-json\/wp\/v2\/comments?post=50810"}],"version-history":[{"count":1,"href":"https:\/\/elinformativotam.com\/index.php\/wp-json\/wp\/v2\/posts\/50810\/revisions"}],"predecessor-version":[{"id":50814,"href":"https:\/\/elinformativotam.com\/index.php\/wp-json\/wp\/v2\/posts\/50810\/revisions\/50814"}],"wp:featuredmedia":[{"embeddable":true,"href":"https:\/\/elinformativotam.com\/index.php\/wp-json\/wp\/v2\/media\/50812"}],"wp:attachment":[{"href":"https:\/\/elinformativotam.com\/index.php\/wp-json\/wp\/v2\/media?parent=50810"}],"wp:term":[{"taxonomy":"category","embeddable":true,"href":"https:\/\/elinformativotam.com\/index.php\/wp-json\/wp\/v2\/categories?post=50810"},{"taxonomy":"post_tag","embeddable":true,"href":"https:\/\/elinformativotam.com\/index.php\/wp-json\/wp\/v2\/tags?post=50810"}],"curies":[{"name":"wp","href":"https:\/\/api.w.org\/{rel}","templated":true}]}}