{"id":50799,"date":"2024-05-16T22:57:49","date_gmt":"2024-05-17T04:57:49","guid":{"rendered":"https:\/\/elinformativotam.com\/?p=50799"},"modified":"2024-05-16T22:57:49","modified_gmt":"2024-05-17T04:57:49","slug":"somos-el-municipio-numero-1-en-recoleccion-y-tratamiento-de-los-residuos-a-nivel-nacional-pepe-schekaiban","status":"publish","type":"post","link":"https:\/\/elinformativotam.com\/index.php\/2024\/05\/16\/somos-el-municipio-numero-1-en-recoleccion-y-tratamiento-de-los-residuos-a-nivel-nacional-pepe-schekaiban\/","title":{"rendered":"SOMOS EL MUNICIPIO N\u00daMERO 1 EN RECOLECCI\u00d3N Y TRATAMIENTO DE LOS RESIDUOS A NIVEL NACIONAL: PEPE SCHEKAIB\u00c1N"},"content":{"rendered":"<h2 style=\"text-align: center;\"><em><span style=\"font-family: 'times new roman', times;\">*Tenemos La Tecnolog\u00eda Necesaria Y La Fuerza Humana Para Seguir Con Esta Labor B\u00e1sica Para Los Tampique\u00f1os<\/span><\/em><\/h2>\n<p>&nbsp;<\/p>\n<p>&nbsp;<\/p>\n<p>El candidato a la diputaci\u00f3n local por el distrito 22, Jos\u00e9 Schekaib\u00e1n Ongay, se\u00f1al\u00f3 que del 2018 a la fecha, Tampico es pionero en la recolecci\u00f3n y tratamiento de los desechos que a diario generan los tampique\u00f1os, pues como ex titular de Servicios P\u00fablicos se han tenido reconocimientos importantes a nivel nacional.<\/p>\n<p>&nbsp;<\/p>\n<p>El abanderado a este esca\u00f1o p\u00fablico por la coalici\u00f3n PAN-PRI record\u00f3 que en su etapa de servidor p\u00fablico en el municipio se logr\u00f3 obtener premios importantes, como la escoba de plata, pues gentes de Madrid, Espa\u00f1a evaluaron la log\u00edstica de trabajo que se comenzaba a realizar en la recolecci\u00f3n de los desechos.<\/p>\n<p>&nbsp;<\/p>\n<p>Extern\u00f3 que en unos meses m\u00e1s el municipio se hizo acreedor de la escoba de oro, esto debido a la evaluaci\u00f3n que se tuvo en la zona de transferencia, donde se utiliza tecnolog\u00eda alemana, para la compactaci\u00f3n y el traslado de los desechos en contenedores especiales hacia el relleno sanitario de Altamira.<\/p>\n<p>&nbsp;<\/p>\n<p>Schekaib\u00e1n, remarc\u00f3 que hace un par de d\u00edas su dedicaci\u00f3n y el trabajo de muchas personas del gobierno porte\u00f1o se vio coronado con un tercer premio denominado la escoba de platino, pues el modelo a evaluar por gentes de Espa\u00f1a fue el vivero did\u00e1ctico municipal.<\/p>\n<p>&nbsp;<\/p>\n<p>Recalc\u00f3 que ahora como abanderado al Congreso del Estado su dedicaci\u00f3n y labor ser\u00e1 mucho mayor, ya que la cuidad tiene un problema que atender y solucionar en poco tiempo, como lo es el agua.<\/p>\n<p>&nbsp;<\/p>\n<p>Enfatiz\u00f3, que su meta como diputado local, de favorecerle el voto, ser\u00e1 de conseguir recursos para continuar dragando la Laguna del Chairel, principalmente el \u00e1rea cercana a la bocatoma donde se extrae el vital l\u00edquido.<\/p>\n<p>&nbsp;<\/p>\n<p>Puntualiz\u00f3, que la plaga del lirio acu\u00e1tico es otro de los temas que habr\u00e1 de abordar en la pr\u00f3xima legislatura local, y para su retiro del sistema lagunario se requieren recursos puntuales y en todo el a\u00f1o.<\/p>\n<p>&nbsp;<\/p>\n","protected":false},"excerpt":{"rendered":"<p>*Tenemos La Tecnolog\u00eda Necesaria Y La Fuerza Humana Para Seguir Con Esta Labor B\u00e1sica Para Los Tampique\u00f1os &nbsp; &nbsp; El&hellip;<\/p>\n","protected":false},"author":1,"featured_media":50793,"comment_status":"open","ping_status":"open","sticky":false,"template":"","format":"standard","meta":{"footnotes":""},"categories":[3],"tags":[],"class_list":["post-50799","post","type-post","status-publish","format-standard","has-post-thumbnail","hentry","category-tampico"],"yoast_head":"<!-- This site is optimized with the Yoast SEO plugin v27.4 - https:\/\/yoast.com\/product\/yoast-seo-wordpress\/ -->\n<title>SOMOS EL MUNICIPIO N\u00daMERO 1 EN RECOLECCI\u00d3N Y TRATAMIENTO DE LOS RESIDUOS A NIVEL NACIONAL: PEPE SCHEKAIB\u00c1N - EL INFORMATIVO DE TAMAULIPAS<\/title>\n<meta name=\"description\" content=\"*Tenemos La Tecnolog\u00eda Necesaria Y La Fuerza Humana Para Seguir Con Esta Labor B\u00e1sica Para Los Tampique\u00f1os &nbsp; &nbsp; El candidato a la diputaci\u00f3n\" \/>\n<meta name=\"robots\" content=\"index, follow, max-snippet:-1, max-image-preview:large, max-video-preview:-1\" \/>\n<link rel=\"canonical\" href=\"https:\/\/elinformativotam.com\/index.php\/2024\/05\/16\/somos-el-municipio-numero-1-en-recoleccion-y-tratamiento-de-los-residuos-a-nivel-nacional-pepe-schekaiban\/\" \/>\n<meta property=\"og:locale\" content=\"es_MX\" \/>\n<meta property=\"og:type\" content=\"article\" \/>\n<meta property=\"og:title\" content=\"SOMOS EL MUNICIPIO N\u00daMERO 1 EN RECOLECCI\u00d3N Y TRATAMIENTO DE LOS RESIDUOS A NIVEL NACIONAL: PEPE SCHEKAIB\u00c1N - EL INFORMATIVO DE TAMAULIPAS\" \/>\n<meta property=\"og:description\" content=\"*Tenemos La Tecnolog\u00eda Necesaria Y La Fuerza Humana Para Seguir Con Esta Labor B\u00e1sica Para Los Tampique\u00f1os &nbsp; &nbsp; El candidato a la diputaci\u00f3n\" \/>\n<meta property=\"og:url\" content=\"https:\/\/elinformativotam.com\/index.php\/2024\/05\/16\/somos-el-municipio-numero-1-en-recoleccion-y-tratamiento-de-los-residuos-a-nivel-nacional-pepe-schekaiban\/\" \/>\n<meta property=\"og:site_name\" content=\"EL INFORMATIVO DE TAMAULIPAS\" \/>\n<meta property=\"article:published_time\" content=\"2024-05-17T04:57:49+00:00\" \/>\n<meta property=\"og:image\" content=\"https:\/\/elinformativotam.com\/wp-content\/uploads\/2024\/05\/Pepe-scaled.jpeg\" \/>\n\t<meta property=\"og:image:width\" content=\"2560\" \/>\n\t<meta property=\"og:image:height\" content=\"1706\" \/>\n\t<meta property=\"og:image:type\" content=\"image\/jpeg\" \/>\n<meta name=\"author\" content=\"El Informativo Tam\" \/>\n<meta name=\"twitter:card\" content=\"summary_large_image\" \/>\n<meta name=\"twitter:label1\" content=\"Escrito por\" \/>\n\t<meta name=\"twitter:data1\" content=\"El Informativo Tam\" \/>\n\t<meta name=\"twitter:label2\" content=\"Tiempo de lectura\" \/>\n\t<meta name=\"twitter:data2\" content=\"2 minutos\" \/>\n<script type=\"application\/ld+json\" class=\"yoast-schema-graph\">{\"@context\":\"https:\\\/\\\/schema.org\",\"@graph\":[{\"@type\":\"Article\",\"@id\":\"https:\\\/\\\/elinformativotam.com\\\/index.php\\\/2024\\\/05\\\/16\\\/somos-el-municipio-numero-1-en-recoleccion-y-tratamiento-de-los-residuos-a-nivel-nacional-pepe-schekaiban\\\/#article\",\"isPartOf\":{\"@id\":\"https:\\\/\\\/elinformativotam.com\\\/index.php\\\/2024\\\/05\\\/16\\\/somos-el-municipio-numero-1-en-recoleccion-y-tratamiento-de-los-residuos-a-nivel-nacional-pepe-schekaiban\\\/\"},\"author\":{\"name\":\"El Informativo Tam\",\"@id\":\"https:\\\/\\\/elinformativotam.com\\\/#\\\/schema\\\/person\\\/78e08040eed0f6110f0c5f83b6153590\"},\"headline\":\"SOMOS EL MUNICIPIO N\u00daMERO 1 EN RECOLECCI\u00d3N Y TRATAMIENTO DE LOS RESIDUOS A NIVEL NACIONAL: PEPE SCHEKAIB\u00c1N\",\"datePublished\":\"2024-05-17T04:57:49+00:00\",\"mainEntityOfPage\":{\"@id\":\"https:\\\/\\\/elinformativotam.com\\\/index.php\\\/2024\\\/05\\\/16\\\/somos-el-municipio-numero-1-en-recoleccion-y-tratamiento-de-los-residuos-a-nivel-nacional-pepe-schekaiban\\\/\"},\"wordCount\":382,\"commentCount\":0,\"publisher\":{\"@id\":\"https:\\\/\\\/elinformativotam.com\\\/#organization\"},\"image\":{\"@id\":\"https:\\\/\\\/elinformativotam.com\\\/index.php\\\/2024\\\/05\\\/16\\\/somos-el-municipio-numero-1-en-recoleccion-y-tratamiento-de-los-residuos-a-nivel-nacional-pepe-schekaiban\\\/#primaryimage\"},\"thumbnailUrl\":\"https:\\\/\\\/elinformativotam.com\\\/wp-content\\\/uploads\\\/2024\\\/05\\\/Pepe-scaled.jpeg\",\"articleSection\":[\"Tampico\"],\"inLanguage\":\"es\",\"potentialAction\":[{\"@type\":\"CommentAction\",\"name\":\"Comment\",\"target\":[\"https:\\\/\\\/elinformativotam.com\\\/index.php\\\/2024\\\/05\\\/16\\\/somos-el-municipio-numero-1-en-recoleccion-y-tratamiento-de-los-residuos-a-nivel-nacional-pepe-schekaiban\\\/#respond\"]}]},{\"@type\":\"WebPage\",\"@id\":\"https:\\\/\\\/elinformativotam.com\\\/index.php\\\/2024\\\/05\\\/16\\\/somos-el-municipio-numero-1-en-recoleccion-y-tratamiento-de-los-residuos-a-nivel-nacional-pepe-schekaiban\\\/\",\"url\":\"https:\\\/\\\/elinformativotam.com\\\/index.php\\\/2024\\\/05\\\/16\\\/somos-el-municipio-numero-1-en-recoleccion-y-tratamiento-de-los-residuos-a-nivel-nacional-pepe-schekaiban\\\/\",\"name\":\"SOMOS EL MUNICIPIO N\u00daMERO 1 EN RECOLECCI\u00d3N Y TRATAMIENTO DE LOS RESIDUOS A NIVEL NACIONAL: PEPE SCHEKAIB\u00c1N - EL INFORMATIVO DE TAMAULIPAS\",\"isPartOf\":{\"@id\":\"https:\\\/\\\/elinformativotam.com\\\/#website\"},\"primaryImageOfPage\":{\"@id\":\"https:\\\/\\\/elinformativotam.com\\\/index.php\\\/2024\\\/05\\\/16\\\/somos-el-municipio-numero-1-en-recoleccion-y-tratamiento-de-los-residuos-a-nivel-nacional-pepe-schekaiban\\\/#primaryimage\"},\"image\":{\"@id\":\"https:\\\/\\\/elinformativotam.com\\\/index.php\\\/2024\\\/05\\\/16\\\/somos-el-municipio-numero-1-en-recoleccion-y-tratamiento-de-los-residuos-a-nivel-nacional-pepe-schekaiban\\\/#primaryimage\"},\"thumbnailUrl\":\"https:\\\/\\\/elinformativotam.com\\\/wp-content\\\/uploads\\\/2024\\\/05\\\/Pepe-scaled.jpeg\",\"datePublished\":\"2024-05-17T04:57:49+00:00\",\"description\":\"*Tenemos La Tecnolog\u00eda Necesaria Y La Fuerza Humana Para Seguir Con Esta Labor B\u00e1sica Para Los Tampique\u00f1os &nbsp; &nbsp; El candidato a la diputaci\u00f3n\",\"inLanguage\":\"es\",\"potentialAction\":[{\"@type\":\"ReadAction\",\"target\":[\"https:\\\/\\\/elinformativotam.com\\\/index.php\\\/2024\\\/05\\\/16\\\/somos-el-municipio-numero-1-en-recoleccion-y-tratamiento-de-los-residuos-a-nivel-nacional-pepe-schekaiban\\\/\"]}]},{\"@type\":\"ImageObject\",\"inLanguage\":\"es\",\"@id\":\"https:\\\/\\\/elinformativotam.com\\\/index.php\\\/2024\\\/05\\\/16\\\/somos-el-municipio-numero-1-en-recoleccion-y-tratamiento-de-los-residuos-a-nivel-nacional-pepe-schekaiban\\\/#primaryimage\",\"url\":\"https:\\\/\\\/elinformativotam.com\\\/wp-content\\\/uploads\\\/2024\\\/05\\\/Pepe-scaled.jpeg\",\"contentUrl\":\"https:\\\/\\\/elinformativotam.com\\\/wp-content\\\/uploads\\\/2024\\\/05\\\/Pepe-scaled.jpeg\",\"width\":2560,\"height\":1706},{\"@type\":\"WebSite\",\"@id\":\"https:\\\/\\\/elinformativotam.com\\\/#website\",\"url\":\"https:\\\/\\\/elinformativotam.com\\\/\",\"name\":\"EL INFORMATIVO DE TAMAULIPAS\",\"description\":\"Desde la Zona Metropolitana Para Todo M\u00e9xico\",\"publisher\":{\"@id\":\"https:\\\/\\\/elinformativotam.com\\\/#organization\"},\"potentialAction\":[{\"@type\":\"SearchAction\",\"target\":{\"@type\":\"EntryPoint\",\"urlTemplate\":\"https:\\\/\\\/elinformativotam.com\\\/?s={search_term_string}\"},\"query-input\":{\"@type\":\"PropertyValueSpecification\",\"valueRequired\":true,\"valueName\":\"search_term_string\"}}],\"inLanguage\":\"es\"},{\"@type\":\"Organization\",\"@id\":\"https:\\\/\\\/elinformativotam.com\\\/#organization\",\"name\":\"EL INFORMATIVO DE TAMAULIPAS\",\"url\":\"https:\\\/\\\/elinformativotam.com\\\/\",\"logo\":{\"@type\":\"ImageObject\",\"inLanguage\":\"es\",\"@id\":\"https:\\\/\\\/elinformativotam.com\\\/#\\\/schema\\\/logo\\\/image\\\/\",\"url\":\"https:\\\/\\\/elinformativotam.com\\\/wp-content\\\/uploads\\\/2026\\\/02\\\/Cabezal.png\",\"contentUrl\":\"https:\\\/\\\/elinformativotam.com\\\/wp-content\\\/uploads\\\/2026\\\/02\\\/Cabezal.png\",\"width\":960,\"height\":640,\"caption\":\"EL INFORMATIVO DE TAMAULIPAS\"},\"image\":{\"@id\":\"https:\\\/\\\/elinformativotam.com\\\/#\\\/schema\\\/logo\\\/image\\\/\"}},{\"@type\":\"Person\",\"@id\":\"https:\\\/\\\/elinformativotam.com\\\/#\\\/schema\\\/person\\\/78e08040eed0f6110f0c5f83b6153590\",\"name\":\"El Informativo Tam\",\"image\":{\"@type\":\"ImageObject\",\"inLanguage\":\"es\",\"@id\":\"https:\\\/\\\/secure.gravatar.com\\\/avatar\\\/f3b7ad3af540688955925ac610647be00b0cf41feea9c4978b73a707ee86bc53?s=96&d=mm&r=g\",\"url\":\"https:\\\/\\\/secure.gravatar.com\\\/avatar\\\/f3b7ad3af540688955925ac610647be00b0cf41feea9c4978b73a707ee86bc53?s=96&d=mm&r=g\",\"contentUrl\":\"https:\\\/\\\/secure.gravatar.com\\\/avatar\\\/f3b7ad3af540688955925ac610647be00b0cf41feea9c4978b73a707ee86bc53?s=96&d=mm&r=g\",\"caption\":\"El Informativo Tam\"}}]}<\/script>\n<!-- \/ Yoast SEO plugin. -->","yoast_head_json":{"title":"SOMOS EL MUNICIPIO N\u00daMERO 1 EN RECOLECCI\u00d3N Y TRATAMIENTO DE LOS RESIDUOS A NIVEL NACIONAL: PEPE SCHEKAIB\u00c1N - EL INFORMATIVO DE TAMAULIPAS","description":"*Tenemos La Tecnolog\u00eda Necesaria Y La Fuerza Humana Para Seguir Con Esta Labor B\u00e1sica Para Los Tampique\u00f1os &nbsp; &nbsp; El candidato a la diputaci\u00f3n","robots":{"index":"index","follow":"follow","max-snippet":"max-snippet:-1","max-image-preview":"max-image-preview:large","max-video-preview":"max-video-preview:-1"},"canonical":"https:\/\/elinformativotam.com\/index.php\/2024\/05\/16\/somos-el-municipio-numero-1-en-recoleccion-y-tratamiento-de-los-residuos-a-nivel-nacional-pepe-schekaiban\/","og_locale":"es_MX","og_type":"article","og_title":"SOMOS EL MUNICIPIO N\u00daMERO 1 EN RECOLECCI\u00d3N Y TRATAMIENTO DE LOS RESIDUOS A NIVEL NACIONAL: PEPE SCHEKAIB\u00c1N - EL INFORMATIVO DE TAMAULIPAS","og_description":"*Tenemos La Tecnolog\u00eda Necesaria Y La Fuerza Humana Para Seguir Con Esta Labor B\u00e1sica Para Los Tampique\u00f1os &nbsp; &nbsp; El candidato a la diputaci\u00f3n","og_url":"https:\/\/elinformativotam.com\/index.php\/2024\/05\/16\/somos-el-municipio-numero-1-en-recoleccion-y-tratamiento-de-los-residuos-a-nivel-nacional-pepe-schekaiban\/","og_site_name":"EL INFORMATIVO DE TAMAULIPAS","article_published_time":"2024-05-17T04:57:49+00:00","og_image":[{"width":2560,"height":1706,"url":"https:\/\/elinformativotam.com\/wp-content\/uploads\/2024\/05\/Pepe-scaled.jpeg","type":"image\/jpeg"}],"author":"El Informativo Tam","twitter_card":"summary_large_image","twitter_misc":{"Escrito por":"El Informativo Tam","Tiempo de lectura":"2 minutos"},"schema":{"@context":"https:\/\/schema.org","@graph":[{"@type":"Article","@id":"https:\/\/elinformativotam.com\/index.php\/2024\/05\/16\/somos-el-municipio-numero-1-en-recoleccion-y-tratamiento-de-los-residuos-a-nivel-nacional-pepe-schekaiban\/#article","isPartOf":{"@id":"https:\/\/elinformativotam.com\/index.php\/2024\/05\/16\/somos-el-municipio-numero-1-en-recoleccion-y-tratamiento-de-los-residuos-a-nivel-nacional-pepe-schekaiban\/"},"author":{"name":"El Informativo Tam","@id":"https:\/\/elinformativotam.com\/#\/schema\/person\/78e08040eed0f6110f0c5f83b6153590"},"headline":"SOMOS EL MUNICIPIO N\u00daMERO 1 EN RECOLECCI\u00d3N Y TRATAMIENTO DE LOS RESIDUOS A NIVEL NACIONAL: PEPE SCHEKAIB\u00c1N","datePublished":"2024-05-17T04:57:49+00:00","mainEntityOfPage":{"@id":"https:\/\/elinformativotam.com\/index.php\/2024\/05\/16\/somos-el-municipio-numero-1-en-recoleccion-y-tratamiento-de-los-residuos-a-nivel-nacional-pepe-schekaiban\/"},"wordCount":382,"commentCount":0,"publisher":{"@id":"https:\/\/elinformativotam.com\/#organization"},"image":{"@id":"https:\/\/elinformativotam.com\/index.php\/2024\/05\/16\/somos-el-municipio-numero-1-en-recoleccion-y-tratamiento-de-los-residuos-a-nivel-nacional-pepe-schekaiban\/#primaryimage"},"thumbnailUrl":"https:\/\/elinformativotam.com\/wp-content\/uploads\/2024\/05\/Pepe-scaled.jpeg","articleSection":["Tampico"],"inLanguage":"es","potentialAction":[{"@type":"CommentAction","name":"Comment","target":["https:\/\/elinformativotam.com\/index.php\/2024\/05\/16\/somos-el-municipio-numero-1-en-recoleccion-y-tratamiento-de-los-residuos-a-nivel-nacional-pepe-schekaiban\/#respond"]}]},{"@type":"WebPage","@id":"https:\/\/elinformativotam.com\/index.php\/2024\/05\/16\/somos-el-municipio-numero-1-en-recoleccion-y-tratamiento-de-los-residuos-a-nivel-nacional-pepe-schekaiban\/","url":"https:\/\/elinformativotam.com\/index.php\/2024\/05\/16\/somos-el-municipio-numero-1-en-recoleccion-y-tratamiento-de-los-residuos-a-nivel-nacional-pepe-schekaiban\/","name":"SOMOS EL MUNICIPIO N\u00daMERO 1 EN RECOLECCI\u00d3N Y TRATAMIENTO DE LOS RESIDUOS A NIVEL NACIONAL: PEPE SCHEKAIB\u00c1N - EL INFORMATIVO DE TAMAULIPAS","isPartOf":{"@id":"https:\/\/elinformativotam.com\/#website"},"primaryImageOfPage":{"@id":"https:\/\/elinformativotam.com\/index.php\/2024\/05\/16\/somos-el-municipio-numero-1-en-recoleccion-y-tratamiento-de-los-residuos-a-nivel-nacional-pepe-schekaiban\/#primaryimage"},"image":{"@id":"https:\/\/elinformativotam.com\/index.php\/2024\/05\/16\/somos-el-municipio-numero-1-en-recoleccion-y-tratamiento-de-los-residuos-a-nivel-nacional-pepe-schekaiban\/#primaryimage"},"thumbnailUrl":"https:\/\/elinformativotam.com\/wp-content\/uploads\/2024\/05\/Pepe-scaled.jpeg","datePublished":"2024-05-17T04:57:49+00:00","description":"*Tenemos La Tecnolog\u00eda Necesaria Y La Fuerza Humana Para Seguir Con Esta Labor B\u00e1sica Para Los Tampique\u00f1os &nbsp; &nbsp; El candidato a la diputaci\u00f3n","inLanguage":"es","potentialAction":[{"@type":"ReadAction","target":["https:\/\/elinformativotam.com\/index.php\/2024\/05\/16\/somos-el-municipio-numero-1-en-recoleccion-y-tratamiento-de-los-residuos-a-nivel-nacional-pepe-schekaiban\/"]}]},{"@type":"ImageObject","inLanguage":"es","@id":"https:\/\/elinformativotam.com\/index.php\/2024\/05\/16\/somos-el-municipio-numero-1-en-recoleccion-y-tratamiento-de-los-residuos-a-nivel-nacional-pepe-schekaiban\/#primaryimage","url":"https:\/\/elinformativotam.com\/wp-content\/uploads\/2024\/05\/Pepe-scaled.jpeg","contentUrl":"https:\/\/elinformativotam.com\/wp-content\/uploads\/2024\/05\/Pepe-scaled.jpeg","width":2560,"height":1706},{"@type":"WebSite","@id":"https:\/\/elinformativotam.com\/#website","url":"https:\/\/elinformativotam.com\/","name":"EL INFORMATIVO DE TAMAULIPAS","description":"Desde la Zona Metropolitana Para Todo M\u00e9xico","publisher":{"@id":"https:\/\/elinformativotam.com\/#organization"},"potentialAction":[{"@type":"SearchAction","target":{"@type":"EntryPoint","urlTemplate":"https:\/\/elinformativotam.com\/?s={search_term_string}"},"query-input":{"@type":"PropertyValueSpecification","valueRequired":true,"valueName":"search_term_string"}}],"inLanguage":"es"},{"@type":"Organization","@id":"https:\/\/elinformativotam.com\/#organization","name":"EL INFORMATIVO DE TAMAULIPAS","url":"https:\/\/elinformativotam.com\/","logo":{"@type":"ImageObject","inLanguage":"es","@id":"https:\/\/elinformativotam.com\/#\/schema\/logo\/image\/","url":"https:\/\/elinformativotam.com\/wp-content\/uploads\/2026\/02\/Cabezal.png","contentUrl":"https:\/\/elinformativotam.com\/wp-content\/uploads\/2026\/02\/Cabezal.png","width":960,"height":640,"caption":"EL INFORMATIVO DE TAMAULIPAS"},"image":{"@id":"https:\/\/elinformativotam.com\/#\/schema\/logo\/image\/"}},{"@type":"Person","@id":"https:\/\/elinformativotam.com\/#\/schema\/person\/78e08040eed0f6110f0c5f83b6153590","name":"El Informativo Tam","image":{"@type":"ImageObject","inLanguage":"es","@id":"https:\/\/secure.gravatar.com\/avatar\/f3b7ad3af540688955925ac610647be00b0cf41feea9c4978b73a707ee86bc53?s=96&d=mm&r=g","url":"https:\/\/secure.gravatar.com\/avatar\/f3b7ad3af540688955925ac610647be00b0cf41feea9c4978b73a707ee86bc53?s=96&d=mm&r=g","contentUrl":"https:\/\/secure.gravatar.com\/avatar\/f3b7ad3af540688955925ac610647be00b0cf41feea9c4978b73a707ee86bc53?s=96&d=mm&r=g","caption":"El Informativo Tam"}}]}},"_links":{"self":[{"href":"https:\/\/elinformativotam.com\/index.php\/wp-json\/wp\/v2\/posts\/50799","targetHints":{"allow":["GET"]}}],"collection":[{"href":"https:\/\/elinformativotam.com\/index.php\/wp-json\/wp\/v2\/posts"}],"about":[{"href":"https:\/\/elinformativotam.com\/index.php\/wp-json\/wp\/v2\/types\/post"}],"author":[{"embeddable":true,"href":"https:\/\/elinformativotam.com\/index.php\/wp-json\/wp\/v2\/users\/1"}],"replies":[{"embeddable":true,"href":"https:\/\/elinformativotam.com\/index.php\/wp-json\/wp\/v2\/comments?post=50799"}],"version-history":[{"count":1,"href":"https:\/\/elinformativotam.com\/index.php\/wp-json\/wp\/v2\/posts\/50799\/revisions"}],"predecessor-version":[{"id":50800,"href":"https:\/\/elinformativotam.com\/index.php\/wp-json\/wp\/v2\/posts\/50799\/revisions\/50800"}],"wp:featuredmedia":[{"embeddable":true,"href":"https:\/\/elinformativotam.com\/index.php\/wp-json\/wp\/v2\/media\/50793"}],"wp:attachment":[{"href":"https:\/\/elinformativotam.com\/index.php\/wp-json\/wp\/v2\/media?parent=50799"}],"wp:term":[{"taxonomy":"category","embeddable":true,"href":"https:\/\/elinformativotam.com\/index.php\/wp-json\/wp\/v2\/categories?post=50799"},{"taxonomy":"post_tag","embeddable":true,"href":"https:\/\/elinformativotam.com\/index.php\/wp-json\/wp\/v2\/tags?post=50799"}],"curies":[{"name":"wp","href":"https:\/\/api.w.org\/{rel}","templated":true}]}}