{"id":50796,"date":"2024-05-16T22:52:47","date_gmt":"2024-05-17T04:52:47","guid":{"rendered":"https:\/\/elinformativotam.com\/?p=50796"},"modified":"2024-05-16T22:54:46","modified_gmt":"2024-05-17T04:54:46","slug":"escuelas-suspenden-clases-por-falta-de-agua","status":"publish","type":"post","link":"https:\/\/elinformativotam.com\/index.php\/2024\/05\/16\/escuelas-suspenden-clases-por-falta-de-agua\/","title":{"rendered":"ESCUELAS SUSPENDEN CLASES POR FALTA DE AGUA."},"content":{"rendered":"<p>Cd. Madero, Tamaulipas.- La escuela secundaria No. 1\u00a0 &#8220;Melchor Ocampo&#8221; de Ciudad Madero, suspendi\u00f3 actividades escolares debido a la falta de agua en el plantel.<\/p>\n<p>&nbsp;<\/p>\n<p>Por ello es que a trav\u00e9s de los grupos de whatsapp se inform\u00f3 a los padres de familia de la suspensi\u00f3n de clases para que acudiera a recoger a sus hijos al plantel.<\/p>\n<p>&nbsp;<\/p>\n<p>Son un total de 640 alumnos del turno matutino y 514 del turno vespertino quienes se\u00a0 quedaron sin clases debido a esta situaci\u00f3n.<\/p>\n<p><img loading=\"lazy\" decoding=\"async\" class=\"size-medium wp-image-50789 alignleft\" src=\"https:\/\/elinformativotam.com\/wp-content\/uploads\/2024\/05\/Secundaria-Madero-548x365.jpeg\" alt=\"\" width=\"548\" height=\"365\" srcset=\"https:\/\/elinformativotam.com\/wp-content\/uploads\/2024\/05\/Secundaria-Madero-548x365.jpeg 548w, https:\/\/elinformativotam.com\/wp-content\/uploads\/2024\/05\/Secundaria-Madero.jpeg 720w\" sizes=\"auto, (max-width: 548px) 100vw, 548px\" \/><\/p>\n<p>Los directivos del plantel no dieron a conocer ninguna informaci\u00f3n oficial, solo se limitaron a comentar de manera extraoficial que no hab\u00eda suficiente agua en el plantel.<\/p>\n<p>&nbsp;<\/p>\n<p>Por esta raz\u00f3n es que los padres de familia acudieron por sus hijos, tras recibir el llamado de la suspensi\u00f3n de clases.<\/p>\n<p>&nbsp;<\/p>\n<p>Cabe se\u00f1alar que no fue el \u00fanico plantel con esta situaci\u00f3n, pues tambi\u00e9n las secundarias #3 \u201cValent\u00edn G\u00f3mez Far\u00edas\u201d y la T\u00e9cnica 19, \u201cNatividad Garza Leal\u201d, tambi\u00e9n tomaron esta medida, siendo estas dos las que entraron en esta modalidad.<\/p>\n<p>&nbsp;<\/p>\n<p>&nbsp;<\/p>\n","protected":false},"excerpt":{"rendered":"<p>Cd. Madero, Tamaulipas.- La escuela secundaria No. 1\u00a0 &#8220;Melchor Ocampo&#8221; de Ciudad Madero, suspendi\u00f3 actividades escolares debido a la falta&hellip;<\/p>\n","protected":false},"author":1,"featured_media":50790,"comment_status":"open","ping_status":"open","sticky":false,"template":"","format":"standard","meta":{"footnotes":""},"categories":[4],"tags":[],"class_list":["post-50796","post","type-post","status-publish","format-standard","has-post-thumbnail","hentry","category-madero"],"yoast_head":"<!-- This site is optimized with the Yoast SEO plugin v27.4 - https:\/\/yoast.com\/product\/yoast-seo-wordpress\/ -->\n<title>ESCUELAS SUSPENDEN CLASES POR FALTA DE AGUA. - EL INFORMATIVO DE TAMAULIPAS<\/title>\n<meta name=\"description\" content=\"Cd. Madero, Tamaulipas.- La escuela secundaria No. 1\u00a0 &quot;Melchor Ocampo&quot; de Ciudad Madero, suspendi\u00f3 actividades escolares debido a la falta de agua en el\" \/>\n<meta name=\"robots\" content=\"index, follow, max-snippet:-1, max-image-preview:large, max-video-preview:-1\" \/>\n<link rel=\"canonical\" href=\"https:\/\/elinformativotam.com\/index.php\/2024\/05\/16\/escuelas-suspenden-clases-por-falta-de-agua\/\" \/>\n<meta property=\"og:locale\" content=\"es_MX\" \/>\n<meta property=\"og:type\" content=\"article\" \/>\n<meta property=\"og:title\" content=\"ESCUELAS SUSPENDEN CLASES POR FALTA DE AGUA. - EL INFORMATIVO DE TAMAULIPAS\" \/>\n<meta property=\"og:description\" content=\"Cd. Madero, Tamaulipas.- La escuela secundaria No. 1\u00a0 &quot;Melchor Ocampo&quot; de Ciudad Madero, suspendi\u00f3 actividades escolares debido a la falta de agua en el\" \/>\n<meta property=\"og:url\" content=\"https:\/\/elinformativotam.com\/index.php\/2024\/05\/16\/escuelas-suspenden-clases-por-falta-de-agua\/\" \/>\n<meta property=\"og:site_name\" content=\"EL INFORMATIVO DE TAMAULIPAS\" \/>\n<meta property=\"article:published_time\" content=\"2024-05-17T04:52:47+00:00\" \/>\n<meta property=\"article:modified_time\" content=\"2024-05-17T04:54:46+00:00\" \/>\n<meta property=\"og:image\" content=\"https:\/\/elinformativotam.com\/wp-content\/uploads\/2024\/05\/Alumnos.jpeg\" \/>\n\t<meta property=\"og:image:width\" content=\"720\" \/>\n\t<meta property=\"og:image:height\" content=\"480\" \/>\n\t<meta property=\"og:image:type\" content=\"image\/jpeg\" \/>\n<meta name=\"author\" content=\"El Informativo Tam\" \/>\n<meta name=\"twitter:card\" content=\"summary_large_image\" \/>\n<meta name=\"twitter:label1\" content=\"Escrito por\" \/>\n\t<meta name=\"twitter:data1\" content=\"El Informativo Tam\" \/>\n\t<meta name=\"twitter:label2\" content=\"Tiempo de lectura\" \/>\n\t<meta name=\"twitter:data2\" content=\"2 minutos\" \/>\n<script type=\"application\/ld+json\" class=\"yoast-schema-graph\">{\"@context\":\"https:\\\/\\\/schema.org\",\"@graph\":[{\"@type\":\"Article\",\"@id\":\"https:\\\/\\\/elinformativotam.com\\\/index.php\\\/2024\\\/05\\\/16\\\/escuelas-suspenden-clases-por-falta-de-agua\\\/#article\",\"isPartOf\":{\"@id\":\"https:\\\/\\\/elinformativotam.com\\\/index.php\\\/2024\\\/05\\\/16\\\/escuelas-suspenden-clases-por-falta-de-agua\\\/\"},\"author\":{\"name\":\"El Informativo Tam\",\"@id\":\"https:\\\/\\\/elinformativotam.com\\\/#\\\/schema\\\/person\\\/78e08040eed0f6110f0c5f83b6153590\"},\"headline\":\"ESCUELAS SUSPENDEN CLASES POR FALTA DE AGUA.\",\"datePublished\":\"2024-05-17T04:52:47+00:00\",\"dateModified\":\"2024-05-17T04:54:46+00:00\",\"mainEntityOfPage\":{\"@id\":\"https:\\\/\\\/elinformativotam.com\\\/index.php\\\/2024\\\/05\\\/16\\\/escuelas-suspenden-clases-por-falta-de-agua\\\/\"},\"wordCount\":193,\"commentCount\":0,\"publisher\":{\"@id\":\"https:\\\/\\\/elinformativotam.com\\\/#organization\"},\"image\":{\"@id\":\"https:\\\/\\\/elinformativotam.com\\\/index.php\\\/2024\\\/05\\\/16\\\/escuelas-suspenden-clases-por-falta-de-agua\\\/#primaryimage\"},\"thumbnailUrl\":\"https:\\\/\\\/elinformativotam.com\\\/wp-content\\\/uploads\\\/2024\\\/05\\\/Alumnos.jpeg\",\"articleSection\":[\"Cd Madero\"],\"inLanguage\":\"es\",\"potentialAction\":[{\"@type\":\"CommentAction\",\"name\":\"Comment\",\"target\":[\"https:\\\/\\\/elinformativotam.com\\\/index.php\\\/2024\\\/05\\\/16\\\/escuelas-suspenden-clases-por-falta-de-agua\\\/#respond\"]}]},{\"@type\":\"WebPage\",\"@id\":\"https:\\\/\\\/elinformativotam.com\\\/index.php\\\/2024\\\/05\\\/16\\\/escuelas-suspenden-clases-por-falta-de-agua\\\/\",\"url\":\"https:\\\/\\\/elinformativotam.com\\\/index.php\\\/2024\\\/05\\\/16\\\/escuelas-suspenden-clases-por-falta-de-agua\\\/\",\"name\":\"ESCUELAS SUSPENDEN CLASES POR FALTA DE AGUA. - EL INFORMATIVO DE TAMAULIPAS\",\"isPartOf\":{\"@id\":\"https:\\\/\\\/elinformativotam.com\\\/#website\"},\"primaryImageOfPage\":{\"@id\":\"https:\\\/\\\/elinformativotam.com\\\/index.php\\\/2024\\\/05\\\/16\\\/escuelas-suspenden-clases-por-falta-de-agua\\\/#primaryimage\"},\"image\":{\"@id\":\"https:\\\/\\\/elinformativotam.com\\\/index.php\\\/2024\\\/05\\\/16\\\/escuelas-suspenden-clases-por-falta-de-agua\\\/#primaryimage\"},\"thumbnailUrl\":\"https:\\\/\\\/elinformativotam.com\\\/wp-content\\\/uploads\\\/2024\\\/05\\\/Alumnos.jpeg\",\"datePublished\":\"2024-05-17T04:52:47+00:00\",\"dateModified\":\"2024-05-17T04:54:46+00:00\",\"description\":\"Cd. Madero, Tamaulipas.- La escuela secundaria No. 1\u00a0 \\\"Melchor Ocampo\\\" de Ciudad Madero, suspendi\u00f3 actividades escolares debido a la falta de agua en el\",\"inLanguage\":\"es\",\"potentialAction\":[{\"@type\":\"ReadAction\",\"target\":[\"https:\\\/\\\/elinformativotam.com\\\/index.php\\\/2024\\\/05\\\/16\\\/escuelas-suspenden-clases-por-falta-de-agua\\\/\"]}]},{\"@type\":\"ImageObject\",\"inLanguage\":\"es\",\"@id\":\"https:\\\/\\\/elinformativotam.com\\\/index.php\\\/2024\\\/05\\\/16\\\/escuelas-suspenden-clases-por-falta-de-agua\\\/#primaryimage\",\"url\":\"https:\\\/\\\/elinformativotam.com\\\/wp-content\\\/uploads\\\/2024\\\/05\\\/Alumnos.jpeg\",\"contentUrl\":\"https:\\\/\\\/elinformativotam.com\\\/wp-content\\\/uploads\\\/2024\\\/05\\\/Alumnos.jpeg\",\"width\":720,\"height\":480},{\"@type\":\"WebSite\",\"@id\":\"https:\\\/\\\/elinformativotam.com\\\/#website\",\"url\":\"https:\\\/\\\/elinformativotam.com\\\/\",\"name\":\"EL INFORMATIVO DE TAMAULIPAS\",\"description\":\"Desde la Zona Metropolitana Para Todo M\u00e9xico\",\"publisher\":{\"@id\":\"https:\\\/\\\/elinformativotam.com\\\/#organization\"},\"potentialAction\":[{\"@type\":\"SearchAction\",\"target\":{\"@type\":\"EntryPoint\",\"urlTemplate\":\"https:\\\/\\\/elinformativotam.com\\\/?s={search_term_string}\"},\"query-input\":{\"@type\":\"PropertyValueSpecification\",\"valueRequired\":true,\"valueName\":\"search_term_string\"}}],\"inLanguage\":\"es\"},{\"@type\":\"Organization\",\"@id\":\"https:\\\/\\\/elinformativotam.com\\\/#organization\",\"name\":\"EL INFORMATIVO DE TAMAULIPAS\",\"url\":\"https:\\\/\\\/elinformativotam.com\\\/\",\"logo\":{\"@type\":\"ImageObject\",\"inLanguage\":\"es\",\"@id\":\"https:\\\/\\\/elinformativotam.com\\\/#\\\/schema\\\/logo\\\/image\\\/\",\"url\":\"https:\\\/\\\/elinformativotam.com\\\/wp-content\\\/uploads\\\/2026\\\/02\\\/Cabezal.png\",\"contentUrl\":\"https:\\\/\\\/elinformativotam.com\\\/wp-content\\\/uploads\\\/2026\\\/02\\\/Cabezal.png\",\"width\":960,\"height\":640,\"caption\":\"EL INFORMATIVO DE TAMAULIPAS\"},\"image\":{\"@id\":\"https:\\\/\\\/elinformativotam.com\\\/#\\\/schema\\\/logo\\\/image\\\/\"}},{\"@type\":\"Person\",\"@id\":\"https:\\\/\\\/elinformativotam.com\\\/#\\\/schema\\\/person\\\/78e08040eed0f6110f0c5f83b6153590\",\"name\":\"El Informativo Tam\",\"image\":{\"@type\":\"ImageObject\",\"inLanguage\":\"es\",\"@id\":\"https:\\\/\\\/secure.gravatar.com\\\/avatar\\\/f3b7ad3af540688955925ac610647be00b0cf41feea9c4978b73a707ee86bc53?s=96&d=mm&r=g\",\"url\":\"https:\\\/\\\/secure.gravatar.com\\\/avatar\\\/f3b7ad3af540688955925ac610647be00b0cf41feea9c4978b73a707ee86bc53?s=96&d=mm&r=g\",\"contentUrl\":\"https:\\\/\\\/secure.gravatar.com\\\/avatar\\\/f3b7ad3af540688955925ac610647be00b0cf41feea9c4978b73a707ee86bc53?s=96&d=mm&r=g\",\"caption\":\"El Informativo Tam\"}}]}<\/script>\n<!-- \/ Yoast SEO plugin. -->","yoast_head_json":{"title":"ESCUELAS SUSPENDEN CLASES POR FALTA DE AGUA. - EL INFORMATIVO DE TAMAULIPAS","description":"Cd. Madero, Tamaulipas.- La escuela secundaria No. 1\u00a0 \"Melchor Ocampo\" de Ciudad Madero, suspendi\u00f3 actividades escolares debido a la falta de agua en el","robots":{"index":"index","follow":"follow","max-snippet":"max-snippet:-1","max-image-preview":"max-image-preview:large","max-video-preview":"max-video-preview:-1"},"canonical":"https:\/\/elinformativotam.com\/index.php\/2024\/05\/16\/escuelas-suspenden-clases-por-falta-de-agua\/","og_locale":"es_MX","og_type":"article","og_title":"ESCUELAS SUSPENDEN CLASES POR FALTA DE AGUA. - EL INFORMATIVO DE TAMAULIPAS","og_description":"Cd. Madero, Tamaulipas.- La escuela secundaria No. 1\u00a0 \"Melchor Ocampo\" de Ciudad Madero, suspendi\u00f3 actividades escolares debido a la falta de agua en el","og_url":"https:\/\/elinformativotam.com\/index.php\/2024\/05\/16\/escuelas-suspenden-clases-por-falta-de-agua\/","og_site_name":"EL INFORMATIVO DE TAMAULIPAS","article_published_time":"2024-05-17T04:52:47+00:00","article_modified_time":"2024-05-17T04:54:46+00:00","og_image":[{"width":720,"height":480,"url":"https:\/\/elinformativotam.com\/wp-content\/uploads\/2024\/05\/Alumnos.jpeg","type":"image\/jpeg"}],"author":"El Informativo Tam","twitter_card":"summary_large_image","twitter_misc":{"Escrito por":"El Informativo Tam","Tiempo de lectura":"2 minutos"},"schema":{"@context":"https:\/\/schema.org","@graph":[{"@type":"Article","@id":"https:\/\/elinformativotam.com\/index.php\/2024\/05\/16\/escuelas-suspenden-clases-por-falta-de-agua\/#article","isPartOf":{"@id":"https:\/\/elinformativotam.com\/index.php\/2024\/05\/16\/escuelas-suspenden-clases-por-falta-de-agua\/"},"author":{"name":"El Informativo Tam","@id":"https:\/\/elinformativotam.com\/#\/schema\/person\/78e08040eed0f6110f0c5f83b6153590"},"headline":"ESCUELAS SUSPENDEN CLASES POR FALTA DE AGUA.","datePublished":"2024-05-17T04:52:47+00:00","dateModified":"2024-05-17T04:54:46+00:00","mainEntityOfPage":{"@id":"https:\/\/elinformativotam.com\/index.php\/2024\/05\/16\/escuelas-suspenden-clases-por-falta-de-agua\/"},"wordCount":193,"commentCount":0,"publisher":{"@id":"https:\/\/elinformativotam.com\/#organization"},"image":{"@id":"https:\/\/elinformativotam.com\/index.php\/2024\/05\/16\/escuelas-suspenden-clases-por-falta-de-agua\/#primaryimage"},"thumbnailUrl":"https:\/\/elinformativotam.com\/wp-content\/uploads\/2024\/05\/Alumnos.jpeg","articleSection":["Cd Madero"],"inLanguage":"es","potentialAction":[{"@type":"CommentAction","name":"Comment","target":["https:\/\/elinformativotam.com\/index.php\/2024\/05\/16\/escuelas-suspenden-clases-por-falta-de-agua\/#respond"]}]},{"@type":"WebPage","@id":"https:\/\/elinformativotam.com\/index.php\/2024\/05\/16\/escuelas-suspenden-clases-por-falta-de-agua\/","url":"https:\/\/elinformativotam.com\/index.php\/2024\/05\/16\/escuelas-suspenden-clases-por-falta-de-agua\/","name":"ESCUELAS SUSPENDEN CLASES POR FALTA DE AGUA. - EL INFORMATIVO DE TAMAULIPAS","isPartOf":{"@id":"https:\/\/elinformativotam.com\/#website"},"primaryImageOfPage":{"@id":"https:\/\/elinformativotam.com\/index.php\/2024\/05\/16\/escuelas-suspenden-clases-por-falta-de-agua\/#primaryimage"},"image":{"@id":"https:\/\/elinformativotam.com\/index.php\/2024\/05\/16\/escuelas-suspenden-clases-por-falta-de-agua\/#primaryimage"},"thumbnailUrl":"https:\/\/elinformativotam.com\/wp-content\/uploads\/2024\/05\/Alumnos.jpeg","datePublished":"2024-05-17T04:52:47+00:00","dateModified":"2024-05-17T04:54:46+00:00","description":"Cd. Madero, Tamaulipas.- La escuela secundaria No. 1\u00a0 \"Melchor Ocampo\" de Ciudad Madero, suspendi\u00f3 actividades escolares debido a la falta de agua en el","inLanguage":"es","potentialAction":[{"@type":"ReadAction","target":["https:\/\/elinformativotam.com\/index.php\/2024\/05\/16\/escuelas-suspenden-clases-por-falta-de-agua\/"]}]},{"@type":"ImageObject","inLanguage":"es","@id":"https:\/\/elinformativotam.com\/index.php\/2024\/05\/16\/escuelas-suspenden-clases-por-falta-de-agua\/#primaryimage","url":"https:\/\/elinformativotam.com\/wp-content\/uploads\/2024\/05\/Alumnos.jpeg","contentUrl":"https:\/\/elinformativotam.com\/wp-content\/uploads\/2024\/05\/Alumnos.jpeg","width":720,"height":480},{"@type":"WebSite","@id":"https:\/\/elinformativotam.com\/#website","url":"https:\/\/elinformativotam.com\/","name":"EL INFORMATIVO DE TAMAULIPAS","description":"Desde la Zona Metropolitana Para Todo M\u00e9xico","publisher":{"@id":"https:\/\/elinformativotam.com\/#organization"},"potentialAction":[{"@type":"SearchAction","target":{"@type":"EntryPoint","urlTemplate":"https:\/\/elinformativotam.com\/?s={search_term_string}"},"query-input":{"@type":"PropertyValueSpecification","valueRequired":true,"valueName":"search_term_string"}}],"inLanguage":"es"},{"@type":"Organization","@id":"https:\/\/elinformativotam.com\/#organization","name":"EL INFORMATIVO DE TAMAULIPAS","url":"https:\/\/elinformativotam.com\/","logo":{"@type":"ImageObject","inLanguage":"es","@id":"https:\/\/elinformativotam.com\/#\/schema\/logo\/image\/","url":"https:\/\/elinformativotam.com\/wp-content\/uploads\/2026\/02\/Cabezal.png","contentUrl":"https:\/\/elinformativotam.com\/wp-content\/uploads\/2026\/02\/Cabezal.png","width":960,"height":640,"caption":"EL INFORMATIVO DE TAMAULIPAS"},"image":{"@id":"https:\/\/elinformativotam.com\/#\/schema\/logo\/image\/"}},{"@type":"Person","@id":"https:\/\/elinformativotam.com\/#\/schema\/person\/78e08040eed0f6110f0c5f83b6153590","name":"El Informativo Tam","image":{"@type":"ImageObject","inLanguage":"es","@id":"https:\/\/secure.gravatar.com\/avatar\/f3b7ad3af540688955925ac610647be00b0cf41feea9c4978b73a707ee86bc53?s=96&d=mm&r=g","url":"https:\/\/secure.gravatar.com\/avatar\/f3b7ad3af540688955925ac610647be00b0cf41feea9c4978b73a707ee86bc53?s=96&d=mm&r=g","contentUrl":"https:\/\/secure.gravatar.com\/avatar\/f3b7ad3af540688955925ac610647be00b0cf41feea9c4978b73a707ee86bc53?s=96&d=mm&r=g","caption":"El Informativo Tam"}}]}},"_links":{"self":[{"href":"https:\/\/elinformativotam.com\/index.php\/wp-json\/wp\/v2\/posts\/50796","targetHints":{"allow":["GET"]}}],"collection":[{"href":"https:\/\/elinformativotam.com\/index.php\/wp-json\/wp\/v2\/posts"}],"about":[{"href":"https:\/\/elinformativotam.com\/index.php\/wp-json\/wp\/v2\/types\/post"}],"author":[{"embeddable":true,"href":"https:\/\/elinformativotam.com\/index.php\/wp-json\/wp\/v2\/users\/1"}],"replies":[{"embeddable":true,"href":"https:\/\/elinformativotam.com\/index.php\/wp-json\/wp\/v2\/comments?post=50796"}],"version-history":[{"count":2,"href":"https:\/\/elinformativotam.com\/index.php\/wp-json\/wp\/v2\/posts\/50796\/revisions"}],"predecessor-version":[{"id":50798,"href":"https:\/\/elinformativotam.com\/index.php\/wp-json\/wp\/v2\/posts\/50796\/revisions\/50798"}],"wp:featuredmedia":[{"embeddable":true,"href":"https:\/\/elinformativotam.com\/index.php\/wp-json\/wp\/v2\/media\/50790"}],"wp:attachment":[{"href":"https:\/\/elinformativotam.com\/index.php\/wp-json\/wp\/v2\/media?parent=50796"}],"wp:term":[{"taxonomy":"category","embeddable":true,"href":"https:\/\/elinformativotam.com\/index.php\/wp-json\/wp\/v2\/categories?post=50796"},{"taxonomy":"post_tag","embeddable":true,"href":"https:\/\/elinformativotam.com\/index.php\/wp-json\/wp\/v2\/tags?post=50796"}],"curies":[{"name":"wp","href":"https:\/\/api.w.org\/{rel}","templated":true}]}}