{"id":50788,"date":"2024-05-16T22:48:13","date_gmt":"2024-05-17T04:48:13","guid":{"rendered":"https:\/\/elinformativotam.com\/?p=50788"},"modified":"2024-05-16T22:48:13","modified_gmt":"2024-05-17T04:48:13","slug":"necesario-legislar-en-tamano-para-atender-problema-de-ninos-y-mujeres-con-cancer","status":"publish","type":"post","link":"https:\/\/elinformativotam.com\/index.php\/2024\/05\/16\/necesario-legislar-en-tamano-para-atender-problema-de-ninos-y-mujeres-con-cancer\/","title":{"rendered":"NECESARIO LEGISLAR EN TAMA\u00d1O PARA ATENDER PROBLEMA DE NI\u00d1OS Y MUJERES CON C\u00c1NCER"},"content":{"rendered":"<h2 style=\"text-align: center;\"><em><span style=\"font-family: 'times new roman', times;\">*Necesario Que Tamaulipas Haga Algo Por Atender Esta Problem\u00e1tica Acentuada<\/span><\/em><\/h2>\n<p>&nbsp;<\/p>\n<p>&nbsp;<\/p>\n<p>La candidata de la coalici\u00f3n PAN-PRI a la diputaci\u00f3n local por el distrito 21, Marcela Unda, se\u00f1al\u00f3 que elaborar\u00e1 iniciativas que vayan encaminadas en atender el c\u00e1ncer en mujeres y menores de edad, pues lament\u00f3 que siga siendo una enfermedad mal atendida en los dos principales \u00f3rdenes de gobierno.<\/p>\n<p>&nbsp;<\/p>\n<p>Mencion\u00f3 que de llegar a la pr\u00f3xima legislatura local el tema de salud habr\u00e1 de impulsarlo con leyes que permitan una mejor atenci\u00f3n m\u00e9dica en este rengl\u00f3n, muy olvidado en este sexenio federal.<\/p>\n<p>&nbsp;<\/p>\n<p>Precis\u00f3 que dos entidades incluido Jalisco ya han destinado recursos importantes para atender dicha enfermedad, que todos los d\u00edas cobra vidas en las ni\u00f1as y ni\u00f1os as\u00ed como en mujeres de cualquier edad.<\/p>\n<p>&nbsp;<\/p>\n<p>Expres\u00f3 que desde la curul pretende &#8220;que ning\u00fan ni\u00f1o, ni\u00f1a y mujer de toda edad, sufra por el terrible c\u00e1ncer infantil y de mama y cervicouterino en el mal llamado sexo d\u00e9bil.<\/p>\n<p>&nbsp;<\/p>\n<p>&#8220;Que en poco tiempo se haya logrado atender con recursos del estado, as\u00ed como ya se hace en dos entidades del pa\u00eds&#8221;, dijo<\/p>\n<p>&nbsp;<\/p>\n<p>Unda, dej\u00f3 claro que el sistema de salud en M\u00e9xico est\u00e1 rebasado, pues existen alrededor de 50 millones de mexicanos que no cuentan con los servicios b\u00e1sicos de la salud.<\/p>\n<p>&nbsp;<\/p>\n<p>Adem\u00e1s, 3 de cada 4 menores de edad en el pa\u00eds no cuentan con su esquema total de vacunas, adem\u00e1s de que el Art\u00edculo 4 de la Constitucional dice claramente que todo mexicano tiene derecho a la salud.<\/p>\n<p>&nbsp;<\/p>\n<p>&#8220;No la tenemos porqu\u00e9 pedir. Es una obligaci\u00f3n del gobierno darnos la atenci\u00f3n m\u00e9dica&#8221;, remarc\u00f3<\/p>\n<p>&nbsp;<\/p>\n<p>Finalmente, coment\u00f3 que desafortunadamente la esperanza de vida del mexicano ha tenido un ajuste de 4 a\u00f1os, pues gran parte de ello se debe a la mala atenci\u00f3n en el rubro de la salud &#8220;pues las cirug\u00edas en cualquier instituci\u00f3n m\u00e9dica de la zona sur tardan en llevarse a cabo debido a su p\u00e9sima programaci\u00f3n.<\/p>\n","protected":false},"excerpt":{"rendered":"<p>*Necesario Que Tamaulipas Haga Algo Por Atender Esta Problem\u00e1tica Acentuada &nbsp; &nbsp; La candidata de la coalici\u00f3n PAN-PRI a la&hellip;<\/p>\n","protected":false},"author":1,"featured_media":50792,"comment_status":"open","ping_status":"open","sticky":false,"template":"","format":"standard","meta":{"footnotes":""},"categories":[3],"tags":[],"class_list":["post-50788","post","type-post","status-publish","format-standard","has-post-thumbnail","hentry","category-tampico"],"yoast_head":"<!-- This site is optimized with the Yoast SEO plugin v27.4 - https:\/\/yoast.com\/product\/yoast-seo-wordpress\/ -->\n<title>NECESARIO LEGISLAR EN TAMA\u00d1O PARA ATENDER PROBLEMA DE NI\u00d1OS Y MUJERES CON C\u00c1NCER - EL INFORMATIVO DE TAMAULIPAS<\/title>\n<meta name=\"description\" content=\"*Necesario Que Tamaulipas Haga Algo Por Atender Esta Problem\u00e1tica Acentuada &nbsp; &nbsp; La candidata de la coalici\u00f3n PAN-PRI a la diputaci\u00f3n local por\" \/>\n<meta name=\"robots\" content=\"index, follow, max-snippet:-1, max-image-preview:large, max-video-preview:-1\" \/>\n<link rel=\"canonical\" href=\"https:\/\/elinformativotam.com\/index.php\/2024\/05\/16\/necesario-legislar-en-tamano-para-atender-problema-de-ninos-y-mujeres-con-cancer\/\" \/>\n<meta property=\"og:locale\" content=\"es_MX\" \/>\n<meta property=\"og:type\" content=\"article\" \/>\n<meta property=\"og:title\" content=\"NECESARIO LEGISLAR EN TAMA\u00d1O PARA ATENDER PROBLEMA DE NI\u00d1OS Y MUJERES CON C\u00c1NCER - EL INFORMATIVO DE TAMAULIPAS\" \/>\n<meta property=\"og:description\" content=\"*Necesario Que Tamaulipas Haga Algo Por Atender Esta Problem\u00e1tica Acentuada &nbsp; &nbsp; La candidata de la coalici\u00f3n PAN-PRI a la diputaci\u00f3n local por\" \/>\n<meta property=\"og:url\" content=\"https:\/\/elinformativotam.com\/index.php\/2024\/05\/16\/necesario-legislar-en-tamano-para-atender-problema-de-ninos-y-mujeres-con-cancer\/\" \/>\n<meta property=\"og:site_name\" content=\"EL INFORMATIVO DE TAMAULIPAS\" \/>\n<meta property=\"article:published_time\" content=\"2024-05-17T04:48:13+00:00\" \/>\n<meta property=\"og:image\" content=\"https:\/\/elinformativotam.com\/wp-content\/uploads\/2024\/05\/Marcela-scaled.jpeg\" \/>\n\t<meta property=\"og:image:width\" content=\"2560\" \/>\n\t<meta property=\"og:image:height\" content=\"1706\" \/>\n\t<meta property=\"og:image:type\" content=\"image\/jpeg\" \/>\n<meta name=\"author\" content=\"El Informativo Tam\" \/>\n<meta name=\"twitter:card\" content=\"summary_large_image\" \/>\n<meta name=\"twitter:label1\" content=\"Escrito por\" \/>\n\t<meta name=\"twitter:data1\" content=\"El Informativo Tam\" \/>\n\t<meta name=\"twitter:label2\" content=\"Tiempo de lectura\" \/>\n\t<meta name=\"twitter:data2\" content=\"2 minutos\" \/>\n<script type=\"application\/ld+json\" class=\"yoast-schema-graph\">{\"@context\":\"https:\\\/\\\/schema.org\",\"@graph\":[{\"@type\":\"Article\",\"@id\":\"https:\\\/\\\/elinformativotam.com\\\/index.php\\\/2024\\\/05\\\/16\\\/necesario-legislar-en-tamano-para-atender-problema-de-ninos-y-mujeres-con-cancer\\\/#article\",\"isPartOf\":{\"@id\":\"https:\\\/\\\/elinformativotam.com\\\/index.php\\\/2024\\\/05\\\/16\\\/necesario-legislar-en-tamano-para-atender-problema-de-ninos-y-mujeres-con-cancer\\\/\"},\"author\":{\"name\":\"El Informativo Tam\",\"@id\":\"https:\\\/\\\/elinformativotam.com\\\/#\\\/schema\\\/person\\\/78e08040eed0f6110f0c5f83b6153590\"},\"headline\":\"NECESARIO LEGISLAR EN TAMA\u00d1O PARA ATENDER PROBLEMA DE NI\u00d1OS Y MUJERES CON C\u00c1NCER\",\"datePublished\":\"2024-05-17T04:48:13+00:00\",\"mainEntityOfPage\":{\"@id\":\"https:\\\/\\\/elinformativotam.com\\\/index.php\\\/2024\\\/05\\\/16\\\/necesario-legislar-en-tamano-para-atender-problema-de-ninos-y-mujeres-con-cancer\\\/\"},\"wordCount\":372,\"commentCount\":0,\"publisher\":{\"@id\":\"https:\\\/\\\/elinformativotam.com\\\/#organization\"},\"image\":{\"@id\":\"https:\\\/\\\/elinformativotam.com\\\/index.php\\\/2024\\\/05\\\/16\\\/necesario-legislar-en-tamano-para-atender-problema-de-ninos-y-mujeres-con-cancer\\\/#primaryimage\"},\"thumbnailUrl\":\"https:\\\/\\\/elinformativotam.com\\\/wp-content\\\/uploads\\\/2024\\\/05\\\/Marcela-scaled.jpeg\",\"articleSection\":[\"Tampico\"],\"inLanguage\":\"es\",\"potentialAction\":[{\"@type\":\"CommentAction\",\"name\":\"Comment\",\"target\":[\"https:\\\/\\\/elinformativotam.com\\\/index.php\\\/2024\\\/05\\\/16\\\/necesario-legislar-en-tamano-para-atender-problema-de-ninos-y-mujeres-con-cancer\\\/#respond\"]}]},{\"@type\":\"WebPage\",\"@id\":\"https:\\\/\\\/elinformativotam.com\\\/index.php\\\/2024\\\/05\\\/16\\\/necesario-legislar-en-tamano-para-atender-problema-de-ninos-y-mujeres-con-cancer\\\/\",\"url\":\"https:\\\/\\\/elinformativotam.com\\\/index.php\\\/2024\\\/05\\\/16\\\/necesario-legislar-en-tamano-para-atender-problema-de-ninos-y-mujeres-con-cancer\\\/\",\"name\":\"NECESARIO LEGISLAR EN TAMA\u00d1O PARA ATENDER PROBLEMA DE NI\u00d1OS Y MUJERES CON C\u00c1NCER - EL INFORMATIVO DE TAMAULIPAS\",\"isPartOf\":{\"@id\":\"https:\\\/\\\/elinformativotam.com\\\/#website\"},\"primaryImageOfPage\":{\"@id\":\"https:\\\/\\\/elinformativotam.com\\\/index.php\\\/2024\\\/05\\\/16\\\/necesario-legislar-en-tamano-para-atender-problema-de-ninos-y-mujeres-con-cancer\\\/#primaryimage\"},\"image\":{\"@id\":\"https:\\\/\\\/elinformativotam.com\\\/index.php\\\/2024\\\/05\\\/16\\\/necesario-legislar-en-tamano-para-atender-problema-de-ninos-y-mujeres-con-cancer\\\/#primaryimage\"},\"thumbnailUrl\":\"https:\\\/\\\/elinformativotam.com\\\/wp-content\\\/uploads\\\/2024\\\/05\\\/Marcela-scaled.jpeg\",\"datePublished\":\"2024-05-17T04:48:13+00:00\",\"description\":\"*Necesario Que Tamaulipas Haga Algo Por Atender Esta Problem\u00e1tica Acentuada &nbsp; &nbsp; La candidata de la coalici\u00f3n PAN-PRI a la diputaci\u00f3n local por\",\"inLanguage\":\"es\",\"potentialAction\":[{\"@type\":\"ReadAction\",\"target\":[\"https:\\\/\\\/elinformativotam.com\\\/index.php\\\/2024\\\/05\\\/16\\\/necesario-legislar-en-tamano-para-atender-problema-de-ninos-y-mujeres-con-cancer\\\/\"]}]},{\"@type\":\"ImageObject\",\"inLanguage\":\"es\",\"@id\":\"https:\\\/\\\/elinformativotam.com\\\/index.php\\\/2024\\\/05\\\/16\\\/necesario-legislar-en-tamano-para-atender-problema-de-ninos-y-mujeres-con-cancer\\\/#primaryimage\",\"url\":\"https:\\\/\\\/elinformativotam.com\\\/wp-content\\\/uploads\\\/2024\\\/05\\\/Marcela-scaled.jpeg\",\"contentUrl\":\"https:\\\/\\\/elinformativotam.com\\\/wp-content\\\/uploads\\\/2024\\\/05\\\/Marcela-scaled.jpeg\",\"width\":2560,\"height\":1706},{\"@type\":\"WebSite\",\"@id\":\"https:\\\/\\\/elinformativotam.com\\\/#website\",\"url\":\"https:\\\/\\\/elinformativotam.com\\\/\",\"name\":\"EL INFORMATIVO DE TAMAULIPAS\",\"description\":\"Desde la Zona Metropolitana Para Todo M\u00e9xico\",\"publisher\":{\"@id\":\"https:\\\/\\\/elinformativotam.com\\\/#organization\"},\"potentialAction\":[{\"@type\":\"SearchAction\",\"target\":{\"@type\":\"EntryPoint\",\"urlTemplate\":\"https:\\\/\\\/elinformativotam.com\\\/?s={search_term_string}\"},\"query-input\":{\"@type\":\"PropertyValueSpecification\",\"valueRequired\":true,\"valueName\":\"search_term_string\"}}],\"inLanguage\":\"es\"},{\"@type\":\"Organization\",\"@id\":\"https:\\\/\\\/elinformativotam.com\\\/#organization\",\"name\":\"EL INFORMATIVO DE TAMAULIPAS\",\"url\":\"https:\\\/\\\/elinformativotam.com\\\/\",\"logo\":{\"@type\":\"ImageObject\",\"inLanguage\":\"es\",\"@id\":\"https:\\\/\\\/elinformativotam.com\\\/#\\\/schema\\\/logo\\\/image\\\/\",\"url\":\"https:\\\/\\\/elinformativotam.com\\\/wp-content\\\/uploads\\\/2026\\\/02\\\/Cabezal.png\",\"contentUrl\":\"https:\\\/\\\/elinformativotam.com\\\/wp-content\\\/uploads\\\/2026\\\/02\\\/Cabezal.png\",\"width\":960,\"height\":640,\"caption\":\"EL INFORMATIVO DE TAMAULIPAS\"},\"image\":{\"@id\":\"https:\\\/\\\/elinformativotam.com\\\/#\\\/schema\\\/logo\\\/image\\\/\"}},{\"@type\":\"Person\",\"@id\":\"https:\\\/\\\/elinformativotam.com\\\/#\\\/schema\\\/person\\\/78e08040eed0f6110f0c5f83b6153590\",\"name\":\"El Informativo Tam\",\"image\":{\"@type\":\"ImageObject\",\"inLanguage\":\"es\",\"@id\":\"https:\\\/\\\/secure.gravatar.com\\\/avatar\\\/f3b7ad3af540688955925ac610647be00b0cf41feea9c4978b73a707ee86bc53?s=96&d=mm&r=g\",\"url\":\"https:\\\/\\\/secure.gravatar.com\\\/avatar\\\/f3b7ad3af540688955925ac610647be00b0cf41feea9c4978b73a707ee86bc53?s=96&d=mm&r=g\",\"contentUrl\":\"https:\\\/\\\/secure.gravatar.com\\\/avatar\\\/f3b7ad3af540688955925ac610647be00b0cf41feea9c4978b73a707ee86bc53?s=96&d=mm&r=g\",\"caption\":\"El Informativo Tam\"}}]}<\/script>\n<!-- \/ Yoast SEO plugin. -->","yoast_head_json":{"title":"NECESARIO LEGISLAR EN TAMA\u00d1O PARA ATENDER PROBLEMA DE NI\u00d1OS Y MUJERES CON C\u00c1NCER - EL INFORMATIVO DE TAMAULIPAS","description":"*Necesario Que Tamaulipas Haga Algo Por Atender Esta Problem\u00e1tica Acentuada &nbsp; &nbsp; La candidata de la coalici\u00f3n PAN-PRI a la diputaci\u00f3n local por","robots":{"index":"index","follow":"follow","max-snippet":"max-snippet:-1","max-image-preview":"max-image-preview:large","max-video-preview":"max-video-preview:-1"},"canonical":"https:\/\/elinformativotam.com\/index.php\/2024\/05\/16\/necesario-legislar-en-tamano-para-atender-problema-de-ninos-y-mujeres-con-cancer\/","og_locale":"es_MX","og_type":"article","og_title":"NECESARIO LEGISLAR EN TAMA\u00d1O PARA ATENDER PROBLEMA DE NI\u00d1OS Y MUJERES CON C\u00c1NCER - EL INFORMATIVO DE TAMAULIPAS","og_description":"*Necesario Que Tamaulipas Haga Algo Por Atender Esta Problem\u00e1tica Acentuada &nbsp; &nbsp; La candidata de la coalici\u00f3n PAN-PRI a la diputaci\u00f3n local por","og_url":"https:\/\/elinformativotam.com\/index.php\/2024\/05\/16\/necesario-legislar-en-tamano-para-atender-problema-de-ninos-y-mujeres-con-cancer\/","og_site_name":"EL INFORMATIVO DE TAMAULIPAS","article_published_time":"2024-05-17T04:48:13+00:00","og_image":[{"width":2560,"height":1706,"url":"https:\/\/elinformativotam.com\/wp-content\/uploads\/2024\/05\/Marcela-scaled.jpeg","type":"image\/jpeg"}],"author":"El Informativo Tam","twitter_card":"summary_large_image","twitter_misc":{"Escrito por":"El Informativo Tam","Tiempo de lectura":"2 minutos"},"schema":{"@context":"https:\/\/schema.org","@graph":[{"@type":"Article","@id":"https:\/\/elinformativotam.com\/index.php\/2024\/05\/16\/necesario-legislar-en-tamano-para-atender-problema-de-ninos-y-mujeres-con-cancer\/#article","isPartOf":{"@id":"https:\/\/elinformativotam.com\/index.php\/2024\/05\/16\/necesario-legislar-en-tamano-para-atender-problema-de-ninos-y-mujeres-con-cancer\/"},"author":{"name":"El Informativo Tam","@id":"https:\/\/elinformativotam.com\/#\/schema\/person\/78e08040eed0f6110f0c5f83b6153590"},"headline":"NECESARIO LEGISLAR EN TAMA\u00d1O PARA ATENDER PROBLEMA DE NI\u00d1OS Y MUJERES CON C\u00c1NCER","datePublished":"2024-05-17T04:48:13+00:00","mainEntityOfPage":{"@id":"https:\/\/elinformativotam.com\/index.php\/2024\/05\/16\/necesario-legislar-en-tamano-para-atender-problema-de-ninos-y-mujeres-con-cancer\/"},"wordCount":372,"commentCount":0,"publisher":{"@id":"https:\/\/elinformativotam.com\/#organization"},"image":{"@id":"https:\/\/elinformativotam.com\/index.php\/2024\/05\/16\/necesario-legislar-en-tamano-para-atender-problema-de-ninos-y-mujeres-con-cancer\/#primaryimage"},"thumbnailUrl":"https:\/\/elinformativotam.com\/wp-content\/uploads\/2024\/05\/Marcela-scaled.jpeg","articleSection":["Tampico"],"inLanguage":"es","potentialAction":[{"@type":"CommentAction","name":"Comment","target":["https:\/\/elinformativotam.com\/index.php\/2024\/05\/16\/necesario-legislar-en-tamano-para-atender-problema-de-ninos-y-mujeres-con-cancer\/#respond"]}]},{"@type":"WebPage","@id":"https:\/\/elinformativotam.com\/index.php\/2024\/05\/16\/necesario-legislar-en-tamano-para-atender-problema-de-ninos-y-mujeres-con-cancer\/","url":"https:\/\/elinformativotam.com\/index.php\/2024\/05\/16\/necesario-legislar-en-tamano-para-atender-problema-de-ninos-y-mujeres-con-cancer\/","name":"NECESARIO LEGISLAR EN TAMA\u00d1O PARA ATENDER PROBLEMA DE NI\u00d1OS Y MUJERES CON C\u00c1NCER - EL INFORMATIVO DE TAMAULIPAS","isPartOf":{"@id":"https:\/\/elinformativotam.com\/#website"},"primaryImageOfPage":{"@id":"https:\/\/elinformativotam.com\/index.php\/2024\/05\/16\/necesario-legislar-en-tamano-para-atender-problema-de-ninos-y-mujeres-con-cancer\/#primaryimage"},"image":{"@id":"https:\/\/elinformativotam.com\/index.php\/2024\/05\/16\/necesario-legislar-en-tamano-para-atender-problema-de-ninos-y-mujeres-con-cancer\/#primaryimage"},"thumbnailUrl":"https:\/\/elinformativotam.com\/wp-content\/uploads\/2024\/05\/Marcela-scaled.jpeg","datePublished":"2024-05-17T04:48:13+00:00","description":"*Necesario Que Tamaulipas Haga Algo Por Atender Esta Problem\u00e1tica Acentuada &nbsp; &nbsp; La candidata de la coalici\u00f3n PAN-PRI a la diputaci\u00f3n local por","inLanguage":"es","potentialAction":[{"@type":"ReadAction","target":["https:\/\/elinformativotam.com\/index.php\/2024\/05\/16\/necesario-legislar-en-tamano-para-atender-problema-de-ninos-y-mujeres-con-cancer\/"]}]},{"@type":"ImageObject","inLanguage":"es","@id":"https:\/\/elinformativotam.com\/index.php\/2024\/05\/16\/necesario-legislar-en-tamano-para-atender-problema-de-ninos-y-mujeres-con-cancer\/#primaryimage","url":"https:\/\/elinformativotam.com\/wp-content\/uploads\/2024\/05\/Marcela-scaled.jpeg","contentUrl":"https:\/\/elinformativotam.com\/wp-content\/uploads\/2024\/05\/Marcela-scaled.jpeg","width":2560,"height":1706},{"@type":"WebSite","@id":"https:\/\/elinformativotam.com\/#website","url":"https:\/\/elinformativotam.com\/","name":"EL INFORMATIVO DE TAMAULIPAS","description":"Desde la Zona Metropolitana Para Todo M\u00e9xico","publisher":{"@id":"https:\/\/elinformativotam.com\/#organization"},"potentialAction":[{"@type":"SearchAction","target":{"@type":"EntryPoint","urlTemplate":"https:\/\/elinformativotam.com\/?s={search_term_string}"},"query-input":{"@type":"PropertyValueSpecification","valueRequired":true,"valueName":"search_term_string"}}],"inLanguage":"es"},{"@type":"Organization","@id":"https:\/\/elinformativotam.com\/#organization","name":"EL INFORMATIVO DE TAMAULIPAS","url":"https:\/\/elinformativotam.com\/","logo":{"@type":"ImageObject","inLanguage":"es","@id":"https:\/\/elinformativotam.com\/#\/schema\/logo\/image\/","url":"https:\/\/elinformativotam.com\/wp-content\/uploads\/2026\/02\/Cabezal.png","contentUrl":"https:\/\/elinformativotam.com\/wp-content\/uploads\/2026\/02\/Cabezal.png","width":960,"height":640,"caption":"EL INFORMATIVO DE TAMAULIPAS"},"image":{"@id":"https:\/\/elinformativotam.com\/#\/schema\/logo\/image\/"}},{"@type":"Person","@id":"https:\/\/elinformativotam.com\/#\/schema\/person\/78e08040eed0f6110f0c5f83b6153590","name":"El Informativo Tam","image":{"@type":"ImageObject","inLanguage":"es","@id":"https:\/\/secure.gravatar.com\/avatar\/f3b7ad3af540688955925ac610647be00b0cf41feea9c4978b73a707ee86bc53?s=96&d=mm&r=g","url":"https:\/\/secure.gravatar.com\/avatar\/f3b7ad3af540688955925ac610647be00b0cf41feea9c4978b73a707ee86bc53?s=96&d=mm&r=g","contentUrl":"https:\/\/secure.gravatar.com\/avatar\/f3b7ad3af540688955925ac610647be00b0cf41feea9c4978b73a707ee86bc53?s=96&d=mm&r=g","caption":"El Informativo Tam"}}]}},"_links":{"self":[{"href":"https:\/\/elinformativotam.com\/index.php\/wp-json\/wp\/v2\/posts\/50788","targetHints":{"allow":["GET"]}}],"collection":[{"href":"https:\/\/elinformativotam.com\/index.php\/wp-json\/wp\/v2\/posts"}],"about":[{"href":"https:\/\/elinformativotam.com\/index.php\/wp-json\/wp\/v2\/types\/post"}],"author":[{"embeddable":true,"href":"https:\/\/elinformativotam.com\/index.php\/wp-json\/wp\/v2\/users\/1"}],"replies":[{"embeddable":true,"href":"https:\/\/elinformativotam.com\/index.php\/wp-json\/wp\/v2\/comments?post=50788"}],"version-history":[{"count":1,"href":"https:\/\/elinformativotam.com\/index.php\/wp-json\/wp\/v2\/posts\/50788\/revisions"}],"predecessor-version":[{"id":50795,"href":"https:\/\/elinformativotam.com\/index.php\/wp-json\/wp\/v2\/posts\/50788\/revisions\/50795"}],"wp:featuredmedia":[{"embeddable":true,"href":"https:\/\/elinformativotam.com\/index.php\/wp-json\/wp\/v2\/media\/50792"}],"wp:attachment":[{"href":"https:\/\/elinformativotam.com\/index.php\/wp-json\/wp\/v2\/media?parent=50788"}],"wp:term":[{"taxonomy":"category","embeddable":true,"href":"https:\/\/elinformativotam.com\/index.php\/wp-json\/wp\/v2\/categories?post=50788"},{"taxonomy":"post_tag","embeddable":true,"href":"https:\/\/elinformativotam.com\/index.php\/wp-json\/wp\/v2\/tags?post=50788"}],"curies":[{"name":"wp","href":"https:\/\/api.w.org\/{rel}","templated":true}]}}