{"id":50786,"date":"2024-05-15T22:42:16","date_gmt":"2024-05-16T04:42:16","guid":{"rendered":"https:\/\/elinformativotam.com\/?p=50786"},"modified":"2024-05-15T22:42:16","modified_gmt":"2024-05-16T04:42:16","slug":"exigen-a-cs-a-industria-agro-y-pemex-detener-extraccion-de-agua-sistema-lagunario-esta-seco-y-poblacion-es-prioridad","status":"publish","type":"post","link":"https:\/\/elinformativotam.com\/index.php\/2024\/05\/15\/exigen-a-cs-a-industria-agro-y-pemex-detener-extraccion-de-agua-sistema-lagunario-esta-seco-y-poblacion-es-prioridad\/","title":{"rendered":"EXIGEN A.C&#8217;S A INDUSTRIA, AGRO Y PEMEX DETENER EXTRACCI\u00d3N DE AGUA;  SISTEMA LAGUNARIO EST\u00c1 SECO Y POBLACI\u00d3N ES PRIORIDAD"},"content":{"rendered":"<h2 style=\"text-align: center;\"><em><span style=\"font-family: 'times new roman', times;\">*Por Medio De La CDHT Piden A Los Entes De Gobierno Prioricen El Abasto De Agua En Esta Crisis H\u00eddrica<\/span><\/em><\/h2>\n<p>&nbsp;<\/p>\n<p>&nbsp;<\/p>\n<p>Siete agrupaciones civiles de la zona sur pidieron a la industria establecida en Altamira, a productores del Campo y Pemex, se abstengan de extraer agua del sistema lagunario, ya que en esta crisis h\u00eddrica ya se debe priorizar el consumo humano.<\/p>\n<p>&nbsp;<\/p>\n<p>Luego de presentar un documento petitorio en la segunda visitadur\u00eda en la oficina de la Comisi\u00f3n de Derechos Humanos, integrantes de siete asociaciones civiles se\u00f1alaron que ya es momento de priorizar el consumo del vital l\u00edquido.<\/p>\n<p>&nbsp;<\/p>\n<p>Carlos Salas Cancini, de la agrupaci\u00f3n &#8220;Art 39&#8221; se\u00f1al\u00f3 que el exhorto realizado a los tres \u00f3rdenes de gobierno, adem\u00e1s de Comapa&#8217;s y CNA es para que suspendan el suministro a la industria a los arriba ya mencionados<\/p>\n<p>&nbsp;<\/p>\n<p>Indic\u00f3 que ante la circunstancia cr\u00edtica y el camino que ya apunta hacia la fatalidad en los habitantes del sur, es ya importante que el consumo sea \u00fanicamente para el ser humano.<\/p>\n<p>&nbsp;<\/p>\n<p>Explic\u00f3 que si falta el agua, falta casi todo, incluyendo la atenci\u00f3n m\u00e9dica &#8220;Como en los hospitales, d\u00f3nde ya se est\u00e1n postergando muchas cirug\u00edas, y as\u00ed pasar\u00e1 en otros temas, que ojal\u00e1 no dure tanto \u00e9sta sequ\u00eda y pronto llueva&#8221;.<\/p>\n<p>&nbsp;<\/p>\n<p>Salas, dej\u00f3 en claro que la sociedad civil agrupada en estas asociaciones, no buscan realizar ning\u00fan tipo de protesta o bloqueo a arterias viales de la regi\u00f3n.<\/p>\n<p>&nbsp;<\/p>\n<p>&#8220;S\u00f3lo queremos que las autoridades tomen acciones mas concretas y r\u00e1pidas ante est\u00e1 emergencia h\u00eddrica&#8221;, recalc\u00f3<\/p>\n<p>&nbsp;<\/p>\n<p>Finalmente, explic\u00f3 que en el escrito que presentaron ante el segundo visitador de los derechos humanos en la zona se exhorta a la industria a qu\u00e9 baje su ritmo de consumo del l\u00edquido, \u00e9sto con el fin de no tener problemas con despidos masivos de trabajadores<\/p>\n<p>&nbsp;<\/p>\n<p>&nbsp;<\/p>\n<p>&nbsp;<\/p>\n","protected":false},"excerpt":{"rendered":"<p>*Por Medio De La CDHT Piden A Los Entes De Gobierno Prioricen El Abasto De Agua En Esta Crisis H\u00eddrica&hellip;<\/p>\n","protected":false},"author":1,"featured_media":50780,"comment_status":"open","ping_status":"open","sticky":false,"template":"","format":"standard","meta":{"footnotes":""},"categories":[3],"tags":[],"class_list":["post-50786","post","type-post","status-publish","format-standard","has-post-thumbnail","hentry","category-tampico"],"yoast_head":"<!-- This site is optimized with the Yoast SEO plugin v27.4 - https:\/\/yoast.com\/product\/yoast-seo-wordpress\/ -->\n<title>EXIGEN A.C&#039;S A INDUSTRIA, AGRO Y PEMEX DETENER EXTRACCI\u00d3N DE AGUA; SISTEMA LAGUNARIO EST\u00c1 SECO Y POBLACI\u00d3N ES PRIORIDAD - EL INFORMATIVO DE TAMAULIPAS<\/title>\n<meta name=\"description\" content=\"*Por Medio De La CDHT Piden A Los Entes De Gobierno Prioricen El Abasto De Agua En Esta Crisis H\u00eddrica &nbsp; &nbsp; Siete agrupaciones civiles de la zona\" \/>\n<meta name=\"robots\" content=\"index, follow, max-snippet:-1, max-image-preview:large, max-video-preview:-1\" \/>\n<link rel=\"canonical\" href=\"https:\/\/elinformativotam.com\/index.php\/2024\/05\/15\/exigen-a-cs-a-industria-agro-y-pemex-detener-extraccion-de-agua-sistema-lagunario-esta-seco-y-poblacion-es-prioridad\/\" \/>\n<meta property=\"og:locale\" content=\"es_MX\" \/>\n<meta property=\"og:type\" content=\"article\" \/>\n<meta property=\"og:title\" content=\"EXIGEN A.C&#039;S A INDUSTRIA, AGRO Y PEMEX DETENER EXTRACCI\u00d3N DE AGUA; SISTEMA LAGUNARIO EST\u00c1 SECO Y POBLACI\u00d3N ES PRIORIDAD - EL INFORMATIVO DE TAMAULIPAS\" \/>\n<meta property=\"og:description\" content=\"*Por Medio De La CDHT Piden A Los Entes De Gobierno Prioricen El Abasto De Agua En Esta Crisis H\u00eddrica &nbsp; &nbsp; Siete agrupaciones civiles de la zona\" \/>\n<meta property=\"og:url\" content=\"https:\/\/elinformativotam.com\/index.php\/2024\/05\/15\/exigen-a-cs-a-industria-agro-y-pemex-detener-extraccion-de-agua-sistema-lagunario-esta-seco-y-poblacion-es-prioridad\/\" \/>\n<meta property=\"og:site_name\" content=\"EL INFORMATIVO DE TAMAULIPAS\" \/>\n<meta property=\"article:published_time\" content=\"2024-05-16T04:42:16+00:00\" \/>\n<meta property=\"og:image\" content=\"https:\/\/elinformativotam.com\/wp-content\/uploads\/2024\/05\/ACS.jpeg\" \/>\n\t<meta property=\"og:image:width\" content=\"1600\" \/>\n\t<meta property=\"og:image:height\" content=\"1204\" \/>\n\t<meta property=\"og:image:type\" content=\"image\/jpeg\" \/>\n<meta name=\"author\" content=\"El Informativo Tam\" \/>\n<meta name=\"twitter:card\" content=\"summary_large_image\" \/>\n<meta name=\"twitter:label1\" content=\"Escrito por\" \/>\n\t<meta name=\"twitter:data1\" content=\"El Informativo Tam\" \/>\n\t<meta name=\"twitter:label2\" content=\"Tiempo de lectura\" \/>\n\t<meta name=\"twitter:data2\" content=\"2 minutos\" \/>\n<script type=\"application\/ld+json\" class=\"yoast-schema-graph\">{\"@context\":\"https:\\\/\\\/schema.org\",\"@graph\":[{\"@type\":\"Article\",\"@id\":\"https:\\\/\\\/elinformativotam.com\\\/index.php\\\/2024\\\/05\\\/15\\\/exigen-a-cs-a-industria-agro-y-pemex-detener-extraccion-de-agua-sistema-lagunario-esta-seco-y-poblacion-es-prioridad\\\/#article\",\"isPartOf\":{\"@id\":\"https:\\\/\\\/elinformativotam.com\\\/index.php\\\/2024\\\/05\\\/15\\\/exigen-a-cs-a-industria-agro-y-pemex-detener-extraccion-de-agua-sistema-lagunario-esta-seco-y-poblacion-es-prioridad\\\/\"},\"author\":{\"name\":\"El Informativo Tam\",\"@id\":\"https:\\\/\\\/elinformativotam.com\\\/#\\\/schema\\\/person\\\/78e08040eed0f6110f0c5f83b6153590\"},\"headline\":\"EXIGEN A.C&#8217;S A INDUSTRIA, AGRO Y PEMEX DETENER EXTRACCI\u00d3N DE AGUA; SISTEMA LAGUNARIO EST\u00c1 SECO Y POBLACI\u00d3N ES PRIORIDAD\",\"datePublished\":\"2024-05-16T04:42:16+00:00\",\"mainEntityOfPage\":{\"@id\":\"https:\\\/\\\/elinformativotam.com\\\/index.php\\\/2024\\\/05\\\/15\\\/exigen-a-cs-a-industria-agro-y-pemex-detener-extraccion-de-agua-sistema-lagunario-esta-seco-y-poblacion-es-prioridad\\\/\"},\"wordCount\":353,\"commentCount\":0,\"publisher\":{\"@id\":\"https:\\\/\\\/elinformativotam.com\\\/#organization\"},\"image\":{\"@id\":\"https:\\\/\\\/elinformativotam.com\\\/index.php\\\/2024\\\/05\\\/15\\\/exigen-a-cs-a-industria-agro-y-pemex-detener-extraccion-de-agua-sistema-lagunario-esta-seco-y-poblacion-es-prioridad\\\/#primaryimage\"},\"thumbnailUrl\":\"https:\\\/\\\/elinformativotam.com\\\/wp-content\\\/uploads\\\/2024\\\/05\\\/ACS.jpeg\",\"articleSection\":[\"Tampico\"],\"inLanguage\":\"es\",\"potentialAction\":[{\"@type\":\"CommentAction\",\"name\":\"Comment\",\"target\":[\"https:\\\/\\\/elinformativotam.com\\\/index.php\\\/2024\\\/05\\\/15\\\/exigen-a-cs-a-industria-agro-y-pemex-detener-extraccion-de-agua-sistema-lagunario-esta-seco-y-poblacion-es-prioridad\\\/#respond\"]}]},{\"@type\":\"WebPage\",\"@id\":\"https:\\\/\\\/elinformativotam.com\\\/index.php\\\/2024\\\/05\\\/15\\\/exigen-a-cs-a-industria-agro-y-pemex-detener-extraccion-de-agua-sistema-lagunario-esta-seco-y-poblacion-es-prioridad\\\/\",\"url\":\"https:\\\/\\\/elinformativotam.com\\\/index.php\\\/2024\\\/05\\\/15\\\/exigen-a-cs-a-industria-agro-y-pemex-detener-extraccion-de-agua-sistema-lagunario-esta-seco-y-poblacion-es-prioridad\\\/\",\"name\":\"EXIGEN A.C'S A INDUSTRIA, AGRO Y PEMEX DETENER EXTRACCI\u00d3N DE AGUA; SISTEMA LAGUNARIO EST\u00c1 SECO Y POBLACI\u00d3N ES PRIORIDAD - EL INFORMATIVO DE TAMAULIPAS\",\"isPartOf\":{\"@id\":\"https:\\\/\\\/elinformativotam.com\\\/#website\"},\"primaryImageOfPage\":{\"@id\":\"https:\\\/\\\/elinformativotam.com\\\/index.php\\\/2024\\\/05\\\/15\\\/exigen-a-cs-a-industria-agro-y-pemex-detener-extraccion-de-agua-sistema-lagunario-esta-seco-y-poblacion-es-prioridad\\\/#primaryimage\"},\"image\":{\"@id\":\"https:\\\/\\\/elinformativotam.com\\\/index.php\\\/2024\\\/05\\\/15\\\/exigen-a-cs-a-industria-agro-y-pemex-detener-extraccion-de-agua-sistema-lagunario-esta-seco-y-poblacion-es-prioridad\\\/#primaryimage\"},\"thumbnailUrl\":\"https:\\\/\\\/elinformativotam.com\\\/wp-content\\\/uploads\\\/2024\\\/05\\\/ACS.jpeg\",\"datePublished\":\"2024-05-16T04:42:16+00:00\",\"description\":\"*Por Medio De La CDHT Piden A Los Entes De Gobierno Prioricen El Abasto De Agua En Esta Crisis H\u00eddrica &nbsp; &nbsp; Siete agrupaciones civiles de la zona\",\"inLanguage\":\"es\",\"potentialAction\":[{\"@type\":\"ReadAction\",\"target\":[\"https:\\\/\\\/elinformativotam.com\\\/index.php\\\/2024\\\/05\\\/15\\\/exigen-a-cs-a-industria-agro-y-pemex-detener-extraccion-de-agua-sistema-lagunario-esta-seco-y-poblacion-es-prioridad\\\/\"]}]},{\"@type\":\"ImageObject\",\"inLanguage\":\"es\",\"@id\":\"https:\\\/\\\/elinformativotam.com\\\/index.php\\\/2024\\\/05\\\/15\\\/exigen-a-cs-a-industria-agro-y-pemex-detener-extraccion-de-agua-sistema-lagunario-esta-seco-y-poblacion-es-prioridad\\\/#primaryimage\",\"url\":\"https:\\\/\\\/elinformativotam.com\\\/wp-content\\\/uploads\\\/2024\\\/05\\\/ACS.jpeg\",\"contentUrl\":\"https:\\\/\\\/elinformativotam.com\\\/wp-content\\\/uploads\\\/2024\\\/05\\\/ACS.jpeg\",\"width\":1600,\"height\":1204},{\"@type\":\"WebSite\",\"@id\":\"https:\\\/\\\/elinformativotam.com\\\/#website\",\"url\":\"https:\\\/\\\/elinformativotam.com\\\/\",\"name\":\"EL INFORMATIVO DE TAMAULIPAS\",\"description\":\"Desde la Zona Metropolitana Para Todo M\u00e9xico\",\"publisher\":{\"@id\":\"https:\\\/\\\/elinformativotam.com\\\/#organization\"},\"potentialAction\":[{\"@type\":\"SearchAction\",\"target\":{\"@type\":\"EntryPoint\",\"urlTemplate\":\"https:\\\/\\\/elinformativotam.com\\\/?s={search_term_string}\"},\"query-input\":{\"@type\":\"PropertyValueSpecification\",\"valueRequired\":true,\"valueName\":\"search_term_string\"}}],\"inLanguage\":\"es\"},{\"@type\":\"Organization\",\"@id\":\"https:\\\/\\\/elinformativotam.com\\\/#organization\",\"name\":\"EL INFORMATIVO DE TAMAULIPAS\",\"url\":\"https:\\\/\\\/elinformativotam.com\\\/\",\"logo\":{\"@type\":\"ImageObject\",\"inLanguage\":\"es\",\"@id\":\"https:\\\/\\\/elinformativotam.com\\\/#\\\/schema\\\/logo\\\/image\\\/\",\"url\":\"https:\\\/\\\/elinformativotam.com\\\/wp-content\\\/uploads\\\/2026\\\/02\\\/Cabezal.png\",\"contentUrl\":\"https:\\\/\\\/elinformativotam.com\\\/wp-content\\\/uploads\\\/2026\\\/02\\\/Cabezal.png\",\"width\":960,\"height\":640,\"caption\":\"EL INFORMATIVO DE TAMAULIPAS\"},\"image\":{\"@id\":\"https:\\\/\\\/elinformativotam.com\\\/#\\\/schema\\\/logo\\\/image\\\/\"}},{\"@type\":\"Person\",\"@id\":\"https:\\\/\\\/elinformativotam.com\\\/#\\\/schema\\\/person\\\/78e08040eed0f6110f0c5f83b6153590\",\"name\":\"El Informativo Tam\",\"image\":{\"@type\":\"ImageObject\",\"inLanguage\":\"es\",\"@id\":\"https:\\\/\\\/secure.gravatar.com\\\/avatar\\\/f3b7ad3af540688955925ac610647be00b0cf41feea9c4978b73a707ee86bc53?s=96&d=mm&r=g\",\"url\":\"https:\\\/\\\/secure.gravatar.com\\\/avatar\\\/f3b7ad3af540688955925ac610647be00b0cf41feea9c4978b73a707ee86bc53?s=96&d=mm&r=g\",\"contentUrl\":\"https:\\\/\\\/secure.gravatar.com\\\/avatar\\\/f3b7ad3af540688955925ac610647be00b0cf41feea9c4978b73a707ee86bc53?s=96&d=mm&r=g\",\"caption\":\"El Informativo Tam\"}}]}<\/script>\n<!-- \/ Yoast SEO plugin. -->","yoast_head_json":{"title":"EXIGEN A.C'S A INDUSTRIA, AGRO Y PEMEX DETENER EXTRACCI\u00d3N DE AGUA; SISTEMA LAGUNARIO EST\u00c1 SECO Y POBLACI\u00d3N ES PRIORIDAD - EL INFORMATIVO DE TAMAULIPAS","description":"*Por Medio De La CDHT Piden A Los Entes De Gobierno Prioricen El Abasto De Agua En Esta Crisis H\u00eddrica &nbsp; &nbsp; Siete agrupaciones civiles de la zona","robots":{"index":"index","follow":"follow","max-snippet":"max-snippet:-1","max-image-preview":"max-image-preview:large","max-video-preview":"max-video-preview:-1"},"canonical":"https:\/\/elinformativotam.com\/index.php\/2024\/05\/15\/exigen-a-cs-a-industria-agro-y-pemex-detener-extraccion-de-agua-sistema-lagunario-esta-seco-y-poblacion-es-prioridad\/","og_locale":"es_MX","og_type":"article","og_title":"EXIGEN A.C'S A INDUSTRIA, AGRO Y PEMEX DETENER EXTRACCI\u00d3N DE AGUA; SISTEMA LAGUNARIO EST\u00c1 SECO Y POBLACI\u00d3N ES PRIORIDAD - EL INFORMATIVO DE TAMAULIPAS","og_description":"*Por Medio De La CDHT Piden A Los Entes De Gobierno Prioricen El Abasto De Agua En Esta Crisis H\u00eddrica &nbsp; &nbsp; Siete agrupaciones civiles de la zona","og_url":"https:\/\/elinformativotam.com\/index.php\/2024\/05\/15\/exigen-a-cs-a-industria-agro-y-pemex-detener-extraccion-de-agua-sistema-lagunario-esta-seco-y-poblacion-es-prioridad\/","og_site_name":"EL INFORMATIVO DE TAMAULIPAS","article_published_time":"2024-05-16T04:42:16+00:00","og_image":[{"width":1600,"height":1204,"url":"https:\/\/elinformativotam.com\/wp-content\/uploads\/2024\/05\/ACS.jpeg","type":"image\/jpeg"}],"author":"El Informativo Tam","twitter_card":"summary_large_image","twitter_misc":{"Escrito por":"El Informativo Tam","Tiempo de lectura":"2 minutos"},"schema":{"@context":"https:\/\/schema.org","@graph":[{"@type":"Article","@id":"https:\/\/elinformativotam.com\/index.php\/2024\/05\/15\/exigen-a-cs-a-industria-agro-y-pemex-detener-extraccion-de-agua-sistema-lagunario-esta-seco-y-poblacion-es-prioridad\/#article","isPartOf":{"@id":"https:\/\/elinformativotam.com\/index.php\/2024\/05\/15\/exigen-a-cs-a-industria-agro-y-pemex-detener-extraccion-de-agua-sistema-lagunario-esta-seco-y-poblacion-es-prioridad\/"},"author":{"name":"El Informativo Tam","@id":"https:\/\/elinformativotam.com\/#\/schema\/person\/78e08040eed0f6110f0c5f83b6153590"},"headline":"EXIGEN A.C&#8217;S A INDUSTRIA, AGRO Y PEMEX DETENER EXTRACCI\u00d3N DE AGUA; SISTEMA LAGUNARIO EST\u00c1 SECO Y POBLACI\u00d3N ES PRIORIDAD","datePublished":"2024-05-16T04:42:16+00:00","mainEntityOfPage":{"@id":"https:\/\/elinformativotam.com\/index.php\/2024\/05\/15\/exigen-a-cs-a-industria-agro-y-pemex-detener-extraccion-de-agua-sistema-lagunario-esta-seco-y-poblacion-es-prioridad\/"},"wordCount":353,"commentCount":0,"publisher":{"@id":"https:\/\/elinformativotam.com\/#organization"},"image":{"@id":"https:\/\/elinformativotam.com\/index.php\/2024\/05\/15\/exigen-a-cs-a-industria-agro-y-pemex-detener-extraccion-de-agua-sistema-lagunario-esta-seco-y-poblacion-es-prioridad\/#primaryimage"},"thumbnailUrl":"https:\/\/elinformativotam.com\/wp-content\/uploads\/2024\/05\/ACS.jpeg","articleSection":["Tampico"],"inLanguage":"es","potentialAction":[{"@type":"CommentAction","name":"Comment","target":["https:\/\/elinformativotam.com\/index.php\/2024\/05\/15\/exigen-a-cs-a-industria-agro-y-pemex-detener-extraccion-de-agua-sistema-lagunario-esta-seco-y-poblacion-es-prioridad\/#respond"]}]},{"@type":"WebPage","@id":"https:\/\/elinformativotam.com\/index.php\/2024\/05\/15\/exigen-a-cs-a-industria-agro-y-pemex-detener-extraccion-de-agua-sistema-lagunario-esta-seco-y-poblacion-es-prioridad\/","url":"https:\/\/elinformativotam.com\/index.php\/2024\/05\/15\/exigen-a-cs-a-industria-agro-y-pemex-detener-extraccion-de-agua-sistema-lagunario-esta-seco-y-poblacion-es-prioridad\/","name":"EXIGEN A.C'S A INDUSTRIA, AGRO Y PEMEX DETENER EXTRACCI\u00d3N DE AGUA; SISTEMA LAGUNARIO EST\u00c1 SECO Y POBLACI\u00d3N ES PRIORIDAD - EL INFORMATIVO DE TAMAULIPAS","isPartOf":{"@id":"https:\/\/elinformativotam.com\/#website"},"primaryImageOfPage":{"@id":"https:\/\/elinformativotam.com\/index.php\/2024\/05\/15\/exigen-a-cs-a-industria-agro-y-pemex-detener-extraccion-de-agua-sistema-lagunario-esta-seco-y-poblacion-es-prioridad\/#primaryimage"},"image":{"@id":"https:\/\/elinformativotam.com\/index.php\/2024\/05\/15\/exigen-a-cs-a-industria-agro-y-pemex-detener-extraccion-de-agua-sistema-lagunario-esta-seco-y-poblacion-es-prioridad\/#primaryimage"},"thumbnailUrl":"https:\/\/elinformativotam.com\/wp-content\/uploads\/2024\/05\/ACS.jpeg","datePublished":"2024-05-16T04:42:16+00:00","description":"*Por Medio De La CDHT Piden A Los Entes De Gobierno Prioricen El Abasto De Agua En Esta Crisis H\u00eddrica &nbsp; &nbsp; Siete agrupaciones civiles de la zona","inLanguage":"es","potentialAction":[{"@type":"ReadAction","target":["https:\/\/elinformativotam.com\/index.php\/2024\/05\/15\/exigen-a-cs-a-industria-agro-y-pemex-detener-extraccion-de-agua-sistema-lagunario-esta-seco-y-poblacion-es-prioridad\/"]}]},{"@type":"ImageObject","inLanguage":"es","@id":"https:\/\/elinformativotam.com\/index.php\/2024\/05\/15\/exigen-a-cs-a-industria-agro-y-pemex-detener-extraccion-de-agua-sistema-lagunario-esta-seco-y-poblacion-es-prioridad\/#primaryimage","url":"https:\/\/elinformativotam.com\/wp-content\/uploads\/2024\/05\/ACS.jpeg","contentUrl":"https:\/\/elinformativotam.com\/wp-content\/uploads\/2024\/05\/ACS.jpeg","width":1600,"height":1204},{"@type":"WebSite","@id":"https:\/\/elinformativotam.com\/#website","url":"https:\/\/elinformativotam.com\/","name":"EL INFORMATIVO DE TAMAULIPAS","description":"Desde la Zona Metropolitana Para Todo M\u00e9xico","publisher":{"@id":"https:\/\/elinformativotam.com\/#organization"},"potentialAction":[{"@type":"SearchAction","target":{"@type":"EntryPoint","urlTemplate":"https:\/\/elinformativotam.com\/?s={search_term_string}"},"query-input":{"@type":"PropertyValueSpecification","valueRequired":true,"valueName":"search_term_string"}}],"inLanguage":"es"},{"@type":"Organization","@id":"https:\/\/elinformativotam.com\/#organization","name":"EL INFORMATIVO DE TAMAULIPAS","url":"https:\/\/elinformativotam.com\/","logo":{"@type":"ImageObject","inLanguage":"es","@id":"https:\/\/elinformativotam.com\/#\/schema\/logo\/image\/","url":"https:\/\/elinformativotam.com\/wp-content\/uploads\/2026\/02\/Cabezal.png","contentUrl":"https:\/\/elinformativotam.com\/wp-content\/uploads\/2026\/02\/Cabezal.png","width":960,"height":640,"caption":"EL INFORMATIVO DE TAMAULIPAS"},"image":{"@id":"https:\/\/elinformativotam.com\/#\/schema\/logo\/image\/"}},{"@type":"Person","@id":"https:\/\/elinformativotam.com\/#\/schema\/person\/78e08040eed0f6110f0c5f83b6153590","name":"El Informativo Tam","image":{"@type":"ImageObject","inLanguage":"es","@id":"https:\/\/secure.gravatar.com\/avatar\/f3b7ad3af540688955925ac610647be00b0cf41feea9c4978b73a707ee86bc53?s=96&d=mm&r=g","url":"https:\/\/secure.gravatar.com\/avatar\/f3b7ad3af540688955925ac610647be00b0cf41feea9c4978b73a707ee86bc53?s=96&d=mm&r=g","contentUrl":"https:\/\/secure.gravatar.com\/avatar\/f3b7ad3af540688955925ac610647be00b0cf41feea9c4978b73a707ee86bc53?s=96&d=mm&r=g","caption":"El Informativo Tam"}}]}},"_links":{"self":[{"href":"https:\/\/elinformativotam.com\/index.php\/wp-json\/wp\/v2\/posts\/50786","targetHints":{"allow":["GET"]}}],"collection":[{"href":"https:\/\/elinformativotam.com\/index.php\/wp-json\/wp\/v2\/posts"}],"about":[{"href":"https:\/\/elinformativotam.com\/index.php\/wp-json\/wp\/v2\/types\/post"}],"author":[{"embeddable":true,"href":"https:\/\/elinformativotam.com\/index.php\/wp-json\/wp\/v2\/users\/1"}],"replies":[{"embeddable":true,"href":"https:\/\/elinformativotam.com\/index.php\/wp-json\/wp\/v2\/comments?post=50786"}],"version-history":[{"count":1,"href":"https:\/\/elinformativotam.com\/index.php\/wp-json\/wp\/v2\/posts\/50786\/revisions"}],"predecessor-version":[{"id":50787,"href":"https:\/\/elinformativotam.com\/index.php\/wp-json\/wp\/v2\/posts\/50786\/revisions\/50787"}],"wp:featuredmedia":[{"embeddable":true,"href":"https:\/\/elinformativotam.com\/index.php\/wp-json\/wp\/v2\/media\/50780"}],"wp:attachment":[{"href":"https:\/\/elinformativotam.com\/index.php\/wp-json\/wp\/v2\/media?parent=50786"}],"wp:term":[{"taxonomy":"category","embeddable":true,"href":"https:\/\/elinformativotam.com\/index.php\/wp-json\/wp\/v2\/categories?post=50786"},{"taxonomy":"post_tag","embeddable":true,"href":"https:\/\/elinformativotam.com\/index.php\/wp-json\/wp\/v2\/tags?post=50786"}],"curies":[{"name":"wp","href":"https:\/\/api.w.org\/{rel}","templated":true}]}}