{"id":50779,"date":"2024-05-15T22:36:29","date_gmt":"2024-05-16T04:36:29","guid":{"rendered":"https:\/\/elinformativotam.com\/?p=50779"},"modified":"2024-05-15T22:36:29","modified_gmt":"2024-05-16T04:36:29","slug":"vital-que-gobiernos-definan-obras-hidricas-en-zona-sur-obispo","status":"publish","type":"post","link":"https:\/\/elinformativotam.com\/index.php\/2024\/05\/15\/vital-que-gobiernos-definan-obras-hidricas-en-zona-sur-obispo\/","title":{"rendered":"VITAL QUE GOBIERNOS DEFINAN OBRAS H\u00cdDRICAS EN ZONA SUR: OBISPO"},"content":{"rendered":"<h2 style=\"text-align: center;\"><em><span style=\"font-family: 'times new roman', times;\">*Con Misa Al Patrono De Las Lluvias, Poblaci\u00f3n Pide En Oraci\u00f3n Para Que Lleguen Las Lluvias<\/span><\/em><\/h2>\n<p>&nbsp;<\/p>\n<p>El obispo de Tampico, Jos\u00e9 Armando \u00c1lvarez Cano, encabez\u00f3 \u00e9ste mi\u00e9rcoles en una comunidad de Ciudad Mante, una misa en honor al santo San Isidro Labrador, patrono de la lluvia, esto luego de que la sequ\u00eda que impacta a la entidad est\u00e1 secando el sistema lagunario de la zona metropolitana.<\/p>\n<p>&nbsp;<\/p>\n<p>Acompa\u00f1ado de cientos de feligreses del ejido Celaya, de ese municipio, el representante de la iglesia cat\u00f3lica se\u00f1al\u00f3 que es preocupante que las altas temperaturas que se registran sigan causando que el nivel del vaso de captaci\u00f3n siga a la baja.<\/p>\n<p>&nbsp;<\/p>\n<p>Hace apenas unas semanas atr\u00e1s, \u00c1lvarez, solicit\u00f3 a la poblaci\u00f3n de la zona sur, unirse en oraci\u00f3n para tratar de atraer las lluvias, que en los \u00faltimos a\u00f1os han sido muy escasas.<\/p>\n<p>&nbsp;<\/p>\n<p>El obispo de Tampico subray\u00f3 que es momento de que la poblaci\u00f3n se una en medio de la crisis que atraviesa la regi\u00f3n, pues adem\u00e1s es importante que siga la conciencia en el ciudado del l\u00edquido vital.<\/p>\n<p>&nbsp;<\/p>\n<p>\u00c1lvarez, extern\u00f3 la necesidad de tomar medidas preventivas y buscar soluciones que incluyan inversiones en infraestructura h\u00eddrica por parte del gobierno, y la colaboraci\u00f3n activa de la sociedad en el cuidado y preservaci\u00f3n del agua.<\/p>\n<p>&nbsp;<\/p>\n","protected":false},"excerpt":{"rendered":"<p>*Con Misa Al Patrono De Las Lluvias, Poblaci\u00f3n Pide En Oraci\u00f3n Para Que Lleguen Las Lluvias &nbsp; El obispo de&hellip;<\/p>\n","protected":false},"author":1,"featured_media":50782,"comment_status":"open","ping_status":"open","sticky":false,"template":"","format":"standard","meta":{"footnotes":""},"categories":[3],"tags":[],"class_list":["post-50779","post","type-post","status-publish","format-standard","has-post-thumbnail","hentry","category-tampico"],"yoast_head":"<!-- This site is optimized with the Yoast SEO plugin v27.4 - https:\/\/yoast.com\/product\/yoast-seo-wordpress\/ -->\n<title>VITAL QUE GOBIERNOS DEFINAN OBRAS H\u00cdDRICAS EN ZONA SUR: OBISPO - EL INFORMATIVO DE TAMAULIPAS<\/title>\n<meta name=\"description\" content=\"*Con Misa Al Patrono De Las Lluvias, Poblaci\u00f3n Pide En Oraci\u00f3n Para Que Lleguen Las Lluvias &nbsp; El obispo de Tampico, Jos\u00e9 Armando \u00c1lvarez Cano,\" \/>\n<meta name=\"robots\" content=\"index, follow, max-snippet:-1, max-image-preview:large, max-video-preview:-1\" \/>\n<link rel=\"canonical\" href=\"https:\/\/elinformativotam.com\/index.php\/2024\/05\/15\/vital-que-gobiernos-definan-obras-hidricas-en-zona-sur-obispo\/\" \/>\n<meta property=\"og:locale\" content=\"es_MX\" \/>\n<meta property=\"og:type\" content=\"article\" \/>\n<meta property=\"og:title\" content=\"VITAL QUE GOBIERNOS DEFINAN OBRAS H\u00cdDRICAS EN ZONA SUR: OBISPO - EL INFORMATIVO DE TAMAULIPAS\" \/>\n<meta property=\"og:description\" content=\"*Con Misa Al Patrono De Las Lluvias, Poblaci\u00f3n Pide En Oraci\u00f3n Para Que Lleguen Las Lluvias &nbsp; El obispo de Tampico, Jos\u00e9 Armando \u00c1lvarez Cano,\" \/>\n<meta property=\"og:url\" content=\"https:\/\/elinformativotam.com\/index.php\/2024\/05\/15\/vital-que-gobiernos-definan-obras-hidricas-en-zona-sur-obispo\/\" \/>\n<meta property=\"og:site_name\" content=\"EL INFORMATIVO DE TAMAULIPAS\" \/>\n<meta property=\"article:published_time\" content=\"2024-05-16T04:36:29+00:00\" \/>\n<meta property=\"og:image\" content=\"https:\/\/elinformativotam.com\/wp-content\/uploads\/2024\/05\/Obispo.jpeg\" \/>\n\t<meta property=\"og:image:width\" content=\"960\" \/>\n\t<meta property=\"og:image:height\" content=\"1280\" \/>\n\t<meta property=\"og:image:type\" content=\"image\/jpeg\" \/>\n<meta name=\"author\" content=\"El Informativo Tam\" \/>\n<meta name=\"twitter:card\" content=\"summary_large_image\" \/>\n<meta name=\"twitter:label1\" content=\"Escrito por\" \/>\n\t<meta name=\"twitter:data1\" content=\"El Informativo Tam\" \/>\n\t<meta name=\"twitter:label2\" content=\"Tiempo de lectura\" \/>\n\t<meta name=\"twitter:data2\" content=\"2 minutos\" \/>\n<script type=\"application\/ld+json\" class=\"yoast-schema-graph\">{\"@context\":\"https:\\\/\\\/schema.org\",\"@graph\":[{\"@type\":\"Article\",\"@id\":\"https:\\\/\\\/elinformativotam.com\\\/index.php\\\/2024\\\/05\\\/15\\\/vital-que-gobiernos-definan-obras-hidricas-en-zona-sur-obispo\\\/#article\",\"isPartOf\":{\"@id\":\"https:\\\/\\\/elinformativotam.com\\\/index.php\\\/2024\\\/05\\\/15\\\/vital-que-gobiernos-definan-obras-hidricas-en-zona-sur-obispo\\\/\"},\"author\":{\"name\":\"El Informativo Tam\",\"@id\":\"https:\\\/\\\/elinformativotam.com\\\/#\\\/schema\\\/person\\\/78e08040eed0f6110f0c5f83b6153590\"},\"headline\":\"VITAL QUE GOBIERNOS DEFINAN OBRAS H\u00cdDRICAS EN ZONA SUR: OBISPO\",\"datePublished\":\"2024-05-16T04:36:29+00:00\",\"mainEntityOfPage\":{\"@id\":\"https:\\\/\\\/elinformativotam.com\\\/index.php\\\/2024\\\/05\\\/15\\\/vital-que-gobiernos-definan-obras-hidricas-en-zona-sur-obispo\\\/\"},\"wordCount\":247,\"commentCount\":0,\"publisher\":{\"@id\":\"https:\\\/\\\/elinformativotam.com\\\/#organization\"},\"image\":{\"@id\":\"https:\\\/\\\/elinformativotam.com\\\/index.php\\\/2024\\\/05\\\/15\\\/vital-que-gobiernos-definan-obras-hidricas-en-zona-sur-obispo\\\/#primaryimage\"},\"thumbnailUrl\":\"https:\\\/\\\/elinformativotam.com\\\/wp-content\\\/uploads\\\/2024\\\/05\\\/Obispo.jpeg\",\"articleSection\":[\"Tampico\"],\"inLanguage\":\"es\",\"potentialAction\":[{\"@type\":\"CommentAction\",\"name\":\"Comment\",\"target\":[\"https:\\\/\\\/elinformativotam.com\\\/index.php\\\/2024\\\/05\\\/15\\\/vital-que-gobiernos-definan-obras-hidricas-en-zona-sur-obispo\\\/#respond\"]}]},{\"@type\":\"WebPage\",\"@id\":\"https:\\\/\\\/elinformativotam.com\\\/index.php\\\/2024\\\/05\\\/15\\\/vital-que-gobiernos-definan-obras-hidricas-en-zona-sur-obispo\\\/\",\"url\":\"https:\\\/\\\/elinformativotam.com\\\/index.php\\\/2024\\\/05\\\/15\\\/vital-que-gobiernos-definan-obras-hidricas-en-zona-sur-obispo\\\/\",\"name\":\"VITAL QUE GOBIERNOS DEFINAN OBRAS H\u00cdDRICAS EN ZONA SUR: OBISPO - EL INFORMATIVO DE TAMAULIPAS\",\"isPartOf\":{\"@id\":\"https:\\\/\\\/elinformativotam.com\\\/#website\"},\"primaryImageOfPage\":{\"@id\":\"https:\\\/\\\/elinformativotam.com\\\/index.php\\\/2024\\\/05\\\/15\\\/vital-que-gobiernos-definan-obras-hidricas-en-zona-sur-obispo\\\/#primaryimage\"},\"image\":{\"@id\":\"https:\\\/\\\/elinformativotam.com\\\/index.php\\\/2024\\\/05\\\/15\\\/vital-que-gobiernos-definan-obras-hidricas-en-zona-sur-obispo\\\/#primaryimage\"},\"thumbnailUrl\":\"https:\\\/\\\/elinformativotam.com\\\/wp-content\\\/uploads\\\/2024\\\/05\\\/Obispo.jpeg\",\"datePublished\":\"2024-05-16T04:36:29+00:00\",\"description\":\"*Con Misa Al Patrono De Las Lluvias, Poblaci\u00f3n Pide En Oraci\u00f3n Para Que Lleguen Las Lluvias &nbsp; El obispo de Tampico, Jos\u00e9 Armando \u00c1lvarez Cano,\",\"inLanguage\":\"es\",\"potentialAction\":[{\"@type\":\"ReadAction\",\"target\":[\"https:\\\/\\\/elinformativotam.com\\\/index.php\\\/2024\\\/05\\\/15\\\/vital-que-gobiernos-definan-obras-hidricas-en-zona-sur-obispo\\\/\"]}]},{\"@type\":\"ImageObject\",\"inLanguage\":\"es\",\"@id\":\"https:\\\/\\\/elinformativotam.com\\\/index.php\\\/2024\\\/05\\\/15\\\/vital-que-gobiernos-definan-obras-hidricas-en-zona-sur-obispo\\\/#primaryimage\",\"url\":\"https:\\\/\\\/elinformativotam.com\\\/wp-content\\\/uploads\\\/2024\\\/05\\\/Obispo.jpeg\",\"contentUrl\":\"https:\\\/\\\/elinformativotam.com\\\/wp-content\\\/uploads\\\/2024\\\/05\\\/Obispo.jpeg\",\"width\":960,\"height\":1280},{\"@type\":\"WebSite\",\"@id\":\"https:\\\/\\\/elinformativotam.com\\\/#website\",\"url\":\"https:\\\/\\\/elinformativotam.com\\\/\",\"name\":\"EL INFORMATIVO DE TAMAULIPAS\",\"description\":\"Desde la Zona Metropolitana Para Todo M\u00e9xico\",\"publisher\":{\"@id\":\"https:\\\/\\\/elinformativotam.com\\\/#organization\"},\"potentialAction\":[{\"@type\":\"SearchAction\",\"target\":{\"@type\":\"EntryPoint\",\"urlTemplate\":\"https:\\\/\\\/elinformativotam.com\\\/?s={search_term_string}\"},\"query-input\":{\"@type\":\"PropertyValueSpecification\",\"valueRequired\":true,\"valueName\":\"search_term_string\"}}],\"inLanguage\":\"es\"},{\"@type\":\"Organization\",\"@id\":\"https:\\\/\\\/elinformativotam.com\\\/#organization\",\"name\":\"EL INFORMATIVO DE TAMAULIPAS\",\"url\":\"https:\\\/\\\/elinformativotam.com\\\/\",\"logo\":{\"@type\":\"ImageObject\",\"inLanguage\":\"es\",\"@id\":\"https:\\\/\\\/elinformativotam.com\\\/#\\\/schema\\\/logo\\\/image\\\/\",\"url\":\"https:\\\/\\\/elinformativotam.com\\\/wp-content\\\/uploads\\\/2026\\\/02\\\/Cabezal.png\",\"contentUrl\":\"https:\\\/\\\/elinformativotam.com\\\/wp-content\\\/uploads\\\/2026\\\/02\\\/Cabezal.png\",\"width\":960,\"height\":640,\"caption\":\"EL INFORMATIVO DE TAMAULIPAS\"},\"image\":{\"@id\":\"https:\\\/\\\/elinformativotam.com\\\/#\\\/schema\\\/logo\\\/image\\\/\"}},{\"@type\":\"Person\",\"@id\":\"https:\\\/\\\/elinformativotam.com\\\/#\\\/schema\\\/person\\\/78e08040eed0f6110f0c5f83b6153590\",\"name\":\"El Informativo Tam\",\"image\":{\"@type\":\"ImageObject\",\"inLanguage\":\"es\",\"@id\":\"https:\\\/\\\/secure.gravatar.com\\\/avatar\\\/f3b7ad3af540688955925ac610647be00b0cf41feea9c4978b73a707ee86bc53?s=96&d=mm&r=g\",\"url\":\"https:\\\/\\\/secure.gravatar.com\\\/avatar\\\/f3b7ad3af540688955925ac610647be00b0cf41feea9c4978b73a707ee86bc53?s=96&d=mm&r=g\",\"contentUrl\":\"https:\\\/\\\/secure.gravatar.com\\\/avatar\\\/f3b7ad3af540688955925ac610647be00b0cf41feea9c4978b73a707ee86bc53?s=96&d=mm&r=g\",\"caption\":\"El Informativo Tam\"}}]}<\/script>\n<!-- \/ Yoast SEO plugin. -->","yoast_head_json":{"title":"VITAL QUE GOBIERNOS DEFINAN OBRAS H\u00cdDRICAS EN ZONA SUR: OBISPO - EL INFORMATIVO DE TAMAULIPAS","description":"*Con Misa Al Patrono De Las Lluvias, Poblaci\u00f3n Pide En Oraci\u00f3n Para Que Lleguen Las Lluvias &nbsp; El obispo de Tampico, Jos\u00e9 Armando \u00c1lvarez Cano,","robots":{"index":"index","follow":"follow","max-snippet":"max-snippet:-1","max-image-preview":"max-image-preview:large","max-video-preview":"max-video-preview:-1"},"canonical":"https:\/\/elinformativotam.com\/index.php\/2024\/05\/15\/vital-que-gobiernos-definan-obras-hidricas-en-zona-sur-obispo\/","og_locale":"es_MX","og_type":"article","og_title":"VITAL QUE GOBIERNOS DEFINAN OBRAS H\u00cdDRICAS EN ZONA SUR: OBISPO - EL INFORMATIVO DE TAMAULIPAS","og_description":"*Con Misa Al Patrono De Las Lluvias, Poblaci\u00f3n Pide En Oraci\u00f3n Para Que Lleguen Las Lluvias &nbsp; El obispo de Tampico, Jos\u00e9 Armando \u00c1lvarez Cano,","og_url":"https:\/\/elinformativotam.com\/index.php\/2024\/05\/15\/vital-que-gobiernos-definan-obras-hidricas-en-zona-sur-obispo\/","og_site_name":"EL INFORMATIVO DE TAMAULIPAS","article_published_time":"2024-05-16T04:36:29+00:00","og_image":[{"width":960,"height":1280,"url":"https:\/\/elinformativotam.com\/wp-content\/uploads\/2024\/05\/Obispo.jpeg","type":"image\/jpeg"}],"author":"El Informativo Tam","twitter_card":"summary_large_image","twitter_misc":{"Escrito por":"El Informativo Tam","Tiempo de lectura":"2 minutos"},"schema":{"@context":"https:\/\/schema.org","@graph":[{"@type":"Article","@id":"https:\/\/elinformativotam.com\/index.php\/2024\/05\/15\/vital-que-gobiernos-definan-obras-hidricas-en-zona-sur-obispo\/#article","isPartOf":{"@id":"https:\/\/elinformativotam.com\/index.php\/2024\/05\/15\/vital-que-gobiernos-definan-obras-hidricas-en-zona-sur-obispo\/"},"author":{"name":"El Informativo Tam","@id":"https:\/\/elinformativotam.com\/#\/schema\/person\/78e08040eed0f6110f0c5f83b6153590"},"headline":"VITAL QUE GOBIERNOS DEFINAN OBRAS H\u00cdDRICAS EN ZONA SUR: OBISPO","datePublished":"2024-05-16T04:36:29+00:00","mainEntityOfPage":{"@id":"https:\/\/elinformativotam.com\/index.php\/2024\/05\/15\/vital-que-gobiernos-definan-obras-hidricas-en-zona-sur-obispo\/"},"wordCount":247,"commentCount":0,"publisher":{"@id":"https:\/\/elinformativotam.com\/#organization"},"image":{"@id":"https:\/\/elinformativotam.com\/index.php\/2024\/05\/15\/vital-que-gobiernos-definan-obras-hidricas-en-zona-sur-obispo\/#primaryimage"},"thumbnailUrl":"https:\/\/elinformativotam.com\/wp-content\/uploads\/2024\/05\/Obispo.jpeg","articleSection":["Tampico"],"inLanguage":"es","potentialAction":[{"@type":"CommentAction","name":"Comment","target":["https:\/\/elinformativotam.com\/index.php\/2024\/05\/15\/vital-que-gobiernos-definan-obras-hidricas-en-zona-sur-obispo\/#respond"]}]},{"@type":"WebPage","@id":"https:\/\/elinformativotam.com\/index.php\/2024\/05\/15\/vital-que-gobiernos-definan-obras-hidricas-en-zona-sur-obispo\/","url":"https:\/\/elinformativotam.com\/index.php\/2024\/05\/15\/vital-que-gobiernos-definan-obras-hidricas-en-zona-sur-obispo\/","name":"VITAL QUE GOBIERNOS DEFINAN OBRAS H\u00cdDRICAS EN ZONA SUR: OBISPO - EL INFORMATIVO DE TAMAULIPAS","isPartOf":{"@id":"https:\/\/elinformativotam.com\/#website"},"primaryImageOfPage":{"@id":"https:\/\/elinformativotam.com\/index.php\/2024\/05\/15\/vital-que-gobiernos-definan-obras-hidricas-en-zona-sur-obispo\/#primaryimage"},"image":{"@id":"https:\/\/elinformativotam.com\/index.php\/2024\/05\/15\/vital-que-gobiernos-definan-obras-hidricas-en-zona-sur-obispo\/#primaryimage"},"thumbnailUrl":"https:\/\/elinformativotam.com\/wp-content\/uploads\/2024\/05\/Obispo.jpeg","datePublished":"2024-05-16T04:36:29+00:00","description":"*Con Misa Al Patrono De Las Lluvias, Poblaci\u00f3n Pide En Oraci\u00f3n Para Que Lleguen Las Lluvias &nbsp; El obispo de Tampico, Jos\u00e9 Armando \u00c1lvarez Cano,","inLanguage":"es","potentialAction":[{"@type":"ReadAction","target":["https:\/\/elinformativotam.com\/index.php\/2024\/05\/15\/vital-que-gobiernos-definan-obras-hidricas-en-zona-sur-obispo\/"]}]},{"@type":"ImageObject","inLanguage":"es","@id":"https:\/\/elinformativotam.com\/index.php\/2024\/05\/15\/vital-que-gobiernos-definan-obras-hidricas-en-zona-sur-obispo\/#primaryimage","url":"https:\/\/elinformativotam.com\/wp-content\/uploads\/2024\/05\/Obispo.jpeg","contentUrl":"https:\/\/elinformativotam.com\/wp-content\/uploads\/2024\/05\/Obispo.jpeg","width":960,"height":1280},{"@type":"WebSite","@id":"https:\/\/elinformativotam.com\/#website","url":"https:\/\/elinformativotam.com\/","name":"EL INFORMATIVO DE TAMAULIPAS","description":"Desde la Zona Metropolitana Para Todo M\u00e9xico","publisher":{"@id":"https:\/\/elinformativotam.com\/#organization"},"potentialAction":[{"@type":"SearchAction","target":{"@type":"EntryPoint","urlTemplate":"https:\/\/elinformativotam.com\/?s={search_term_string}"},"query-input":{"@type":"PropertyValueSpecification","valueRequired":true,"valueName":"search_term_string"}}],"inLanguage":"es"},{"@type":"Organization","@id":"https:\/\/elinformativotam.com\/#organization","name":"EL INFORMATIVO DE TAMAULIPAS","url":"https:\/\/elinformativotam.com\/","logo":{"@type":"ImageObject","inLanguage":"es","@id":"https:\/\/elinformativotam.com\/#\/schema\/logo\/image\/","url":"https:\/\/elinformativotam.com\/wp-content\/uploads\/2026\/02\/Cabezal.png","contentUrl":"https:\/\/elinformativotam.com\/wp-content\/uploads\/2026\/02\/Cabezal.png","width":960,"height":640,"caption":"EL INFORMATIVO DE TAMAULIPAS"},"image":{"@id":"https:\/\/elinformativotam.com\/#\/schema\/logo\/image\/"}},{"@type":"Person","@id":"https:\/\/elinformativotam.com\/#\/schema\/person\/78e08040eed0f6110f0c5f83b6153590","name":"El Informativo Tam","image":{"@type":"ImageObject","inLanguage":"es","@id":"https:\/\/secure.gravatar.com\/avatar\/f3b7ad3af540688955925ac610647be00b0cf41feea9c4978b73a707ee86bc53?s=96&d=mm&r=g","url":"https:\/\/secure.gravatar.com\/avatar\/f3b7ad3af540688955925ac610647be00b0cf41feea9c4978b73a707ee86bc53?s=96&d=mm&r=g","contentUrl":"https:\/\/secure.gravatar.com\/avatar\/f3b7ad3af540688955925ac610647be00b0cf41feea9c4978b73a707ee86bc53?s=96&d=mm&r=g","caption":"El Informativo Tam"}}]}},"_links":{"self":[{"href":"https:\/\/elinformativotam.com\/index.php\/wp-json\/wp\/v2\/posts\/50779","targetHints":{"allow":["GET"]}}],"collection":[{"href":"https:\/\/elinformativotam.com\/index.php\/wp-json\/wp\/v2\/posts"}],"about":[{"href":"https:\/\/elinformativotam.com\/index.php\/wp-json\/wp\/v2\/types\/post"}],"author":[{"embeddable":true,"href":"https:\/\/elinformativotam.com\/index.php\/wp-json\/wp\/v2\/users\/1"}],"replies":[{"embeddable":true,"href":"https:\/\/elinformativotam.com\/index.php\/wp-json\/wp\/v2\/comments?post=50779"}],"version-history":[{"count":1,"href":"https:\/\/elinformativotam.com\/index.php\/wp-json\/wp\/v2\/posts\/50779\/revisions"}],"predecessor-version":[{"id":50783,"href":"https:\/\/elinformativotam.com\/index.php\/wp-json\/wp\/v2\/posts\/50779\/revisions\/50783"}],"wp:featuredmedia":[{"embeddable":true,"href":"https:\/\/elinformativotam.com\/index.php\/wp-json\/wp\/v2\/media\/50782"}],"wp:attachment":[{"href":"https:\/\/elinformativotam.com\/index.php\/wp-json\/wp\/v2\/media?parent=50779"}],"wp:term":[{"taxonomy":"category","embeddable":true,"href":"https:\/\/elinformativotam.com\/index.php\/wp-json\/wp\/v2\/categories?post=50779"},{"taxonomy":"post_tag","embeddable":true,"href":"https:\/\/elinformativotam.com\/index.php\/wp-json\/wp\/v2\/tags?post=50779"}],"curies":[{"name":"wp","href":"https:\/\/api.w.org\/{rel}","templated":true}]}}