{"id":50774,"date":"2024-05-14T22:11:51","date_gmt":"2024-05-15T04:11:51","guid":{"rendered":"https:\/\/elinformativotam.com\/?p=50774"},"modified":"2024-05-14T22:11:51","modified_gmt":"2024-05-15T04:11:51","slug":"se-requiere-conciencia-no-compras-de-panico-cecotur-2","status":"publish","type":"post","link":"https:\/\/elinformativotam.com\/index.php\/2024\/05\/14\/se-requiere-conciencia-no-compras-de-panico-cecotur-2\/","title":{"rendered":"SE REQUIERE CONCIENCIA, NO COMPRAS DE P\u00c1NICO: CECOTUR."},"content":{"rendered":"<p>Cd. Madero, Tamaulipas.- La falta de agua ha generado que existan compras de p\u00e1nico en las tiendas de autoservicio, por lo que se est\u00e1 generando un\u00a0 desabasto de agua embotellada.<\/p>\n<p>&nbsp;<\/p>\n<p>El presidente del Consejo Empresarial Comercial y Tur\u00edstico en Madero, Ram\u00f3n G\u00f3mez Narv\u00e1ez, dijo que se tiene que hacer conciencia entre la gente que el comprar agua no es algo que solucionar\u00e1 el problema, sino que se requiere que llueva.<\/p>\n<p>&nbsp;<\/p>\n<p>Mencion\u00f3 que es indispensable que la gente no desperdicie en agua, debido a que no se ha llegado al punto cero, pues se cuenta con una reserva, pero esta se debe cuidar para no tener problemas.<\/p>\n<p>&nbsp;<\/p>\n<p>Expuso que otra de las cosas en los cuales la ciudadan\u00eda est\u00e1 haciendo compras de p\u00e1nico es en lo referente a los Tinacos de agua, pues ahora todos desean uno para almacenar agua en sus casas, lo que provoca que incluso la gente se est\u00e9 endeudando.<\/p>\n<p>&nbsp;<\/p>\n<p>A\u00f1adi\u00f3 que el hecho de contar con todo esto no significa que no pasar\u00e1n problemas, pues record\u00f3 que la electricidad tambi\u00e9n\u00a0 es factor, ya que si no hay luz no hay bombeo de agua a pesar que se tenga vital l\u00edquido, por lo que se tendr\u00eda de todas formas un desabasto en los hogares.<\/p>\n<p>&nbsp;<\/p>\n","protected":false},"excerpt":{"rendered":"<p>Cd. Madero, Tamaulipas.- La falta de agua ha generado que existan compras de p\u00e1nico en las tiendas de autoservicio, por&hellip;<\/p>\n","protected":false},"author":1,"featured_media":50703,"comment_status":"open","ping_status":"open","sticky":false,"template":"","format":"standard","meta":{"footnotes":""},"categories":[4],"tags":[],"class_list":["post-50774","post","type-post","status-publish","format-standard","has-post-thumbnail","hentry","category-madero"],"yoast_head":"<!-- This site is optimized with the Yoast SEO plugin v27.4 - https:\/\/yoast.com\/product\/yoast-seo-wordpress\/ -->\n<title>SE REQUIERE CONCIENCIA, NO COMPRAS DE P\u00c1NICO: CECOTUR. - EL INFORMATIVO DE TAMAULIPAS<\/title>\n<meta name=\"description\" content=\"Cd. Madero, Tamaulipas.- La falta de agua ha generado que existan compras de p\u00e1nico en las tiendas de autoservicio, por lo que se est\u00e1 generando un\u00a0\" \/>\n<meta name=\"robots\" content=\"index, follow, max-snippet:-1, max-image-preview:large, max-video-preview:-1\" \/>\n<link rel=\"canonical\" href=\"https:\/\/elinformativotam.com\/index.php\/2024\/05\/14\/se-requiere-conciencia-no-compras-de-panico-cecotur-2\/\" \/>\n<meta property=\"og:locale\" content=\"es_MX\" \/>\n<meta property=\"og:type\" content=\"article\" \/>\n<meta property=\"og:title\" content=\"SE REQUIERE CONCIENCIA, NO COMPRAS DE P\u00c1NICO: CECOTUR. - EL INFORMATIVO DE TAMAULIPAS\" \/>\n<meta property=\"og:description\" content=\"Cd. Madero, Tamaulipas.- La falta de agua ha generado que existan compras de p\u00e1nico en las tiendas de autoservicio, por lo que se est\u00e1 generando un\u00a0\" \/>\n<meta property=\"og:url\" content=\"https:\/\/elinformativotam.com\/index.php\/2024\/05\/14\/se-requiere-conciencia-no-compras-de-panico-cecotur-2\/\" \/>\n<meta property=\"og:site_name\" content=\"EL INFORMATIVO DE TAMAULIPAS\" \/>\n<meta property=\"article:published_time\" content=\"2024-05-15T04:11:51+00:00\" \/>\n<meta property=\"og:image\" content=\"https:\/\/elinformativotam.com\/wp-content\/uploads\/2024\/05\/Don-Ramon.jpg\" \/>\n\t<meta property=\"og:image:width\" content=\"1150\" \/>\n\t<meta property=\"og:image:height\" content=\"720\" \/>\n\t<meta property=\"og:image:type\" content=\"image\/jpeg\" \/>\n<meta name=\"author\" content=\"El Informativo Tam\" \/>\n<meta name=\"twitter:card\" content=\"summary_large_image\" \/>\n<meta name=\"twitter:label1\" content=\"Escrito por\" \/>\n\t<meta name=\"twitter:data1\" content=\"El Informativo Tam\" \/>\n\t<meta name=\"twitter:label2\" content=\"Tiempo de lectura\" \/>\n\t<meta name=\"twitter:data2\" content=\"2 minutos\" \/>\n<script type=\"application\/ld+json\" class=\"yoast-schema-graph\">{\"@context\":\"https:\\\/\\\/schema.org\",\"@graph\":[{\"@type\":\"Article\",\"@id\":\"https:\\\/\\\/elinformativotam.com\\\/index.php\\\/2024\\\/05\\\/14\\\/se-requiere-conciencia-no-compras-de-panico-cecotur-2\\\/#article\",\"isPartOf\":{\"@id\":\"https:\\\/\\\/elinformativotam.com\\\/index.php\\\/2024\\\/05\\\/14\\\/se-requiere-conciencia-no-compras-de-panico-cecotur-2\\\/\"},\"author\":{\"name\":\"El Informativo Tam\",\"@id\":\"https:\\\/\\\/elinformativotam.com\\\/#\\\/schema\\\/person\\\/78e08040eed0f6110f0c5f83b6153590\"},\"headline\":\"SE REQUIERE CONCIENCIA, NO COMPRAS DE P\u00c1NICO: CECOTUR.\",\"datePublished\":\"2024-05-15T04:11:51+00:00\",\"mainEntityOfPage\":{\"@id\":\"https:\\\/\\\/elinformativotam.com\\\/index.php\\\/2024\\\/05\\\/14\\\/se-requiere-conciencia-no-compras-de-panico-cecotur-2\\\/\"},\"wordCount\":233,\"commentCount\":0,\"publisher\":{\"@id\":\"https:\\\/\\\/elinformativotam.com\\\/#organization\"},\"image\":{\"@id\":\"https:\\\/\\\/elinformativotam.com\\\/index.php\\\/2024\\\/05\\\/14\\\/se-requiere-conciencia-no-compras-de-panico-cecotur-2\\\/#primaryimage\"},\"thumbnailUrl\":\"https:\\\/\\\/elinformativotam.com\\\/wp-content\\\/uploads\\\/2024\\\/05\\\/Don-Ramon.jpg\",\"articleSection\":[\"Cd Madero\"],\"inLanguage\":\"es\",\"potentialAction\":[{\"@type\":\"CommentAction\",\"name\":\"Comment\",\"target\":[\"https:\\\/\\\/elinformativotam.com\\\/index.php\\\/2024\\\/05\\\/14\\\/se-requiere-conciencia-no-compras-de-panico-cecotur-2\\\/#respond\"]}]},{\"@type\":\"WebPage\",\"@id\":\"https:\\\/\\\/elinformativotam.com\\\/index.php\\\/2024\\\/05\\\/14\\\/se-requiere-conciencia-no-compras-de-panico-cecotur-2\\\/\",\"url\":\"https:\\\/\\\/elinformativotam.com\\\/index.php\\\/2024\\\/05\\\/14\\\/se-requiere-conciencia-no-compras-de-panico-cecotur-2\\\/\",\"name\":\"SE REQUIERE CONCIENCIA, NO COMPRAS DE P\u00c1NICO: CECOTUR. - EL INFORMATIVO DE TAMAULIPAS\",\"isPartOf\":{\"@id\":\"https:\\\/\\\/elinformativotam.com\\\/#website\"},\"primaryImageOfPage\":{\"@id\":\"https:\\\/\\\/elinformativotam.com\\\/index.php\\\/2024\\\/05\\\/14\\\/se-requiere-conciencia-no-compras-de-panico-cecotur-2\\\/#primaryimage\"},\"image\":{\"@id\":\"https:\\\/\\\/elinformativotam.com\\\/index.php\\\/2024\\\/05\\\/14\\\/se-requiere-conciencia-no-compras-de-panico-cecotur-2\\\/#primaryimage\"},\"thumbnailUrl\":\"https:\\\/\\\/elinformativotam.com\\\/wp-content\\\/uploads\\\/2024\\\/05\\\/Don-Ramon.jpg\",\"datePublished\":\"2024-05-15T04:11:51+00:00\",\"description\":\"Cd. Madero, Tamaulipas.- La falta de agua ha generado que existan compras de p\u00e1nico en las tiendas de autoservicio, por lo que se est\u00e1 generando un\u00a0\",\"inLanguage\":\"es\",\"potentialAction\":[{\"@type\":\"ReadAction\",\"target\":[\"https:\\\/\\\/elinformativotam.com\\\/index.php\\\/2024\\\/05\\\/14\\\/se-requiere-conciencia-no-compras-de-panico-cecotur-2\\\/\"]}]},{\"@type\":\"ImageObject\",\"inLanguage\":\"es\",\"@id\":\"https:\\\/\\\/elinformativotam.com\\\/index.php\\\/2024\\\/05\\\/14\\\/se-requiere-conciencia-no-compras-de-panico-cecotur-2\\\/#primaryimage\",\"url\":\"https:\\\/\\\/elinformativotam.com\\\/wp-content\\\/uploads\\\/2024\\\/05\\\/Don-Ramon.jpg\",\"contentUrl\":\"https:\\\/\\\/elinformativotam.com\\\/wp-content\\\/uploads\\\/2024\\\/05\\\/Don-Ramon.jpg\",\"width\":1150,\"height\":720},{\"@type\":\"WebSite\",\"@id\":\"https:\\\/\\\/elinformativotam.com\\\/#website\",\"url\":\"https:\\\/\\\/elinformativotam.com\\\/\",\"name\":\"EL INFORMATIVO DE TAMAULIPAS\",\"description\":\"Desde la Zona Metropolitana Para Todo M\u00e9xico\",\"publisher\":{\"@id\":\"https:\\\/\\\/elinformativotam.com\\\/#organization\"},\"potentialAction\":[{\"@type\":\"SearchAction\",\"target\":{\"@type\":\"EntryPoint\",\"urlTemplate\":\"https:\\\/\\\/elinformativotam.com\\\/?s={search_term_string}\"},\"query-input\":{\"@type\":\"PropertyValueSpecification\",\"valueRequired\":true,\"valueName\":\"search_term_string\"}}],\"inLanguage\":\"es\"},{\"@type\":\"Organization\",\"@id\":\"https:\\\/\\\/elinformativotam.com\\\/#organization\",\"name\":\"EL INFORMATIVO DE TAMAULIPAS\",\"url\":\"https:\\\/\\\/elinformativotam.com\\\/\",\"logo\":{\"@type\":\"ImageObject\",\"inLanguage\":\"es\",\"@id\":\"https:\\\/\\\/elinformativotam.com\\\/#\\\/schema\\\/logo\\\/image\\\/\",\"url\":\"https:\\\/\\\/elinformativotam.com\\\/wp-content\\\/uploads\\\/2026\\\/02\\\/Cabezal.png\",\"contentUrl\":\"https:\\\/\\\/elinformativotam.com\\\/wp-content\\\/uploads\\\/2026\\\/02\\\/Cabezal.png\",\"width\":960,\"height\":640,\"caption\":\"EL INFORMATIVO DE TAMAULIPAS\"},\"image\":{\"@id\":\"https:\\\/\\\/elinformativotam.com\\\/#\\\/schema\\\/logo\\\/image\\\/\"}},{\"@type\":\"Person\",\"@id\":\"https:\\\/\\\/elinformativotam.com\\\/#\\\/schema\\\/person\\\/78e08040eed0f6110f0c5f83b6153590\",\"name\":\"El Informativo Tam\",\"image\":{\"@type\":\"ImageObject\",\"inLanguage\":\"es\",\"@id\":\"https:\\\/\\\/secure.gravatar.com\\\/avatar\\\/f3b7ad3af540688955925ac610647be00b0cf41feea9c4978b73a707ee86bc53?s=96&d=mm&r=g\",\"url\":\"https:\\\/\\\/secure.gravatar.com\\\/avatar\\\/f3b7ad3af540688955925ac610647be00b0cf41feea9c4978b73a707ee86bc53?s=96&d=mm&r=g\",\"contentUrl\":\"https:\\\/\\\/secure.gravatar.com\\\/avatar\\\/f3b7ad3af540688955925ac610647be00b0cf41feea9c4978b73a707ee86bc53?s=96&d=mm&r=g\",\"caption\":\"El Informativo Tam\"}}]}<\/script>\n<!-- \/ Yoast SEO plugin. -->","yoast_head_json":{"title":"SE REQUIERE CONCIENCIA, NO COMPRAS DE P\u00c1NICO: CECOTUR. - EL INFORMATIVO DE TAMAULIPAS","description":"Cd. Madero, Tamaulipas.- La falta de agua ha generado que existan compras de p\u00e1nico en las tiendas de autoservicio, por lo que se est\u00e1 generando un\u00a0","robots":{"index":"index","follow":"follow","max-snippet":"max-snippet:-1","max-image-preview":"max-image-preview:large","max-video-preview":"max-video-preview:-1"},"canonical":"https:\/\/elinformativotam.com\/index.php\/2024\/05\/14\/se-requiere-conciencia-no-compras-de-panico-cecotur-2\/","og_locale":"es_MX","og_type":"article","og_title":"SE REQUIERE CONCIENCIA, NO COMPRAS DE P\u00c1NICO: CECOTUR. - EL INFORMATIVO DE TAMAULIPAS","og_description":"Cd. Madero, Tamaulipas.- La falta de agua ha generado que existan compras de p\u00e1nico en las tiendas de autoservicio, por lo que se est\u00e1 generando un\u00a0","og_url":"https:\/\/elinformativotam.com\/index.php\/2024\/05\/14\/se-requiere-conciencia-no-compras-de-panico-cecotur-2\/","og_site_name":"EL INFORMATIVO DE TAMAULIPAS","article_published_time":"2024-05-15T04:11:51+00:00","og_image":[{"width":1150,"height":720,"url":"https:\/\/elinformativotam.com\/wp-content\/uploads\/2024\/05\/Don-Ramon.jpg","type":"image\/jpeg"}],"author":"El Informativo Tam","twitter_card":"summary_large_image","twitter_misc":{"Escrito por":"El Informativo Tam","Tiempo de lectura":"2 minutos"},"schema":{"@context":"https:\/\/schema.org","@graph":[{"@type":"Article","@id":"https:\/\/elinformativotam.com\/index.php\/2024\/05\/14\/se-requiere-conciencia-no-compras-de-panico-cecotur-2\/#article","isPartOf":{"@id":"https:\/\/elinformativotam.com\/index.php\/2024\/05\/14\/se-requiere-conciencia-no-compras-de-panico-cecotur-2\/"},"author":{"name":"El Informativo Tam","@id":"https:\/\/elinformativotam.com\/#\/schema\/person\/78e08040eed0f6110f0c5f83b6153590"},"headline":"SE REQUIERE CONCIENCIA, NO COMPRAS DE P\u00c1NICO: CECOTUR.","datePublished":"2024-05-15T04:11:51+00:00","mainEntityOfPage":{"@id":"https:\/\/elinformativotam.com\/index.php\/2024\/05\/14\/se-requiere-conciencia-no-compras-de-panico-cecotur-2\/"},"wordCount":233,"commentCount":0,"publisher":{"@id":"https:\/\/elinformativotam.com\/#organization"},"image":{"@id":"https:\/\/elinformativotam.com\/index.php\/2024\/05\/14\/se-requiere-conciencia-no-compras-de-panico-cecotur-2\/#primaryimage"},"thumbnailUrl":"https:\/\/elinformativotam.com\/wp-content\/uploads\/2024\/05\/Don-Ramon.jpg","articleSection":["Cd Madero"],"inLanguage":"es","potentialAction":[{"@type":"CommentAction","name":"Comment","target":["https:\/\/elinformativotam.com\/index.php\/2024\/05\/14\/se-requiere-conciencia-no-compras-de-panico-cecotur-2\/#respond"]}]},{"@type":"WebPage","@id":"https:\/\/elinformativotam.com\/index.php\/2024\/05\/14\/se-requiere-conciencia-no-compras-de-panico-cecotur-2\/","url":"https:\/\/elinformativotam.com\/index.php\/2024\/05\/14\/se-requiere-conciencia-no-compras-de-panico-cecotur-2\/","name":"SE REQUIERE CONCIENCIA, NO COMPRAS DE P\u00c1NICO: CECOTUR. - EL INFORMATIVO DE TAMAULIPAS","isPartOf":{"@id":"https:\/\/elinformativotam.com\/#website"},"primaryImageOfPage":{"@id":"https:\/\/elinformativotam.com\/index.php\/2024\/05\/14\/se-requiere-conciencia-no-compras-de-panico-cecotur-2\/#primaryimage"},"image":{"@id":"https:\/\/elinformativotam.com\/index.php\/2024\/05\/14\/se-requiere-conciencia-no-compras-de-panico-cecotur-2\/#primaryimage"},"thumbnailUrl":"https:\/\/elinformativotam.com\/wp-content\/uploads\/2024\/05\/Don-Ramon.jpg","datePublished":"2024-05-15T04:11:51+00:00","description":"Cd. Madero, Tamaulipas.- La falta de agua ha generado que existan compras de p\u00e1nico en las tiendas de autoservicio, por lo que se est\u00e1 generando un\u00a0","inLanguage":"es","potentialAction":[{"@type":"ReadAction","target":["https:\/\/elinformativotam.com\/index.php\/2024\/05\/14\/se-requiere-conciencia-no-compras-de-panico-cecotur-2\/"]}]},{"@type":"ImageObject","inLanguage":"es","@id":"https:\/\/elinformativotam.com\/index.php\/2024\/05\/14\/se-requiere-conciencia-no-compras-de-panico-cecotur-2\/#primaryimage","url":"https:\/\/elinformativotam.com\/wp-content\/uploads\/2024\/05\/Don-Ramon.jpg","contentUrl":"https:\/\/elinformativotam.com\/wp-content\/uploads\/2024\/05\/Don-Ramon.jpg","width":1150,"height":720},{"@type":"WebSite","@id":"https:\/\/elinformativotam.com\/#website","url":"https:\/\/elinformativotam.com\/","name":"EL INFORMATIVO DE TAMAULIPAS","description":"Desde la Zona Metropolitana Para Todo M\u00e9xico","publisher":{"@id":"https:\/\/elinformativotam.com\/#organization"},"potentialAction":[{"@type":"SearchAction","target":{"@type":"EntryPoint","urlTemplate":"https:\/\/elinformativotam.com\/?s={search_term_string}"},"query-input":{"@type":"PropertyValueSpecification","valueRequired":true,"valueName":"search_term_string"}}],"inLanguage":"es"},{"@type":"Organization","@id":"https:\/\/elinformativotam.com\/#organization","name":"EL INFORMATIVO DE TAMAULIPAS","url":"https:\/\/elinformativotam.com\/","logo":{"@type":"ImageObject","inLanguage":"es","@id":"https:\/\/elinformativotam.com\/#\/schema\/logo\/image\/","url":"https:\/\/elinformativotam.com\/wp-content\/uploads\/2026\/02\/Cabezal.png","contentUrl":"https:\/\/elinformativotam.com\/wp-content\/uploads\/2026\/02\/Cabezal.png","width":960,"height":640,"caption":"EL INFORMATIVO DE TAMAULIPAS"},"image":{"@id":"https:\/\/elinformativotam.com\/#\/schema\/logo\/image\/"}},{"@type":"Person","@id":"https:\/\/elinformativotam.com\/#\/schema\/person\/78e08040eed0f6110f0c5f83b6153590","name":"El Informativo Tam","image":{"@type":"ImageObject","inLanguage":"es","@id":"https:\/\/secure.gravatar.com\/avatar\/f3b7ad3af540688955925ac610647be00b0cf41feea9c4978b73a707ee86bc53?s=96&d=mm&r=g","url":"https:\/\/secure.gravatar.com\/avatar\/f3b7ad3af540688955925ac610647be00b0cf41feea9c4978b73a707ee86bc53?s=96&d=mm&r=g","contentUrl":"https:\/\/secure.gravatar.com\/avatar\/f3b7ad3af540688955925ac610647be00b0cf41feea9c4978b73a707ee86bc53?s=96&d=mm&r=g","caption":"El Informativo Tam"}}]}},"_links":{"self":[{"href":"https:\/\/elinformativotam.com\/index.php\/wp-json\/wp\/v2\/posts\/50774","targetHints":{"allow":["GET"]}}],"collection":[{"href":"https:\/\/elinformativotam.com\/index.php\/wp-json\/wp\/v2\/posts"}],"about":[{"href":"https:\/\/elinformativotam.com\/index.php\/wp-json\/wp\/v2\/types\/post"}],"author":[{"embeddable":true,"href":"https:\/\/elinformativotam.com\/index.php\/wp-json\/wp\/v2\/users\/1"}],"replies":[{"embeddable":true,"href":"https:\/\/elinformativotam.com\/index.php\/wp-json\/wp\/v2\/comments?post=50774"}],"version-history":[{"count":1,"href":"https:\/\/elinformativotam.com\/index.php\/wp-json\/wp\/v2\/posts\/50774\/revisions"}],"predecessor-version":[{"id":50775,"href":"https:\/\/elinformativotam.com\/index.php\/wp-json\/wp\/v2\/posts\/50774\/revisions\/50775"}],"wp:featuredmedia":[{"embeddable":true,"href":"https:\/\/elinformativotam.com\/index.php\/wp-json\/wp\/v2\/media\/50703"}],"wp:attachment":[{"href":"https:\/\/elinformativotam.com\/index.php\/wp-json\/wp\/v2\/media?parent=50774"}],"wp:term":[{"taxonomy":"category","embeddable":true,"href":"https:\/\/elinformativotam.com\/index.php\/wp-json\/wp\/v2\/categories?post=50774"},{"taxonomy":"post_tag","embeddable":true,"href":"https:\/\/elinformativotam.com\/index.php\/wp-json\/wp\/v2\/tags?post=50774"}],"curies":[{"name":"wp","href":"https:\/\/api.w.org\/{rel}","templated":true}]}}