{"id":50772,"date":"2024-05-14T22:09:28","date_gmt":"2024-05-15T04:09:28","guid":{"rendered":"https:\/\/elinformativotam.com\/?p=50772"},"modified":"2024-05-14T22:09:28","modified_gmt":"2024-05-15T04:09:28","slug":"no-estara-oseguera-en-la-boleta-electoral-del-2-de-junio","status":"publish","type":"post","link":"https:\/\/elinformativotam.com\/index.php\/2024\/05\/14\/no-estara-oseguera-en-la-boleta-electoral-del-2-de-junio\/","title":{"rendered":"NO ESTAR\u00c1 OSEGUERA EN LA BOLETA ELECTORAL DEL 2 DE JUNIO"},"content":{"rendered":"<h2 style=\"text-align: center;\"><em><span style=\"font-family: 'times new roman', times;\">*Deja INE Fuera Al Alcalde Con Licencia De Madero E Incluye A Grisell Lara Y Dulce S\u00e1nchez, Como Candidatas En La Papeleta<\/span><\/em><\/h2>\n<p>&nbsp;<\/p>\n<p>&nbsp;<\/p>\n<p>El candidato a la diputaci\u00f3n federal por el 8 distrito, de la coalici\u00f3n Morena, PVEM y PT, Adri\u00e1n Oseguera Kernion, no aparecer\u00e1 en la boleta de la elecci\u00f3n del 2 de Junio, as\u00ed lo confirm\u00f3 hoy el consejo distrital electoral con sede en Tampico.<\/p>\n<p>&nbsp;<\/p>\n<p>Tras la impugnaci\u00f3n a su candidatura que dur\u00f3 poco m\u00e1s de un mes en el TEPJF, y que la coalici\u00f3n tuvo la necesidad de nombrar hasta dos candidatas en ese lapso de tiempo, al final el alcalde con licencia de Ciudad Madero no estar\u00e1 en la papeleta formal de esta elecci\u00f3n concurrente.<\/p>\n<p>&nbsp;<\/p>\n<p>Tambi\u00e9n su suplente Jes\u00fas Altamirano corri\u00f3 con la misma suerte, y todo indica que el d\u00eda de los comicios votar\u00e1n por unas completas desconocidas en el ambiente pol\u00edtico de su distrito.<\/p>\n<p>&nbsp;<\/p>\n<p>Este martes, la Presidenta del Consejo Distrital, Mar\u00eda de la Luz Espinoza Hern\u00e1ndez, confirm\u00f3 que en el espacio de la coalici\u00f3n aparecen los nombres de Grisell Guadalupe Lara Flores, como candidata propietaria y Dulce Olivia S\u00e1nchez Ram\u00edrez, como suplente.<\/p>\n<p>&nbsp;<\/p>\n<p>Fue el pasado 19 de Marzo cuando mediante notificaci\u00f3n del Consejo General del INE, se le hizo del conocimiento al alcalde con licencia que ser\u00eda sustituido en la candidatura, luego de que el PT interpuso el recurso de impugnaci\u00f3n al considerar que la equidad de g\u00e9nero se estaba dejando a un lado en ese distrito.<\/p>\n<p>&nbsp;<\/p>\n<p>Semanas despu\u00e9s Nora Izaguirre, qui\u00e9n fuera suplente en ese entonces de la ahora ex candidata a la diputaci\u00f3n local por el distrito 22 del PAN Magdalena Peraza, tom\u00f3 la candidatura en el 8 distrito, en un movimiento de negociaci\u00f3n con los grupos internos de Morena en Tampico y la ex alcaldesa, en el que solo dur\u00f3 escasos d\u00edas, pues la sala regional del tribunal electoral federal fall\u00f3 a favor de la devoluci\u00f3n de la candidatura a Oseguera,<\/p>\n<p>&nbsp;<\/p>\n<p>El 21 de Abril pasado le fue devuelto el espacio que hoy disputa con Jes\u00fas Nader Nasrrallah, y que est\u00e1 en poder del PAN, sin embargo para el INE fue tard\u00edo su retorno a la contienda electoral federal.<\/p>\n<p>&nbsp;<\/p>\n","protected":false},"excerpt":{"rendered":"<p>*Deja INE Fuera Al Alcalde Con Licencia De Madero E Incluye A Grisell Lara Y Dulce S\u00e1nchez, Como Candidatas En&hellip;<\/p>\n","protected":false},"author":1,"featured_media":50764,"comment_status":"open","ping_status":"open","sticky":false,"template":"","format":"standard","meta":{"footnotes":""},"categories":[3],"tags":[],"class_list":["post-50772","post","type-post","status-publish","format-standard","has-post-thumbnail","hentry","category-tampico"],"yoast_head":"<!-- This site is optimized with the Yoast SEO plugin v27.4 - https:\/\/yoast.com\/product\/yoast-seo-wordpress\/ -->\n<title>NO ESTAR\u00c1 OSEGUERA EN LA BOLETA ELECTORAL DEL 2 DE JUNIO - EL INFORMATIVO DE TAMAULIPAS<\/title>\n<meta name=\"description\" content=\"*Deja INE Fuera Al Alcalde Con Licencia De Madero E Incluye A Grisell Lara Y Dulce S\u00e1nchez, Como Candidatas En La Papeleta &nbsp; &nbsp; El candidato a la\" \/>\n<meta name=\"robots\" content=\"index, follow, max-snippet:-1, max-image-preview:large, max-video-preview:-1\" \/>\n<link rel=\"canonical\" href=\"https:\/\/elinformativotam.com\/index.php\/2024\/05\/14\/no-estara-oseguera-en-la-boleta-electoral-del-2-de-junio\/\" \/>\n<meta property=\"og:locale\" content=\"es_MX\" \/>\n<meta property=\"og:type\" content=\"article\" \/>\n<meta property=\"og:title\" content=\"NO ESTAR\u00c1 OSEGUERA EN LA BOLETA ELECTORAL DEL 2 DE JUNIO - EL INFORMATIVO DE TAMAULIPAS\" \/>\n<meta property=\"og:description\" content=\"*Deja INE Fuera Al Alcalde Con Licencia De Madero E Incluye A Grisell Lara Y Dulce S\u00e1nchez, Como Candidatas En La Papeleta &nbsp; &nbsp; El candidato a la\" \/>\n<meta property=\"og:url\" content=\"https:\/\/elinformativotam.com\/index.php\/2024\/05\/14\/no-estara-oseguera-en-la-boleta-electoral-del-2-de-junio\/\" \/>\n<meta property=\"og:site_name\" content=\"EL INFORMATIVO DE TAMAULIPAS\" \/>\n<meta property=\"article:published_time\" content=\"2024-05-15T04:09:28+00:00\" \/>\n<meta property=\"og:image\" content=\"https:\/\/elinformativotam.com\/wp-content\/uploads\/2024\/05\/Maria-de-la-Luz.jpeg\" \/>\n\t<meta property=\"og:image:width\" content=\"1280\" \/>\n\t<meta property=\"og:image:height\" content=\"963\" \/>\n\t<meta property=\"og:image:type\" content=\"image\/jpeg\" \/>\n<meta name=\"author\" content=\"El Informativo Tam\" \/>\n<meta name=\"twitter:card\" content=\"summary_large_image\" \/>\n<meta name=\"twitter:label1\" content=\"Escrito por\" \/>\n\t<meta name=\"twitter:data1\" content=\"El Informativo Tam\" \/>\n\t<meta name=\"twitter:label2\" content=\"Tiempo de lectura\" \/>\n\t<meta name=\"twitter:data2\" content=\"2 minutos\" \/>\n<script type=\"application\/ld+json\" class=\"yoast-schema-graph\">{\"@context\":\"https:\\\/\\\/schema.org\",\"@graph\":[{\"@type\":\"Article\",\"@id\":\"https:\\\/\\\/elinformativotam.com\\\/index.php\\\/2024\\\/05\\\/14\\\/no-estara-oseguera-en-la-boleta-electoral-del-2-de-junio\\\/#article\",\"isPartOf\":{\"@id\":\"https:\\\/\\\/elinformativotam.com\\\/index.php\\\/2024\\\/05\\\/14\\\/no-estara-oseguera-en-la-boleta-electoral-del-2-de-junio\\\/\"},\"author\":{\"name\":\"El Informativo Tam\",\"@id\":\"https:\\\/\\\/elinformativotam.com\\\/#\\\/schema\\\/person\\\/78e08040eed0f6110f0c5f83b6153590\"},\"headline\":\"NO ESTAR\u00c1 OSEGUERA EN LA BOLETA ELECTORAL DEL 2 DE JUNIO\",\"datePublished\":\"2024-05-15T04:09:28+00:00\",\"mainEntityOfPage\":{\"@id\":\"https:\\\/\\\/elinformativotam.com\\\/index.php\\\/2024\\\/05\\\/14\\\/no-estara-oseguera-en-la-boleta-electoral-del-2-de-junio\\\/\"},\"wordCount\":402,\"commentCount\":0,\"publisher\":{\"@id\":\"https:\\\/\\\/elinformativotam.com\\\/#organization\"},\"image\":{\"@id\":\"https:\\\/\\\/elinformativotam.com\\\/index.php\\\/2024\\\/05\\\/14\\\/no-estara-oseguera-en-la-boleta-electoral-del-2-de-junio\\\/#primaryimage\"},\"thumbnailUrl\":\"https:\\\/\\\/elinformativotam.com\\\/wp-content\\\/uploads\\\/2024\\\/05\\\/Maria-de-la-Luz.jpeg\",\"articleSection\":[\"Tampico\"],\"inLanguage\":\"es\",\"potentialAction\":[{\"@type\":\"CommentAction\",\"name\":\"Comment\",\"target\":[\"https:\\\/\\\/elinformativotam.com\\\/index.php\\\/2024\\\/05\\\/14\\\/no-estara-oseguera-en-la-boleta-electoral-del-2-de-junio\\\/#respond\"]}]},{\"@type\":\"WebPage\",\"@id\":\"https:\\\/\\\/elinformativotam.com\\\/index.php\\\/2024\\\/05\\\/14\\\/no-estara-oseguera-en-la-boleta-electoral-del-2-de-junio\\\/\",\"url\":\"https:\\\/\\\/elinformativotam.com\\\/index.php\\\/2024\\\/05\\\/14\\\/no-estara-oseguera-en-la-boleta-electoral-del-2-de-junio\\\/\",\"name\":\"NO ESTAR\u00c1 OSEGUERA EN LA BOLETA ELECTORAL DEL 2 DE JUNIO - EL INFORMATIVO DE TAMAULIPAS\",\"isPartOf\":{\"@id\":\"https:\\\/\\\/elinformativotam.com\\\/#website\"},\"primaryImageOfPage\":{\"@id\":\"https:\\\/\\\/elinformativotam.com\\\/index.php\\\/2024\\\/05\\\/14\\\/no-estara-oseguera-en-la-boleta-electoral-del-2-de-junio\\\/#primaryimage\"},\"image\":{\"@id\":\"https:\\\/\\\/elinformativotam.com\\\/index.php\\\/2024\\\/05\\\/14\\\/no-estara-oseguera-en-la-boleta-electoral-del-2-de-junio\\\/#primaryimage\"},\"thumbnailUrl\":\"https:\\\/\\\/elinformativotam.com\\\/wp-content\\\/uploads\\\/2024\\\/05\\\/Maria-de-la-Luz.jpeg\",\"datePublished\":\"2024-05-15T04:09:28+00:00\",\"description\":\"*Deja INE Fuera Al Alcalde Con Licencia De Madero E Incluye A Grisell Lara Y Dulce S\u00e1nchez, Como Candidatas En La Papeleta &nbsp; &nbsp; El candidato a la\",\"inLanguage\":\"es\",\"potentialAction\":[{\"@type\":\"ReadAction\",\"target\":[\"https:\\\/\\\/elinformativotam.com\\\/index.php\\\/2024\\\/05\\\/14\\\/no-estara-oseguera-en-la-boleta-electoral-del-2-de-junio\\\/\"]}]},{\"@type\":\"ImageObject\",\"inLanguage\":\"es\",\"@id\":\"https:\\\/\\\/elinformativotam.com\\\/index.php\\\/2024\\\/05\\\/14\\\/no-estara-oseguera-en-la-boleta-electoral-del-2-de-junio\\\/#primaryimage\",\"url\":\"https:\\\/\\\/elinformativotam.com\\\/wp-content\\\/uploads\\\/2024\\\/05\\\/Maria-de-la-Luz.jpeg\",\"contentUrl\":\"https:\\\/\\\/elinformativotam.com\\\/wp-content\\\/uploads\\\/2024\\\/05\\\/Maria-de-la-Luz.jpeg\",\"width\":1280,\"height\":963},{\"@type\":\"WebSite\",\"@id\":\"https:\\\/\\\/elinformativotam.com\\\/#website\",\"url\":\"https:\\\/\\\/elinformativotam.com\\\/\",\"name\":\"EL INFORMATIVO DE TAMAULIPAS\",\"description\":\"Desde la Zona Metropolitana Para Todo M\u00e9xico\",\"publisher\":{\"@id\":\"https:\\\/\\\/elinformativotam.com\\\/#organization\"},\"potentialAction\":[{\"@type\":\"SearchAction\",\"target\":{\"@type\":\"EntryPoint\",\"urlTemplate\":\"https:\\\/\\\/elinformativotam.com\\\/?s={search_term_string}\"},\"query-input\":{\"@type\":\"PropertyValueSpecification\",\"valueRequired\":true,\"valueName\":\"search_term_string\"}}],\"inLanguage\":\"es\"},{\"@type\":\"Organization\",\"@id\":\"https:\\\/\\\/elinformativotam.com\\\/#organization\",\"name\":\"EL INFORMATIVO DE TAMAULIPAS\",\"url\":\"https:\\\/\\\/elinformativotam.com\\\/\",\"logo\":{\"@type\":\"ImageObject\",\"inLanguage\":\"es\",\"@id\":\"https:\\\/\\\/elinformativotam.com\\\/#\\\/schema\\\/logo\\\/image\\\/\",\"url\":\"https:\\\/\\\/elinformativotam.com\\\/wp-content\\\/uploads\\\/2026\\\/02\\\/Cabezal.png\",\"contentUrl\":\"https:\\\/\\\/elinformativotam.com\\\/wp-content\\\/uploads\\\/2026\\\/02\\\/Cabezal.png\",\"width\":960,\"height\":640,\"caption\":\"EL INFORMATIVO DE TAMAULIPAS\"},\"image\":{\"@id\":\"https:\\\/\\\/elinformativotam.com\\\/#\\\/schema\\\/logo\\\/image\\\/\"}},{\"@type\":\"Person\",\"@id\":\"https:\\\/\\\/elinformativotam.com\\\/#\\\/schema\\\/person\\\/78e08040eed0f6110f0c5f83b6153590\",\"name\":\"El Informativo Tam\",\"image\":{\"@type\":\"ImageObject\",\"inLanguage\":\"es\",\"@id\":\"https:\\\/\\\/secure.gravatar.com\\\/avatar\\\/f3b7ad3af540688955925ac610647be00b0cf41feea9c4978b73a707ee86bc53?s=96&d=mm&r=g\",\"url\":\"https:\\\/\\\/secure.gravatar.com\\\/avatar\\\/f3b7ad3af540688955925ac610647be00b0cf41feea9c4978b73a707ee86bc53?s=96&d=mm&r=g\",\"contentUrl\":\"https:\\\/\\\/secure.gravatar.com\\\/avatar\\\/f3b7ad3af540688955925ac610647be00b0cf41feea9c4978b73a707ee86bc53?s=96&d=mm&r=g\",\"caption\":\"El Informativo Tam\"}}]}<\/script>\n<!-- \/ Yoast SEO plugin. -->","yoast_head_json":{"title":"NO ESTAR\u00c1 OSEGUERA EN LA BOLETA ELECTORAL DEL 2 DE JUNIO - EL INFORMATIVO DE TAMAULIPAS","description":"*Deja INE Fuera Al Alcalde Con Licencia De Madero E Incluye A Grisell Lara Y Dulce S\u00e1nchez, Como Candidatas En La Papeleta &nbsp; &nbsp; El candidato a la","robots":{"index":"index","follow":"follow","max-snippet":"max-snippet:-1","max-image-preview":"max-image-preview:large","max-video-preview":"max-video-preview:-1"},"canonical":"https:\/\/elinformativotam.com\/index.php\/2024\/05\/14\/no-estara-oseguera-en-la-boleta-electoral-del-2-de-junio\/","og_locale":"es_MX","og_type":"article","og_title":"NO ESTAR\u00c1 OSEGUERA EN LA BOLETA ELECTORAL DEL 2 DE JUNIO - EL INFORMATIVO DE TAMAULIPAS","og_description":"*Deja INE Fuera Al Alcalde Con Licencia De Madero E Incluye A Grisell Lara Y Dulce S\u00e1nchez, Como Candidatas En La Papeleta &nbsp; &nbsp; El candidato a la","og_url":"https:\/\/elinformativotam.com\/index.php\/2024\/05\/14\/no-estara-oseguera-en-la-boleta-electoral-del-2-de-junio\/","og_site_name":"EL INFORMATIVO DE TAMAULIPAS","article_published_time":"2024-05-15T04:09:28+00:00","og_image":[{"width":1280,"height":963,"url":"https:\/\/elinformativotam.com\/wp-content\/uploads\/2024\/05\/Maria-de-la-Luz.jpeg","type":"image\/jpeg"}],"author":"El Informativo Tam","twitter_card":"summary_large_image","twitter_misc":{"Escrito por":"El Informativo Tam","Tiempo de lectura":"2 minutos"},"schema":{"@context":"https:\/\/schema.org","@graph":[{"@type":"Article","@id":"https:\/\/elinformativotam.com\/index.php\/2024\/05\/14\/no-estara-oseguera-en-la-boleta-electoral-del-2-de-junio\/#article","isPartOf":{"@id":"https:\/\/elinformativotam.com\/index.php\/2024\/05\/14\/no-estara-oseguera-en-la-boleta-electoral-del-2-de-junio\/"},"author":{"name":"El Informativo Tam","@id":"https:\/\/elinformativotam.com\/#\/schema\/person\/78e08040eed0f6110f0c5f83b6153590"},"headline":"NO ESTAR\u00c1 OSEGUERA EN LA BOLETA ELECTORAL DEL 2 DE JUNIO","datePublished":"2024-05-15T04:09:28+00:00","mainEntityOfPage":{"@id":"https:\/\/elinformativotam.com\/index.php\/2024\/05\/14\/no-estara-oseguera-en-la-boleta-electoral-del-2-de-junio\/"},"wordCount":402,"commentCount":0,"publisher":{"@id":"https:\/\/elinformativotam.com\/#organization"},"image":{"@id":"https:\/\/elinformativotam.com\/index.php\/2024\/05\/14\/no-estara-oseguera-en-la-boleta-electoral-del-2-de-junio\/#primaryimage"},"thumbnailUrl":"https:\/\/elinformativotam.com\/wp-content\/uploads\/2024\/05\/Maria-de-la-Luz.jpeg","articleSection":["Tampico"],"inLanguage":"es","potentialAction":[{"@type":"CommentAction","name":"Comment","target":["https:\/\/elinformativotam.com\/index.php\/2024\/05\/14\/no-estara-oseguera-en-la-boleta-electoral-del-2-de-junio\/#respond"]}]},{"@type":"WebPage","@id":"https:\/\/elinformativotam.com\/index.php\/2024\/05\/14\/no-estara-oseguera-en-la-boleta-electoral-del-2-de-junio\/","url":"https:\/\/elinformativotam.com\/index.php\/2024\/05\/14\/no-estara-oseguera-en-la-boleta-electoral-del-2-de-junio\/","name":"NO ESTAR\u00c1 OSEGUERA EN LA BOLETA ELECTORAL DEL 2 DE JUNIO - EL INFORMATIVO DE TAMAULIPAS","isPartOf":{"@id":"https:\/\/elinformativotam.com\/#website"},"primaryImageOfPage":{"@id":"https:\/\/elinformativotam.com\/index.php\/2024\/05\/14\/no-estara-oseguera-en-la-boleta-electoral-del-2-de-junio\/#primaryimage"},"image":{"@id":"https:\/\/elinformativotam.com\/index.php\/2024\/05\/14\/no-estara-oseguera-en-la-boleta-electoral-del-2-de-junio\/#primaryimage"},"thumbnailUrl":"https:\/\/elinformativotam.com\/wp-content\/uploads\/2024\/05\/Maria-de-la-Luz.jpeg","datePublished":"2024-05-15T04:09:28+00:00","description":"*Deja INE Fuera Al Alcalde Con Licencia De Madero E Incluye A Grisell Lara Y Dulce S\u00e1nchez, Como Candidatas En La Papeleta &nbsp; &nbsp; El candidato a la","inLanguage":"es","potentialAction":[{"@type":"ReadAction","target":["https:\/\/elinformativotam.com\/index.php\/2024\/05\/14\/no-estara-oseguera-en-la-boleta-electoral-del-2-de-junio\/"]}]},{"@type":"ImageObject","inLanguage":"es","@id":"https:\/\/elinformativotam.com\/index.php\/2024\/05\/14\/no-estara-oseguera-en-la-boleta-electoral-del-2-de-junio\/#primaryimage","url":"https:\/\/elinformativotam.com\/wp-content\/uploads\/2024\/05\/Maria-de-la-Luz.jpeg","contentUrl":"https:\/\/elinformativotam.com\/wp-content\/uploads\/2024\/05\/Maria-de-la-Luz.jpeg","width":1280,"height":963},{"@type":"WebSite","@id":"https:\/\/elinformativotam.com\/#website","url":"https:\/\/elinformativotam.com\/","name":"EL INFORMATIVO DE TAMAULIPAS","description":"Desde la Zona Metropolitana Para Todo M\u00e9xico","publisher":{"@id":"https:\/\/elinformativotam.com\/#organization"},"potentialAction":[{"@type":"SearchAction","target":{"@type":"EntryPoint","urlTemplate":"https:\/\/elinformativotam.com\/?s={search_term_string}"},"query-input":{"@type":"PropertyValueSpecification","valueRequired":true,"valueName":"search_term_string"}}],"inLanguage":"es"},{"@type":"Organization","@id":"https:\/\/elinformativotam.com\/#organization","name":"EL INFORMATIVO DE TAMAULIPAS","url":"https:\/\/elinformativotam.com\/","logo":{"@type":"ImageObject","inLanguage":"es","@id":"https:\/\/elinformativotam.com\/#\/schema\/logo\/image\/","url":"https:\/\/elinformativotam.com\/wp-content\/uploads\/2026\/02\/Cabezal.png","contentUrl":"https:\/\/elinformativotam.com\/wp-content\/uploads\/2026\/02\/Cabezal.png","width":960,"height":640,"caption":"EL INFORMATIVO DE TAMAULIPAS"},"image":{"@id":"https:\/\/elinformativotam.com\/#\/schema\/logo\/image\/"}},{"@type":"Person","@id":"https:\/\/elinformativotam.com\/#\/schema\/person\/78e08040eed0f6110f0c5f83b6153590","name":"El Informativo Tam","image":{"@type":"ImageObject","inLanguage":"es","@id":"https:\/\/secure.gravatar.com\/avatar\/f3b7ad3af540688955925ac610647be00b0cf41feea9c4978b73a707ee86bc53?s=96&d=mm&r=g","url":"https:\/\/secure.gravatar.com\/avatar\/f3b7ad3af540688955925ac610647be00b0cf41feea9c4978b73a707ee86bc53?s=96&d=mm&r=g","contentUrl":"https:\/\/secure.gravatar.com\/avatar\/f3b7ad3af540688955925ac610647be00b0cf41feea9c4978b73a707ee86bc53?s=96&d=mm&r=g","caption":"El Informativo Tam"}}]}},"_links":{"self":[{"href":"https:\/\/elinformativotam.com\/index.php\/wp-json\/wp\/v2\/posts\/50772","targetHints":{"allow":["GET"]}}],"collection":[{"href":"https:\/\/elinformativotam.com\/index.php\/wp-json\/wp\/v2\/posts"}],"about":[{"href":"https:\/\/elinformativotam.com\/index.php\/wp-json\/wp\/v2\/types\/post"}],"author":[{"embeddable":true,"href":"https:\/\/elinformativotam.com\/index.php\/wp-json\/wp\/v2\/users\/1"}],"replies":[{"embeddable":true,"href":"https:\/\/elinformativotam.com\/index.php\/wp-json\/wp\/v2\/comments?post=50772"}],"version-history":[{"count":1,"href":"https:\/\/elinformativotam.com\/index.php\/wp-json\/wp\/v2\/posts\/50772\/revisions"}],"predecessor-version":[{"id":50773,"href":"https:\/\/elinformativotam.com\/index.php\/wp-json\/wp\/v2\/posts\/50772\/revisions\/50773"}],"wp:featuredmedia":[{"embeddable":true,"href":"https:\/\/elinformativotam.com\/index.php\/wp-json\/wp\/v2\/media\/50764"}],"wp:attachment":[{"href":"https:\/\/elinformativotam.com\/index.php\/wp-json\/wp\/v2\/media?parent=50772"}],"wp:term":[{"taxonomy":"category","embeddable":true,"href":"https:\/\/elinformativotam.com\/index.php\/wp-json\/wp\/v2\/categories?post=50772"},{"taxonomy":"post_tag","embeddable":true,"href":"https:\/\/elinformativotam.com\/index.php\/wp-json\/wp\/v2\/tags?post=50772"}],"curies":[{"name":"wp","href":"https:\/\/api.w.org\/{rel}","templated":true}]}}