{"id":50763,"date":"2024-05-14T22:03:59","date_gmt":"2024-05-15T04:03:59","guid":{"rendered":"https:\/\/elinformativotam.com\/?p=50763"},"modified":"2024-05-14T22:03:59","modified_gmt":"2024-05-15T04:03:59","slug":"unico-responsable-el-ine-si-eleccion-se-empana-de-violencia-pan","status":"publish","type":"post","link":"https:\/\/elinformativotam.com\/index.php\/2024\/05\/14\/unico-responsable-el-ine-si-eleccion-se-empana-de-violencia-pan\/","title":{"rendered":"\u00daNICO RESPONSABLE EL INE SI ELECCI\u00d3N SE EMPA\u00d1A DE VIOLENCIA: PAN"},"content":{"rendered":"<h2 style=\"text-align: center;\"><em><span style=\"font-family: 'times new roman', times;\">*Hay Puntos Rojos Que El \u00d3rgano Electoral Debi\u00f3 Detectar, A Poco M\u00e1s De 15 D\u00edas De Llevarse A Cabo Los Comicios<\/span><\/em><\/h2>\n<p>&nbsp;<\/p>\n<p>El dirigente nacional del PAN Marko Cort\u00e9s Mendoza, advirti\u00f3 que har\u00e1n responsable al INE s\u00ed el pr\u00f3ximo 2 de Junio la elecci\u00f3n se mancha de violencia, esto luego de que en el 30% del pa\u00eds est\u00e1n detectados puntos rojos o de conflicto que pueden detonar durante el hist\u00f3rico proceso electoral.<\/p>\n<p>&nbsp;<\/p>\n<p>En conferencia de prensa celebrada \u00e9ste Martes en Tampico, junto a los candidatos de la coalici\u00f3n PAN-PRI de la zona sur, el Presidente del CEN destac\u00f3 que tan solo en Tamaulipas hay 266 secciones electorales catalogadas como complicadas, ya que el PAN ha realizado un mapeo para detectar zonas de riesgo por violencia.<\/p>\n<p>&nbsp;<\/p>\n<p>&#8220;Nos dijeron(INE) que no ten\u00edan la capacidad para hacer mapas de riesgo, y fue cuando nosotros pedimos a nuestros jefes estatales que nos ayudaran a hacer estos mapas e integrar a los de todo el pa\u00eds para d\u00e1rselos al INE&#8221;, acot\u00f3<\/p>\n<p>&nbsp;<\/p>\n<p>Manifest\u00f3, que fue la dirigencia nacional de \u00e9ste mismo instituto pol\u00edtico qui\u00e9n elabor\u00f3 un mapa de riesgo de todo el pa\u00eds, mismo que fue entregado al INE para que haga algo al respecto.<\/p>\n<p>&nbsp;<\/p>\n<p>Remarc\u00f3, que en Tamaulipas a excepci\u00f3n de Tampico y la zona sur, el resto de la entidad, principalmente en la frontera, est\u00e1 catalogada como complicada por sus \u00edndices altos de que pueda explotar la violencia el 2 de Junio.<\/p>\n<p>&nbsp;<\/p>\n<p>&#8220;Esa informaci\u00f3n nosotros la elaboramos y se la dimos al INE para que hicieran los mapas, pues hay zonas d\u00f3nde se pueden robar los paquetes electorales&#8221;, resalt\u00f3<\/p>\n<p>&nbsp;<\/p>\n<p>Dijo que en el plano de la seguridad en las campa\u00f1as, no solo el candidato est\u00e1 en riesgo de sufrir alg\u00fan ataque violento, sino tambi\u00e9n la misma sociedad quien acompa\u00f1a a los abanderados.<\/p>\n<p>&nbsp;<\/p>\n<p>&#8220;El protocolo de seguridad que implementa el INE hacia los candidatos no ha dado resultados, es insuficiente, pues toda la poblaci\u00f3n est\u00e1 en riesgo cuando hay un clima de violencia de inseguridad que se vive en el pa\u00eds&#8221;.<\/p>\n<p>&nbsp;<\/p>\n<p>Lament\u00f3 que la autoridad electoral federal no est\u00e9 a la altura de las circunstancias para llevar a buen puerto est\u00e1 elecci\u00f3n concurrente&#8221;, acot\u00f3.<\/p>\n<p>&nbsp;<\/p>\n","protected":false},"excerpt":{"rendered":"<p>*Hay Puntos Rojos Que El \u00d3rgano Electoral Debi\u00f3 Detectar, A Poco M\u00e1s De 15 D\u00edas De Llevarse A Cabo Los&hellip;<\/p>\n","protected":false},"author":1,"featured_media":50768,"comment_status":"open","ping_status":"open","sticky":false,"template":"","format":"standard","meta":{"footnotes":""},"categories":[3],"tags":[],"class_list":["post-50763","post","type-post","status-publish","format-standard","has-post-thumbnail","hentry","category-tampico"],"yoast_head":"<!-- This site is optimized with the Yoast SEO plugin v27.4 - https:\/\/yoast.com\/product\/yoast-seo-wordpress\/ -->\n<title>\u00daNICO RESPONSABLE EL INE SI ELECCI\u00d3N SE EMPA\u00d1A DE VIOLENCIA: PAN - EL INFORMATIVO DE TAMAULIPAS<\/title>\n<meta name=\"description\" content=\"*Hay Puntos Rojos Que El \u00d3rgano Electoral Debi\u00f3 Detectar, A Poco M\u00e1s De 15 D\u00edas De Llevarse A Cabo Los Comicios &nbsp; El dirigente nacional del PAN Marko\" \/>\n<meta name=\"robots\" content=\"index, follow, max-snippet:-1, max-image-preview:large, max-video-preview:-1\" \/>\n<link rel=\"canonical\" href=\"https:\/\/elinformativotam.com\/index.php\/2024\/05\/14\/unico-responsable-el-ine-si-eleccion-se-empana-de-violencia-pan\/\" \/>\n<meta property=\"og:locale\" content=\"es_MX\" \/>\n<meta property=\"og:type\" content=\"article\" \/>\n<meta property=\"og:title\" content=\"\u00daNICO RESPONSABLE EL INE SI ELECCI\u00d3N SE EMPA\u00d1A DE VIOLENCIA: PAN - EL INFORMATIVO DE TAMAULIPAS\" \/>\n<meta property=\"og:description\" content=\"*Hay Puntos Rojos Que El \u00d3rgano Electoral Debi\u00f3 Detectar, A Poco M\u00e1s De 15 D\u00edas De Llevarse A Cabo Los Comicios &nbsp; El dirigente nacional del PAN Marko\" \/>\n<meta property=\"og:url\" content=\"https:\/\/elinformativotam.com\/index.php\/2024\/05\/14\/unico-responsable-el-ine-si-eleccion-se-empana-de-violencia-pan\/\" \/>\n<meta property=\"og:site_name\" content=\"EL INFORMATIVO DE TAMAULIPAS\" \/>\n<meta property=\"article:published_time\" content=\"2024-05-15T04:03:59+00:00\" \/>\n<meta property=\"og:image\" content=\"https:\/\/elinformativotam.com\/wp-content\/uploads\/2024\/05\/marko.jpeg\" \/>\n\t<meta property=\"og:image:width\" content=\"1600\" \/>\n\t<meta property=\"og:image:height\" content=\"1204\" \/>\n\t<meta property=\"og:image:type\" content=\"image\/jpeg\" \/>\n<meta name=\"author\" content=\"El Informativo Tam\" \/>\n<meta name=\"twitter:card\" content=\"summary_large_image\" \/>\n<meta name=\"twitter:label1\" content=\"Escrito por\" \/>\n\t<meta name=\"twitter:data1\" content=\"El Informativo Tam\" \/>\n\t<meta name=\"twitter:label2\" content=\"Tiempo de lectura\" \/>\n\t<meta name=\"twitter:data2\" content=\"2 minutos\" \/>\n<script type=\"application\/ld+json\" class=\"yoast-schema-graph\">{\"@context\":\"https:\\\/\\\/schema.org\",\"@graph\":[{\"@type\":\"Article\",\"@id\":\"https:\\\/\\\/elinformativotam.com\\\/index.php\\\/2024\\\/05\\\/14\\\/unico-responsable-el-ine-si-eleccion-se-empana-de-violencia-pan\\\/#article\",\"isPartOf\":{\"@id\":\"https:\\\/\\\/elinformativotam.com\\\/index.php\\\/2024\\\/05\\\/14\\\/unico-responsable-el-ine-si-eleccion-se-empana-de-violencia-pan\\\/\"},\"author\":{\"name\":\"El Informativo Tam\",\"@id\":\"https:\\\/\\\/elinformativotam.com\\\/#\\\/schema\\\/person\\\/78e08040eed0f6110f0c5f83b6153590\"},\"headline\":\"\u00daNICO RESPONSABLE EL INE SI ELECCI\u00d3N SE EMPA\u00d1A DE VIOLENCIA: PAN\",\"datePublished\":\"2024-05-15T04:03:59+00:00\",\"mainEntityOfPage\":{\"@id\":\"https:\\\/\\\/elinformativotam.com\\\/index.php\\\/2024\\\/05\\\/14\\\/unico-responsable-el-ine-si-eleccion-se-empana-de-violencia-pan\\\/\"},\"wordCount\":403,\"commentCount\":0,\"publisher\":{\"@id\":\"https:\\\/\\\/elinformativotam.com\\\/#organization\"},\"image\":{\"@id\":\"https:\\\/\\\/elinformativotam.com\\\/index.php\\\/2024\\\/05\\\/14\\\/unico-responsable-el-ine-si-eleccion-se-empana-de-violencia-pan\\\/#primaryimage\"},\"thumbnailUrl\":\"https:\\\/\\\/elinformativotam.com\\\/wp-content\\\/uploads\\\/2024\\\/05\\\/marko.jpeg\",\"articleSection\":[\"Tampico\"],\"inLanguage\":\"es\",\"potentialAction\":[{\"@type\":\"CommentAction\",\"name\":\"Comment\",\"target\":[\"https:\\\/\\\/elinformativotam.com\\\/index.php\\\/2024\\\/05\\\/14\\\/unico-responsable-el-ine-si-eleccion-se-empana-de-violencia-pan\\\/#respond\"]}]},{\"@type\":\"WebPage\",\"@id\":\"https:\\\/\\\/elinformativotam.com\\\/index.php\\\/2024\\\/05\\\/14\\\/unico-responsable-el-ine-si-eleccion-se-empana-de-violencia-pan\\\/\",\"url\":\"https:\\\/\\\/elinformativotam.com\\\/index.php\\\/2024\\\/05\\\/14\\\/unico-responsable-el-ine-si-eleccion-se-empana-de-violencia-pan\\\/\",\"name\":\"\u00daNICO RESPONSABLE EL INE SI ELECCI\u00d3N SE EMPA\u00d1A DE VIOLENCIA: PAN - EL INFORMATIVO DE TAMAULIPAS\",\"isPartOf\":{\"@id\":\"https:\\\/\\\/elinformativotam.com\\\/#website\"},\"primaryImageOfPage\":{\"@id\":\"https:\\\/\\\/elinformativotam.com\\\/index.php\\\/2024\\\/05\\\/14\\\/unico-responsable-el-ine-si-eleccion-se-empana-de-violencia-pan\\\/#primaryimage\"},\"image\":{\"@id\":\"https:\\\/\\\/elinformativotam.com\\\/index.php\\\/2024\\\/05\\\/14\\\/unico-responsable-el-ine-si-eleccion-se-empana-de-violencia-pan\\\/#primaryimage\"},\"thumbnailUrl\":\"https:\\\/\\\/elinformativotam.com\\\/wp-content\\\/uploads\\\/2024\\\/05\\\/marko.jpeg\",\"datePublished\":\"2024-05-15T04:03:59+00:00\",\"description\":\"*Hay Puntos Rojos Que El \u00d3rgano Electoral Debi\u00f3 Detectar, A Poco M\u00e1s De 15 D\u00edas De Llevarse A Cabo Los Comicios &nbsp; El dirigente nacional del PAN Marko\",\"inLanguage\":\"es\",\"potentialAction\":[{\"@type\":\"ReadAction\",\"target\":[\"https:\\\/\\\/elinformativotam.com\\\/index.php\\\/2024\\\/05\\\/14\\\/unico-responsable-el-ine-si-eleccion-se-empana-de-violencia-pan\\\/\"]}]},{\"@type\":\"ImageObject\",\"inLanguage\":\"es\",\"@id\":\"https:\\\/\\\/elinformativotam.com\\\/index.php\\\/2024\\\/05\\\/14\\\/unico-responsable-el-ine-si-eleccion-se-empana-de-violencia-pan\\\/#primaryimage\",\"url\":\"https:\\\/\\\/elinformativotam.com\\\/wp-content\\\/uploads\\\/2024\\\/05\\\/marko.jpeg\",\"contentUrl\":\"https:\\\/\\\/elinformativotam.com\\\/wp-content\\\/uploads\\\/2024\\\/05\\\/marko.jpeg\",\"width\":1600,\"height\":1204},{\"@type\":\"WebSite\",\"@id\":\"https:\\\/\\\/elinformativotam.com\\\/#website\",\"url\":\"https:\\\/\\\/elinformativotam.com\\\/\",\"name\":\"EL INFORMATIVO DE TAMAULIPAS\",\"description\":\"Desde la Zona Metropolitana Para Todo M\u00e9xico\",\"publisher\":{\"@id\":\"https:\\\/\\\/elinformativotam.com\\\/#organization\"},\"potentialAction\":[{\"@type\":\"SearchAction\",\"target\":{\"@type\":\"EntryPoint\",\"urlTemplate\":\"https:\\\/\\\/elinformativotam.com\\\/?s={search_term_string}\"},\"query-input\":{\"@type\":\"PropertyValueSpecification\",\"valueRequired\":true,\"valueName\":\"search_term_string\"}}],\"inLanguage\":\"es\"},{\"@type\":\"Organization\",\"@id\":\"https:\\\/\\\/elinformativotam.com\\\/#organization\",\"name\":\"EL INFORMATIVO DE TAMAULIPAS\",\"url\":\"https:\\\/\\\/elinformativotam.com\\\/\",\"logo\":{\"@type\":\"ImageObject\",\"inLanguage\":\"es\",\"@id\":\"https:\\\/\\\/elinformativotam.com\\\/#\\\/schema\\\/logo\\\/image\\\/\",\"url\":\"https:\\\/\\\/elinformativotam.com\\\/wp-content\\\/uploads\\\/2026\\\/02\\\/Cabezal.png\",\"contentUrl\":\"https:\\\/\\\/elinformativotam.com\\\/wp-content\\\/uploads\\\/2026\\\/02\\\/Cabezal.png\",\"width\":960,\"height\":640,\"caption\":\"EL INFORMATIVO DE TAMAULIPAS\"},\"image\":{\"@id\":\"https:\\\/\\\/elinformativotam.com\\\/#\\\/schema\\\/logo\\\/image\\\/\"}},{\"@type\":\"Person\",\"@id\":\"https:\\\/\\\/elinformativotam.com\\\/#\\\/schema\\\/person\\\/78e08040eed0f6110f0c5f83b6153590\",\"name\":\"El Informativo Tam\",\"image\":{\"@type\":\"ImageObject\",\"inLanguage\":\"es\",\"@id\":\"https:\\\/\\\/secure.gravatar.com\\\/avatar\\\/f3b7ad3af540688955925ac610647be00b0cf41feea9c4978b73a707ee86bc53?s=96&d=mm&r=g\",\"url\":\"https:\\\/\\\/secure.gravatar.com\\\/avatar\\\/f3b7ad3af540688955925ac610647be00b0cf41feea9c4978b73a707ee86bc53?s=96&d=mm&r=g\",\"contentUrl\":\"https:\\\/\\\/secure.gravatar.com\\\/avatar\\\/f3b7ad3af540688955925ac610647be00b0cf41feea9c4978b73a707ee86bc53?s=96&d=mm&r=g\",\"caption\":\"El Informativo Tam\"}}]}<\/script>\n<!-- \/ Yoast SEO plugin. -->","yoast_head_json":{"title":"\u00daNICO RESPONSABLE EL INE SI ELECCI\u00d3N SE EMPA\u00d1A DE VIOLENCIA: PAN - EL INFORMATIVO DE TAMAULIPAS","description":"*Hay Puntos Rojos Que El \u00d3rgano Electoral Debi\u00f3 Detectar, A Poco M\u00e1s De 15 D\u00edas De Llevarse A Cabo Los Comicios &nbsp; El dirigente nacional del PAN Marko","robots":{"index":"index","follow":"follow","max-snippet":"max-snippet:-1","max-image-preview":"max-image-preview:large","max-video-preview":"max-video-preview:-1"},"canonical":"https:\/\/elinformativotam.com\/index.php\/2024\/05\/14\/unico-responsable-el-ine-si-eleccion-se-empana-de-violencia-pan\/","og_locale":"es_MX","og_type":"article","og_title":"\u00daNICO RESPONSABLE EL INE SI ELECCI\u00d3N SE EMPA\u00d1A DE VIOLENCIA: PAN - EL INFORMATIVO DE TAMAULIPAS","og_description":"*Hay Puntos Rojos Que El \u00d3rgano Electoral Debi\u00f3 Detectar, A Poco M\u00e1s De 15 D\u00edas De Llevarse A Cabo Los Comicios &nbsp; El dirigente nacional del PAN Marko","og_url":"https:\/\/elinformativotam.com\/index.php\/2024\/05\/14\/unico-responsable-el-ine-si-eleccion-se-empana-de-violencia-pan\/","og_site_name":"EL INFORMATIVO DE TAMAULIPAS","article_published_time":"2024-05-15T04:03:59+00:00","og_image":[{"width":1600,"height":1204,"url":"https:\/\/elinformativotam.com\/wp-content\/uploads\/2024\/05\/marko.jpeg","type":"image\/jpeg"}],"author":"El Informativo Tam","twitter_card":"summary_large_image","twitter_misc":{"Escrito por":"El Informativo Tam","Tiempo de lectura":"2 minutos"},"schema":{"@context":"https:\/\/schema.org","@graph":[{"@type":"Article","@id":"https:\/\/elinformativotam.com\/index.php\/2024\/05\/14\/unico-responsable-el-ine-si-eleccion-se-empana-de-violencia-pan\/#article","isPartOf":{"@id":"https:\/\/elinformativotam.com\/index.php\/2024\/05\/14\/unico-responsable-el-ine-si-eleccion-se-empana-de-violencia-pan\/"},"author":{"name":"El Informativo Tam","@id":"https:\/\/elinformativotam.com\/#\/schema\/person\/78e08040eed0f6110f0c5f83b6153590"},"headline":"\u00daNICO RESPONSABLE EL INE SI ELECCI\u00d3N SE EMPA\u00d1A DE VIOLENCIA: PAN","datePublished":"2024-05-15T04:03:59+00:00","mainEntityOfPage":{"@id":"https:\/\/elinformativotam.com\/index.php\/2024\/05\/14\/unico-responsable-el-ine-si-eleccion-se-empana-de-violencia-pan\/"},"wordCount":403,"commentCount":0,"publisher":{"@id":"https:\/\/elinformativotam.com\/#organization"},"image":{"@id":"https:\/\/elinformativotam.com\/index.php\/2024\/05\/14\/unico-responsable-el-ine-si-eleccion-se-empana-de-violencia-pan\/#primaryimage"},"thumbnailUrl":"https:\/\/elinformativotam.com\/wp-content\/uploads\/2024\/05\/marko.jpeg","articleSection":["Tampico"],"inLanguage":"es","potentialAction":[{"@type":"CommentAction","name":"Comment","target":["https:\/\/elinformativotam.com\/index.php\/2024\/05\/14\/unico-responsable-el-ine-si-eleccion-se-empana-de-violencia-pan\/#respond"]}]},{"@type":"WebPage","@id":"https:\/\/elinformativotam.com\/index.php\/2024\/05\/14\/unico-responsable-el-ine-si-eleccion-se-empana-de-violencia-pan\/","url":"https:\/\/elinformativotam.com\/index.php\/2024\/05\/14\/unico-responsable-el-ine-si-eleccion-se-empana-de-violencia-pan\/","name":"\u00daNICO RESPONSABLE EL INE SI ELECCI\u00d3N SE EMPA\u00d1A DE VIOLENCIA: PAN - EL INFORMATIVO DE TAMAULIPAS","isPartOf":{"@id":"https:\/\/elinformativotam.com\/#website"},"primaryImageOfPage":{"@id":"https:\/\/elinformativotam.com\/index.php\/2024\/05\/14\/unico-responsable-el-ine-si-eleccion-se-empana-de-violencia-pan\/#primaryimage"},"image":{"@id":"https:\/\/elinformativotam.com\/index.php\/2024\/05\/14\/unico-responsable-el-ine-si-eleccion-se-empana-de-violencia-pan\/#primaryimage"},"thumbnailUrl":"https:\/\/elinformativotam.com\/wp-content\/uploads\/2024\/05\/marko.jpeg","datePublished":"2024-05-15T04:03:59+00:00","description":"*Hay Puntos Rojos Que El \u00d3rgano Electoral Debi\u00f3 Detectar, A Poco M\u00e1s De 15 D\u00edas De Llevarse A Cabo Los Comicios &nbsp; El dirigente nacional del PAN Marko","inLanguage":"es","potentialAction":[{"@type":"ReadAction","target":["https:\/\/elinformativotam.com\/index.php\/2024\/05\/14\/unico-responsable-el-ine-si-eleccion-se-empana-de-violencia-pan\/"]}]},{"@type":"ImageObject","inLanguage":"es","@id":"https:\/\/elinformativotam.com\/index.php\/2024\/05\/14\/unico-responsable-el-ine-si-eleccion-se-empana-de-violencia-pan\/#primaryimage","url":"https:\/\/elinformativotam.com\/wp-content\/uploads\/2024\/05\/marko.jpeg","contentUrl":"https:\/\/elinformativotam.com\/wp-content\/uploads\/2024\/05\/marko.jpeg","width":1600,"height":1204},{"@type":"WebSite","@id":"https:\/\/elinformativotam.com\/#website","url":"https:\/\/elinformativotam.com\/","name":"EL INFORMATIVO DE TAMAULIPAS","description":"Desde la Zona Metropolitana Para Todo M\u00e9xico","publisher":{"@id":"https:\/\/elinformativotam.com\/#organization"},"potentialAction":[{"@type":"SearchAction","target":{"@type":"EntryPoint","urlTemplate":"https:\/\/elinformativotam.com\/?s={search_term_string}"},"query-input":{"@type":"PropertyValueSpecification","valueRequired":true,"valueName":"search_term_string"}}],"inLanguage":"es"},{"@type":"Organization","@id":"https:\/\/elinformativotam.com\/#organization","name":"EL INFORMATIVO DE TAMAULIPAS","url":"https:\/\/elinformativotam.com\/","logo":{"@type":"ImageObject","inLanguage":"es","@id":"https:\/\/elinformativotam.com\/#\/schema\/logo\/image\/","url":"https:\/\/elinformativotam.com\/wp-content\/uploads\/2026\/02\/Cabezal.png","contentUrl":"https:\/\/elinformativotam.com\/wp-content\/uploads\/2026\/02\/Cabezal.png","width":960,"height":640,"caption":"EL INFORMATIVO DE TAMAULIPAS"},"image":{"@id":"https:\/\/elinformativotam.com\/#\/schema\/logo\/image\/"}},{"@type":"Person","@id":"https:\/\/elinformativotam.com\/#\/schema\/person\/78e08040eed0f6110f0c5f83b6153590","name":"El Informativo Tam","image":{"@type":"ImageObject","inLanguage":"es","@id":"https:\/\/secure.gravatar.com\/avatar\/f3b7ad3af540688955925ac610647be00b0cf41feea9c4978b73a707ee86bc53?s=96&d=mm&r=g","url":"https:\/\/secure.gravatar.com\/avatar\/f3b7ad3af540688955925ac610647be00b0cf41feea9c4978b73a707ee86bc53?s=96&d=mm&r=g","contentUrl":"https:\/\/secure.gravatar.com\/avatar\/f3b7ad3af540688955925ac610647be00b0cf41feea9c4978b73a707ee86bc53?s=96&d=mm&r=g","caption":"El Informativo Tam"}}]}},"_links":{"self":[{"href":"https:\/\/elinformativotam.com\/index.php\/wp-json\/wp\/v2\/posts\/50763","targetHints":{"allow":["GET"]}}],"collection":[{"href":"https:\/\/elinformativotam.com\/index.php\/wp-json\/wp\/v2\/posts"}],"about":[{"href":"https:\/\/elinformativotam.com\/index.php\/wp-json\/wp\/v2\/types\/post"}],"author":[{"embeddable":true,"href":"https:\/\/elinformativotam.com\/index.php\/wp-json\/wp\/v2\/users\/1"}],"replies":[{"embeddable":true,"href":"https:\/\/elinformativotam.com\/index.php\/wp-json\/wp\/v2\/comments?post=50763"}],"version-history":[{"count":1,"href":"https:\/\/elinformativotam.com\/index.php\/wp-json\/wp\/v2\/posts\/50763\/revisions"}],"predecessor-version":[{"id":50769,"href":"https:\/\/elinformativotam.com\/index.php\/wp-json\/wp\/v2\/posts\/50763\/revisions\/50769"}],"wp:featuredmedia":[{"embeddable":true,"href":"https:\/\/elinformativotam.com\/index.php\/wp-json\/wp\/v2\/media\/50768"}],"wp:attachment":[{"href":"https:\/\/elinformativotam.com\/index.php\/wp-json\/wp\/v2\/media?parent=50763"}],"wp:term":[{"taxonomy":"category","embeddable":true,"href":"https:\/\/elinformativotam.com\/index.php\/wp-json\/wp\/v2\/categories?post=50763"},{"taxonomy":"post_tag","embeddable":true,"href":"https:\/\/elinformativotam.com\/index.php\/wp-json\/wp\/v2\/tags?post=50763"}],"curies":[{"name":"wp","href":"https:\/\/api.w.org\/{rel}","templated":true}]}}