{"id":50750,"date":"2024-05-13T21:23:23","date_gmt":"2024-05-14T03:23:23","guid":{"rendered":"https:\/\/elinformativotam.com\/?p=50750"},"modified":"2024-05-13T21:23:23","modified_gmt":"2024-05-14T03:23:23","slug":"multaran-a-quien-haga-mal-uso-del-agua-potable-en-la-zona","status":"publish","type":"post","link":"https:\/\/elinformativotam.com\/index.php\/2024\/05\/13\/multaran-a-quien-haga-mal-uso-del-agua-potable-en-la-zona\/","title":{"rendered":"MULTAR\u00c1N A QUIEN HAGA MAL USO DEL AGUA POTABLE EN LA ZONA"},"content":{"rendered":"<h2 style=\"text-align: center;\"><em><span style=\"font-family: 'times new roman', times;\">*Detenciones Hasta 36 Horas Y Multas De 3 Mil Pesos Para Quien Incurra En Esta Acci\u00f3n Debido A La Crisis H\u00eddrica<\/span><\/em><\/h2>\n<p>&nbsp;<\/p>\n<p>&nbsp;<\/p>\n<p>El municipio de Tampico anunci\u00f3 que debido a la crisis h\u00eddrica que mantiene al sistema lagunario en niveles cr\u00edticos por la falta de lluvias, todo aquel ciudadano que sea sorprendido haciendo mal uso del vital l\u00edquido ser\u00e1 sancionado con c\u00e1rcel y hasta multado econ\u00f3micamente.<\/p>\n<p>&nbsp;<\/p>\n<p>Juli\u00e1n Aurelio Zorrilla Estrada, asesor jur\u00eddico del gobierno municipal, indic\u00f3 que desafortunadamente pese a la contingencia por la falta de precipitaciones pluviales en la zona, a\u00fan no hay conciencia de muchos ciudadanos en cuidar el vital l\u00edquido en \u00e9stos momentos.<\/p>\n<p>&nbsp;<\/p>\n<p>Precis\u00f3 que hasta el momento ning\u00fan ciudadano ha hecho uso del 911 para denunciar el mal uso del agua potable, pues recalc\u00f3 que dicha queja ser\u00e1 manejada con todo sigilo por la autoridad<\/p>\n<p>&nbsp;<\/p>\n<p>Expres\u00f3 que ser\u00e1 la polic\u00eda estatal quien acuda al llamado de la denuncia an\u00f3nima, y s\u00ed el ciudadano es sorprendido en flagrancia desperdiciando el vital l\u00edquido.<\/p>\n<p>&nbsp;<\/p>\n<p>&#8220;Ser\u00e1 invitado a qu\u00e9 detenga su acci\u00f3n, pero en caso der ser persona reincidente ser\u00e1 arrestado 36 horas o pagar una multa superior a los 3 mil pesos&#8221;, expuso<\/p>\n<p>&nbsp;<\/p>\n<p>Zorrilla, detall\u00f3 que en \u00e9stos momentos de falta de agua para abastecimiento hacia los hogares, la poblaci\u00f3n debe abstenerse de regar todos los d\u00edas las plantas, lavar las banquetas y hasta el autom\u00f3vil.<\/p>\n<p>&nbsp;<\/p>\n<p>Remarc\u00f3 que la denuncia ciudadana al 911 ser\u00e1 manejada en forma an\u00f3nima, por lo que la sociedad responsable en este rubro .<\/p>\n<p>&nbsp;<\/p>\n<p>&#8220;No debe sentir temor, y puede denunciar a toda aquella persona que desperdicie el agua en estos momentos de crisis&#8221;, apunt\u00f3<\/p>\n<p>&nbsp;<\/p>\n<p>Finalmente, coment\u00f3 que en poco m\u00e1s de 7 colonias de la ciudad ya comenz\u00f3 a registrar la baja presi\u00f3n en las l\u00edneas de conducci\u00f3n, y por ende a salir el agua &#8220;revuelta&#8221;, y ante tal situaci\u00f3n el municipio apoya con pipas para el abasto puntual del l\u00edquido vital.<\/p>\n","protected":false},"excerpt":{"rendered":"<p>*Detenciones Hasta 36 Horas Y Multas De 3 Mil Pesos Para Quien Incurra En Esta Acci\u00f3n Debido A La Crisis&hellip;<\/p>\n","protected":false},"author":1,"featured_media":50739,"comment_status":"open","ping_status":"open","sticky":false,"template":"","format":"standard","meta":{"footnotes":""},"categories":[3],"tags":[],"class_list":["post-50750","post","type-post","status-publish","format-standard","has-post-thumbnail","hentry","category-tampico"],"yoast_head":"<!-- This site is optimized with the Yoast SEO plugin v27.4 - https:\/\/yoast.com\/product\/yoast-seo-wordpress\/ -->\n<title>MULTAR\u00c1N A QUIEN HAGA MAL USO DEL AGUA POTABLE EN LA ZONA - EL INFORMATIVO DE TAMAULIPAS<\/title>\n<meta name=\"description\" content=\"*Detenciones Hasta 36 Horas Y Multas De 3 Mil Pesos Para Quien Incurra En Esta Acci\u00f3n Debido A La Crisis H\u00eddrica &nbsp; &nbsp; El municipio de Tampico\" \/>\n<meta name=\"robots\" content=\"index, follow, max-snippet:-1, max-image-preview:large, max-video-preview:-1\" \/>\n<link rel=\"canonical\" href=\"https:\/\/elinformativotam.com\/index.php\/2024\/05\/13\/multaran-a-quien-haga-mal-uso-del-agua-potable-en-la-zona\/\" \/>\n<meta property=\"og:locale\" content=\"es_MX\" \/>\n<meta property=\"og:type\" content=\"article\" \/>\n<meta property=\"og:title\" content=\"MULTAR\u00c1N A QUIEN HAGA MAL USO DEL AGUA POTABLE EN LA ZONA - EL INFORMATIVO DE TAMAULIPAS\" \/>\n<meta property=\"og:description\" content=\"*Detenciones Hasta 36 Horas Y Multas De 3 Mil Pesos Para Quien Incurra En Esta Acci\u00f3n Debido A La Crisis H\u00eddrica &nbsp; &nbsp; El municipio de Tampico\" \/>\n<meta property=\"og:url\" content=\"https:\/\/elinformativotam.com\/index.php\/2024\/05\/13\/multaran-a-quien-haga-mal-uso-del-agua-potable-en-la-zona\/\" \/>\n<meta property=\"og:site_name\" content=\"EL INFORMATIVO DE TAMAULIPAS\" \/>\n<meta property=\"article:published_time\" content=\"2024-05-14T03:23:23+00:00\" \/>\n<meta property=\"og:image\" content=\"https:\/\/elinformativotam.com\/wp-content\/uploads\/2024\/05\/Julian.jpeg\" \/>\n\t<meta property=\"og:image:width\" content=\"1600\" \/>\n\t<meta property=\"og:image:height\" content=\"1204\" \/>\n\t<meta property=\"og:image:type\" content=\"image\/jpeg\" \/>\n<meta name=\"author\" content=\"El Informativo Tam\" \/>\n<meta name=\"twitter:card\" content=\"summary_large_image\" \/>\n<meta name=\"twitter:label1\" content=\"Escrito por\" \/>\n\t<meta name=\"twitter:data1\" content=\"El Informativo Tam\" \/>\n\t<meta name=\"twitter:label2\" content=\"Tiempo de lectura\" \/>\n\t<meta name=\"twitter:data2\" content=\"2 minutos\" \/>\n<script type=\"application\/ld+json\" class=\"yoast-schema-graph\">{\"@context\":\"https:\\\/\\\/schema.org\",\"@graph\":[{\"@type\":\"Article\",\"@id\":\"https:\\\/\\\/elinformativotam.com\\\/index.php\\\/2024\\\/05\\\/13\\\/multaran-a-quien-haga-mal-uso-del-agua-potable-en-la-zona\\\/#article\",\"isPartOf\":{\"@id\":\"https:\\\/\\\/elinformativotam.com\\\/index.php\\\/2024\\\/05\\\/13\\\/multaran-a-quien-haga-mal-uso-del-agua-potable-en-la-zona\\\/\"},\"author\":{\"name\":\"El Informativo Tam\",\"@id\":\"https:\\\/\\\/elinformativotam.com\\\/#\\\/schema\\\/person\\\/78e08040eed0f6110f0c5f83b6153590\"},\"headline\":\"MULTAR\u00c1N A QUIEN HAGA MAL USO DEL AGUA POTABLE EN LA ZONA\",\"datePublished\":\"2024-05-14T03:23:23+00:00\",\"mainEntityOfPage\":{\"@id\":\"https:\\\/\\\/elinformativotam.com\\\/index.php\\\/2024\\\/05\\\/13\\\/multaran-a-quien-haga-mal-uso-del-agua-potable-en-la-zona\\\/\"},\"wordCount\":358,\"commentCount\":0,\"publisher\":{\"@id\":\"https:\\\/\\\/elinformativotam.com\\\/#organization\"},\"image\":{\"@id\":\"https:\\\/\\\/elinformativotam.com\\\/index.php\\\/2024\\\/05\\\/13\\\/multaran-a-quien-haga-mal-uso-del-agua-potable-en-la-zona\\\/#primaryimage\"},\"thumbnailUrl\":\"https:\\\/\\\/elinformativotam.com\\\/wp-content\\\/uploads\\\/2024\\\/05\\\/Julian.jpeg\",\"articleSection\":[\"Tampico\"],\"inLanguage\":\"es\",\"potentialAction\":[{\"@type\":\"CommentAction\",\"name\":\"Comment\",\"target\":[\"https:\\\/\\\/elinformativotam.com\\\/index.php\\\/2024\\\/05\\\/13\\\/multaran-a-quien-haga-mal-uso-del-agua-potable-en-la-zona\\\/#respond\"]}]},{\"@type\":\"WebPage\",\"@id\":\"https:\\\/\\\/elinformativotam.com\\\/index.php\\\/2024\\\/05\\\/13\\\/multaran-a-quien-haga-mal-uso-del-agua-potable-en-la-zona\\\/\",\"url\":\"https:\\\/\\\/elinformativotam.com\\\/index.php\\\/2024\\\/05\\\/13\\\/multaran-a-quien-haga-mal-uso-del-agua-potable-en-la-zona\\\/\",\"name\":\"MULTAR\u00c1N A QUIEN HAGA MAL USO DEL AGUA POTABLE EN LA ZONA - EL INFORMATIVO DE TAMAULIPAS\",\"isPartOf\":{\"@id\":\"https:\\\/\\\/elinformativotam.com\\\/#website\"},\"primaryImageOfPage\":{\"@id\":\"https:\\\/\\\/elinformativotam.com\\\/index.php\\\/2024\\\/05\\\/13\\\/multaran-a-quien-haga-mal-uso-del-agua-potable-en-la-zona\\\/#primaryimage\"},\"image\":{\"@id\":\"https:\\\/\\\/elinformativotam.com\\\/index.php\\\/2024\\\/05\\\/13\\\/multaran-a-quien-haga-mal-uso-del-agua-potable-en-la-zona\\\/#primaryimage\"},\"thumbnailUrl\":\"https:\\\/\\\/elinformativotam.com\\\/wp-content\\\/uploads\\\/2024\\\/05\\\/Julian.jpeg\",\"datePublished\":\"2024-05-14T03:23:23+00:00\",\"description\":\"*Detenciones Hasta 36 Horas Y Multas De 3 Mil Pesos Para Quien Incurra En Esta Acci\u00f3n Debido A La Crisis H\u00eddrica &nbsp; &nbsp; El municipio de Tampico\",\"inLanguage\":\"es\",\"potentialAction\":[{\"@type\":\"ReadAction\",\"target\":[\"https:\\\/\\\/elinformativotam.com\\\/index.php\\\/2024\\\/05\\\/13\\\/multaran-a-quien-haga-mal-uso-del-agua-potable-en-la-zona\\\/\"]}]},{\"@type\":\"ImageObject\",\"inLanguage\":\"es\",\"@id\":\"https:\\\/\\\/elinformativotam.com\\\/index.php\\\/2024\\\/05\\\/13\\\/multaran-a-quien-haga-mal-uso-del-agua-potable-en-la-zona\\\/#primaryimage\",\"url\":\"https:\\\/\\\/elinformativotam.com\\\/wp-content\\\/uploads\\\/2024\\\/05\\\/Julian.jpeg\",\"contentUrl\":\"https:\\\/\\\/elinformativotam.com\\\/wp-content\\\/uploads\\\/2024\\\/05\\\/Julian.jpeg\",\"width\":1600,\"height\":1204},{\"@type\":\"WebSite\",\"@id\":\"https:\\\/\\\/elinformativotam.com\\\/#website\",\"url\":\"https:\\\/\\\/elinformativotam.com\\\/\",\"name\":\"EL INFORMATIVO DE TAMAULIPAS\",\"description\":\"Desde la Zona Metropolitana Para Todo M\u00e9xico\",\"publisher\":{\"@id\":\"https:\\\/\\\/elinformativotam.com\\\/#organization\"},\"potentialAction\":[{\"@type\":\"SearchAction\",\"target\":{\"@type\":\"EntryPoint\",\"urlTemplate\":\"https:\\\/\\\/elinformativotam.com\\\/?s={search_term_string}\"},\"query-input\":{\"@type\":\"PropertyValueSpecification\",\"valueRequired\":true,\"valueName\":\"search_term_string\"}}],\"inLanguage\":\"es\"},{\"@type\":\"Organization\",\"@id\":\"https:\\\/\\\/elinformativotam.com\\\/#organization\",\"name\":\"EL INFORMATIVO DE TAMAULIPAS\",\"url\":\"https:\\\/\\\/elinformativotam.com\\\/\",\"logo\":{\"@type\":\"ImageObject\",\"inLanguage\":\"es\",\"@id\":\"https:\\\/\\\/elinformativotam.com\\\/#\\\/schema\\\/logo\\\/image\\\/\",\"url\":\"https:\\\/\\\/elinformativotam.com\\\/wp-content\\\/uploads\\\/2026\\\/02\\\/Cabezal.png\",\"contentUrl\":\"https:\\\/\\\/elinformativotam.com\\\/wp-content\\\/uploads\\\/2026\\\/02\\\/Cabezal.png\",\"width\":960,\"height\":640,\"caption\":\"EL INFORMATIVO DE TAMAULIPAS\"},\"image\":{\"@id\":\"https:\\\/\\\/elinformativotam.com\\\/#\\\/schema\\\/logo\\\/image\\\/\"}},{\"@type\":\"Person\",\"@id\":\"https:\\\/\\\/elinformativotam.com\\\/#\\\/schema\\\/person\\\/78e08040eed0f6110f0c5f83b6153590\",\"name\":\"El Informativo Tam\",\"image\":{\"@type\":\"ImageObject\",\"inLanguage\":\"es\",\"@id\":\"https:\\\/\\\/secure.gravatar.com\\\/avatar\\\/f3b7ad3af540688955925ac610647be00b0cf41feea9c4978b73a707ee86bc53?s=96&d=mm&r=g\",\"url\":\"https:\\\/\\\/secure.gravatar.com\\\/avatar\\\/f3b7ad3af540688955925ac610647be00b0cf41feea9c4978b73a707ee86bc53?s=96&d=mm&r=g\",\"contentUrl\":\"https:\\\/\\\/secure.gravatar.com\\\/avatar\\\/f3b7ad3af540688955925ac610647be00b0cf41feea9c4978b73a707ee86bc53?s=96&d=mm&r=g\",\"caption\":\"El Informativo Tam\"}}]}<\/script>\n<!-- \/ Yoast SEO plugin. -->","yoast_head_json":{"title":"MULTAR\u00c1N A QUIEN HAGA MAL USO DEL AGUA POTABLE EN LA ZONA - EL INFORMATIVO DE TAMAULIPAS","description":"*Detenciones Hasta 36 Horas Y Multas De 3 Mil Pesos Para Quien Incurra En Esta Acci\u00f3n Debido A La Crisis H\u00eddrica &nbsp; &nbsp; El municipio de Tampico","robots":{"index":"index","follow":"follow","max-snippet":"max-snippet:-1","max-image-preview":"max-image-preview:large","max-video-preview":"max-video-preview:-1"},"canonical":"https:\/\/elinformativotam.com\/index.php\/2024\/05\/13\/multaran-a-quien-haga-mal-uso-del-agua-potable-en-la-zona\/","og_locale":"es_MX","og_type":"article","og_title":"MULTAR\u00c1N A QUIEN HAGA MAL USO DEL AGUA POTABLE EN LA ZONA - EL INFORMATIVO DE TAMAULIPAS","og_description":"*Detenciones Hasta 36 Horas Y Multas De 3 Mil Pesos Para Quien Incurra En Esta Acci\u00f3n Debido A La Crisis H\u00eddrica &nbsp; &nbsp; El municipio de Tampico","og_url":"https:\/\/elinformativotam.com\/index.php\/2024\/05\/13\/multaran-a-quien-haga-mal-uso-del-agua-potable-en-la-zona\/","og_site_name":"EL INFORMATIVO DE TAMAULIPAS","article_published_time":"2024-05-14T03:23:23+00:00","og_image":[{"width":1600,"height":1204,"url":"https:\/\/elinformativotam.com\/wp-content\/uploads\/2024\/05\/Julian.jpeg","type":"image\/jpeg"}],"author":"El Informativo Tam","twitter_card":"summary_large_image","twitter_misc":{"Escrito por":"El Informativo Tam","Tiempo de lectura":"2 minutos"},"schema":{"@context":"https:\/\/schema.org","@graph":[{"@type":"Article","@id":"https:\/\/elinformativotam.com\/index.php\/2024\/05\/13\/multaran-a-quien-haga-mal-uso-del-agua-potable-en-la-zona\/#article","isPartOf":{"@id":"https:\/\/elinformativotam.com\/index.php\/2024\/05\/13\/multaran-a-quien-haga-mal-uso-del-agua-potable-en-la-zona\/"},"author":{"name":"El Informativo Tam","@id":"https:\/\/elinformativotam.com\/#\/schema\/person\/78e08040eed0f6110f0c5f83b6153590"},"headline":"MULTAR\u00c1N A QUIEN HAGA MAL USO DEL AGUA POTABLE EN LA ZONA","datePublished":"2024-05-14T03:23:23+00:00","mainEntityOfPage":{"@id":"https:\/\/elinformativotam.com\/index.php\/2024\/05\/13\/multaran-a-quien-haga-mal-uso-del-agua-potable-en-la-zona\/"},"wordCount":358,"commentCount":0,"publisher":{"@id":"https:\/\/elinformativotam.com\/#organization"},"image":{"@id":"https:\/\/elinformativotam.com\/index.php\/2024\/05\/13\/multaran-a-quien-haga-mal-uso-del-agua-potable-en-la-zona\/#primaryimage"},"thumbnailUrl":"https:\/\/elinformativotam.com\/wp-content\/uploads\/2024\/05\/Julian.jpeg","articleSection":["Tampico"],"inLanguage":"es","potentialAction":[{"@type":"CommentAction","name":"Comment","target":["https:\/\/elinformativotam.com\/index.php\/2024\/05\/13\/multaran-a-quien-haga-mal-uso-del-agua-potable-en-la-zona\/#respond"]}]},{"@type":"WebPage","@id":"https:\/\/elinformativotam.com\/index.php\/2024\/05\/13\/multaran-a-quien-haga-mal-uso-del-agua-potable-en-la-zona\/","url":"https:\/\/elinformativotam.com\/index.php\/2024\/05\/13\/multaran-a-quien-haga-mal-uso-del-agua-potable-en-la-zona\/","name":"MULTAR\u00c1N A QUIEN HAGA MAL USO DEL AGUA POTABLE EN LA ZONA - EL INFORMATIVO DE TAMAULIPAS","isPartOf":{"@id":"https:\/\/elinformativotam.com\/#website"},"primaryImageOfPage":{"@id":"https:\/\/elinformativotam.com\/index.php\/2024\/05\/13\/multaran-a-quien-haga-mal-uso-del-agua-potable-en-la-zona\/#primaryimage"},"image":{"@id":"https:\/\/elinformativotam.com\/index.php\/2024\/05\/13\/multaran-a-quien-haga-mal-uso-del-agua-potable-en-la-zona\/#primaryimage"},"thumbnailUrl":"https:\/\/elinformativotam.com\/wp-content\/uploads\/2024\/05\/Julian.jpeg","datePublished":"2024-05-14T03:23:23+00:00","description":"*Detenciones Hasta 36 Horas Y Multas De 3 Mil Pesos Para Quien Incurra En Esta Acci\u00f3n Debido A La Crisis H\u00eddrica &nbsp; &nbsp; El municipio de Tampico","inLanguage":"es","potentialAction":[{"@type":"ReadAction","target":["https:\/\/elinformativotam.com\/index.php\/2024\/05\/13\/multaran-a-quien-haga-mal-uso-del-agua-potable-en-la-zona\/"]}]},{"@type":"ImageObject","inLanguage":"es","@id":"https:\/\/elinformativotam.com\/index.php\/2024\/05\/13\/multaran-a-quien-haga-mal-uso-del-agua-potable-en-la-zona\/#primaryimage","url":"https:\/\/elinformativotam.com\/wp-content\/uploads\/2024\/05\/Julian.jpeg","contentUrl":"https:\/\/elinformativotam.com\/wp-content\/uploads\/2024\/05\/Julian.jpeg","width":1600,"height":1204},{"@type":"WebSite","@id":"https:\/\/elinformativotam.com\/#website","url":"https:\/\/elinformativotam.com\/","name":"EL INFORMATIVO DE TAMAULIPAS","description":"Desde la Zona Metropolitana Para Todo M\u00e9xico","publisher":{"@id":"https:\/\/elinformativotam.com\/#organization"},"potentialAction":[{"@type":"SearchAction","target":{"@type":"EntryPoint","urlTemplate":"https:\/\/elinformativotam.com\/?s={search_term_string}"},"query-input":{"@type":"PropertyValueSpecification","valueRequired":true,"valueName":"search_term_string"}}],"inLanguage":"es"},{"@type":"Organization","@id":"https:\/\/elinformativotam.com\/#organization","name":"EL INFORMATIVO DE TAMAULIPAS","url":"https:\/\/elinformativotam.com\/","logo":{"@type":"ImageObject","inLanguage":"es","@id":"https:\/\/elinformativotam.com\/#\/schema\/logo\/image\/","url":"https:\/\/elinformativotam.com\/wp-content\/uploads\/2026\/02\/Cabezal.png","contentUrl":"https:\/\/elinformativotam.com\/wp-content\/uploads\/2026\/02\/Cabezal.png","width":960,"height":640,"caption":"EL INFORMATIVO DE TAMAULIPAS"},"image":{"@id":"https:\/\/elinformativotam.com\/#\/schema\/logo\/image\/"}},{"@type":"Person","@id":"https:\/\/elinformativotam.com\/#\/schema\/person\/78e08040eed0f6110f0c5f83b6153590","name":"El Informativo Tam","image":{"@type":"ImageObject","inLanguage":"es","@id":"https:\/\/secure.gravatar.com\/avatar\/f3b7ad3af540688955925ac610647be00b0cf41feea9c4978b73a707ee86bc53?s=96&d=mm&r=g","url":"https:\/\/secure.gravatar.com\/avatar\/f3b7ad3af540688955925ac610647be00b0cf41feea9c4978b73a707ee86bc53?s=96&d=mm&r=g","contentUrl":"https:\/\/secure.gravatar.com\/avatar\/f3b7ad3af540688955925ac610647be00b0cf41feea9c4978b73a707ee86bc53?s=96&d=mm&r=g","caption":"El Informativo Tam"}}]}},"_links":{"self":[{"href":"https:\/\/elinformativotam.com\/index.php\/wp-json\/wp\/v2\/posts\/50750","targetHints":{"allow":["GET"]}}],"collection":[{"href":"https:\/\/elinformativotam.com\/index.php\/wp-json\/wp\/v2\/posts"}],"about":[{"href":"https:\/\/elinformativotam.com\/index.php\/wp-json\/wp\/v2\/types\/post"}],"author":[{"embeddable":true,"href":"https:\/\/elinformativotam.com\/index.php\/wp-json\/wp\/v2\/users\/1"}],"replies":[{"embeddable":true,"href":"https:\/\/elinformativotam.com\/index.php\/wp-json\/wp\/v2\/comments?post=50750"}],"version-history":[{"count":1,"href":"https:\/\/elinformativotam.com\/index.php\/wp-json\/wp\/v2\/posts\/50750\/revisions"}],"predecessor-version":[{"id":50751,"href":"https:\/\/elinformativotam.com\/index.php\/wp-json\/wp\/v2\/posts\/50750\/revisions\/50751"}],"wp:featuredmedia":[{"embeddable":true,"href":"https:\/\/elinformativotam.com\/index.php\/wp-json\/wp\/v2\/media\/50739"}],"wp:attachment":[{"href":"https:\/\/elinformativotam.com\/index.php\/wp-json\/wp\/v2\/media?parent=50750"}],"wp:term":[{"taxonomy":"category","embeddable":true,"href":"https:\/\/elinformativotam.com\/index.php\/wp-json\/wp\/v2\/categories?post=50750"},{"taxonomy":"post_tag","embeddable":true,"href":"https:\/\/elinformativotam.com\/index.php\/wp-json\/wp\/v2\/tags?post=50750"}],"curies":[{"name":"wp","href":"https:\/\/api.w.org\/{rel}","templated":true}]}}