{"id":50743,"date":"2024-05-13T21:18:17","date_gmt":"2024-05-14T03:18:17","guid":{"rendered":"https:\/\/elinformativotam.com\/?p=50743"},"modified":"2024-05-13T21:18:17","modified_gmt":"2024-05-14T03:18:17","slug":"maestras-denuncian-hostigamiento-y-amenazas-de-parte-de-la-directora-de-primaria-emiliano-zapata-en-altamira","status":"publish","type":"post","link":"https:\/\/elinformativotam.com\/index.php\/2024\/05\/13\/maestras-denuncian-hostigamiento-y-amenazas-de-parte-de-la-directora-de-primaria-emiliano-zapata-en-altamira\/","title":{"rendered":"MAESTRAS DENUNCIAN HOSTIGAMIENTO Y AMENAZAS DE PARTE DE LA DIRECTORA DE PRIMARIA EMILIANO ZAPATA EN ALTAMIRA"},"content":{"rendered":"<p>La ma\u00f1ana de este lunes un grupo de maestras de la escuela primaria &#8216;Emiliano Zapata&#8217;, colocaron una lona para externar que son objeto de actos de violencia amenazas hostigamiento abuso de autoridad intimidaci\u00f3n por parte de la directora Elvia Janet Mart\u00ednez Castillo.<\/p>\n<p>&nbsp;<\/p>\n<p>Por su parte la maestra Denisse Quiroz Colunga, explic\u00f3 que est\u00e1n solicitando la intervenci\u00f3n de las autoridades locales, porque llevan un a\u00f1o exponiendo y dando a conocer esta situaci\u00f3n y no les han hecho caso.<\/p>\n<p>&nbsp;<\/p>\n<p>&#8220;Hay cinco demandas en la Fiscal\u00eda General de Justicia, porque ella dej\u00f3 entrar a padres de familia y los organiz\u00f3 de manera violenta hacia nosotros&#8221;, expuso.<\/p>\n<p>&nbsp;<\/p>\n<p><img loading=\"lazy\" decoding=\"async\" class=\" wp-image-50745 alignleft\" src=\"https:\/\/elinformativotam.com\/wp-content\/uploads\/2024\/05\/Hostigamiento-2-487x365.jpeg\" alt=\"\" width=\"575\" height=\"431\" srcset=\"https:\/\/elinformativotam.com\/wp-content\/uploads\/2024\/05\/Hostigamiento-2-487x365.jpeg 487w, https:\/\/elinformativotam.com\/wp-content\/uploads\/2024\/05\/Hostigamiento-2-840x630.jpeg 840w, https:\/\/elinformativotam.com\/wp-content\/uploads\/2024\/05\/Hostigamiento-2-768x576.jpeg 768w, https:\/\/elinformativotam.com\/wp-content\/uploads\/2024\/05\/Hostigamiento-2-1536x1152.jpeg 1536w, https:\/\/elinformativotam.com\/wp-content\/uploads\/2024\/05\/Hostigamiento-2-160x120.jpeg 160w, https:\/\/elinformativotam.com\/wp-content\/uploads\/2024\/05\/Hostigamiento-2.jpeg 1600w\" sizes=\"auto, (max-width: 575px) 100vw, 575px\" \/><\/p>\n<p>Aseguran que desconocen porque la situaci\u00f3n se ha tornado de esta manera, aunque aseguran que desde que llegaron al plantel, la maestra se ha portado de esta manera.<\/p>\n<p>&nbsp;<\/p>\n<p>&#8220;Nosotros\u00a0 estamos peleando por nuestra integridad. Tenemos medidas de protecci\u00f3n y no se han respetado, las mismas madres ahora nos golpearon. Ya mandamos un ultim\u00e1tum a la maestra Aim\u00e9 y le pedimos que nos escuche&#8221;, coment\u00f3 la maestra Miriam Berenice.<\/p>\n<p>&nbsp;<\/p>\n<p>&nbsp;<\/p>\n","protected":false},"excerpt":{"rendered":"<p>La ma\u00f1ana de este lunes un grupo de maestras de la escuela primaria &#8216;Emiliano Zapata&#8217;, colocaron una lona para externar&hellip;<\/p>\n","protected":false},"author":1,"featured_media":50744,"comment_status":"open","ping_status":"open","sticky":false,"template":"","format":"standard","meta":{"footnotes":""},"categories":[5],"tags":[],"class_list":["post-50743","post","type-post","status-publish","format-standard","has-post-thumbnail","hentry","category-altamira"],"yoast_head":"<!-- This site is optimized with the Yoast SEO plugin v27.4 - https:\/\/yoast.com\/product\/yoast-seo-wordpress\/ -->\n<title>MAESTRAS DENUNCIAN HOSTIGAMIENTO Y AMENAZAS DE PARTE DE LA DIRECTORA DE PRIMARIA EMILIANO ZAPATA EN ALTAMIRA - EL INFORMATIVO DE TAMAULIPAS<\/title>\n<meta name=\"description\" content=\"La ma\u00f1ana de este lunes un grupo de maestras de la escuela primaria &#039;Emiliano Zapata&#039;, colocaron una lona para externar que son objeto de actos de\" \/>\n<meta name=\"robots\" content=\"index, follow, max-snippet:-1, max-image-preview:large, max-video-preview:-1\" \/>\n<link rel=\"canonical\" href=\"https:\/\/elinformativotam.com\/index.php\/2024\/05\/13\/maestras-denuncian-hostigamiento-y-amenazas-de-parte-de-la-directora-de-primaria-emiliano-zapata-en-altamira\/\" \/>\n<meta property=\"og:locale\" content=\"es_MX\" \/>\n<meta property=\"og:type\" content=\"article\" \/>\n<meta property=\"og:title\" content=\"MAESTRAS DENUNCIAN HOSTIGAMIENTO Y AMENAZAS DE PARTE DE LA DIRECTORA DE PRIMARIA EMILIANO ZAPATA EN ALTAMIRA - EL INFORMATIVO DE TAMAULIPAS\" \/>\n<meta property=\"og:description\" content=\"La ma\u00f1ana de este lunes un grupo de maestras de la escuela primaria &#039;Emiliano Zapata&#039;, colocaron una lona para externar que son objeto de actos de\" \/>\n<meta property=\"og:url\" content=\"https:\/\/elinformativotam.com\/index.php\/2024\/05\/13\/maestras-denuncian-hostigamiento-y-amenazas-de-parte-de-la-directora-de-primaria-emiliano-zapata-en-altamira\/\" \/>\n<meta property=\"og:site_name\" content=\"EL INFORMATIVO DE TAMAULIPAS\" \/>\n<meta property=\"article:published_time\" content=\"2024-05-14T03:18:17+00:00\" \/>\n<meta property=\"og:image\" content=\"https:\/\/elinformativotam.com\/wp-content\/uploads\/2024\/05\/Hostigamiento-1.jpeg\" \/>\n\t<meta property=\"og:image:width\" content=\"1600\" \/>\n\t<meta property=\"og:image:height\" content=\"1200\" \/>\n\t<meta property=\"og:image:type\" content=\"image\/jpeg\" \/>\n<meta name=\"author\" content=\"El Informativo Tam\" \/>\n<meta name=\"twitter:card\" content=\"summary_large_image\" \/>\n<meta name=\"twitter:label1\" content=\"Escrito por\" \/>\n\t<meta name=\"twitter:data1\" content=\"El Informativo Tam\" \/>\n\t<meta name=\"twitter:label2\" content=\"Tiempo de lectura\" \/>\n\t<meta name=\"twitter:data2\" content=\"2 minutos\" \/>\n<script type=\"application\/ld+json\" class=\"yoast-schema-graph\">{\"@context\":\"https:\\\/\\\/schema.org\",\"@graph\":[{\"@type\":\"Article\",\"@id\":\"https:\\\/\\\/elinformativotam.com\\\/index.php\\\/2024\\\/05\\\/13\\\/maestras-denuncian-hostigamiento-y-amenazas-de-parte-de-la-directora-de-primaria-emiliano-zapata-en-altamira\\\/#article\",\"isPartOf\":{\"@id\":\"https:\\\/\\\/elinformativotam.com\\\/index.php\\\/2024\\\/05\\\/13\\\/maestras-denuncian-hostigamiento-y-amenazas-de-parte-de-la-directora-de-primaria-emiliano-zapata-en-altamira\\\/\"},\"author\":{\"name\":\"El Informativo Tam\",\"@id\":\"https:\\\/\\\/elinformativotam.com\\\/#\\\/schema\\\/person\\\/78e08040eed0f6110f0c5f83b6153590\"},\"headline\":\"MAESTRAS DENUNCIAN HOSTIGAMIENTO Y AMENAZAS DE PARTE DE LA DIRECTORA DE PRIMARIA EMILIANO ZAPATA EN ALTAMIRA\",\"datePublished\":\"2024-05-14T03:18:17+00:00\",\"mainEntityOfPage\":{\"@id\":\"https:\\\/\\\/elinformativotam.com\\\/index.php\\\/2024\\\/05\\\/13\\\/maestras-denuncian-hostigamiento-y-amenazas-de-parte-de-la-directora-de-primaria-emiliano-zapata-en-altamira\\\/\"},\"wordCount\":204,\"commentCount\":0,\"publisher\":{\"@id\":\"https:\\\/\\\/elinformativotam.com\\\/#organization\"},\"image\":{\"@id\":\"https:\\\/\\\/elinformativotam.com\\\/index.php\\\/2024\\\/05\\\/13\\\/maestras-denuncian-hostigamiento-y-amenazas-de-parte-de-la-directora-de-primaria-emiliano-zapata-en-altamira\\\/#primaryimage\"},\"thumbnailUrl\":\"https:\\\/\\\/elinformativotam.com\\\/wp-content\\\/uploads\\\/2024\\\/05\\\/Hostigamiento-1.jpeg\",\"articleSection\":[\"Altamira\"],\"inLanguage\":\"es\",\"potentialAction\":[{\"@type\":\"CommentAction\",\"name\":\"Comment\",\"target\":[\"https:\\\/\\\/elinformativotam.com\\\/index.php\\\/2024\\\/05\\\/13\\\/maestras-denuncian-hostigamiento-y-amenazas-de-parte-de-la-directora-de-primaria-emiliano-zapata-en-altamira\\\/#respond\"]}]},{\"@type\":\"WebPage\",\"@id\":\"https:\\\/\\\/elinformativotam.com\\\/index.php\\\/2024\\\/05\\\/13\\\/maestras-denuncian-hostigamiento-y-amenazas-de-parte-de-la-directora-de-primaria-emiliano-zapata-en-altamira\\\/\",\"url\":\"https:\\\/\\\/elinformativotam.com\\\/index.php\\\/2024\\\/05\\\/13\\\/maestras-denuncian-hostigamiento-y-amenazas-de-parte-de-la-directora-de-primaria-emiliano-zapata-en-altamira\\\/\",\"name\":\"MAESTRAS DENUNCIAN HOSTIGAMIENTO Y AMENAZAS DE PARTE DE LA DIRECTORA DE PRIMARIA EMILIANO ZAPATA EN ALTAMIRA - EL INFORMATIVO DE TAMAULIPAS\",\"isPartOf\":{\"@id\":\"https:\\\/\\\/elinformativotam.com\\\/#website\"},\"primaryImageOfPage\":{\"@id\":\"https:\\\/\\\/elinformativotam.com\\\/index.php\\\/2024\\\/05\\\/13\\\/maestras-denuncian-hostigamiento-y-amenazas-de-parte-de-la-directora-de-primaria-emiliano-zapata-en-altamira\\\/#primaryimage\"},\"image\":{\"@id\":\"https:\\\/\\\/elinformativotam.com\\\/index.php\\\/2024\\\/05\\\/13\\\/maestras-denuncian-hostigamiento-y-amenazas-de-parte-de-la-directora-de-primaria-emiliano-zapata-en-altamira\\\/#primaryimage\"},\"thumbnailUrl\":\"https:\\\/\\\/elinformativotam.com\\\/wp-content\\\/uploads\\\/2024\\\/05\\\/Hostigamiento-1.jpeg\",\"datePublished\":\"2024-05-14T03:18:17+00:00\",\"description\":\"La ma\u00f1ana de este lunes un grupo de maestras de la escuela primaria 'Emiliano Zapata', colocaron una lona para externar que son objeto de actos de\",\"inLanguage\":\"es\",\"potentialAction\":[{\"@type\":\"ReadAction\",\"target\":[\"https:\\\/\\\/elinformativotam.com\\\/index.php\\\/2024\\\/05\\\/13\\\/maestras-denuncian-hostigamiento-y-amenazas-de-parte-de-la-directora-de-primaria-emiliano-zapata-en-altamira\\\/\"]}]},{\"@type\":\"ImageObject\",\"inLanguage\":\"es\",\"@id\":\"https:\\\/\\\/elinformativotam.com\\\/index.php\\\/2024\\\/05\\\/13\\\/maestras-denuncian-hostigamiento-y-amenazas-de-parte-de-la-directora-de-primaria-emiliano-zapata-en-altamira\\\/#primaryimage\",\"url\":\"https:\\\/\\\/elinformativotam.com\\\/wp-content\\\/uploads\\\/2024\\\/05\\\/Hostigamiento-1.jpeg\",\"contentUrl\":\"https:\\\/\\\/elinformativotam.com\\\/wp-content\\\/uploads\\\/2024\\\/05\\\/Hostigamiento-1.jpeg\",\"width\":1600,\"height\":1200},{\"@type\":\"WebSite\",\"@id\":\"https:\\\/\\\/elinformativotam.com\\\/#website\",\"url\":\"https:\\\/\\\/elinformativotam.com\\\/\",\"name\":\"EL INFORMATIVO DE TAMAULIPAS\",\"description\":\"Desde la Zona Metropolitana Para Todo M\u00e9xico\",\"publisher\":{\"@id\":\"https:\\\/\\\/elinformativotam.com\\\/#organization\"},\"potentialAction\":[{\"@type\":\"SearchAction\",\"target\":{\"@type\":\"EntryPoint\",\"urlTemplate\":\"https:\\\/\\\/elinformativotam.com\\\/?s={search_term_string}\"},\"query-input\":{\"@type\":\"PropertyValueSpecification\",\"valueRequired\":true,\"valueName\":\"search_term_string\"}}],\"inLanguage\":\"es\"},{\"@type\":\"Organization\",\"@id\":\"https:\\\/\\\/elinformativotam.com\\\/#organization\",\"name\":\"EL INFORMATIVO DE TAMAULIPAS\",\"url\":\"https:\\\/\\\/elinformativotam.com\\\/\",\"logo\":{\"@type\":\"ImageObject\",\"inLanguage\":\"es\",\"@id\":\"https:\\\/\\\/elinformativotam.com\\\/#\\\/schema\\\/logo\\\/image\\\/\",\"url\":\"https:\\\/\\\/elinformativotam.com\\\/wp-content\\\/uploads\\\/2026\\\/02\\\/Cabezal.png\",\"contentUrl\":\"https:\\\/\\\/elinformativotam.com\\\/wp-content\\\/uploads\\\/2026\\\/02\\\/Cabezal.png\",\"width\":960,\"height\":640,\"caption\":\"EL INFORMATIVO DE TAMAULIPAS\"},\"image\":{\"@id\":\"https:\\\/\\\/elinformativotam.com\\\/#\\\/schema\\\/logo\\\/image\\\/\"}},{\"@type\":\"Person\",\"@id\":\"https:\\\/\\\/elinformativotam.com\\\/#\\\/schema\\\/person\\\/78e08040eed0f6110f0c5f83b6153590\",\"name\":\"El Informativo Tam\",\"image\":{\"@type\":\"ImageObject\",\"inLanguage\":\"es\",\"@id\":\"https:\\\/\\\/secure.gravatar.com\\\/avatar\\\/f3b7ad3af540688955925ac610647be00b0cf41feea9c4978b73a707ee86bc53?s=96&d=mm&r=g\",\"url\":\"https:\\\/\\\/secure.gravatar.com\\\/avatar\\\/f3b7ad3af540688955925ac610647be00b0cf41feea9c4978b73a707ee86bc53?s=96&d=mm&r=g\",\"contentUrl\":\"https:\\\/\\\/secure.gravatar.com\\\/avatar\\\/f3b7ad3af540688955925ac610647be00b0cf41feea9c4978b73a707ee86bc53?s=96&d=mm&r=g\",\"caption\":\"El Informativo Tam\"}}]}<\/script>\n<!-- \/ Yoast SEO plugin. -->","yoast_head_json":{"title":"MAESTRAS DENUNCIAN HOSTIGAMIENTO Y AMENAZAS DE PARTE DE LA DIRECTORA DE PRIMARIA EMILIANO ZAPATA EN ALTAMIRA - EL INFORMATIVO DE TAMAULIPAS","description":"La ma\u00f1ana de este lunes un grupo de maestras de la escuela primaria 'Emiliano Zapata', colocaron una lona para externar que son objeto de actos de","robots":{"index":"index","follow":"follow","max-snippet":"max-snippet:-1","max-image-preview":"max-image-preview:large","max-video-preview":"max-video-preview:-1"},"canonical":"https:\/\/elinformativotam.com\/index.php\/2024\/05\/13\/maestras-denuncian-hostigamiento-y-amenazas-de-parte-de-la-directora-de-primaria-emiliano-zapata-en-altamira\/","og_locale":"es_MX","og_type":"article","og_title":"MAESTRAS DENUNCIAN HOSTIGAMIENTO Y AMENAZAS DE PARTE DE LA DIRECTORA DE PRIMARIA EMILIANO ZAPATA EN ALTAMIRA - EL INFORMATIVO DE TAMAULIPAS","og_description":"La ma\u00f1ana de este lunes un grupo de maestras de la escuela primaria 'Emiliano Zapata', colocaron una lona para externar que son objeto de actos de","og_url":"https:\/\/elinformativotam.com\/index.php\/2024\/05\/13\/maestras-denuncian-hostigamiento-y-amenazas-de-parte-de-la-directora-de-primaria-emiliano-zapata-en-altamira\/","og_site_name":"EL INFORMATIVO DE TAMAULIPAS","article_published_time":"2024-05-14T03:18:17+00:00","og_image":[{"width":1600,"height":1200,"url":"https:\/\/elinformativotam.com\/wp-content\/uploads\/2024\/05\/Hostigamiento-1.jpeg","type":"image\/jpeg"}],"author":"El Informativo Tam","twitter_card":"summary_large_image","twitter_misc":{"Escrito por":"El Informativo Tam","Tiempo de lectura":"2 minutos"},"schema":{"@context":"https:\/\/schema.org","@graph":[{"@type":"Article","@id":"https:\/\/elinformativotam.com\/index.php\/2024\/05\/13\/maestras-denuncian-hostigamiento-y-amenazas-de-parte-de-la-directora-de-primaria-emiliano-zapata-en-altamira\/#article","isPartOf":{"@id":"https:\/\/elinformativotam.com\/index.php\/2024\/05\/13\/maestras-denuncian-hostigamiento-y-amenazas-de-parte-de-la-directora-de-primaria-emiliano-zapata-en-altamira\/"},"author":{"name":"El Informativo Tam","@id":"https:\/\/elinformativotam.com\/#\/schema\/person\/78e08040eed0f6110f0c5f83b6153590"},"headline":"MAESTRAS DENUNCIAN HOSTIGAMIENTO Y AMENAZAS DE PARTE DE LA DIRECTORA DE PRIMARIA EMILIANO ZAPATA EN ALTAMIRA","datePublished":"2024-05-14T03:18:17+00:00","mainEntityOfPage":{"@id":"https:\/\/elinformativotam.com\/index.php\/2024\/05\/13\/maestras-denuncian-hostigamiento-y-amenazas-de-parte-de-la-directora-de-primaria-emiliano-zapata-en-altamira\/"},"wordCount":204,"commentCount":0,"publisher":{"@id":"https:\/\/elinformativotam.com\/#organization"},"image":{"@id":"https:\/\/elinformativotam.com\/index.php\/2024\/05\/13\/maestras-denuncian-hostigamiento-y-amenazas-de-parte-de-la-directora-de-primaria-emiliano-zapata-en-altamira\/#primaryimage"},"thumbnailUrl":"https:\/\/elinformativotam.com\/wp-content\/uploads\/2024\/05\/Hostigamiento-1.jpeg","articleSection":["Altamira"],"inLanguage":"es","potentialAction":[{"@type":"CommentAction","name":"Comment","target":["https:\/\/elinformativotam.com\/index.php\/2024\/05\/13\/maestras-denuncian-hostigamiento-y-amenazas-de-parte-de-la-directora-de-primaria-emiliano-zapata-en-altamira\/#respond"]}]},{"@type":"WebPage","@id":"https:\/\/elinformativotam.com\/index.php\/2024\/05\/13\/maestras-denuncian-hostigamiento-y-amenazas-de-parte-de-la-directora-de-primaria-emiliano-zapata-en-altamira\/","url":"https:\/\/elinformativotam.com\/index.php\/2024\/05\/13\/maestras-denuncian-hostigamiento-y-amenazas-de-parte-de-la-directora-de-primaria-emiliano-zapata-en-altamira\/","name":"MAESTRAS DENUNCIAN HOSTIGAMIENTO Y AMENAZAS DE PARTE DE LA DIRECTORA DE PRIMARIA EMILIANO ZAPATA EN ALTAMIRA - EL INFORMATIVO DE TAMAULIPAS","isPartOf":{"@id":"https:\/\/elinformativotam.com\/#website"},"primaryImageOfPage":{"@id":"https:\/\/elinformativotam.com\/index.php\/2024\/05\/13\/maestras-denuncian-hostigamiento-y-amenazas-de-parte-de-la-directora-de-primaria-emiliano-zapata-en-altamira\/#primaryimage"},"image":{"@id":"https:\/\/elinformativotam.com\/index.php\/2024\/05\/13\/maestras-denuncian-hostigamiento-y-amenazas-de-parte-de-la-directora-de-primaria-emiliano-zapata-en-altamira\/#primaryimage"},"thumbnailUrl":"https:\/\/elinformativotam.com\/wp-content\/uploads\/2024\/05\/Hostigamiento-1.jpeg","datePublished":"2024-05-14T03:18:17+00:00","description":"La ma\u00f1ana de este lunes un grupo de maestras de la escuela primaria 'Emiliano Zapata', colocaron una lona para externar que son objeto de actos de","inLanguage":"es","potentialAction":[{"@type":"ReadAction","target":["https:\/\/elinformativotam.com\/index.php\/2024\/05\/13\/maestras-denuncian-hostigamiento-y-amenazas-de-parte-de-la-directora-de-primaria-emiliano-zapata-en-altamira\/"]}]},{"@type":"ImageObject","inLanguage":"es","@id":"https:\/\/elinformativotam.com\/index.php\/2024\/05\/13\/maestras-denuncian-hostigamiento-y-amenazas-de-parte-de-la-directora-de-primaria-emiliano-zapata-en-altamira\/#primaryimage","url":"https:\/\/elinformativotam.com\/wp-content\/uploads\/2024\/05\/Hostigamiento-1.jpeg","contentUrl":"https:\/\/elinformativotam.com\/wp-content\/uploads\/2024\/05\/Hostigamiento-1.jpeg","width":1600,"height":1200},{"@type":"WebSite","@id":"https:\/\/elinformativotam.com\/#website","url":"https:\/\/elinformativotam.com\/","name":"EL INFORMATIVO DE TAMAULIPAS","description":"Desde la Zona Metropolitana Para Todo M\u00e9xico","publisher":{"@id":"https:\/\/elinformativotam.com\/#organization"},"potentialAction":[{"@type":"SearchAction","target":{"@type":"EntryPoint","urlTemplate":"https:\/\/elinformativotam.com\/?s={search_term_string}"},"query-input":{"@type":"PropertyValueSpecification","valueRequired":true,"valueName":"search_term_string"}}],"inLanguage":"es"},{"@type":"Organization","@id":"https:\/\/elinformativotam.com\/#organization","name":"EL INFORMATIVO DE TAMAULIPAS","url":"https:\/\/elinformativotam.com\/","logo":{"@type":"ImageObject","inLanguage":"es","@id":"https:\/\/elinformativotam.com\/#\/schema\/logo\/image\/","url":"https:\/\/elinformativotam.com\/wp-content\/uploads\/2026\/02\/Cabezal.png","contentUrl":"https:\/\/elinformativotam.com\/wp-content\/uploads\/2026\/02\/Cabezal.png","width":960,"height":640,"caption":"EL INFORMATIVO DE TAMAULIPAS"},"image":{"@id":"https:\/\/elinformativotam.com\/#\/schema\/logo\/image\/"}},{"@type":"Person","@id":"https:\/\/elinformativotam.com\/#\/schema\/person\/78e08040eed0f6110f0c5f83b6153590","name":"El Informativo Tam","image":{"@type":"ImageObject","inLanguage":"es","@id":"https:\/\/secure.gravatar.com\/avatar\/f3b7ad3af540688955925ac610647be00b0cf41feea9c4978b73a707ee86bc53?s=96&d=mm&r=g","url":"https:\/\/secure.gravatar.com\/avatar\/f3b7ad3af540688955925ac610647be00b0cf41feea9c4978b73a707ee86bc53?s=96&d=mm&r=g","contentUrl":"https:\/\/secure.gravatar.com\/avatar\/f3b7ad3af540688955925ac610647be00b0cf41feea9c4978b73a707ee86bc53?s=96&d=mm&r=g","caption":"El Informativo Tam"}}]}},"_links":{"self":[{"href":"https:\/\/elinformativotam.com\/index.php\/wp-json\/wp\/v2\/posts\/50743","targetHints":{"allow":["GET"]}}],"collection":[{"href":"https:\/\/elinformativotam.com\/index.php\/wp-json\/wp\/v2\/posts"}],"about":[{"href":"https:\/\/elinformativotam.com\/index.php\/wp-json\/wp\/v2\/types\/post"}],"author":[{"embeddable":true,"href":"https:\/\/elinformativotam.com\/index.php\/wp-json\/wp\/v2\/users\/1"}],"replies":[{"embeddable":true,"href":"https:\/\/elinformativotam.com\/index.php\/wp-json\/wp\/v2\/comments?post=50743"}],"version-history":[{"count":1,"href":"https:\/\/elinformativotam.com\/index.php\/wp-json\/wp\/v2\/posts\/50743\/revisions"}],"predecessor-version":[{"id":50746,"href":"https:\/\/elinformativotam.com\/index.php\/wp-json\/wp\/v2\/posts\/50743\/revisions\/50746"}],"wp:featuredmedia":[{"embeddable":true,"href":"https:\/\/elinformativotam.com\/index.php\/wp-json\/wp\/v2\/media\/50744"}],"wp:attachment":[{"href":"https:\/\/elinformativotam.com\/index.php\/wp-json\/wp\/v2\/media?parent=50743"}],"wp:term":[{"taxonomy":"category","embeddable":true,"href":"https:\/\/elinformativotam.com\/index.php\/wp-json\/wp\/v2\/categories?post=50743"},{"taxonomy":"post_tag","embeddable":true,"href":"https:\/\/elinformativotam.com\/index.php\/wp-json\/wp\/v2\/tags?post=50743"}],"curies":[{"name":"wp","href":"https:\/\/api.w.org\/{rel}","templated":true}]}}