{"id":50738,"date":"2024-05-13T21:15:12","date_gmt":"2024-05-14T03:15:12","guid":{"rendered":"https:\/\/elinformativotam.com\/?p=50738"},"modified":"2024-05-13T21:15:12","modified_gmt":"2024-05-14T03:15:12","slug":"el-proximo-viernes-autoridades-definiran-la-manera-en-que-se-utilizara-el-agua-en-el-sur","status":"publish","type":"post","link":"https:\/\/elinformativotam.com\/index.php\/2024\/05\/13\/el-proximo-viernes-autoridades-definiran-la-manera-en-que-se-utilizara-el-agua-en-el-sur\/","title":{"rendered":"EL PR\u00d3XIMO VIERNES AUTORIDADES DEFINIR\u00c1N LA MANERA EN QU\u00c9 SE UTILIZAR\u00c1 EL AGUA EN EL SUR"},"content":{"rendered":"<h2 style=\"text-align: center;\"><em><span style=\"font-family: 'times new roman', times;\">*Se Aproxima El Inminente Tandeo Del Vital L\u00edquido Hasta Que Llueva<\/span><\/em><\/h2>\n<p>&nbsp;<\/p>\n<p>&nbsp;<\/p>\n<p>Ser\u00e1 el pr\u00f3ximo viernes cuando las autoridades estatales inmersas en el tema del agua(Secretar\u00eda de Recursos Hidr\u00e1ulicos del Gobierno del Estado, CNA y Comapas de la zona sur) den a conocer las acciones que habr\u00e1n de realizar en el tema del abasto del vital l\u00edquido, esto luego de que en redes sociales ya se mencionan con insistencia la inminente llegada de tandeos hacia la poblaci\u00f3n.<\/p>\n<p>&nbsp;<\/p>\n<p>Al respecto, el coordinador de la Mesa Ciudadana del Agua en la Zona Sur, Luis Aperti Llovett, se\u00f1al\u00f3 que en los recientes tres d\u00edas se consumi\u00f3 el volumen de tres semanas, esto debido a la psicosis que ya se desat\u00f3 en la poblaci\u00f3n y por ende el almacenamiento apresurado del agua.<\/p>\n<p>&nbsp;<\/p>\n<p>Mencion\u00f3 que existe la posibilidad de que para el pr\u00f3ximo fin de semana la mayor\u00eda de las 17 plantas del corredor industrial suspendan la producci\u00f3n, ya que no contar\u00e1n con el suministro del l\u00edquido.<\/p>\n<p>&nbsp;<\/p>\n<p>&#8220;Viene la parte mas complicada de esta sequ\u00eda, todo depende del informe que nos den a conocer el pr\u00f3ximo viernes las autoridades&#8221;, detall\u00f3<\/p>\n<p>&nbsp;<\/p>\n<p>Aperti, puntualiz\u00f3 que la psicosis que se genera en redes sociales por la escasez del agua y la evaporaci\u00f3n por las altas temperaturas han pegado al sistema lagunario, pues reconoci\u00f3 que hace apenas unas semanas atr\u00e1s el panorama era diferente.<\/p>\n<p>&nbsp;<\/p>\n<p>&#8220;Hab\u00eda an\u00e1lisis de que pod\u00edamos pasar sin ning\u00fan problema la crisis hasta que llegaran las lluvias, pero el panorama cambi\u00f3, y hoy el riesgo de quedarnos sin agua es inminente&#8221;, acot\u00f3<\/p>\n<p>&nbsp;<\/p>\n<p>El coordinador de la mesa ciudadana del agua, record\u00f3 que en los \u00faltimos dos a\u00f1os ha llovido un 98% menos y en los recientes 8 a\u00f1os ha precipitado menos que el a\u00f1o anterior.<\/p>\n<p>&nbsp;<\/p>\n<p>&#8220;Estamos hablando que en los \u00faltimos 3 d\u00edas se consumi\u00f3 el volumen de 3 semanas, datos que di\u00f3 a conocer la Comapa Sur&#8221;, expres\u00f3<\/p>\n<p>&nbsp;<\/p>\n<p>Dijo, finalmente que se espera que las autoridades de los tres \u00f3rdenes de gobierno hagan todos los esfuerzos para no suspender totalmente el abasto y no llegar a horarios definidos para tandear el l\u00edquido.<\/p>\n<p>&nbsp;<\/p>\n","protected":false},"excerpt":{"rendered":"<p>*Se Aproxima El Inminente Tandeo Del Vital L\u00edquido Hasta Que Llueva &nbsp; &nbsp; Ser\u00e1 el pr\u00f3ximo viernes cuando las autoridades&hellip;<\/p>\n","protected":false},"author":1,"featured_media":50740,"comment_status":"open","ping_status":"open","sticky":false,"template":"","format":"standard","meta":{"footnotes":""},"categories":[3],"tags":[],"class_list":["post-50738","post","type-post","status-publish","format-standard","has-post-thumbnail","hentry","category-tampico"],"yoast_head":"<!-- This site is optimized with the Yoast SEO plugin v27.4 - https:\/\/yoast.com\/product\/yoast-seo-wordpress\/ -->\n<title>EL PR\u00d3XIMO VIERNES AUTORIDADES DEFINIR\u00c1N LA MANERA EN QU\u00c9 SE UTILIZAR\u00c1 EL AGUA EN EL SUR - EL INFORMATIVO DE TAMAULIPAS<\/title>\n<meta name=\"description\" content=\"*Se Aproxima El Inminente Tandeo Del Vital L\u00edquido Hasta Que Llueva &nbsp; &nbsp; Ser\u00e1 el pr\u00f3ximo viernes cuando las autoridades estatales inmersas en el\" \/>\n<meta name=\"robots\" content=\"index, follow, max-snippet:-1, max-image-preview:large, max-video-preview:-1\" \/>\n<link rel=\"canonical\" href=\"https:\/\/elinformativotam.com\/index.php\/2024\/05\/13\/el-proximo-viernes-autoridades-definiran-la-manera-en-que-se-utilizara-el-agua-en-el-sur\/\" \/>\n<meta property=\"og:locale\" content=\"es_MX\" \/>\n<meta property=\"og:type\" content=\"article\" \/>\n<meta property=\"og:title\" content=\"EL PR\u00d3XIMO VIERNES AUTORIDADES DEFINIR\u00c1N LA MANERA EN QU\u00c9 SE UTILIZAR\u00c1 EL AGUA EN EL SUR - EL INFORMATIVO DE TAMAULIPAS\" \/>\n<meta property=\"og:description\" content=\"*Se Aproxima El Inminente Tandeo Del Vital L\u00edquido Hasta Que Llueva &nbsp; &nbsp; Ser\u00e1 el pr\u00f3ximo viernes cuando las autoridades estatales inmersas en el\" \/>\n<meta property=\"og:url\" content=\"https:\/\/elinformativotam.com\/index.php\/2024\/05\/13\/el-proximo-viernes-autoridades-definiran-la-manera-en-que-se-utilizara-el-agua-en-el-sur\/\" \/>\n<meta property=\"og:site_name\" content=\"EL INFORMATIVO DE TAMAULIPAS\" \/>\n<meta property=\"article:published_time\" content=\"2024-05-14T03:15:12+00:00\" \/>\n<meta property=\"og:image\" content=\"https:\/\/elinformativotam.com\/wp-content\/uploads\/2024\/05\/Apertti.jpeg\" \/>\n\t<meta property=\"og:image:width\" content=\"1600\" \/>\n\t<meta property=\"og:image:height\" content=\"1200\" \/>\n\t<meta property=\"og:image:type\" content=\"image\/jpeg\" \/>\n<meta name=\"author\" content=\"El Informativo Tam\" \/>\n<meta name=\"twitter:card\" content=\"summary_large_image\" \/>\n<meta name=\"twitter:label1\" content=\"Escrito por\" \/>\n\t<meta name=\"twitter:data1\" content=\"El Informativo Tam\" \/>\n\t<meta name=\"twitter:label2\" content=\"Tiempo de lectura\" \/>\n\t<meta name=\"twitter:data2\" content=\"2 minutos\" \/>\n<script type=\"application\/ld+json\" class=\"yoast-schema-graph\">{\"@context\":\"https:\\\/\\\/schema.org\",\"@graph\":[{\"@type\":\"Article\",\"@id\":\"https:\\\/\\\/elinformativotam.com\\\/index.php\\\/2024\\\/05\\\/13\\\/el-proximo-viernes-autoridades-definiran-la-manera-en-que-se-utilizara-el-agua-en-el-sur\\\/#article\",\"isPartOf\":{\"@id\":\"https:\\\/\\\/elinformativotam.com\\\/index.php\\\/2024\\\/05\\\/13\\\/el-proximo-viernes-autoridades-definiran-la-manera-en-que-se-utilizara-el-agua-en-el-sur\\\/\"},\"author\":{\"name\":\"El Informativo Tam\",\"@id\":\"https:\\\/\\\/elinformativotam.com\\\/#\\\/schema\\\/person\\\/78e08040eed0f6110f0c5f83b6153590\"},\"headline\":\"EL PR\u00d3XIMO VIERNES AUTORIDADES DEFINIR\u00c1N LA MANERA EN QU\u00c9 SE UTILIZAR\u00c1 EL AGUA EN EL SUR\",\"datePublished\":\"2024-05-14T03:15:12+00:00\",\"mainEntityOfPage\":{\"@id\":\"https:\\\/\\\/elinformativotam.com\\\/index.php\\\/2024\\\/05\\\/13\\\/el-proximo-viernes-autoridades-definiran-la-manera-en-que-se-utilizara-el-agua-en-el-sur\\\/\"},\"wordCount\":399,\"commentCount\":0,\"publisher\":{\"@id\":\"https:\\\/\\\/elinformativotam.com\\\/#organization\"},\"image\":{\"@id\":\"https:\\\/\\\/elinformativotam.com\\\/index.php\\\/2024\\\/05\\\/13\\\/el-proximo-viernes-autoridades-definiran-la-manera-en-que-se-utilizara-el-agua-en-el-sur\\\/#primaryimage\"},\"thumbnailUrl\":\"https:\\\/\\\/elinformativotam.com\\\/wp-content\\\/uploads\\\/2024\\\/05\\\/Apertti.jpeg\",\"articleSection\":[\"Tampico\"],\"inLanguage\":\"es\",\"potentialAction\":[{\"@type\":\"CommentAction\",\"name\":\"Comment\",\"target\":[\"https:\\\/\\\/elinformativotam.com\\\/index.php\\\/2024\\\/05\\\/13\\\/el-proximo-viernes-autoridades-definiran-la-manera-en-que-se-utilizara-el-agua-en-el-sur\\\/#respond\"]}]},{\"@type\":\"WebPage\",\"@id\":\"https:\\\/\\\/elinformativotam.com\\\/index.php\\\/2024\\\/05\\\/13\\\/el-proximo-viernes-autoridades-definiran-la-manera-en-que-se-utilizara-el-agua-en-el-sur\\\/\",\"url\":\"https:\\\/\\\/elinformativotam.com\\\/index.php\\\/2024\\\/05\\\/13\\\/el-proximo-viernes-autoridades-definiran-la-manera-en-que-se-utilizara-el-agua-en-el-sur\\\/\",\"name\":\"EL PR\u00d3XIMO VIERNES AUTORIDADES DEFINIR\u00c1N LA MANERA EN QU\u00c9 SE UTILIZAR\u00c1 EL AGUA EN EL SUR - EL INFORMATIVO DE TAMAULIPAS\",\"isPartOf\":{\"@id\":\"https:\\\/\\\/elinformativotam.com\\\/#website\"},\"primaryImageOfPage\":{\"@id\":\"https:\\\/\\\/elinformativotam.com\\\/index.php\\\/2024\\\/05\\\/13\\\/el-proximo-viernes-autoridades-definiran-la-manera-en-que-se-utilizara-el-agua-en-el-sur\\\/#primaryimage\"},\"image\":{\"@id\":\"https:\\\/\\\/elinformativotam.com\\\/index.php\\\/2024\\\/05\\\/13\\\/el-proximo-viernes-autoridades-definiran-la-manera-en-que-se-utilizara-el-agua-en-el-sur\\\/#primaryimage\"},\"thumbnailUrl\":\"https:\\\/\\\/elinformativotam.com\\\/wp-content\\\/uploads\\\/2024\\\/05\\\/Apertti.jpeg\",\"datePublished\":\"2024-05-14T03:15:12+00:00\",\"description\":\"*Se Aproxima El Inminente Tandeo Del Vital L\u00edquido Hasta Que Llueva &nbsp; &nbsp; Ser\u00e1 el pr\u00f3ximo viernes cuando las autoridades estatales inmersas en el\",\"inLanguage\":\"es\",\"potentialAction\":[{\"@type\":\"ReadAction\",\"target\":[\"https:\\\/\\\/elinformativotam.com\\\/index.php\\\/2024\\\/05\\\/13\\\/el-proximo-viernes-autoridades-definiran-la-manera-en-que-se-utilizara-el-agua-en-el-sur\\\/\"]}]},{\"@type\":\"ImageObject\",\"inLanguage\":\"es\",\"@id\":\"https:\\\/\\\/elinformativotam.com\\\/index.php\\\/2024\\\/05\\\/13\\\/el-proximo-viernes-autoridades-definiran-la-manera-en-que-se-utilizara-el-agua-en-el-sur\\\/#primaryimage\",\"url\":\"https:\\\/\\\/elinformativotam.com\\\/wp-content\\\/uploads\\\/2024\\\/05\\\/Apertti.jpeg\",\"contentUrl\":\"https:\\\/\\\/elinformativotam.com\\\/wp-content\\\/uploads\\\/2024\\\/05\\\/Apertti.jpeg\",\"width\":1600,\"height\":1200},{\"@type\":\"WebSite\",\"@id\":\"https:\\\/\\\/elinformativotam.com\\\/#website\",\"url\":\"https:\\\/\\\/elinformativotam.com\\\/\",\"name\":\"EL INFORMATIVO DE TAMAULIPAS\",\"description\":\"Desde la Zona Metropolitana Para Todo M\u00e9xico\",\"publisher\":{\"@id\":\"https:\\\/\\\/elinformativotam.com\\\/#organization\"},\"potentialAction\":[{\"@type\":\"SearchAction\",\"target\":{\"@type\":\"EntryPoint\",\"urlTemplate\":\"https:\\\/\\\/elinformativotam.com\\\/?s={search_term_string}\"},\"query-input\":{\"@type\":\"PropertyValueSpecification\",\"valueRequired\":true,\"valueName\":\"search_term_string\"}}],\"inLanguage\":\"es\"},{\"@type\":\"Organization\",\"@id\":\"https:\\\/\\\/elinformativotam.com\\\/#organization\",\"name\":\"EL INFORMATIVO DE TAMAULIPAS\",\"url\":\"https:\\\/\\\/elinformativotam.com\\\/\",\"logo\":{\"@type\":\"ImageObject\",\"inLanguage\":\"es\",\"@id\":\"https:\\\/\\\/elinformativotam.com\\\/#\\\/schema\\\/logo\\\/image\\\/\",\"url\":\"https:\\\/\\\/elinformativotam.com\\\/wp-content\\\/uploads\\\/2026\\\/02\\\/Cabezal.png\",\"contentUrl\":\"https:\\\/\\\/elinformativotam.com\\\/wp-content\\\/uploads\\\/2026\\\/02\\\/Cabezal.png\",\"width\":960,\"height\":640,\"caption\":\"EL INFORMATIVO DE TAMAULIPAS\"},\"image\":{\"@id\":\"https:\\\/\\\/elinformativotam.com\\\/#\\\/schema\\\/logo\\\/image\\\/\"}},{\"@type\":\"Person\",\"@id\":\"https:\\\/\\\/elinformativotam.com\\\/#\\\/schema\\\/person\\\/78e08040eed0f6110f0c5f83b6153590\",\"name\":\"El Informativo Tam\",\"image\":{\"@type\":\"ImageObject\",\"inLanguage\":\"es\",\"@id\":\"https:\\\/\\\/secure.gravatar.com\\\/avatar\\\/f3b7ad3af540688955925ac610647be00b0cf41feea9c4978b73a707ee86bc53?s=96&d=mm&r=g\",\"url\":\"https:\\\/\\\/secure.gravatar.com\\\/avatar\\\/f3b7ad3af540688955925ac610647be00b0cf41feea9c4978b73a707ee86bc53?s=96&d=mm&r=g\",\"contentUrl\":\"https:\\\/\\\/secure.gravatar.com\\\/avatar\\\/f3b7ad3af540688955925ac610647be00b0cf41feea9c4978b73a707ee86bc53?s=96&d=mm&r=g\",\"caption\":\"El Informativo Tam\"}}]}<\/script>\n<!-- \/ Yoast SEO plugin. -->","yoast_head_json":{"title":"EL PR\u00d3XIMO VIERNES AUTORIDADES DEFINIR\u00c1N LA MANERA EN QU\u00c9 SE UTILIZAR\u00c1 EL AGUA EN EL SUR - EL INFORMATIVO DE TAMAULIPAS","description":"*Se Aproxima El Inminente Tandeo Del Vital L\u00edquido Hasta Que Llueva &nbsp; &nbsp; Ser\u00e1 el pr\u00f3ximo viernes cuando las autoridades estatales inmersas en el","robots":{"index":"index","follow":"follow","max-snippet":"max-snippet:-1","max-image-preview":"max-image-preview:large","max-video-preview":"max-video-preview:-1"},"canonical":"https:\/\/elinformativotam.com\/index.php\/2024\/05\/13\/el-proximo-viernes-autoridades-definiran-la-manera-en-que-se-utilizara-el-agua-en-el-sur\/","og_locale":"es_MX","og_type":"article","og_title":"EL PR\u00d3XIMO VIERNES AUTORIDADES DEFINIR\u00c1N LA MANERA EN QU\u00c9 SE UTILIZAR\u00c1 EL AGUA EN EL SUR - EL INFORMATIVO DE TAMAULIPAS","og_description":"*Se Aproxima El Inminente Tandeo Del Vital L\u00edquido Hasta Que Llueva &nbsp; &nbsp; Ser\u00e1 el pr\u00f3ximo viernes cuando las autoridades estatales inmersas en el","og_url":"https:\/\/elinformativotam.com\/index.php\/2024\/05\/13\/el-proximo-viernes-autoridades-definiran-la-manera-en-que-se-utilizara-el-agua-en-el-sur\/","og_site_name":"EL INFORMATIVO DE TAMAULIPAS","article_published_time":"2024-05-14T03:15:12+00:00","og_image":[{"width":1600,"height":1200,"url":"https:\/\/elinformativotam.com\/wp-content\/uploads\/2024\/05\/Apertti.jpeg","type":"image\/jpeg"}],"author":"El Informativo Tam","twitter_card":"summary_large_image","twitter_misc":{"Escrito por":"El Informativo Tam","Tiempo de lectura":"2 minutos"},"schema":{"@context":"https:\/\/schema.org","@graph":[{"@type":"Article","@id":"https:\/\/elinformativotam.com\/index.php\/2024\/05\/13\/el-proximo-viernes-autoridades-definiran-la-manera-en-que-se-utilizara-el-agua-en-el-sur\/#article","isPartOf":{"@id":"https:\/\/elinformativotam.com\/index.php\/2024\/05\/13\/el-proximo-viernes-autoridades-definiran-la-manera-en-que-se-utilizara-el-agua-en-el-sur\/"},"author":{"name":"El Informativo Tam","@id":"https:\/\/elinformativotam.com\/#\/schema\/person\/78e08040eed0f6110f0c5f83b6153590"},"headline":"EL PR\u00d3XIMO VIERNES AUTORIDADES DEFINIR\u00c1N LA MANERA EN QU\u00c9 SE UTILIZAR\u00c1 EL AGUA EN EL SUR","datePublished":"2024-05-14T03:15:12+00:00","mainEntityOfPage":{"@id":"https:\/\/elinformativotam.com\/index.php\/2024\/05\/13\/el-proximo-viernes-autoridades-definiran-la-manera-en-que-se-utilizara-el-agua-en-el-sur\/"},"wordCount":399,"commentCount":0,"publisher":{"@id":"https:\/\/elinformativotam.com\/#organization"},"image":{"@id":"https:\/\/elinformativotam.com\/index.php\/2024\/05\/13\/el-proximo-viernes-autoridades-definiran-la-manera-en-que-se-utilizara-el-agua-en-el-sur\/#primaryimage"},"thumbnailUrl":"https:\/\/elinformativotam.com\/wp-content\/uploads\/2024\/05\/Apertti.jpeg","articleSection":["Tampico"],"inLanguage":"es","potentialAction":[{"@type":"CommentAction","name":"Comment","target":["https:\/\/elinformativotam.com\/index.php\/2024\/05\/13\/el-proximo-viernes-autoridades-definiran-la-manera-en-que-se-utilizara-el-agua-en-el-sur\/#respond"]}]},{"@type":"WebPage","@id":"https:\/\/elinformativotam.com\/index.php\/2024\/05\/13\/el-proximo-viernes-autoridades-definiran-la-manera-en-que-se-utilizara-el-agua-en-el-sur\/","url":"https:\/\/elinformativotam.com\/index.php\/2024\/05\/13\/el-proximo-viernes-autoridades-definiran-la-manera-en-que-se-utilizara-el-agua-en-el-sur\/","name":"EL PR\u00d3XIMO VIERNES AUTORIDADES DEFINIR\u00c1N LA MANERA EN QU\u00c9 SE UTILIZAR\u00c1 EL AGUA EN EL SUR - EL INFORMATIVO DE TAMAULIPAS","isPartOf":{"@id":"https:\/\/elinformativotam.com\/#website"},"primaryImageOfPage":{"@id":"https:\/\/elinformativotam.com\/index.php\/2024\/05\/13\/el-proximo-viernes-autoridades-definiran-la-manera-en-que-se-utilizara-el-agua-en-el-sur\/#primaryimage"},"image":{"@id":"https:\/\/elinformativotam.com\/index.php\/2024\/05\/13\/el-proximo-viernes-autoridades-definiran-la-manera-en-que-se-utilizara-el-agua-en-el-sur\/#primaryimage"},"thumbnailUrl":"https:\/\/elinformativotam.com\/wp-content\/uploads\/2024\/05\/Apertti.jpeg","datePublished":"2024-05-14T03:15:12+00:00","description":"*Se Aproxima El Inminente Tandeo Del Vital L\u00edquido Hasta Que Llueva &nbsp; &nbsp; Ser\u00e1 el pr\u00f3ximo viernes cuando las autoridades estatales inmersas en el","inLanguage":"es","potentialAction":[{"@type":"ReadAction","target":["https:\/\/elinformativotam.com\/index.php\/2024\/05\/13\/el-proximo-viernes-autoridades-definiran-la-manera-en-que-se-utilizara-el-agua-en-el-sur\/"]}]},{"@type":"ImageObject","inLanguage":"es","@id":"https:\/\/elinformativotam.com\/index.php\/2024\/05\/13\/el-proximo-viernes-autoridades-definiran-la-manera-en-que-se-utilizara-el-agua-en-el-sur\/#primaryimage","url":"https:\/\/elinformativotam.com\/wp-content\/uploads\/2024\/05\/Apertti.jpeg","contentUrl":"https:\/\/elinformativotam.com\/wp-content\/uploads\/2024\/05\/Apertti.jpeg","width":1600,"height":1200},{"@type":"WebSite","@id":"https:\/\/elinformativotam.com\/#website","url":"https:\/\/elinformativotam.com\/","name":"EL INFORMATIVO DE TAMAULIPAS","description":"Desde la Zona Metropolitana Para Todo M\u00e9xico","publisher":{"@id":"https:\/\/elinformativotam.com\/#organization"},"potentialAction":[{"@type":"SearchAction","target":{"@type":"EntryPoint","urlTemplate":"https:\/\/elinformativotam.com\/?s={search_term_string}"},"query-input":{"@type":"PropertyValueSpecification","valueRequired":true,"valueName":"search_term_string"}}],"inLanguage":"es"},{"@type":"Organization","@id":"https:\/\/elinformativotam.com\/#organization","name":"EL INFORMATIVO DE TAMAULIPAS","url":"https:\/\/elinformativotam.com\/","logo":{"@type":"ImageObject","inLanguage":"es","@id":"https:\/\/elinformativotam.com\/#\/schema\/logo\/image\/","url":"https:\/\/elinformativotam.com\/wp-content\/uploads\/2026\/02\/Cabezal.png","contentUrl":"https:\/\/elinformativotam.com\/wp-content\/uploads\/2026\/02\/Cabezal.png","width":960,"height":640,"caption":"EL INFORMATIVO DE TAMAULIPAS"},"image":{"@id":"https:\/\/elinformativotam.com\/#\/schema\/logo\/image\/"}},{"@type":"Person","@id":"https:\/\/elinformativotam.com\/#\/schema\/person\/78e08040eed0f6110f0c5f83b6153590","name":"El Informativo Tam","image":{"@type":"ImageObject","inLanguage":"es","@id":"https:\/\/secure.gravatar.com\/avatar\/f3b7ad3af540688955925ac610647be00b0cf41feea9c4978b73a707ee86bc53?s=96&d=mm&r=g","url":"https:\/\/secure.gravatar.com\/avatar\/f3b7ad3af540688955925ac610647be00b0cf41feea9c4978b73a707ee86bc53?s=96&d=mm&r=g","contentUrl":"https:\/\/secure.gravatar.com\/avatar\/f3b7ad3af540688955925ac610647be00b0cf41feea9c4978b73a707ee86bc53?s=96&d=mm&r=g","caption":"El Informativo Tam"}}]}},"_links":{"self":[{"href":"https:\/\/elinformativotam.com\/index.php\/wp-json\/wp\/v2\/posts\/50738","targetHints":{"allow":["GET"]}}],"collection":[{"href":"https:\/\/elinformativotam.com\/index.php\/wp-json\/wp\/v2\/posts"}],"about":[{"href":"https:\/\/elinformativotam.com\/index.php\/wp-json\/wp\/v2\/types\/post"}],"author":[{"embeddable":true,"href":"https:\/\/elinformativotam.com\/index.php\/wp-json\/wp\/v2\/users\/1"}],"replies":[{"embeddable":true,"href":"https:\/\/elinformativotam.com\/index.php\/wp-json\/wp\/v2\/comments?post=50738"}],"version-history":[{"count":1,"href":"https:\/\/elinformativotam.com\/index.php\/wp-json\/wp\/v2\/posts\/50738\/revisions"}],"predecessor-version":[{"id":50742,"href":"https:\/\/elinformativotam.com\/index.php\/wp-json\/wp\/v2\/posts\/50738\/revisions\/50742"}],"wp:featuredmedia":[{"embeddable":true,"href":"https:\/\/elinformativotam.com\/index.php\/wp-json\/wp\/v2\/media\/50740"}],"wp:attachment":[{"href":"https:\/\/elinformativotam.com\/index.php\/wp-json\/wp\/v2\/media?parent=50738"}],"wp:term":[{"taxonomy":"category","embeddable":true,"href":"https:\/\/elinformativotam.com\/index.php\/wp-json\/wp\/v2\/categories?post=50738"},{"taxonomy":"post_tag","embeddable":true,"href":"https:\/\/elinformativotam.com\/index.php\/wp-json\/wp\/v2\/tags?post=50738"}],"curies":[{"name":"wp","href":"https:\/\/api.w.org\/{rel}","templated":true}]}}