{"id":50735,"date":"2024-05-10T21:49:33","date_gmt":"2024-05-11T03:49:33","guid":{"rendered":"https:\/\/elinformativotam.com\/?p=50735"},"modified":"2024-05-10T21:49:33","modified_gmt":"2024-05-11T03:49:33","slug":"implementa-tampico-programa-emergente-en-abasto-de-agua-en-varias-colonias","status":"publish","type":"post","link":"https:\/\/elinformativotam.com\/index.php\/2024\/05\/10\/implementa-tampico-programa-emergente-en-abasto-de-agua-en-varias-colonias\/","title":{"rendered":"IMPLEMENTA TAMPICO PROGRAMA EMERGENTE EN ABASTO DE AGUA EN VARIAS COLONIAS"},"content":{"rendered":"<h2 style=\"text-align: center;\"><em><span style=\"font-family: 'times new roman', times;\">*Varios Sectores Ya Est\u00e1n Batallando Para Poder Acceder Y Usar El Vital L\u00edquido<\/span><\/em><\/h2>\n<p>&nbsp;<\/p>\n<p>&nbsp;<\/p>\n<p>Derivado de la fuerte crisis h\u00eddrica que azota a la zona sur y que tiene al sistema lagunario con niveles muy cr\u00edticos, el municipio de Tampico comenz\u00f3 a implementar el programa de reparto del vital l\u00edquido, en pipas a las familias de varios sectores de la ciudad.<\/p>\n<p>&nbsp;<\/p>\n<p>A partir de este viernes el ayuntamiento auxilia con el acarreo del agua potable a familias de las colonias Unidad Modelo, Arenal y Colinas de San Gerardo, debido a que el agua ya no llega a sus domicilios con la suficiente presi\u00f3n, sobre todo para los conjuntos habitacionales construidos de manera vertical<\/p>\n<p>&nbsp;<\/p>\n<p>Lizeth Ontiveros, qui\u00e9n dijo vivir en colinas de San Gerardo, extern\u00f3 que el ayuntamiento est\u00e1 brindando ese apoyo a las familias que por alguna situaci\u00f3n no pueden acceder al l\u00edquido vital, derivado de la crisis por la falta de lluvias.<\/p>\n<p>&nbsp;<\/p>\n<p>Extern\u00f3 que a partir de \u00e9ste viernes el suministro se torna m\u00e1s complicado, pues no existe adecuada presi\u00f3n para que el agua suba hasta los tanques estacionarios de muchas viviendas.<\/p>\n<p>&nbsp;<\/p>\n<p>Remarc\u00f3 que, incluso otros sectores aleda\u00f1os a Infonavit tambi\u00e9n est\u00e1n sufriendo por la falta de presi\u00f3n en las l\u00edneas de conducci\u00f3n, y por tal motivo el municipio ha decidido intervenir prestando este servicio de manera gratuita.<\/p>\n<p>&nbsp;<\/p>\n<p>La habitante del sector popular manifest\u00f3 que esta clase de medidas de ahorro que ejerce la Comapa Sur son hist\u00f3ricas, pues nunca se habia tenido una crisis de esta magnitud, al grado de que la poca agua que llega a los hogares de la ciudad sale muy revuelta o sucia.<\/p>\n<p>&nbsp;<\/p>\n<p>Hasta el momento la Comapa Sur no ha emitido un posicionamiento formal de la manera en que como habr\u00e1 de seguir suministrando el vital liquido a los usuarios de Tampico y Madero.<\/p>\n<p>&nbsp;<\/p>\n<p>Se sabe que la Comapa Altamira, comenz\u00f3 a llevar a cabo un plan emergente en algunas colonias de la cuidad, incluso con horarios muy definidos en cuanto al suministro parcial.<\/p>\n","protected":false},"excerpt":{"rendered":"<p>*Varios Sectores Ya Est\u00e1n Batallando Para Poder Acceder Y Usar El Vital L\u00edquido &nbsp; &nbsp; Derivado de la fuerte crisis&hellip;<\/p>\n","protected":false},"author":1,"featured_media":50727,"comment_status":"open","ping_status":"open","sticky":false,"template":"","format":"standard","meta":{"footnotes":""},"categories":[3],"tags":[],"class_list":["post-50735","post","type-post","status-publish","format-standard","has-post-thumbnail","hentry","category-tampico"],"yoast_head":"<!-- This site is optimized with the Yoast SEO plugin v27.4 - https:\/\/yoast.com\/product\/yoast-seo-wordpress\/ -->\n<title>IMPLEMENTA TAMPICO PROGRAMA EMERGENTE EN ABASTO DE AGUA EN VARIAS COLONIAS - EL INFORMATIVO DE TAMAULIPAS<\/title>\n<meta name=\"description\" content=\"*Varios Sectores Ya Est\u00e1n Batallando Para Poder Acceder Y Usar El Vital L\u00edquido &nbsp; &nbsp; Derivado de la fuerte crisis h\u00eddrica que azota a la zona sur\" \/>\n<meta name=\"robots\" content=\"index, follow, max-snippet:-1, max-image-preview:large, max-video-preview:-1\" \/>\n<link rel=\"canonical\" href=\"https:\/\/elinformativotam.com\/index.php\/2024\/05\/10\/implementa-tampico-programa-emergente-en-abasto-de-agua-en-varias-colonias\/\" \/>\n<meta property=\"og:locale\" content=\"es_MX\" \/>\n<meta property=\"og:type\" content=\"article\" \/>\n<meta property=\"og:title\" content=\"IMPLEMENTA TAMPICO PROGRAMA EMERGENTE EN ABASTO DE AGUA EN VARIAS COLONIAS - EL INFORMATIVO DE TAMAULIPAS\" \/>\n<meta property=\"og:description\" content=\"*Varios Sectores Ya Est\u00e1n Batallando Para Poder Acceder Y Usar El Vital L\u00edquido &nbsp; &nbsp; Derivado de la fuerte crisis h\u00eddrica que azota a la zona sur\" \/>\n<meta property=\"og:url\" content=\"https:\/\/elinformativotam.com\/index.php\/2024\/05\/10\/implementa-tampico-programa-emergente-en-abasto-de-agua-en-varias-colonias\/\" \/>\n<meta property=\"og:site_name\" content=\"EL INFORMATIVO DE TAMAULIPAS\" \/>\n<meta property=\"article:published_time\" content=\"2024-05-11T03:49:33+00:00\" \/>\n<meta property=\"og:image\" content=\"https:\/\/elinformativotam.com\/wp-content\/uploads\/2024\/05\/Pipa-Agua.jpeg\" \/>\n\t<meta property=\"og:image:width\" content=\"1600\" \/>\n\t<meta property=\"og:image:height\" content=\"1200\" \/>\n\t<meta property=\"og:image:type\" content=\"image\/jpeg\" \/>\n<meta name=\"author\" content=\"El Informativo Tam\" \/>\n<meta name=\"twitter:card\" content=\"summary_large_image\" \/>\n<meta name=\"twitter:label1\" content=\"Escrito por\" \/>\n\t<meta name=\"twitter:data1\" content=\"El Informativo Tam\" \/>\n\t<meta name=\"twitter:label2\" content=\"Tiempo de lectura\" \/>\n\t<meta name=\"twitter:data2\" content=\"2 minutos\" \/>\n<script type=\"application\/ld+json\" class=\"yoast-schema-graph\">{\"@context\":\"https:\\\/\\\/schema.org\",\"@graph\":[{\"@type\":\"Article\",\"@id\":\"https:\\\/\\\/elinformativotam.com\\\/index.php\\\/2024\\\/05\\\/10\\\/implementa-tampico-programa-emergente-en-abasto-de-agua-en-varias-colonias\\\/#article\",\"isPartOf\":{\"@id\":\"https:\\\/\\\/elinformativotam.com\\\/index.php\\\/2024\\\/05\\\/10\\\/implementa-tampico-programa-emergente-en-abasto-de-agua-en-varias-colonias\\\/\"},\"author\":{\"name\":\"El Informativo Tam\",\"@id\":\"https:\\\/\\\/elinformativotam.com\\\/#\\\/schema\\\/person\\\/78e08040eed0f6110f0c5f83b6153590\"},\"headline\":\"IMPLEMENTA TAMPICO PROGRAMA EMERGENTE EN ABASTO DE AGUA EN VARIAS COLONIAS\",\"datePublished\":\"2024-05-11T03:49:33+00:00\",\"mainEntityOfPage\":{\"@id\":\"https:\\\/\\\/elinformativotam.com\\\/index.php\\\/2024\\\/05\\\/10\\\/implementa-tampico-programa-emergente-en-abasto-de-agua-en-varias-colonias\\\/\"},\"wordCount\":368,\"commentCount\":0,\"publisher\":{\"@id\":\"https:\\\/\\\/elinformativotam.com\\\/#organization\"},\"image\":{\"@id\":\"https:\\\/\\\/elinformativotam.com\\\/index.php\\\/2024\\\/05\\\/10\\\/implementa-tampico-programa-emergente-en-abasto-de-agua-en-varias-colonias\\\/#primaryimage\"},\"thumbnailUrl\":\"https:\\\/\\\/elinformativotam.com\\\/wp-content\\\/uploads\\\/2024\\\/05\\\/Pipa-Agua.jpeg\",\"articleSection\":[\"Tampico\"],\"inLanguage\":\"es\",\"potentialAction\":[{\"@type\":\"CommentAction\",\"name\":\"Comment\",\"target\":[\"https:\\\/\\\/elinformativotam.com\\\/index.php\\\/2024\\\/05\\\/10\\\/implementa-tampico-programa-emergente-en-abasto-de-agua-en-varias-colonias\\\/#respond\"]}]},{\"@type\":\"WebPage\",\"@id\":\"https:\\\/\\\/elinformativotam.com\\\/index.php\\\/2024\\\/05\\\/10\\\/implementa-tampico-programa-emergente-en-abasto-de-agua-en-varias-colonias\\\/\",\"url\":\"https:\\\/\\\/elinformativotam.com\\\/index.php\\\/2024\\\/05\\\/10\\\/implementa-tampico-programa-emergente-en-abasto-de-agua-en-varias-colonias\\\/\",\"name\":\"IMPLEMENTA TAMPICO PROGRAMA EMERGENTE EN ABASTO DE AGUA EN VARIAS COLONIAS - EL INFORMATIVO DE TAMAULIPAS\",\"isPartOf\":{\"@id\":\"https:\\\/\\\/elinformativotam.com\\\/#website\"},\"primaryImageOfPage\":{\"@id\":\"https:\\\/\\\/elinformativotam.com\\\/index.php\\\/2024\\\/05\\\/10\\\/implementa-tampico-programa-emergente-en-abasto-de-agua-en-varias-colonias\\\/#primaryimage\"},\"image\":{\"@id\":\"https:\\\/\\\/elinformativotam.com\\\/index.php\\\/2024\\\/05\\\/10\\\/implementa-tampico-programa-emergente-en-abasto-de-agua-en-varias-colonias\\\/#primaryimage\"},\"thumbnailUrl\":\"https:\\\/\\\/elinformativotam.com\\\/wp-content\\\/uploads\\\/2024\\\/05\\\/Pipa-Agua.jpeg\",\"datePublished\":\"2024-05-11T03:49:33+00:00\",\"description\":\"*Varios Sectores Ya Est\u00e1n Batallando Para Poder Acceder Y Usar El Vital L\u00edquido &nbsp; &nbsp; Derivado de la fuerte crisis h\u00eddrica que azota a la zona sur\",\"inLanguage\":\"es\",\"potentialAction\":[{\"@type\":\"ReadAction\",\"target\":[\"https:\\\/\\\/elinformativotam.com\\\/index.php\\\/2024\\\/05\\\/10\\\/implementa-tampico-programa-emergente-en-abasto-de-agua-en-varias-colonias\\\/\"]}]},{\"@type\":\"ImageObject\",\"inLanguage\":\"es\",\"@id\":\"https:\\\/\\\/elinformativotam.com\\\/index.php\\\/2024\\\/05\\\/10\\\/implementa-tampico-programa-emergente-en-abasto-de-agua-en-varias-colonias\\\/#primaryimage\",\"url\":\"https:\\\/\\\/elinformativotam.com\\\/wp-content\\\/uploads\\\/2024\\\/05\\\/Pipa-Agua.jpeg\",\"contentUrl\":\"https:\\\/\\\/elinformativotam.com\\\/wp-content\\\/uploads\\\/2024\\\/05\\\/Pipa-Agua.jpeg\",\"width\":1600,\"height\":1200},{\"@type\":\"WebSite\",\"@id\":\"https:\\\/\\\/elinformativotam.com\\\/#website\",\"url\":\"https:\\\/\\\/elinformativotam.com\\\/\",\"name\":\"EL INFORMATIVO DE TAMAULIPAS\",\"description\":\"Desde la Zona Metropolitana Para Todo M\u00e9xico\",\"publisher\":{\"@id\":\"https:\\\/\\\/elinformativotam.com\\\/#organization\"},\"potentialAction\":[{\"@type\":\"SearchAction\",\"target\":{\"@type\":\"EntryPoint\",\"urlTemplate\":\"https:\\\/\\\/elinformativotam.com\\\/?s={search_term_string}\"},\"query-input\":{\"@type\":\"PropertyValueSpecification\",\"valueRequired\":true,\"valueName\":\"search_term_string\"}}],\"inLanguage\":\"es\"},{\"@type\":\"Organization\",\"@id\":\"https:\\\/\\\/elinformativotam.com\\\/#organization\",\"name\":\"EL INFORMATIVO DE TAMAULIPAS\",\"url\":\"https:\\\/\\\/elinformativotam.com\\\/\",\"logo\":{\"@type\":\"ImageObject\",\"inLanguage\":\"es\",\"@id\":\"https:\\\/\\\/elinformativotam.com\\\/#\\\/schema\\\/logo\\\/image\\\/\",\"url\":\"https:\\\/\\\/elinformativotam.com\\\/wp-content\\\/uploads\\\/2026\\\/02\\\/Cabezal.png\",\"contentUrl\":\"https:\\\/\\\/elinformativotam.com\\\/wp-content\\\/uploads\\\/2026\\\/02\\\/Cabezal.png\",\"width\":960,\"height\":640,\"caption\":\"EL INFORMATIVO DE TAMAULIPAS\"},\"image\":{\"@id\":\"https:\\\/\\\/elinformativotam.com\\\/#\\\/schema\\\/logo\\\/image\\\/\"}},{\"@type\":\"Person\",\"@id\":\"https:\\\/\\\/elinformativotam.com\\\/#\\\/schema\\\/person\\\/78e08040eed0f6110f0c5f83b6153590\",\"name\":\"El Informativo Tam\",\"image\":{\"@type\":\"ImageObject\",\"inLanguage\":\"es\",\"@id\":\"https:\\\/\\\/secure.gravatar.com\\\/avatar\\\/f3b7ad3af540688955925ac610647be00b0cf41feea9c4978b73a707ee86bc53?s=96&d=mm&r=g\",\"url\":\"https:\\\/\\\/secure.gravatar.com\\\/avatar\\\/f3b7ad3af540688955925ac610647be00b0cf41feea9c4978b73a707ee86bc53?s=96&d=mm&r=g\",\"contentUrl\":\"https:\\\/\\\/secure.gravatar.com\\\/avatar\\\/f3b7ad3af540688955925ac610647be00b0cf41feea9c4978b73a707ee86bc53?s=96&d=mm&r=g\",\"caption\":\"El Informativo Tam\"}}]}<\/script>\n<!-- \/ Yoast SEO plugin. -->","yoast_head_json":{"title":"IMPLEMENTA TAMPICO PROGRAMA EMERGENTE EN ABASTO DE AGUA EN VARIAS COLONIAS - EL INFORMATIVO DE TAMAULIPAS","description":"*Varios Sectores Ya Est\u00e1n Batallando Para Poder Acceder Y Usar El Vital L\u00edquido &nbsp; &nbsp; Derivado de la fuerte crisis h\u00eddrica que azota a la zona sur","robots":{"index":"index","follow":"follow","max-snippet":"max-snippet:-1","max-image-preview":"max-image-preview:large","max-video-preview":"max-video-preview:-1"},"canonical":"https:\/\/elinformativotam.com\/index.php\/2024\/05\/10\/implementa-tampico-programa-emergente-en-abasto-de-agua-en-varias-colonias\/","og_locale":"es_MX","og_type":"article","og_title":"IMPLEMENTA TAMPICO PROGRAMA EMERGENTE EN ABASTO DE AGUA EN VARIAS COLONIAS - EL INFORMATIVO DE TAMAULIPAS","og_description":"*Varios Sectores Ya Est\u00e1n Batallando Para Poder Acceder Y Usar El Vital L\u00edquido &nbsp; &nbsp; Derivado de la fuerte crisis h\u00eddrica que azota a la zona sur","og_url":"https:\/\/elinformativotam.com\/index.php\/2024\/05\/10\/implementa-tampico-programa-emergente-en-abasto-de-agua-en-varias-colonias\/","og_site_name":"EL INFORMATIVO DE TAMAULIPAS","article_published_time":"2024-05-11T03:49:33+00:00","og_image":[{"width":1600,"height":1200,"url":"https:\/\/elinformativotam.com\/wp-content\/uploads\/2024\/05\/Pipa-Agua.jpeg","type":"image\/jpeg"}],"author":"El Informativo Tam","twitter_card":"summary_large_image","twitter_misc":{"Escrito por":"El Informativo Tam","Tiempo de lectura":"2 minutos"},"schema":{"@context":"https:\/\/schema.org","@graph":[{"@type":"Article","@id":"https:\/\/elinformativotam.com\/index.php\/2024\/05\/10\/implementa-tampico-programa-emergente-en-abasto-de-agua-en-varias-colonias\/#article","isPartOf":{"@id":"https:\/\/elinformativotam.com\/index.php\/2024\/05\/10\/implementa-tampico-programa-emergente-en-abasto-de-agua-en-varias-colonias\/"},"author":{"name":"El Informativo Tam","@id":"https:\/\/elinformativotam.com\/#\/schema\/person\/78e08040eed0f6110f0c5f83b6153590"},"headline":"IMPLEMENTA TAMPICO PROGRAMA EMERGENTE EN ABASTO DE AGUA EN VARIAS COLONIAS","datePublished":"2024-05-11T03:49:33+00:00","mainEntityOfPage":{"@id":"https:\/\/elinformativotam.com\/index.php\/2024\/05\/10\/implementa-tampico-programa-emergente-en-abasto-de-agua-en-varias-colonias\/"},"wordCount":368,"commentCount":0,"publisher":{"@id":"https:\/\/elinformativotam.com\/#organization"},"image":{"@id":"https:\/\/elinformativotam.com\/index.php\/2024\/05\/10\/implementa-tampico-programa-emergente-en-abasto-de-agua-en-varias-colonias\/#primaryimage"},"thumbnailUrl":"https:\/\/elinformativotam.com\/wp-content\/uploads\/2024\/05\/Pipa-Agua.jpeg","articleSection":["Tampico"],"inLanguage":"es","potentialAction":[{"@type":"CommentAction","name":"Comment","target":["https:\/\/elinformativotam.com\/index.php\/2024\/05\/10\/implementa-tampico-programa-emergente-en-abasto-de-agua-en-varias-colonias\/#respond"]}]},{"@type":"WebPage","@id":"https:\/\/elinformativotam.com\/index.php\/2024\/05\/10\/implementa-tampico-programa-emergente-en-abasto-de-agua-en-varias-colonias\/","url":"https:\/\/elinformativotam.com\/index.php\/2024\/05\/10\/implementa-tampico-programa-emergente-en-abasto-de-agua-en-varias-colonias\/","name":"IMPLEMENTA TAMPICO PROGRAMA EMERGENTE EN ABASTO DE AGUA EN VARIAS COLONIAS - EL INFORMATIVO DE TAMAULIPAS","isPartOf":{"@id":"https:\/\/elinformativotam.com\/#website"},"primaryImageOfPage":{"@id":"https:\/\/elinformativotam.com\/index.php\/2024\/05\/10\/implementa-tampico-programa-emergente-en-abasto-de-agua-en-varias-colonias\/#primaryimage"},"image":{"@id":"https:\/\/elinformativotam.com\/index.php\/2024\/05\/10\/implementa-tampico-programa-emergente-en-abasto-de-agua-en-varias-colonias\/#primaryimage"},"thumbnailUrl":"https:\/\/elinformativotam.com\/wp-content\/uploads\/2024\/05\/Pipa-Agua.jpeg","datePublished":"2024-05-11T03:49:33+00:00","description":"*Varios Sectores Ya Est\u00e1n Batallando Para Poder Acceder Y Usar El Vital L\u00edquido &nbsp; &nbsp; Derivado de la fuerte crisis h\u00eddrica que azota a la zona sur","inLanguage":"es","potentialAction":[{"@type":"ReadAction","target":["https:\/\/elinformativotam.com\/index.php\/2024\/05\/10\/implementa-tampico-programa-emergente-en-abasto-de-agua-en-varias-colonias\/"]}]},{"@type":"ImageObject","inLanguage":"es","@id":"https:\/\/elinformativotam.com\/index.php\/2024\/05\/10\/implementa-tampico-programa-emergente-en-abasto-de-agua-en-varias-colonias\/#primaryimage","url":"https:\/\/elinformativotam.com\/wp-content\/uploads\/2024\/05\/Pipa-Agua.jpeg","contentUrl":"https:\/\/elinformativotam.com\/wp-content\/uploads\/2024\/05\/Pipa-Agua.jpeg","width":1600,"height":1200},{"@type":"WebSite","@id":"https:\/\/elinformativotam.com\/#website","url":"https:\/\/elinformativotam.com\/","name":"EL INFORMATIVO DE TAMAULIPAS","description":"Desde la Zona Metropolitana Para Todo M\u00e9xico","publisher":{"@id":"https:\/\/elinformativotam.com\/#organization"},"potentialAction":[{"@type":"SearchAction","target":{"@type":"EntryPoint","urlTemplate":"https:\/\/elinformativotam.com\/?s={search_term_string}"},"query-input":{"@type":"PropertyValueSpecification","valueRequired":true,"valueName":"search_term_string"}}],"inLanguage":"es"},{"@type":"Organization","@id":"https:\/\/elinformativotam.com\/#organization","name":"EL INFORMATIVO DE TAMAULIPAS","url":"https:\/\/elinformativotam.com\/","logo":{"@type":"ImageObject","inLanguage":"es","@id":"https:\/\/elinformativotam.com\/#\/schema\/logo\/image\/","url":"https:\/\/elinformativotam.com\/wp-content\/uploads\/2026\/02\/Cabezal.png","contentUrl":"https:\/\/elinformativotam.com\/wp-content\/uploads\/2026\/02\/Cabezal.png","width":960,"height":640,"caption":"EL INFORMATIVO DE TAMAULIPAS"},"image":{"@id":"https:\/\/elinformativotam.com\/#\/schema\/logo\/image\/"}},{"@type":"Person","@id":"https:\/\/elinformativotam.com\/#\/schema\/person\/78e08040eed0f6110f0c5f83b6153590","name":"El Informativo Tam","image":{"@type":"ImageObject","inLanguage":"es","@id":"https:\/\/secure.gravatar.com\/avatar\/f3b7ad3af540688955925ac610647be00b0cf41feea9c4978b73a707ee86bc53?s=96&d=mm&r=g","url":"https:\/\/secure.gravatar.com\/avatar\/f3b7ad3af540688955925ac610647be00b0cf41feea9c4978b73a707ee86bc53?s=96&d=mm&r=g","contentUrl":"https:\/\/secure.gravatar.com\/avatar\/f3b7ad3af540688955925ac610647be00b0cf41feea9c4978b73a707ee86bc53?s=96&d=mm&r=g","caption":"El Informativo Tam"}}]}},"_links":{"self":[{"href":"https:\/\/elinformativotam.com\/index.php\/wp-json\/wp\/v2\/posts\/50735","targetHints":{"allow":["GET"]}}],"collection":[{"href":"https:\/\/elinformativotam.com\/index.php\/wp-json\/wp\/v2\/posts"}],"about":[{"href":"https:\/\/elinformativotam.com\/index.php\/wp-json\/wp\/v2\/types\/post"}],"author":[{"embeddable":true,"href":"https:\/\/elinformativotam.com\/index.php\/wp-json\/wp\/v2\/users\/1"}],"replies":[{"embeddable":true,"href":"https:\/\/elinformativotam.com\/index.php\/wp-json\/wp\/v2\/comments?post=50735"}],"version-history":[{"count":1,"href":"https:\/\/elinformativotam.com\/index.php\/wp-json\/wp\/v2\/posts\/50735\/revisions"}],"predecessor-version":[{"id":50736,"href":"https:\/\/elinformativotam.com\/index.php\/wp-json\/wp\/v2\/posts\/50735\/revisions\/50736"}],"wp:featuredmedia":[{"embeddable":true,"href":"https:\/\/elinformativotam.com\/index.php\/wp-json\/wp\/v2\/media\/50727"}],"wp:attachment":[{"href":"https:\/\/elinformativotam.com\/index.php\/wp-json\/wp\/v2\/media?parent=50735"}],"wp:term":[{"taxonomy":"category","embeddable":true,"href":"https:\/\/elinformativotam.com\/index.php\/wp-json\/wp\/v2\/categories?post=50735"},{"taxonomy":"post_tag","embeddable":true,"href":"https:\/\/elinformativotam.com\/index.php\/wp-json\/wp\/v2\/tags?post=50735"}],"curies":[{"name":"wp","href":"https:\/\/api.w.org\/{rel}","templated":true}]}}