{"id":50708,"date":"2024-05-10T09:14:36","date_gmt":"2024-05-10T15:14:36","guid":{"rendered":"https:\/\/elinformativotam.com\/?p=50708"},"modified":"2024-05-10T09:14:36","modified_gmt":"2024-05-10T15:14:36","slug":"continuara-monica-con-campana-de-respeto-y-sin-ataques-hacia-sus-contrincantes-electorales","status":"publish","type":"post","link":"https:\/\/elinformativotam.com\/index.php\/2024\/05\/10\/continuara-monica-con-campana-de-respeto-y-sin-ataques-hacia-sus-contrincantes-electorales\/","title":{"rendered":"CONTINUAR\u00c1 M\u00d3NICA CON CAMPA\u00d1A DE RESPETO Y SIN ATAQUES HAC\u00cdA SUS CONTRINCANTES ELECTORALES"},"content":{"rendered":"<h2 style=\"text-align: center;\"><em><span style=\"font-family: 'times new roman', times;\">*En La Segunda Fase De Su Campa\u00f1a Constitucional Se Dedicar\u00e1 A Proponer Ante El Elector<\/span><\/em><\/h2>\n<p>&nbsp;<\/p>\n<p>&nbsp;<\/p>\n<p>Al ingresar a la segunda mitad de la campa\u00f1a constitucional local en Tampico, la abanderada a la alcald\u00eda M\u00f3nica Villarreal Anaya, advirti\u00f3 que continuar\u00e1 recorriendo la ciudad y proponiendo soluciones a los temas pendientes, sin caer en descalificaciones hacia sus contrincantes<\/p>\n<p>&nbsp;<\/p>\n<p>La abanderada de la coalici\u00f3n Morena, PVEM y PT mencion\u00f3 que la segunda etapa de su campa\u00f1a pol\u00edtica seguir\u00e1 por el camino del contacto con la poblaci\u00f3n, pero sin caer en la denostaci\u00f3n hacia sus rivales.<\/p>\n<p>&nbsp;<\/p>\n<p>Dijo que los primeros 23 d\u00edas de campa\u00f1a transcurrieron en completa tranquilidad, sin agravios y golpeteos, y reiter\u00f3 que de su parte la contienda electoral llevar\u00e1 ese mismo camino<\/p>\n<p>&nbsp;<\/p>\n<p>&#8220;Ha sido una campa\u00f1a de altura y as\u00ed vamos a continuar&#8221;, dijo la edil con licencia.<\/p>\n<p>&nbsp;<\/p>\n<p>Resalt\u00f3 que el ingreso a la zona sur de m\u00e1s elementos de las fuerzas federales es s\u00edntoma de que el gobierno federal busca que los comicios del 2 de junio se desarrollen de manera tranquila.<\/p>\n<p>&nbsp;<\/p>\n<p>&#8220;Sobre todo que la poblaci\u00f3n se sienta tranquila de que ese d\u00eda pueden salir a votar. Que la poblaci\u00f3n se sienta que est\u00e1 segura en las calles<\/p>\n<p>&nbsp;<\/p>\n<p>Villarreal, confi\u00f3 en que para el d\u00eda de la elecci\u00f3n la paz social persista y qu\u00e9 esto sea un factor para que la gente salga a votar en demas\u00eda.<\/p>\n<p>&nbsp;<\/p>\n<p>&#8220;Lo mas probable es qu\u00e9 as\u00ed continu\u00e9 Tampico&#8221;, resalt\u00f3 la abanderada de la 4T en el puerto<\/p>\n<p>&nbsp;<\/p>\n","protected":false},"excerpt":{"rendered":"<p>*En La Segunda Fase De Su Campa\u00f1a Constitucional Se Dedicar\u00e1 A Proponer Ante El Elector &nbsp; &nbsp; Al ingresar a&hellip;<\/p>\n","protected":false},"author":1,"featured_media":50709,"comment_status":"open","ping_status":"open","sticky":false,"template":"","format":"standard","meta":{"footnotes":""},"categories":[3],"tags":[],"class_list":["post-50708","post","type-post","status-publish","format-standard","has-post-thumbnail","hentry","category-tampico"],"yoast_head":"<!-- This site is optimized with the Yoast SEO plugin v27.4 - https:\/\/yoast.com\/product\/yoast-seo-wordpress\/ -->\n<title>CONTINUAR\u00c1 M\u00d3NICA CON CAMPA\u00d1A DE RESPETO Y SIN ATAQUES HAC\u00cdA SUS CONTRINCANTES ELECTORALES - EL INFORMATIVO DE TAMAULIPAS<\/title>\n<meta name=\"description\" content=\"*En La Segunda Fase De Su Campa\u00f1a Constitucional Se Dedicar\u00e1 A Proponer Ante El Elector &nbsp; &nbsp; Al ingresar a la segunda mitad de la campa\u00f1a\" \/>\n<meta name=\"robots\" content=\"index, follow, max-snippet:-1, max-image-preview:large, max-video-preview:-1\" \/>\n<link rel=\"canonical\" href=\"https:\/\/elinformativotam.com\/index.php\/2024\/05\/10\/continuara-monica-con-campana-de-respeto-y-sin-ataques-hacia-sus-contrincantes-electorales\/\" \/>\n<meta property=\"og:locale\" content=\"es_MX\" \/>\n<meta property=\"og:type\" content=\"article\" \/>\n<meta property=\"og:title\" content=\"CONTINUAR\u00c1 M\u00d3NICA CON CAMPA\u00d1A DE RESPETO Y SIN ATAQUES HAC\u00cdA SUS CONTRINCANTES ELECTORALES - EL INFORMATIVO DE TAMAULIPAS\" \/>\n<meta property=\"og:description\" content=\"*En La Segunda Fase De Su Campa\u00f1a Constitucional Se Dedicar\u00e1 A Proponer Ante El Elector &nbsp; &nbsp; Al ingresar a la segunda mitad de la campa\u00f1a\" \/>\n<meta property=\"og:url\" content=\"https:\/\/elinformativotam.com\/index.php\/2024\/05\/10\/continuara-monica-con-campana-de-respeto-y-sin-ataques-hacia-sus-contrincantes-electorales\/\" \/>\n<meta property=\"og:site_name\" content=\"EL INFORMATIVO DE TAMAULIPAS\" \/>\n<meta property=\"article:published_time\" content=\"2024-05-10T15:14:36+00:00\" \/>\n<meta property=\"og:image\" content=\"https:\/\/elinformativotam.com\/wp-content\/uploads\/2024\/05\/Monica.jpg\" \/>\n\t<meta property=\"og:image:width\" content=\"720\" \/>\n\t<meta property=\"og:image:height\" content=\"480\" \/>\n\t<meta property=\"og:image:type\" content=\"image\/jpeg\" \/>\n<meta name=\"author\" content=\"El Informativo Tam\" \/>\n<meta name=\"twitter:card\" content=\"summary_large_image\" \/>\n<meta name=\"twitter:label1\" content=\"Escrito por\" \/>\n\t<meta name=\"twitter:data1\" content=\"El Informativo Tam\" \/>\n\t<meta name=\"twitter:label2\" content=\"Tiempo de lectura\" \/>\n\t<meta name=\"twitter:data2\" content=\"2 minutos\" \/>\n<script type=\"application\/ld+json\" class=\"yoast-schema-graph\">{\"@context\":\"https:\\\/\\\/schema.org\",\"@graph\":[{\"@type\":\"Article\",\"@id\":\"https:\\\/\\\/elinformativotam.com\\\/index.php\\\/2024\\\/05\\\/10\\\/continuara-monica-con-campana-de-respeto-y-sin-ataques-hacia-sus-contrincantes-electorales\\\/#article\",\"isPartOf\":{\"@id\":\"https:\\\/\\\/elinformativotam.com\\\/index.php\\\/2024\\\/05\\\/10\\\/continuara-monica-con-campana-de-respeto-y-sin-ataques-hacia-sus-contrincantes-electorales\\\/\"},\"author\":{\"name\":\"El Informativo Tam\",\"@id\":\"https:\\\/\\\/elinformativotam.com\\\/#\\\/schema\\\/person\\\/78e08040eed0f6110f0c5f83b6153590\"},\"headline\":\"CONTINUAR\u00c1 M\u00d3NICA CON CAMPA\u00d1A DE RESPETO Y SIN ATAQUES HAC\u00cdA SUS CONTRINCANTES ELECTORALES\",\"datePublished\":\"2024-05-10T15:14:36+00:00\",\"mainEntityOfPage\":{\"@id\":\"https:\\\/\\\/elinformativotam.com\\\/index.php\\\/2024\\\/05\\\/10\\\/continuara-monica-con-campana-de-respeto-y-sin-ataques-hacia-sus-contrincantes-electorales\\\/\"},\"wordCount\":289,\"commentCount\":0,\"publisher\":{\"@id\":\"https:\\\/\\\/elinformativotam.com\\\/#organization\"},\"image\":{\"@id\":\"https:\\\/\\\/elinformativotam.com\\\/index.php\\\/2024\\\/05\\\/10\\\/continuara-monica-con-campana-de-respeto-y-sin-ataques-hacia-sus-contrincantes-electorales\\\/#primaryimage\"},\"thumbnailUrl\":\"https:\\\/\\\/elinformativotam.com\\\/wp-content\\\/uploads\\\/2024\\\/05\\\/Monica.jpg\",\"articleSection\":[\"Tampico\"],\"inLanguage\":\"es\",\"potentialAction\":[{\"@type\":\"CommentAction\",\"name\":\"Comment\",\"target\":[\"https:\\\/\\\/elinformativotam.com\\\/index.php\\\/2024\\\/05\\\/10\\\/continuara-monica-con-campana-de-respeto-y-sin-ataques-hacia-sus-contrincantes-electorales\\\/#respond\"]}]},{\"@type\":\"WebPage\",\"@id\":\"https:\\\/\\\/elinformativotam.com\\\/index.php\\\/2024\\\/05\\\/10\\\/continuara-monica-con-campana-de-respeto-y-sin-ataques-hacia-sus-contrincantes-electorales\\\/\",\"url\":\"https:\\\/\\\/elinformativotam.com\\\/index.php\\\/2024\\\/05\\\/10\\\/continuara-monica-con-campana-de-respeto-y-sin-ataques-hacia-sus-contrincantes-electorales\\\/\",\"name\":\"CONTINUAR\u00c1 M\u00d3NICA CON CAMPA\u00d1A DE RESPETO Y SIN ATAQUES HAC\u00cdA SUS CONTRINCANTES ELECTORALES - EL INFORMATIVO DE TAMAULIPAS\",\"isPartOf\":{\"@id\":\"https:\\\/\\\/elinformativotam.com\\\/#website\"},\"primaryImageOfPage\":{\"@id\":\"https:\\\/\\\/elinformativotam.com\\\/index.php\\\/2024\\\/05\\\/10\\\/continuara-monica-con-campana-de-respeto-y-sin-ataques-hacia-sus-contrincantes-electorales\\\/#primaryimage\"},\"image\":{\"@id\":\"https:\\\/\\\/elinformativotam.com\\\/index.php\\\/2024\\\/05\\\/10\\\/continuara-monica-con-campana-de-respeto-y-sin-ataques-hacia-sus-contrincantes-electorales\\\/#primaryimage\"},\"thumbnailUrl\":\"https:\\\/\\\/elinformativotam.com\\\/wp-content\\\/uploads\\\/2024\\\/05\\\/Monica.jpg\",\"datePublished\":\"2024-05-10T15:14:36+00:00\",\"description\":\"*En La Segunda Fase De Su Campa\u00f1a Constitucional Se Dedicar\u00e1 A Proponer Ante El Elector &nbsp; &nbsp; Al ingresar a la segunda mitad de la campa\u00f1a\",\"inLanguage\":\"es\",\"potentialAction\":[{\"@type\":\"ReadAction\",\"target\":[\"https:\\\/\\\/elinformativotam.com\\\/index.php\\\/2024\\\/05\\\/10\\\/continuara-monica-con-campana-de-respeto-y-sin-ataques-hacia-sus-contrincantes-electorales\\\/\"]}]},{\"@type\":\"ImageObject\",\"inLanguage\":\"es\",\"@id\":\"https:\\\/\\\/elinformativotam.com\\\/index.php\\\/2024\\\/05\\\/10\\\/continuara-monica-con-campana-de-respeto-y-sin-ataques-hacia-sus-contrincantes-electorales\\\/#primaryimage\",\"url\":\"https:\\\/\\\/elinformativotam.com\\\/wp-content\\\/uploads\\\/2024\\\/05\\\/Monica.jpg\",\"contentUrl\":\"https:\\\/\\\/elinformativotam.com\\\/wp-content\\\/uploads\\\/2024\\\/05\\\/Monica.jpg\",\"width\":720,\"height\":480},{\"@type\":\"WebSite\",\"@id\":\"https:\\\/\\\/elinformativotam.com\\\/#website\",\"url\":\"https:\\\/\\\/elinformativotam.com\\\/\",\"name\":\"EL INFORMATIVO DE TAMAULIPAS\",\"description\":\"Desde la Zona Metropolitana Para Todo M\u00e9xico\",\"publisher\":{\"@id\":\"https:\\\/\\\/elinformativotam.com\\\/#organization\"},\"potentialAction\":[{\"@type\":\"SearchAction\",\"target\":{\"@type\":\"EntryPoint\",\"urlTemplate\":\"https:\\\/\\\/elinformativotam.com\\\/?s={search_term_string}\"},\"query-input\":{\"@type\":\"PropertyValueSpecification\",\"valueRequired\":true,\"valueName\":\"search_term_string\"}}],\"inLanguage\":\"es\"},{\"@type\":\"Organization\",\"@id\":\"https:\\\/\\\/elinformativotam.com\\\/#organization\",\"name\":\"EL INFORMATIVO DE TAMAULIPAS\",\"url\":\"https:\\\/\\\/elinformativotam.com\\\/\",\"logo\":{\"@type\":\"ImageObject\",\"inLanguage\":\"es\",\"@id\":\"https:\\\/\\\/elinformativotam.com\\\/#\\\/schema\\\/logo\\\/image\\\/\",\"url\":\"https:\\\/\\\/elinformativotam.com\\\/wp-content\\\/uploads\\\/2026\\\/02\\\/Cabezal.png\",\"contentUrl\":\"https:\\\/\\\/elinformativotam.com\\\/wp-content\\\/uploads\\\/2026\\\/02\\\/Cabezal.png\",\"width\":960,\"height\":640,\"caption\":\"EL INFORMATIVO DE TAMAULIPAS\"},\"image\":{\"@id\":\"https:\\\/\\\/elinformativotam.com\\\/#\\\/schema\\\/logo\\\/image\\\/\"}},{\"@type\":\"Person\",\"@id\":\"https:\\\/\\\/elinformativotam.com\\\/#\\\/schema\\\/person\\\/78e08040eed0f6110f0c5f83b6153590\",\"name\":\"El Informativo Tam\",\"image\":{\"@type\":\"ImageObject\",\"inLanguage\":\"es\",\"@id\":\"https:\\\/\\\/secure.gravatar.com\\\/avatar\\\/f3b7ad3af540688955925ac610647be00b0cf41feea9c4978b73a707ee86bc53?s=96&d=mm&r=g\",\"url\":\"https:\\\/\\\/secure.gravatar.com\\\/avatar\\\/f3b7ad3af540688955925ac610647be00b0cf41feea9c4978b73a707ee86bc53?s=96&d=mm&r=g\",\"contentUrl\":\"https:\\\/\\\/secure.gravatar.com\\\/avatar\\\/f3b7ad3af540688955925ac610647be00b0cf41feea9c4978b73a707ee86bc53?s=96&d=mm&r=g\",\"caption\":\"El Informativo Tam\"}}]}<\/script>\n<!-- \/ Yoast SEO plugin. -->","yoast_head_json":{"title":"CONTINUAR\u00c1 M\u00d3NICA CON CAMPA\u00d1A DE RESPETO Y SIN ATAQUES HAC\u00cdA SUS CONTRINCANTES ELECTORALES - EL INFORMATIVO DE TAMAULIPAS","description":"*En La Segunda Fase De Su Campa\u00f1a Constitucional Se Dedicar\u00e1 A Proponer Ante El Elector &nbsp; &nbsp; Al ingresar a la segunda mitad de la campa\u00f1a","robots":{"index":"index","follow":"follow","max-snippet":"max-snippet:-1","max-image-preview":"max-image-preview:large","max-video-preview":"max-video-preview:-1"},"canonical":"https:\/\/elinformativotam.com\/index.php\/2024\/05\/10\/continuara-monica-con-campana-de-respeto-y-sin-ataques-hacia-sus-contrincantes-electorales\/","og_locale":"es_MX","og_type":"article","og_title":"CONTINUAR\u00c1 M\u00d3NICA CON CAMPA\u00d1A DE RESPETO Y SIN ATAQUES HAC\u00cdA SUS CONTRINCANTES ELECTORALES - EL INFORMATIVO DE TAMAULIPAS","og_description":"*En La Segunda Fase De Su Campa\u00f1a Constitucional Se Dedicar\u00e1 A Proponer Ante El Elector &nbsp; &nbsp; Al ingresar a la segunda mitad de la campa\u00f1a","og_url":"https:\/\/elinformativotam.com\/index.php\/2024\/05\/10\/continuara-monica-con-campana-de-respeto-y-sin-ataques-hacia-sus-contrincantes-electorales\/","og_site_name":"EL INFORMATIVO DE TAMAULIPAS","article_published_time":"2024-05-10T15:14:36+00:00","og_image":[{"width":720,"height":480,"url":"https:\/\/elinformativotam.com\/wp-content\/uploads\/2024\/05\/Monica.jpg","type":"image\/jpeg"}],"author":"El Informativo Tam","twitter_card":"summary_large_image","twitter_misc":{"Escrito por":"El Informativo Tam","Tiempo de lectura":"2 minutos"},"schema":{"@context":"https:\/\/schema.org","@graph":[{"@type":"Article","@id":"https:\/\/elinformativotam.com\/index.php\/2024\/05\/10\/continuara-monica-con-campana-de-respeto-y-sin-ataques-hacia-sus-contrincantes-electorales\/#article","isPartOf":{"@id":"https:\/\/elinformativotam.com\/index.php\/2024\/05\/10\/continuara-monica-con-campana-de-respeto-y-sin-ataques-hacia-sus-contrincantes-electorales\/"},"author":{"name":"El Informativo Tam","@id":"https:\/\/elinformativotam.com\/#\/schema\/person\/78e08040eed0f6110f0c5f83b6153590"},"headline":"CONTINUAR\u00c1 M\u00d3NICA CON CAMPA\u00d1A DE RESPETO Y SIN ATAQUES HAC\u00cdA SUS CONTRINCANTES ELECTORALES","datePublished":"2024-05-10T15:14:36+00:00","mainEntityOfPage":{"@id":"https:\/\/elinformativotam.com\/index.php\/2024\/05\/10\/continuara-monica-con-campana-de-respeto-y-sin-ataques-hacia-sus-contrincantes-electorales\/"},"wordCount":289,"commentCount":0,"publisher":{"@id":"https:\/\/elinformativotam.com\/#organization"},"image":{"@id":"https:\/\/elinformativotam.com\/index.php\/2024\/05\/10\/continuara-monica-con-campana-de-respeto-y-sin-ataques-hacia-sus-contrincantes-electorales\/#primaryimage"},"thumbnailUrl":"https:\/\/elinformativotam.com\/wp-content\/uploads\/2024\/05\/Monica.jpg","articleSection":["Tampico"],"inLanguage":"es","potentialAction":[{"@type":"CommentAction","name":"Comment","target":["https:\/\/elinformativotam.com\/index.php\/2024\/05\/10\/continuara-monica-con-campana-de-respeto-y-sin-ataques-hacia-sus-contrincantes-electorales\/#respond"]}]},{"@type":"WebPage","@id":"https:\/\/elinformativotam.com\/index.php\/2024\/05\/10\/continuara-monica-con-campana-de-respeto-y-sin-ataques-hacia-sus-contrincantes-electorales\/","url":"https:\/\/elinformativotam.com\/index.php\/2024\/05\/10\/continuara-monica-con-campana-de-respeto-y-sin-ataques-hacia-sus-contrincantes-electorales\/","name":"CONTINUAR\u00c1 M\u00d3NICA CON CAMPA\u00d1A DE RESPETO Y SIN ATAQUES HAC\u00cdA SUS CONTRINCANTES ELECTORALES - EL INFORMATIVO DE TAMAULIPAS","isPartOf":{"@id":"https:\/\/elinformativotam.com\/#website"},"primaryImageOfPage":{"@id":"https:\/\/elinformativotam.com\/index.php\/2024\/05\/10\/continuara-monica-con-campana-de-respeto-y-sin-ataques-hacia-sus-contrincantes-electorales\/#primaryimage"},"image":{"@id":"https:\/\/elinformativotam.com\/index.php\/2024\/05\/10\/continuara-monica-con-campana-de-respeto-y-sin-ataques-hacia-sus-contrincantes-electorales\/#primaryimage"},"thumbnailUrl":"https:\/\/elinformativotam.com\/wp-content\/uploads\/2024\/05\/Monica.jpg","datePublished":"2024-05-10T15:14:36+00:00","description":"*En La Segunda Fase De Su Campa\u00f1a Constitucional Se Dedicar\u00e1 A Proponer Ante El Elector &nbsp; &nbsp; Al ingresar a la segunda mitad de la campa\u00f1a","inLanguage":"es","potentialAction":[{"@type":"ReadAction","target":["https:\/\/elinformativotam.com\/index.php\/2024\/05\/10\/continuara-monica-con-campana-de-respeto-y-sin-ataques-hacia-sus-contrincantes-electorales\/"]}]},{"@type":"ImageObject","inLanguage":"es","@id":"https:\/\/elinformativotam.com\/index.php\/2024\/05\/10\/continuara-monica-con-campana-de-respeto-y-sin-ataques-hacia-sus-contrincantes-electorales\/#primaryimage","url":"https:\/\/elinformativotam.com\/wp-content\/uploads\/2024\/05\/Monica.jpg","contentUrl":"https:\/\/elinformativotam.com\/wp-content\/uploads\/2024\/05\/Monica.jpg","width":720,"height":480},{"@type":"WebSite","@id":"https:\/\/elinformativotam.com\/#website","url":"https:\/\/elinformativotam.com\/","name":"EL INFORMATIVO DE TAMAULIPAS","description":"Desde la Zona Metropolitana Para Todo M\u00e9xico","publisher":{"@id":"https:\/\/elinformativotam.com\/#organization"},"potentialAction":[{"@type":"SearchAction","target":{"@type":"EntryPoint","urlTemplate":"https:\/\/elinformativotam.com\/?s={search_term_string}"},"query-input":{"@type":"PropertyValueSpecification","valueRequired":true,"valueName":"search_term_string"}}],"inLanguage":"es"},{"@type":"Organization","@id":"https:\/\/elinformativotam.com\/#organization","name":"EL INFORMATIVO DE TAMAULIPAS","url":"https:\/\/elinformativotam.com\/","logo":{"@type":"ImageObject","inLanguage":"es","@id":"https:\/\/elinformativotam.com\/#\/schema\/logo\/image\/","url":"https:\/\/elinformativotam.com\/wp-content\/uploads\/2026\/02\/Cabezal.png","contentUrl":"https:\/\/elinformativotam.com\/wp-content\/uploads\/2026\/02\/Cabezal.png","width":960,"height":640,"caption":"EL INFORMATIVO DE TAMAULIPAS"},"image":{"@id":"https:\/\/elinformativotam.com\/#\/schema\/logo\/image\/"}},{"@type":"Person","@id":"https:\/\/elinformativotam.com\/#\/schema\/person\/78e08040eed0f6110f0c5f83b6153590","name":"El Informativo Tam","image":{"@type":"ImageObject","inLanguage":"es","@id":"https:\/\/secure.gravatar.com\/avatar\/f3b7ad3af540688955925ac610647be00b0cf41feea9c4978b73a707ee86bc53?s=96&d=mm&r=g","url":"https:\/\/secure.gravatar.com\/avatar\/f3b7ad3af540688955925ac610647be00b0cf41feea9c4978b73a707ee86bc53?s=96&d=mm&r=g","contentUrl":"https:\/\/secure.gravatar.com\/avatar\/f3b7ad3af540688955925ac610647be00b0cf41feea9c4978b73a707ee86bc53?s=96&d=mm&r=g","caption":"El Informativo Tam"}}]}},"_links":{"self":[{"href":"https:\/\/elinformativotam.com\/index.php\/wp-json\/wp\/v2\/posts\/50708","targetHints":{"allow":["GET"]}}],"collection":[{"href":"https:\/\/elinformativotam.com\/index.php\/wp-json\/wp\/v2\/posts"}],"about":[{"href":"https:\/\/elinformativotam.com\/index.php\/wp-json\/wp\/v2\/types\/post"}],"author":[{"embeddable":true,"href":"https:\/\/elinformativotam.com\/index.php\/wp-json\/wp\/v2\/users\/1"}],"replies":[{"embeddable":true,"href":"https:\/\/elinformativotam.com\/index.php\/wp-json\/wp\/v2\/comments?post=50708"}],"version-history":[{"count":1,"href":"https:\/\/elinformativotam.com\/index.php\/wp-json\/wp\/v2\/posts\/50708\/revisions"}],"predecessor-version":[{"id":50710,"href":"https:\/\/elinformativotam.com\/index.php\/wp-json\/wp\/v2\/posts\/50708\/revisions\/50710"}],"wp:featuredmedia":[{"embeddable":true,"href":"https:\/\/elinformativotam.com\/index.php\/wp-json\/wp\/v2\/media\/50709"}],"wp:attachment":[{"href":"https:\/\/elinformativotam.com\/index.php\/wp-json\/wp\/v2\/media?parent=50708"}],"wp:term":[{"taxonomy":"category","embeddable":true,"href":"https:\/\/elinformativotam.com\/index.php\/wp-json\/wp\/v2\/categories?post=50708"},{"taxonomy":"post_tag","embeddable":true,"href":"https:\/\/elinformativotam.com\/index.php\/wp-json\/wp\/v2\/tags?post=50708"}],"curies":[{"name":"wp","href":"https:\/\/api.w.org\/{rel}","templated":true}]}}