{"id":50697,"date":"2024-05-08T21:08:19","date_gmt":"2024-05-09T03:08:19","guid":{"rendered":"https:\/\/elinformativotam.com\/?p=50697"},"modified":"2024-05-08T21:08:19","modified_gmt":"2024-05-09T03:08:19","slug":"se-registraron-apagones-en-varios-estados-de-la-republica-tamaulipas-fue-de-los-afectados","status":"publish","type":"post","link":"https:\/\/elinformativotam.com\/index.php\/2024\/05\/08\/se-registraron-apagones-en-varios-estados-de-la-republica-tamaulipas-fue-de-los-afectados\/","title":{"rendered":"SE REGISTRARON APAGONES EN VARIOS ESTADOS DE LA REP\u00daBLICA, TAMAULIPAS FUE DE LOS AFECTADOS"},"content":{"rendered":"<p>La tarde noche del martes se registraron apagones en varios estados de la rep\u00fablica, al parecer fueron 20 las entidades afectadas y Tamaulipas fue una de ellas. La denuncia se debi\u00f3 a trav\u00e9s de las redes sociales, si de se ped\u00eda a la CFE dar respuesta a las demandas; sin embargo, el servicio se prolong\u00f3 por m\u00e1s de dos horas.<\/p>\n<p>&nbsp;<\/p>\n<p>Fue a partir de las 5 de la tarde cuando el Centro Nacional de Control de Energ\u00eda\u00a0 (Cenace) declar\u00f3 estado operativo de emergencia en el Sistema de Interconectado Nacional, lo que deriv\u00f3 de apagones masivos en varios estados de la rep\u00fablica.<\/p>\n<p>&nbsp;<\/p>\n<p>Hace referencia que entre los estados afectados se encuentran Tamaulipas, Veracruz, Guanajuato, el Estado de M\u00e9xico, Campeche, Puebla, Zacatecas, San Luis Potos\u00ed, Veracruz y otros m\u00e1s.<\/p>\n<p>&nbsp;<\/p>\n<p>El reporte se dio que gran parte de la Huasteca padeci\u00f3 del servicio de energ\u00eda el\u00e9ctrica debido a los apagones registrados sin que al momento haya una postura por parte de la Comisi\u00f3n Federal de Electricidad.<\/p>\n<p>&nbsp;<\/p>\n<p>El Centro Nacional de Control de Energ\u00eda (CENACE) dio a conocer a trav\u00e9s de su cuenta oficial en M\u00e9xico que este\u00a0 7 de mayo a partir de las 16:05 h, se afect\u00f3 la capacidad de generaci\u00f3n.<\/p>\n<p>&nbsp;<\/p>\n<p>Con respecto a lo programado, y por efecto de nubosidad en la regi\u00f3n del Baj\u00edo, situaci\u00f3n que disminuy\u00f3 la generaci\u00f3n fotovoltaica en 380 MW, por lo que, en total quedaron indisponibles mil 668 MW de la generaci\u00f3n total, es decir, el 3.34% de la Demanda M\u00e1xima del d\u00eda en el Sistema Interconectado Nacional.<\/p>\n<p>&nbsp;<\/p>\n<p>Esta Demanda M\u00e1xima se registr\u00f3 a las 16:36 h con un valor de 49 mil 887 MW y un Margen de Reserva Operativa de 3%.<\/p>\n<p>&nbsp;<\/p>\n<p>Por la indisponibilidad de esa capacidad de generaci\u00f3n, el Margen de Reserva Operativa no se recuper\u00f3 al 6%, que establece la normatividad, por lo que a las 17:04 h el Sistema Interconectado Nacional, se declar\u00f3 en Estado Operativo de Emergencia, por Margen de Reserva Operativa menor al 3%. Se requiri\u00f3 interrumpir rotativamente el suministro de energ\u00eda el\u00e9ctrica en 200 MW (lo que representa el 0.4% de la demanda en ese lapso). As\u00ed se mantuvo el Estado Operativo de Emergencia por 48 minutos.<\/p>\n<p>&nbsp;<\/p>\n<p>Debido a la reducci\u00f3n de la demanda en el sistema el\u00e9ctrico se recuperaron los 200 MW a las 17:52 h, provocando el retiro del Estado Operativo de Emergencia, quedando el Sistema Interconectado Nacional en Estado Operativo de Alerta, continuando con las acciones operativas pertinentes en coordinaci\u00f3n con la Comisi\u00f3n Federal de Electricidad (CFE) y todas las centrales de generaci\u00f3n, con el objetivo de recuperar el<\/p>\n<p>Margen de Reserva Operativo m\u00ednimo de 6%.<\/p>\n<p>&nbsp;<\/p>\n<p>Debido al incremento de la demanda nocturna y por la desconexi\u00f3n de generaci\u00f3n, mencionado en el p\u00e1rrafo anterior, a las 19:10 h se declar\u00f3 nuevamente Estado Operativo de Emergencia, por continuar con una Reserva Operativa inferior al 3%. A partir de ese momento, se requiri\u00f3 interrumpir rotativamente el suministro de energ\u00eda el\u00e9ctrica hasta en 2,610 MW (lo que represent\u00f3 el 5.23% de la demanda m\u00e1xima del d\u00eda) para mantener la seguridad y confiabilidad del resto del sistema el\u00e9ctrico.<\/p>\n","protected":false},"excerpt":{"rendered":"<p>La tarde noche del martes se registraron apagones en varios estados de la rep\u00fablica, al parecer fueron 20 las entidades&hellip;<\/p>\n","protected":false},"author":1,"featured_media":50681,"comment_status":"open","ping_status":"open","sticky":false,"template":"","format":"standard","meta":{"footnotes":""},"categories":[5],"tags":[],"class_list":["post-50697","post","type-post","status-publish","format-standard","has-post-thumbnail","hentry","category-altamira"],"yoast_head":"<!-- This site is optimized with the Yoast SEO plugin v27.4 - https:\/\/yoast.com\/product\/yoast-seo-wordpress\/ -->\n<title>SE REGISTRARON APAGONES EN VARIOS ESTADOS DE LA REP\u00daBLICA, TAMAULIPAS FUE DE LOS AFECTADOS - EL INFORMATIVO DE TAMAULIPAS<\/title>\n<meta name=\"description\" content=\"La tarde noche del martes se registraron apagones en varios estados de la rep\u00fablica, al parecer fueron 20 las entidades afectadas y Tamaulipas fue una de\" \/>\n<meta name=\"robots\" content=\"index, follow, max-snippet:-1, max-image-preview:large, max-video-preview:-1\" \/>\n<link rel=\"canonical\" href=\"https:\/\/elinformativotam.com\/index.php\/2024\/05\/08\/se-registraron-apagones-en-varios-estados-de-la-republica-tamaulipas-fue-de-los-afectados\/\" \/>\n<meta property=\"og:locale\" content=\"es_MX\" \/>\n<meta property=\"og:type\" content=\"article\" \/>\n<meta property=\"og:title\" content=\"SE REGISTRARON APAGONES EN VARIOS ESTADOS DE LA REP\u00daBLICA, TAMAULIPAS FUE DE LOS AFECTADOS - EL INFORMATIVO DE TAMAULIPAS\" \/>\n<meta property=\"og:description\" content=\"La tarde noche del martes se registraron apagones en varios estados de la rep\u00fablica, al parecer fueron 20 las entidades afectadas y Tamaulipas fue una de\" \/>\n<meta property=\"og:url\" content=\"https:\/\/elinformativotam.com\/index.php\/2024\/05\/08\/se-registraron-apagones-en-varios-estados-de-la-republica-tamaulipas-fue-de-los-afectados\/\" \/>\n<meta property=\"og:site_name\" content=\"EL INFORMATIVO DE TAMAULIPAS\" \/>\n<meta property=\"article:published_time\" content=\"2024-05-09T03:08:19+00:00\" \/>\n<meta property=\"og:image\" content=\"https:\/\/elinformativotam.com\/wp-content\/uploads\/2024\/05\/Apagon.jpeg\" \/>\n\t<meta property=\"og:image:width\" content=\"960\" \/>\n\t<meta property=\"og:image:height\" content=\"720\" \/>\n\t<meta property=\"og:image:type\" content=\"image\/jpeg\" \/>\n<meta name=\"author\" content=\"El Informativo Tam\" \/>\n<meta name=\"twitter:card\" content=\"summary_large_image\" \/>\n<meta name=\"twitter:label1\" content=\"Escrito por\" \/>\n\t<meta name=\"twitter:data1\" content=\"El Informativo Tam\" \/>\n\t<meta name=\"twitter:label2\" content=\"Tiempo de lectura\" \/>\n\t<meta name=\"twitter:data2\" content=\"3 minutos\" \/>\n<script type=\"application\/ld+json\" class=\"yoast-schema-graph\">{\"@context\":\"https:\\\/\\\/schema.org\",\"@graph\":[{\"@type\":\"Article\",\"@id\":\"https:\\\/\\\/elinformativotam.com\\\/index.php\\\/2024\\\/05\\\/08\\\/se-registraron-apagones-en-varios-estados-de-la-republica-tamaulipas-fue-de-los-afectados\\\/#article\",\"isPartOf\":{\"@id\":\"https:\\\/\\\/elinformativotam.com\\\/index.php\\\/2024\\\/05\\\/08\\\/se-registraron-apagones-en-varios-estados-de-la-republica-tamaulipas-fue-de-los-afectados\\\/\"},\"author\":{\"name\":\"El Informativo Tam\",\"@id\":\"https:\\\/\\\/elinformativotam.com\\\/#\\\/schema\\\/person\\\/78e08040eed0f6110f0c5f83b6153590\"},\"headline\":\"SE REGISTRARON APAGONES EN VARIOS ESTADOS DE LA REP\u00daBLICA, TAMAULIPAS FUE DE LOS AFECTADOS\",\"datePublished\":\"2024-05-09T03:08:19+00:00\",\"mainEntityOfPage\":{\"@id\":\"https:\\\/\\\/elinformativotam.com\\\/index.php\\\/2024\\\/05\\\/08\\\/se-registraron-apagones-en-varios-estados-de-la-republica-tamaulipas-fue-de-los-afectados\\\/\"},\"wordCount\":549,\"commentCount\":0,\"publisher\":{\"@id\":\"https:\\\/\\\/elinformativotam.com\\\/#organization\"},\"image\":{\"@id\":\"https:\\\/\\\/elinformativotam.com\\\/index.php\\\/2024\\\/05\\\/08\\\/se-registraron-apagones-en-varios-estados-de-la-republica-tamaulipas-fue-de-los-afectados\\\/#primaryimage\"},\"thumbnailUrl\":\"https:\\\/\\\/elinformativotam.com\\\/wp-content\\\/uploads\\\/2024\\\/05\\\/Apagon.jpeg\",\"articleSection\":[\"Altamira\"],\"inLanguage\":\"es\",\"potentialAction\":[{\"@type\":\"CommentAction\",\"name\":\"Comment\",\"target\":[\"https:\\\/\\\/elinformativotam.com\\\/index.php\\\/2024\\\/05\\\/08\\\/se-registraron-apagones-en-varios-estados-de-la-republica-tamaulipas-fue-de-los-afectados\\\/#respond\"]}]},{\"@type\":\"WebPage\",\"@id\":\"https:\\\/\\\/elinformativotam.com\\\/index.php\\\/2024\\\/05\\\/08\\\/se-registraron-apagones-en-varios-estados-de-la-republica-tamaulipas-fue-de-los-afectados\\\/\",\"url\":\"https:\\\/\\\/elinformativotam.com\\\/index.php\\\/2024\\\/05\\\/08\\\/se-registraron-apagones-en-varios-estados-de-la-republica-tamaulipas-fue-de-los-afectados\\\/\",\"name\":\"SE REGISTRARON APAGONES EN VARIOS ESTADOS DE LA REP\u00daBLICA, TAMAULIPAS FUE DE LOS AFECTADOS - EL INFORMATIVO DE TAMAULIPAS\",\"isPartOf\":{\"@id\":\"https:\\\/\\\/elinformativotam.com\\\/#website\"},\"primaryImageOfPage\":{\"@id\":\"https:\\\/\\\/elinformativotam.com\\\/index.php\\\/2024\\\/05\\\/08\\\/se-registraron-apagones-en-varios-estados-de-la-republica-tamaulipas-fue-de-los-afectados\\\/#primaryimage\"},\"image\":{\"@id\":\"https:\\\/\\\/elinformativotam.com\\\/index.php\\\/2024\\\/05\\\/08\\\/se-registraron-apagones-en-varios-estados-de-la-republica-tamaulipas-fue-de-los-afectados\\\/#primaryimage\"},\"thumbnailUrl\":\"https:\\\/\\\/elinformativotam.com\\\/wp-content\\\/uploads\\\/2024\\\/05\\\/Apagon.jpeg\",\"datePublished\":\"2024-05-09T03:08:19+00:00\",\"description\":\"La tarde noche del martes se registraron apagones en varios estados de la rep\u00fablica, al parecer fueron 20 las entidades afectadas y Tamaulipas fue una de\",\"inLanguage\":\"es\",\"potentialAction\":[{\"@type\":\"ReadAction\",\"target\":[\"https:\\\/\\\/elinformativotam.com\\\/index.php\\\/2024\\\/05\\\/08\\\/se-registraron-apagones-en-varios-estados-de-la-republica-tamaulipas-fue-de-los-afectados\\\/\"]}]},{\"@type\":\"ImageObject\",\"inLanguage\":\"es\",\"@id\":\"https:\\\/\\\/elinformativotam.com\\\/index.php\\\/2024\\\/05\\\/08\\\/se-registraron-apagones-en-varios-estados-de-la-republica-tamaulipas-fue-de-los-afectados\\\/#primaryimage\",\"url\":\"https:\\\/\\\/elinformativotam.com\\\/wp-content\\\/uploads\\\/2024\\\/05\\\/Apagon.jpeg\",\"contentUrl\":\"https:\\\/\\\/elinformativotam.com\\\/wp-content\\\/uploads\\\/2024\\\/05\\\/Apagon.jpeg\",\"width\":960,\"height\":720},{\"@type\":\"WebSite\",\"@id\":\"https:\\\/\\\/elinformativotam.com\\\/#website\",\"url\":\"https:\\\/\\\/elinformativotam.com\\\/\",\"name\":\"EL INFORMATIVO DE TAMAULIPAS\",\"description\":\"Desde la Zona Metropolitana Para Todo M\u00e9xico\",\"publisher\":{\"@id\":\"https:\\\/\\\/elinformativotam.com\\\/#organization\"},\"potentialAction\":[{\"@type\":\"SearchAction\",\"target\":{\"@type\":\"EntryPoint\",\"urlTemplate\":\"https:\\\/\\\/elinformativotam.com\\\/?s={search_term_string}\"},\"query-input\":{\"@type\":\"PropertyValueSpecification\",\"valueRequired\":true,\"valueName\":\"search_term_string\"}}],\"inLanguage\":\"es\"},{\"@type\":\"Organization\",\"@id\":\"https:\\\/\\\/elinformativotam.com\\\/#organization\",\"name\":\"EL INFORMATIVO DE TAMAULIPAS\",\"url\":\"https:\\\/\\\/elinformativotam.com\\\/\",\"logo\":{\"@type\":\"ImageObject\",\"inLanguage\":\"es\",\"@id\":\"https:\\\/\\\/elinformativotam.com\\\/#\\\/schema\\\/logo\\\/image\\\/\",\"url\":\"https:\\\/\\\/elinformativotam.com\\\/wp-content\\\/uploads\\\/2026\\\/02\\\/Cabezal.png\",\"contentUrl\":\"https:\\\/\\\/elinformativotam.com\\\/wp-content\\\/uploads\\\/2026\\\/02\\\/Cabezal.png\",\"width\":960,\"height\":640,\"caption\":\"EL INFORMATIVO DE TAMAULIPAS\"},\"image\":{\"@id\":\"https:\\\/\\\/elinformativotam.com\\\/#\\\/schema\\\/logo\\\/image\\\/\"}},{\"@type\":\"Person\",\"@id\":\"https:\\\/\\\/elinformativotam.com\\\/#\\\/schema\\\/person\\\/78e08040eed0f6110f0c5f83b6153590\",\"name\":\"El Informativo Tam\",\"image\":{\"@type\":\"ImageObject\",\"inLanguage\":\"es\",\"@id\":\"https:\\\/\\\/secure.gravatar.com\\\/avatar\\\/f3b7ad3af540688955925ac610647be00b0cf41feea9c4978b73a707ee86bc53?s=96&d=mm&r=g\",\"url\":\"https:\\\/\\\/secure.gravatar.com\\\/avatar\\\/f3b7ad3af540688955925ac610647be00b0cf41feea9c4978b73a707ee86bc53?s=96&d=mm&r=g\",\"contentUrl\":\"https:\\\/\\\/secure.gravatar.com\\\/avatar\\\/f3b7ad3af540688955925ac610647be00b0cf41feea9c4978b73a707ee86bc53?s=96&d=mm&r=g\",\"caption\":\"El Informativo Tam\"}}]}<\/script>\n<!-- \/ Yoast SEO plugin. -->","yoast_head_json":{"title":"SE REGISTRARON APAGONES EN VARIOS ESTADOS DE LA REP\u00daBLICA, TAMAULIPAS FUE DE LOS AFECTADOS - EL INFORMATIVO DE TAMAULIPAS","description":"La tarde noche del martes se registraron apagones en varios estados de la rep\u00fablica, al parecer fueron 20 las entidades afectadas y Tamaulipas fue una de","robots":{"index":"index","follow":"follow","max-snippet":"max-snippet:-1","max-image-preview":"max-image-preview:large","max-video-preview":"max-video-preview:-1"},"canonical":"https:\/\/elinformativotam.com\/index.php\/2024\/05\/08\/se-registraron-apagones-en-varios-estados-de-la-republica-tamaulipas-fue-de-los-afectados\/","og_locale":"es_MX","og_type":"article","og_title":"SE REGISTRARON APAGONES EN VARIOS ESTADOS DE LA REP\u00daBLICA, TAMAULIPAS FUE DE LOS AFECTADOS - EL INFORMATIVO DE TAMAULIPAS","og_description":"La tarde noche del martes se registraron apagones en varios estados de la rep\u00fablica, al parecer fueron 20 las entidades afectadas y Tamaulipas fue una de","og_url":"https:\/\/elinformativotam.com\/index.php\/2024\/05\/08\/se-registraron-apagones-en-varios-estados-de-la-republica-tamaulipas-fue-de-los-afectados\/","og_site_name":"EL INFORMATIVO DE TAMAULIPAS","article_published_time":"2024-05-09T03:08:19+00:00","og_image":[{"width":960,"height":720,"url":"https:\/\/elinformativotam.com\/wp-content\/uploads\/2024\/05\/Apagon.jpeg","type":"image\/jpeg"}],"author":"El Informativo Tam","twitter_card":"summary_large_image","twitter_misc":{"Escrito por":"El Informativo Tam","Tiempo de lectura":"3 minutos"},"schema":{"@context":"https:\/\/schema.org","@graph":[{"@type":"Article","@id":"https:\/\/elinformativotam.com\/index.php\/2024\/05\/08\/se-registraron-apagones-en-varios-estados-de-la-republica-tamaulipas-fue-de-los-afectados\/#article","isPartOf":{"@id":"https:\/\/elinformativotam.com\/index.php\/2024\/05\/08\/se-registraron-apagones-en-varios-estados-de-la-republica-tamaulipas-fue-de-los-afectados\/"},"author":{"name":"El Informativo Tam","@id":"https:\/\/elinformativotam.com\/#\/schema\/person\/78e08040eed0f6110f0c5f83b6153590"},"headline":"SE REGISTRARON APAGONES EN VARIOS ESTADOS DE LA REP\u00daBLICA, TAMAULIPAS FUE DE LOS AFECTADOS","datePublished":"2024-05-09T03:08:19+00:00","mainEntityOfPage":{"@id":"https:\/\/elinformativotam.com\/index.php\/2024\/05\/08\/se-registraron-apagones-en-varios-estados-de-la-republica-tamaulipas-fue-de-los-afectados\/"},"wordCount":549,"commentCount":0,"publisher":{"@id":"https:\/\/elinformativotam.com\/#organization"},"image":{"@id":"https:\/\/elinformativotam.com\/index.php\/2024\/05\/08\/se-registraron-apagones-en-varios-estados-de-la-republica-tamaulipas-fue-de-los-afectados\/#primaryimage"},"thumbnailUrl":"https:\/\/elinformativotam.com\/wp-content\/uploads\/2024\/05\/Apagon.jpeg","articleSection":["Altamira"],"inLanguage":"es","potentialAction":[{"@type":"CommentAction","name":"Comment","target":["https:\/\/elinformativotam.com\/index.php\/2024\/05\/08\/se-registraron-apagones-en-varios-estados-de-la-republica-tamaulipas-fue-de-los-afectados\/#respond"]}]},{"@type":"WebPage","@id":"https:\/\/elinformativotam.com\/index.php\/2024\/05\/08\/se-registraron-apagones-en-varios-estados-de-la-republica-tamaulipas-fue-de-los-afectados\/","url":"https:\/\/elinformativotam.com\/index.php\/2024\/05\/08\/se-registraron-apagones-en-varios-estados-de-la-republica-tamaulipas-fue-de-los-afectados\/","name":"SE REGISTRARON APAGONES EN VARIOS ESTADOS DE LA REP\u00daBLICA, TAMAULIPAS FUE DE LOS AFECTADOS - EL INFORMATIVO DE TAMAULIPAS","isPartOf":{"@id":"https:\/\/elinformativotam.com\/#website"},"primaryImageOfPage":{"@id":"https:\/\/elinformativotam.com\/index.php\/2024\/05\/08\/se-registraron-apagones-en-varios-estados-de-la-republica-tamaulipas-fue-de-los-afectados\/#primaryimage"},"image":{"@id":"https:\/\/elinformativotam.com\/index.php\/2024\/05\/08\/se-registraron-apagones-en-varios-estados-de-la-republica-tamaulipas-fue-de-los-afectados\/#primaryimage"},"thumbnailUrl":"https:\/\/elinformativotam.com\/wp-content\/uploads\/2024\/05\/Apagon.jpeg","datePublished":"2024-05-09T03:08:19+00:00","description":"La tarde noche del martes se registraron apagones en varios estados de la rep\u00fablica, al parecer fueron 20 las entidades afectadas y Tamaulipas fue una de","inLanguage":"es","potentialAction":[{"@type":"ReadAction","target":["https:\/\/elinformativotam.com\/index.php\/2024\/05\/08\/se-registraron-apagones-en-varios-estados-de-la-republica-tamaulipas-fue-de-los-afectados\/"]}]},{"@type":"ImageObject","inLanguage":"es","@id":"https:\/\/elinformativotam.com\/index.php\/2024\/05\/08\/se-registraron-apagones-en-varios-estados-de-la-republica-tamaulipas-fue-de-los-afectados\/#primaryimage","url":"https:\/\/elinformativotam.com\/wp-content\/uploads\/2024\/05\/Apagon.jpeg","contentUrl":"https:\/\/elinformativotam.com\/wp-content\/uploads\/2024\/05\/Apagon.jpeg","width":960,"height":720},{"@type":"WebSite","@id":"https:\/\/elinformativotam.com\/#website","url":"https:\/\/elinformativotam.com\/","name":"EL INFORMATIVO DE TAMAULIPAS","description":"Desde la Zona Metropolitana Para Todo M\u00e9xico","publisher":{"@id":"https:\/\/elinformativotam.com\/#organization"},"potentialAction":[{"@type":"SearchAction","target":{"@type":"EntryPoint","urlTemplate":"https:\/\/elinformativotam.com\/?s={search_term_string}"},"query-input":{"@type":"PropertyValueSpecification","valueRequired":true,"valueName":"search_term_string"}}],"inLanguage":"es"},{"@type":"Organization","@id":"https:\/\/elinformativotam.com\/#organization","name":"EL INFORMATIVO DE TAMAULIPAS","url":"https:\/\/elinformativotam.com\/","logo":{"@type":"ImageObject","inLanguage":"es","@id":"https:\/\/elinformativotam.com\/#\/schema\/logo\/image\/","url":"https:\/\/elinformativotam.com\/wp-content\/uploads\/2026\/02\/Cabezal.png","contentUrl":"https:\/\/elinformativotam.com\/wp-content\/uploads\/2026\/02\/Cabezal.png","width":960,"height":640,"caption":"EL INFORMATIVO DE TAMAULIPAS"},"image":{"@id":"https:\/\/elinformativotam.com\/#\/schema\/logo\/image\/"}},{"@type":"Person","@id":"https:\/\/elinformativotam.com\/#\/schema\/person\/78e08040eed0f6110f0c5f83b6153590","name":"El Informativo Tam","image":{"@type":"ImageObject","inLanguage":"es","@id":"https:\/\/secure.gravatar.com\/avatar\/f3b7ad3af540688955925ac610647be00b0cf41feea9c4978b73a707ee86bc53?s=96&d=mm&r=g","url":"https:\/\/secure.gravatar.com\/avatar\/f3b7ad3af540688955925ac610647be00b0cf41feea9c4978b73a707ee86bc53?s=96&d=mm&r=g","contentUrl":"https:\/\/secure.gravatar.com\/avatar\/f3b7ad3af540688955925ac610647be00b0cf41feea9c4978b73a707ee86bc53?s=96&d=mm&r=g","caption":"El Informativo Tam"}}]}},"_links":{"self":[{"href":"https:\/\/elinformativotam.com\/index.php\/wp-json\/wp\/v2\/posts\/50697","targetHints":{"allow":["GET"]}}],"collection":[{"href":"https:\/\/elinformativotam.com\/index.php\/wp-json\/wp\/v2\/posts"}],"about":[{"href":"https:\/\/elinformativotam.com\/index.php\/wp-json\/wp\/v2\/types\/post"}],"author":[{"embeddable":true,"href":"https:\/\/elinformativotam.com\/index.php\/wp-json\/wp\/v2\/users\/1"}],"replies":[{"embeddable":true,"href":"https:\/\/elinformativotam.com\/index.php\/wp-json\/wp\/v2\/comments?post=50697"}],"version-history":[{"count":1,"href":"https:\/\/elinformativotam.com\/index.php\/wp-json\/wp\/v2\/posts\/50697\/revisions"}],"predecessor-version":[{"id":50698,"href":"https:\/\/elinformativotam.com\/index.php\/wp-json\/wp\/v2\/posts\/50697\/revisions\/50698"}],"wp:featuredmedia":[{"embeddable":true,"href":"https:\/\/elinformativotam.com\/index.php\/wp-json\/wp\/v2\/media\/50681"}],"wp:attachment":[{"href":"https:\/\/elinformativotam.com\/index.php\/wp-json\/wp\/v2\/media?parent=50697"}],"wp:term":[{"taxonomy":"category","embeddable":true,"href":"https:\/\/elinformativotam.com\/index.php\/wp-json\/wp\/v2\/categories?post=50697"},{"taxonomy":"post_tag","embeddable":true,"href":"https:\/\/elinformativotam.com\/index.php\/wp-json\/wp\/v2\/tags?post=50697"}],"curies":[{"name":"wp","href":"https:\/\/api.w.org\/{rel}","templated":true}]}}