{"id":50689,"date":"2024-05-08T20:59:58","date_gmt":"2024-05-09T02:59:58","guid":{"rendered":"https:\/\/elinformativotam.com\/?p=50689"},"modified":"2024-05-08T20:59:58","modified_gmt":"2024-05-09T02:59:58","slug":"alertan-autoridades-de-salud-a-la-poblacion-por-altas-temperaturas","status":"publish","type":"post","link":"https:\/\/elinformativotam.com\/index.php\/2024\/05\/08\/alertan-autoridades-de-salud-a-la-poblacion-por-altas-temperaturas\/","title":{"rendered":"ALERTAN AUTORIDADES DE SALUD A LA POBLACI\u00d3N POR ALTAS TEMPERATURAS."},"content":{"rendered":"<p>Cd. Madero, Tamaulipas.- Debido a las altas temperaturas, se ha incrementado el n\u00famero de afectaciones de salud entre la ciudadan\u00eda por enfermedades gastrointestinales y deshidrataci\u00f3n, as\u00ed como faringitis.<\/p>\n<p>&nbsp;<\/p>\n<p>Carlos Mireles Quiroz, subdirector de la Cl\u00ednica del Sistema DIF, dijo que hay que extremar precauciones, debido a que se esperan temperaturas elevadas.<\/p>\n<p>&nbsp;<\/p>\n<p>\u201cLos cambios que siguen en la temperatura, de faringitis son como 5 casos por semana a pesar de que ya estamos en temporada de calor\u201d.<\/p>\n<p>&nbsp;<\/p>\n<p>Destac\u00f3 que los cambios bruscos de temperatura que enfrenta la poblaci\u00f3n de la zona favorecen que se presenten enfermedades de\u00a0 este tipo.<\/p>\n<p>&nbsp;<\/p>\n<p>A\u00f1adi\u00f3 que de inmediato acudan al m\u00e9dico o alguna instituci\u00f3n de salud para que reciban asistencia y tratamiento adecuado para evitar complicaciones.<\/p>\n<p>&nbsp;<\/p>\n<p>Finaliz\u00f3 diciendo que incluso se espera que pueda incrementar el n\u00famero de casos en las pr\u00f3ximas semanas.<\/p>\n<p>&nbsp;<\/p>\n","protected":false},"excerpt":{"rendered":"<p>Cd. Madero, Tamaulipas.- Debido a las altas temperaturas, se ha incrementado el n\u00famero de afectaciones de salud entre la ciudadan\u00eda&hellip;<\/p>\n","protected":false},"author":1,"featured_media":50687,"comment_status":"open","ping_status":"open","sticky":false,"template":"","format":"standard","meta":{"footnotes":""},"categories":[4],"tags":[],"class_list":["post-50689","post","type-post","status-publish","format-standard","has-post-thumbnail","hentry","category-madero"],"yoast_head":"<!-- This site is optimized with the Yoast SEO plugin v27.4 - https:\/\/yoast.com\/product\/yoast-seo-wordpress\/ -->\n<title>ALERTAN AUTORIDADES DE SALUD A LA POBLACI\u00d3N POR ALTAS TEMPERATURAS. - EL INFORMATIVO DE TAMAULIPAS<\/title>\n<meta name=\"description\" content=\"Cd. Madero, Tamaulipas.- Debido a las altas temperaturas, se ha incrementado el n\u00famero de afectaciones de salud entre la ciudadan\u00eda por enfermedades\" \/>\n<meta name=\"robots\" content=\"index, follow, max-snippet:-1, max-image-preview:large, max-video-preview:-1\" \/>\n<link rel=\"canonical\" href=\"https:\/\/elinformativotam.com\/index.php\/2024\/05\/08\/alertan-autoridades-de-salud-a-la-poblacion-por-altas-temperaturas\/\" \/>\n<meta property=\"og:locale\" content=\"es_MX\" \/>\n<meta property=\"og:type\" content=\"article\" \/>\n<meta property=\"og:title\" content=\"ALERTAN AUTORIDADES DE SALUD A LA POBLACI\u00d3N POR ALTAS TEMPERATURAS. - EL INFORMATIVO DE TAMAULIPAS\" \/>\n<meta property=\"og:description\" content=\"Cd. Madero, Tamaulipas.- Debido a las altas temperaturas, se ha incrementado el n\u00famero de afectaciones de salud entre la ciudadan\u00eda por enfermedades\" \/>\n<meta property=\"og:url\" content=\"https:\/\/elinformativotam.com\/index.php\/2024\/05\/08\/alertan-autoridades-de-salud-a-la-poblacion-por-altas-temperaturas\/\" \/>\n<meta property=\"og:site_name\" content=\"EL INFORMATIVO DE TAMAULIPAS\" \/>\n<meta property=\"article:published_time\" content=\"2024-05-09T02:59:58+00:00\" \/>\n<meta property=\"og:image\" content=\"https:\/\/elinformativotam.com\/wp-content\/uploads\/2024\/05\/Dif-Madero.jpeg\" \/>\n\t<meta property=\"og:image:width\" content=\"670\" \/>\n\t<meta property=\"og:image:height\" content=\"458\" \/>\n\t<meta property=\"og:image:type\" content=\"image\/jpeg\" \/>\n<meta name=\"author\" content=\"El Informativo Tam\" \/>\n<meta name=\"twitter:card\" content=\"summary_large_image\" \/>\n<meta name=\"twitter:label1\" content=\"Escrito por\" \/>\n\t<meta name=\"twitter:data1\" content=\"El Informativo Tam\" \/>\n\t<meta name=\"twitter:label2\" content=\"Tiempo de lectura\" \/>\n\t<meta name=\"twitter:data2\" content=\"1 minuto\" \/>\n<script type=\"application\/ld+json\" class=\"yoast-schema-graph\">{\"@context\":\"https:\\\/\\\/schema.org\",\"@graph\":[{\"@type\":\"Article\",\"@id\":\"https:\\\/\\\/elinformativotam.com\\\/index.php\\\/2024\\\/05\\\/08\\\/alertan-autoridades-de-salud-a-la-poblacion-por-altas-temperaturas\\\/#article\",\"isPartOf\":{\"@id\":\"https:\\\/\\\/elinformativotam.com\\\/index.php\\\/2024\\\/05\\\/08\\\/alertan-autoridades-de-salud-a-la-poblacion-por-altas-temperaturas\\\/\"},\"author\":{\"name\":\"El Informativo Tam\",\"@id\":\"https:\\\/\\\/elinformativotam.com\\\/#\\\/schema\\\/person\\\/78e08040eed0f6110f0c5f83b6153590\"},\"headline\":\"ALERTAN AUTORIDADES DE SALUD A LA POBLACI\u00d3N POR ALTAS TEMPERATURAS.\",\"datePublished\":\"2024-05-09T02:59:58+00:00\",\"mainEntityOfPage\":{\"@id\":\"https:\\\/\\\/elinformativotam.com\\\/index.php\\\/2024\\\/05\\\/08\\\/alertan-autoridades-de-salud-a-la-poblacion-por-altas-temperaturas\\\/\"},\"wordCount\":164,\"commentCount\":0,\"publisher\":{\"@id\":\"https:\\\/\\\/elinformativotam.com\\\/#organization\"},\"image\":{\"@id\":\"https:\\\/\\\/elinformativotam.com\\\/index.php\\\/2024\\\/05\\\/08\\\/alertan-autoridades-de-salud-a-la-poblacion-por-altas-temperaturas\\\/#primaryimage\"},\"thumbnailUrl\":\"https:\\\/\\\/elinformativotam.com\\\/wp-content\\\/uploads\\\/2024\\\/05\\\/Dif-Madero.jpeg\",\"articleSection\":[\"Cd Madero\"],\"inLanguage\":\"es\",\"potentialAction\":[{\"@type\":\"CommentAction\",\"name\":\"Comment\",\"target\":[\"https:\\\/\\\/elinformativotam.com\\\/index.php\\\/2024\\\/05\\\/08\\\/alertan-autoridades-de-salud-a-la-poblacion-por-altas-temperaturas\\\/#respond\"]}]},{\"@type\":\"WebPage\",\"@id\":\"https:\\\/\\\/elinformativotam.com\\\/index.php\\\/2024\\\/05\\\/08\\\/alertan-autoridades-de-salud-a-la-poblacion-por-altas-temperaturas\\\/\",\"url\":\"https:\\\/\\\/elinformativotam.com\\\/index.php\\\/2024\\\/05\\\/08\\\/alertan-autoridades-de-salud-a-la-poblacion-por-altas-temperaturas\\\/\",\"name\":\"ALERTAN AUTORIDADES DE SALUD A LA POBLACI\u00d3N POR ALTAS TEMPERATURAS. - EL INFORMATIVO DE TAMAULIPAS\",\"isPartOf\":{\"@id\":\"https:\\\/\\\/elinformativotam.com\\\/#website\"},\"primaryImageOfPage\":{\"@id\":\"https:\\\/\\\/elinformativotam.com\\\/index.php\\\/2024\\\/05\\\/08\\\/alertan-autoridades-de-salud-a-la-poblacion-por-altas-temperaturas\\\/#primaryimage\"},\"image\":{\"@id\":\"https:\\\/\\\/elinformativotam.com\\\/index.php\\\/2024\\\/05\\\/08\\\/alertan-autoridades-de-salud-a-la-poblacion-por-altas-temperaturas\\\/#primaryimage\"},\"thumbnailUrl\":\"https:\\\/\\\/elinformativotam.com\\\/wp-content\\\/uploads\\\/2024\\\/05\\\/Dif-Madero.jpeg\",\"datePublished\":\"2024-05-09T02:59:58+00:00\",\"description\":\"Cd. Madero, Tamaulipas.- Debido a las altas temperaturas, se ha incrementado el n\u00famero de afectaciones de salud entre la ciudadan\u00eda por enfermedades\",\"inLanguage\":\"es\",\"potentialAction\":[{\"@type\":\"ReadAction\",\"target\":[\"https:\\\/\\\/elinformativotam.com\\\/index.php\\\/2024\\\/05\\\/08\\\/alertan-autoridades-de-salud-a-la-poblacion-por-altas-temperaturas\\\/\"]}]},{\"@type\":\"ImageObject\",\"inLanguage\":\"es\",\"@id\":\"https:\\\/\\\/elinformativotam.com\\\/index.php\\\/2024\\\/05\\\/08\\\/alertan-autoridades-de-salud-a-la-poblacion-por-altas-temperaturas\\\/#primaryimage\",\"url\":\"https:\\\/\\\/elinformativotam.com\\\/wp-content\\\/uploads\\\/2024\\\/05\\\/Dif-Madero.jpeg\",\"contentUrl\":\"https:\\\/\\\/elinformativotam.com\\\/wp-content\\\/uploads\\\/2024\\\/05\\\/Dif-Madero.jpeg\",\"width\":670,\"height\":458},{\"@type\":\"WebSite\",\"@id\":\"https:\\\/\\\/elinformativotam.com\\\/#website\",\"url\":\"https:\\\/\\\/elinformativotam.com\\\/\",\"name\":\"EL INFORMATIVO DE TAMAULIPAS\",\"description\":\"Desde la Zona Metropolitana Para Todo M\u00e9xico\",\"publisher\":{\"@id\":\"https:\\\/\\\/elinformativotam.com\\\/#organization\"},\"potentialAction\":[{\"@type\":\"SearchAction\",\"target\":{\"@type\":\"EntryPoint\",\"urlTemplate\":\"https:\\\/\\\/elinformativotam.com\\\/?s={search_term_string}\"},\"query-input\":{\"@type\":\"PropertyValueSpecification\",\"valueRequired\":true,\"valueName\":\"search_term_string\"}}],\"inLanguage\":\"es\"},{\"@type\":\"Organization\",\"@id\":\"https:\\\/\\\/elinformativotam.com\\\/#organization\",\"name\":\"EL INFORMATIVO DE TAMAULIPAS\",\"url\":\"https:\\\/\\\/elinformativotam.com\\\/\",\"logo\":{\"@type\":\"ImageObject\",\"inLanguage\":\"es\",\"@id\":\"https:\\\/\\\/elinformativotam.com\\\/#\\\/schema\\\/logo\\\/image\\\/\",\"url\":\"https:\\\/\\\/elinformativotam.com\\\/wp-content\\\/uploads\\\/2026\\\/02\\\/Cabezal.png\",\"contentUrl\":\"https:\\\/\\\/elinformativotam.com\\\/wp-content\\\/uploads\\\/2026\\\/02\\\/Cabezal.png\",\"width\":960,\"height\":640,\"caption\":\"EL INFORMATIVO DE TAMAULIPAS\"},\"image\":{\"@id\":\"https:\\\/\\\/elinformativotam.com\\\/#\\\/schema\\\/logo\\\/image\\\/\"}},{\"@type\":\"Person\",\"@id\":\"https:\\\/\\\/elinformativotam.com\\\/#\\\/schema\\\/person\\\/78e08040eed0f6110f0c5f83b6153590\",\"name\":\"El Informativo Tam\",\"image\":{\"@type\":\"ImageObject\",\"inLanguage\":\"es\",\"@id\":\"https:\\\/\\\/secure.gravatar.com\\\/avatar\\\/f3b7ad3af540688955925ac610647be00b0cf41feea9c4978b73a707ee86bc53?s=96&d=mm&r=g\",\"url\":\"https:\\\/\\\/secure.gravatar.com\\\/avatar\\\/f3b7ad3af540688955925ac610647be00b0cf41feea9c4978b73a707ee86bc53?s=96&d=mm&r=g\",\"contentUrl\":\"https:\\\/\\\/secure.gravatar.com\\\/avatar\\\/f3b7ad3af540688955925ac610647be00b0cf41feea9c4978b73a707ee86bc53?s=96&d=mm&r=g\",\"caption\":\"El Informativo Tam\"}}]}<\/script>\n<!-- \/ Yoast SEO plugin. -->","yoast_head_json":{"title":"ALERTAN AUTORIDADES DE SALUD A LA POBLACI\u00d3N POR ALTAS TEMPERATURAS. - EL INFORMATIVO DE TAMAULIPAS","description":"Cd. Madero, Tamaulipas.- Debido a las altas temperaturas, se ha incrementado el n\u00famero de afectaciones de salud entre la ciudadan\u00eda por enfermedades","robots":{"index":"index","follow":"follow","max-snippet":"max-snippet:-1","max-image-preview":"max-image-preview:large","max-video-preview":"max-video-preview:-1"},"canonical":"https:\/\/elinformativotam.com\/index.php\/2024\/05\/08\/alertan-autoridades-de-salud-a-la-poblacion-por-altas-temperaturas\/","og_locale":"es_MX","og_type":"article","og_title":"ALERTAN AUTORIDADES DE SALUD A LA POBLACI\u00d3N POR ALTAS TEMPERATURAS. - EL INFORMATIVO DE TAMAULIPAS","og_description":"Cd. Madero, Tamaulipas.- Debido a las altas temperaturas, se ha incrementado el n\u00famero de afectaciones de salud entre la ciudadan\u00eda por enfermedades","og_url":"https:\/\/elinformativotam.com\/index.php\/2024\/05\/08\/alertan-autoridades-de-salud-a-la-poblacion-por-altas-temperaturas\/","og_site_name":"EL INFORMATIVO DE TAMAULIPAS","article_published_time":"2024-05-09T02:59:58+00:00","og_image":[{"width":670,"height":458,"url":"https:\/\/elinformativotam.com\/wp-content\/uploads\/2024\/05\/Dif-Madero.jpeg","type":"image\/jpeg"}],"author":"El Informativo Tam","twitter_card":"summary_large_image","twitter_misc":{"Escrito por":"El Informativo Tam","Tiempo de lectura":"1 minuto"},"schema":{"@context":"https:\/\/schema.org","@graph":[{"@type":"Article","@id":"https:\/\/elinformativotam.com\/index.php\/2024\/05\/08\/alertan-autoridades-de-salud-a-la-poblacion-por-altas-temperaturas\/#article","isPartOf":{"@id":"https:\/\/elinformativotam.com\/index.php\/2024\/05\/08\/alertan-autoridades-de-salud-a-la-poblacion-por-altas-temperaturas\/"},"author":{"name":"El Informativo Tam","@id":"https:\/\/elinformativotam.com\/#\/schema\/person\/78e08040eed0f6110f0c5f83b6153590"},"headline":"ALERTAN AUTORIDADES DE SALUD A LA POBLACI\u00d3N POR ALTAS TEMPERATURAS.","datePublished":"2024-05-09T02:59:58+00:00","mainEntityOfPage":{"@id":"https:\/\/elinformativotam.com\/index.php\/2024\/05\/08\/alertan-autoridades-de-salud-a-la-poblacion-por-altas-temperaturas\/"},"wordCount":164,"commentCount":0,"publisher":{"@id":"https:\/\/elinformativotam.com\/#organization"},"image":{"@id":"https:\/\/elinformativotam.com\/index.php\/2024\/05\/08\/alertan-autoridades-de-salud-a-la-poblacion-por-altas-temperaturas\/#primaryimage"},"thumbnailUrl":"https:\/\/elinformativotam.com\/wp-content\/uploads\/2024\/05\/Dif-Madero.jpeg","articleSection":["Cd Madero"],"inLanguage":"es","potentialAction":[{"@type":"CommentAction","name":"Comment","target":["https:\/\/elinformativotam.com\/index.php\/2024\/05\/08\/alertan-autoridades-de-salud-a-la-poblacion-por-altas-temperaturas\/#respond"]}]},{"@type":"WebPage","@id":"https:\/\/elinformativotam.com\/index.php\/2024\/05\/08\/alertan-autoridades-de-salud-a-la-poblacion-por-altas-temperaturas\/","url":"https:\/\/elinformativotam.com\/index.php\/2024\/05\/08\/alertan-autoridades-de-salud-a-la-poblacion-por-altas-temperaturas\/","name":"ALERTAN AUTORIDADES DE SALUD A LA POBLACI\u00d3N POR ALTAS TEMPERATURAS. - EL INFORMATIVO DE TAMAULIPAS","isPartOf":{"@id":"https:\/\/elinformativotam.com\/#website"},"primaryImageOfPage":{"@id":"https:\/\/elinformativotam.com\/index.php\/2024\/05\/08\/alertan-autoridades-de-salud-a-la-poblacion-por-altas-temperaturas\/#primaryimage"},"image":{"@id":"https:\/\/elinformativotam.com\/index.php\/2024\/05\/08\/alertan-autoridades-de-salud-a-la-poblacion-por-altas-temperaturas\/#primaryimage"},"thumbnailUrl":"https:\/\/elinformativotam.com\/wp-content\/uploads\/2024\/05\/Dif-Madero.jpeg","datePublished":"2024-05-09T02:59:58+00:00","description":"Cd. Madero, Tamaulipas.- Debido a las altas temperaturas, se ha incrementado el n\u00famero de afectaciones de salud entre la ciudadan\u00eda por enfermedades","inLanguage":"es","potentialAction":[{"@type":"ReadAction","target":["https:\/\/elinformativotam.com\/index.php\/2024\/05\/08\/alertan-autoridades-de-salud-a-la-poblacion-por-altas-temperaturas\/"]}]},{"@type":"ImageObject","inLanguage":"es","@id":"https:\/\/elinformativotam.com\/index.php\/2024\/05\/08\/alertan-autoridades-de-salud-a-la-poblacion-por-altas-temperaturas\/#primaryimage","url":"https:\/\/elinformativotam.com\/wp-content\/uploads\/2024\/05\/Dif-Madero.jpeg","contentUrl":"https:\/\/elinformativotam.com\/wp-content\/uploads\/2024\/05\/Dif-Madero.jpeg","width":670,"height":458},{"@type":"WebSite","@id":"https:\/\/elinformativotam.com\/#website","url":"https:\/\/elinformativotam.com\/","name":"EL INFORMATIVO DE TAMAULIPAS","description":"Desde la Zona Metropolitana Para Todo M\u00e9xico","publisher":{"@id":"https:\/\/elinformativotam.com\/#organization"},"potentialAction":[{"@type":"SearchAction","target":{"@type":"EntryPoint","urlTemplate":"https:\/\/elinformativotam.com\/?s={search_term_string}"},"query-input":{"@type":"PropertyValueSpecification","valueRequired":true,"valueName":"search_term_string"}}],"inLanguage":"es"},{"@type":"Organization","@id":"https:\/\/elinformativotam.com\/#organization","name":"EL INFORMATIVO DE TAMAULIPAS","url":"https:\/\/elinformativotam.com\/","logo":{"@type":"ImageObject","inLanguage":"es","@id":"https:\/\/elinformativotam.com\/#\/schema\/logo\/image\/","url":"https:\/\/elinformativotam.com\/wp-content\/uploads\/2026\/02\/Cabezal.png","contentUrl":"https:\/\/elinformativotam.com\/wp-content\/uploads\/2026\/02\/Cabezal.png","width":960,"height":640,"caption":"EL INFORMATIVO DE TAMAULIPAS"},"image":{"@id":"https:\/\/elinformativotam.com\/#\/schema\/logo\/image\/"}},{"@type":"Person","@id":"https:\/\/elinformativotam.com\/#\/schema\/person\/78e08040eed0f6110f0c5f83b6153590","name":"El Informativo Tam","image":{"@type":"ImageObject","inLanguage":"es","@id":"https:\/\/secure.gravatar.com\/avatar\/f3b7ad3af540688955925ac610647be00b0cf41feea9c4978b73a707ee86bc53?s=96&d=mm&r=g","url":"https:\/\/secure.gravatar.com\/avatar\/f3b7ad3af540688955925ac610647be00b0cf41feea9c4978b73a707ee86bc53?s=96&d=mm&r=g","contentUrl":"https:\/\/secure.gravatar.com\/avatar\/f3b7ad3af540688955925ac610647be00b0cf41feea9c4978b73a707ee86bc53?s=96&d=mm&r=g","caption":"El Informativo Tam"}}]}},"_links":{"self":[{"href":"https:\/\/elinformativotam.com\/index.php\/wp-json\/wp\/v2\/posts\/50689","targetHints":{"allow":["GET"]}}],"collection":[{"href":"https:\/\/elinformativotam.com\/index.php\/wp-json\/wp\/v2\/posts"}],"about":[{"href":"https:\/\/elinformativotam.com\/index.php\/wp-json\/wp\/v2\/types\/post"}],"author":[{"embeddable":true,"href":"https:\/\/elinformativotam.com\/index.php\/wp-json\/wp\/v2\/users\/1"}],"replies":[{"embeddable":true,"href":"https:\/\/elinformativotam.com\/index.php\/wp-json\/wp\/v2\/comments?post=50689"}],"version-history":[{"count":1,"href":"https:\/\/elinformativotam.com\/index.php\/wp-json\/wp\/v2\/posts\/50689\/revisions"}],"predecessor-version":[{"id":50690,"href":"https:\/\/elinformativotam.com\/index.php\/wp-json\/wp\/v2\/posts\/50689\/revisions\/50690"}],"wp:featuredmedia":[{"embeddable":true,"href":"https:\/\/elinformativotam.com\/index.php\/wp-json\/wp\/v2\/media\/50687"}],"wp:attachment":[{"href":"https:\/\/elinformativotam.com\/index.php\/wp-json\/wp\/v2\/media?parent=50689"}],"wp:term":[{"taxonomy":"category","embeddable":true,"href":"https:\/\/elinformativotam.com\/index.php\/wp-json\/wp\/v2\/categories?post=50689"},{"taxonomy":"post_tag","embeddable":true,"href":"https:\/\/elinformativotam.com\/index.php\/wp-json\/wp\/v2\/tags?post=50689"}],"curies":[{"name":"wp","href":"https:\/\/api.w.org\/{rel}","templated":true}]}}