{"id":50680,"date":"2024-05-08T20:58:33","date_gmt":"2024-05-09T02:58:33","guid":{"rendered":"https:\/\/elinformativotam.com\/?p=50680"},"modified":"2024-05-08T20:58:33","modified_gmt":"2024-05-09T02:58:33","slug":"sensacion-termica-llega-a-45-grados-en-altamira","status":"publish","type":"post","link":"https:\/\/elinformativotam.com\/index.php\/2024\/05\/08\/sensacion-termica-llega-a-45-grados-en-altamira\/","title":{"rendered":"SENSACI\u00d3N T\u00c9RMICA LLEGA A 45 GRADOS EN ALTAMIRA"},"content":{"rendered":"<p>Este mi\u00e9rcoles desde temprana hora se registr\u00f3 una temperatura de 27 grados y una sensaci\u00f3n t\u00e9rmica de 30, ya para las 9 de la ma\u00f1ana el term\u00f3metro marcaba los 29 grados cent\u00edgrados con una sensaci\u00f3n de 36 grados cent\u00edgrados.<\/p>\n<p>&nbsp;<\/p>\n<p>Este mi\u00e9rcoles y ma\u00f1ana jueves, las temperaturas en la regi\u00f3n sur se pronostica que sean las m\u00e1s extremas, la m\u00e1xima de este d\u00eda es de 35 grados con sensaci\u00f3n t\u00e9rmica de m\u00e1s 45 grados; sin embargo, a decir por las autoridades lo que m\u00e1s afecta es la sensaci\u00f3n t\u00e9rmica y la humedad.<\/p>\n<p>&nbsp;<\/p>\n<p>El Jefe de la Jurisdicci\u00f3n Sanitaria n\u00famero 12 en Altamira, Carlos Ju\u00e1rez Del \u00c1ngel, hace hincapi\u00e9 en la importancia de estar alerta y tomar precauciones durante este periodo de calor extremo para preservar la salud y el bienestar de toda la comunidad.<\/p>\n<p>&nbsp;<\/p>\n<p>Con el recrudecimiento del calor en la zona sur de Tamaulipas, y en gran parte del pa\u00eds, las familias y comunidades est\u00e1n adaptando sus h\u00e1bitos y costumbres para hacer frente a las altas temperaturas.<\/p>\n<p>&nbsp;<\/p>\n<p>En las escuelas, por ejemplo, los recesos y las clases de deportes se est\u00e1n trasladando al interior de las aulas, mientras que los trabajadores que realizan actividades al aire libre cuentan con descansos programados y kits de hidrataci\u00f3n, entre otras adecuaciones, todo ello en respuesta a la ola de calor que afecta la regi\u00f3n.<\/p>\n<p>&nbsp;<\/p>\n","protected":false},"excerpt":{"rendered":"<p>Este mi\u00e9rcoles desde temprana hora se registr\u00f3 una temperatura de 27 grados y una sensaci\u00f3n t\u00e9rmica de 30, ya para&hellip;<\/p>\n","protected":false},"author":1,"featured_media":50684,"comment_status":"open","ping_status":"open","sticky":false,"template":"","format":"standard","meta":{"footnotes":""},"categories":[5],"tags":[],"class_list":["post-50680","post","type-post","status-publish","format-standard","has-post-thumbnail","hentry","category-altamira"],"yoast_head":"<!-- This site is optimized with the Yoast SEO plugin v27.4 - https:\/\/yoast.com\/product\/yoast-seo-wordpress\/ -->\n<title>SENSACI\u00d3N T\u00c9RMICA LLEGA A 45 GRADOS EN ALTAMIRA - EL INFORMATIVO DE TAMAULIPAS<\/title>\n<meta name=\"description\" content=\"Este mi\u00e9rcoles desde temprana hora se registr\u00f3 una temperatura de 27 grados y una sensaci\u00f3n t\u00e9rmica de 30, ya para las 9 de la ma\u00f1ana el term\u00f3metro\" \/>\n<meta name=\"robots\" content=\"index, follow, max-snippet:-1, max-image-preview:large, max-video-preview:-1\" \/>\n<link rel=\"canonical\" href=\"https:\/\/elinformativotam.com\/index.php\/2024\/05\/08\/sensacion-termica-llega-a-45-grados-en-altamira\/\" \/>\n<meta property=\"og:locale\" content=\"es_MX\" \/>\n<meta property=\"og:type\" content=\"article\" \/>\n<meta property=\"og:title\" content=\"SENSACI\u00d3N T\u00c9RMICA LLEGA A 45 GRADOS EN ALTAMIRA - EL INFORMATIVO DE TAMAULIPAS\" \/>\n<meta property=\"og:description\" content=\"Este mi\u00e9rcoles desde temprana hora se registr\u00f3 una temperatura de 27 grados y una sensaci\u00f3n t\u00e9rmica de 30, ya para las 9 de la ma\u00f1ana el term\u00f3metro\" \/>\n<meta property=\"og:url\" content=\"https:\/\/elinformativotam.com\/index.php\/2024\/05\/08\/sensacion-termica-llega-a-45-grados-en-altamira\/\" \/>\n<meta property=\"og:site_name\" content=\"EL INFORMATIVO DE TAMAULIPAS\" \/>\n<meta property=\"article:published_time\" content=\"2024-05-09T02:58:33+00:00\" \/>\n<meta property=\"og:image\" content=\"https:\/\/elinformativotam.com\/wp-content\/uploads\/2024\/05\/Altamira-Calor.jpg\" \/>\n\t<meta property=\"og:image:width\" content=\"1024\" \/>\n\t<meta property=\"og:image:height\" content=\"472\" \/>\n\t<meta property=\"og:image:type\" content=\"image\/jpeg\" \/>\n<meta name=\"author\" content=\"El Informativo Tam\" \/>\n<meta name=\"twitter:card\" content=\"summary_large_image\" \/>\n<meta name=\"twitter:label1\" content=\"Escrito por\" \/>\n\t<meta name=\"twitter:data1\" content=\"El Informativo Tam\" \/>\n\t<meta name=\"twitter:label2\" content=\"Tiempo de lectura\" \/>\n\t<meta name=\"twitter:data2\" content=\"2 minutos\" \/>\n<script type=\"application\/ld+json\" class=\"yoast-schema-graph\">{\"@context\":\"https:\\\/\\\/schema.org\",\"@graph\":[{\"@type\":\"Article\",\"@id\":\"https:\\\/\\\/elinformativotam.com\\\/index.php\\\/2024\\\/05\\\/08\\\/sensacion-termica-llega-a-45-grados-en-altamira\\\/#article\",\"isPartOf\":{\"@id\":\"https:\\\/\\\/elinformativotam.com\\\/index.php\\\/2024\\\/05\\\/08\\\/sensacion-termica-llega-a-45-grados-en-altamira\\\/\"},\"author\":{\"name\":\"El Informativo Tam\",\"@id\":\"https:\\\/\\\/elinformativotam.com\\\/#\\\/schema\\\/person\\\/78e08040eed0f6110f0c5f83b6153590\"},\"headline\":\"SENSACI\u00d3N T\u00c9RMICA LLEGA A 45 GRADOS EN ALTAMIRA\",\"datePublished\":\"2024-05-09T02:58:33+00:00\",\"mainEntityOfPage\":{\"@id\":\"https:\\\/\\\/elinformativotam.com\\\/index.php\\\/2024\\\/05\\\/08\\\/sensacion-termica-llega-a-45-grados-en-altamira\\\/\"},\"wordCount\":256,\"commentCount\":0,\"publisher\":{\"@id\":\"https:\\\/\\\/elinformativotam.com\\\/#organization\"},\"image\":{\"@id\":\"https:\\\/\\\/elinformativotam.com\\\/index.php\\\/2024\\\/05\\\/08\\\/sensacion-termica-llega-a-45-grados-en-altamira\\\/#primaryimage\"},\"thumbnailUrl\":\"https:\\\/\\\/elinformativotam.com\\\/wp-content\\\/uploads\\\/2024\\\/05\\\/Altamira-Calor.jpg\",\"articleSection\":[\"Altamira\"],\"inLanguage\":\"es\",\"potentialAction\":[{\"@type\":\"CommentAction\",\"name\":\"Comment\",\"target\":[\"https:\\\/\\\/elinformativotam.com\\\/index.php\\\/2024\\\/05\\\/08\\\/sensacion-termica-llega-a-45-grados-en-altamira\\\/#respond\"]}]},{\"@type\":\"WebPage\",\"@id\":\"https:\\\/\\\/elinformativotam.com\\\/index.php\\\/2024\\\/05\\\/08\\\/sensacion-termica-llega-a-45-grados-en-altamira\\\/\",\"url\":\"https:\\\/\\\/elinformativotam.com\\\/index.php\\\/2024\\\/05\\\/08\\\/sensacion-termica-llega-a-45-grados-en-altamira\\\/\",\"name\":\"SENSACI\u00d3N T\u00c9RMICA LLEGA A 45 GRADOS EN ALTAMIRA - EL INFORMATIVO DE TAMAULIPAS\",\"isPartOf\":{\"@id\":\"https:\\\/\\\/elinformativotam.com\\\/#website\"},\"primaryImageOfPage\":{\"@id\":\"https:\\\/\\\/elinformativotam.com\\\/index.php\\\/2024\\\/05\\\/08\\\/sensacion-termica-llega-a-45-grados-en-altamira\\\/#primaryimage\"},\"image\":{\"@id\":\"https:\\\/\\\/elinformativotam.com\\\/index.php\\\/2024\\\/05\\\/08\\\/sensacion-termica-llega-a-45-grados-en-altamira\\\/#primaryimage\"},\"thumbnailUrl\":\"https:\\\/\\\/elinformativotam.com\\\/wp-content\\\/uploads\\\/2024\\\/05\\\/Altamira-Calor.jpg\",\"datePublished\":\"2024-05-09T02:58:33+00:00\",\"description\":\"Este mi\u00e9rcoles desde temprana hora se registr\u00f3 una temperatura de 27 grados y una sensaci\u00f3n t\u00e9rmica de 30, ya para las 9 de la ma\u00f1ana el term\u00f3metro\",\"inLanguage\":\"es\",\"potentialAction\":[{\"@type\":\"ReadAction\",\"target\":[\"https:\\\/\\\/elinformativotam.com\\\/index.php\\\/2024\\\/05\\\/08\\\/sensacion-termica-llega-a-45-grados-en-altamira\\\/\"]}]},{\"@type\":\"ImageObject\",\"inLanguage\":\"es\",\"@id\":\"https:\\\/\\\/elinformativotam.com\\\/index.php\\\/2024\\\/05\\\/08\\\/sensacion-termica-llega-a-45-grados-en-altamira\\\/#primaryimage\",\"url\":\"https:\\\/\\\/elinformativotam.com\\\/wp-content\\\/uploads\\\/2024\\\/05\\\/Altamira-Calor.jpg\",\"contentUrl\":\"https:\\\/\\\/elinformativotam.com\\\/wp-content\\\/uploads\\\/2024\\\/05\\\/Altamira-Calor.jpg\",\"width\":1024,\"height\":472},{\"@type\":\"WebSite\",\"@id\":\"https:\\\/\\\/elinformativotam.com\\\/#website\",\"url\":\"https:\\\/\\\/elinformativotam.com\\\/\",\"name\":\"EL INFORMATIVO DE TAMAULIPAS\",\"description\":\"Desde la Zona Metropolitana Para Todo M\u00e9xico\",\"publisher\":{\"@id\":\"https:\\\/\\\/elinformativotam.com\\\/#organization\"},\"potentialAction\":[{\"@type\":\"SearchAction\",\"target\":{\"@type\":\"EntryPoint\",\"urlTemplate\":\"https:\\\/\\\/elinformativotam.com\\\/?s={search_term_string}\"},\"query-input\":{\"@type\":\"PropertyValueSpecification\",\"valueRequired\":true,\"valueName\":\"search_term_string\"}}],\"inLanguage\":\"es\"},{\"@type\":\"Organization\",\"@id\":\"https:\\\/\\\/elinformativotam.com\\\/#organization\",\"name\":\"EL INFORMATIVO DE TAMAULIPAS\",\"url\":\"https:\\\/\\\/elinformativotam.com\\\/\",\"logo\":{\"@type\":\"ImageObject\",\"inLanguage\":\"es\",\"@id\":\"https:\\\/\\\/elinformativotam.com\\\/#\\\/schema\\\/logo\\\/image\\\/\",\"url\":\"https:\\\/\\\/elinformativotam.com\\\/wp-content\\\/uploads\\\/2026\\\/02\\\/Cabezal.png\",\"contentUrl\":\"https:\\\/\\\/elinformativotam.com\\\/wp-content\\\/uploads\\\/2026\\\/02\\\/Cabezal.png\",\"width\":960,\"height\":640,\"caption\":\"EL INFORMATIVO DE TAMAULIPAS\"},\"image\":{\"@id\":\"https:\\\/\\\/elinformativotam.com\\\/#\\\/schema\\\/logo\\\/image\\\/\"}},{\"@type\":\"Person\",\"@id\":\"https:\\\/\\\/elinformativotam.com\\\/#\\\/schema\\\/person\\\/78e08040eed0f6110f0c5f83b6153590\",\"name\":\"El Informativo Tam\",\"image\":{\"@type\":\"ImageObject\",\"inLanguage\":\"es\",\"@id\":\"https:\\\/\\\/secure.gravatar.com\\\/avatar\\\/f3b7ad3af540688955925ac610647be00b0cf41feea9c4978b73a707ee86bc53?s=96&d=mm&r=g\",\"url\":\"https:\\\/\\\/secure.gravatar.com\\\/avatar\\\/f3b7ad3af540688955925ac610647be00b0cf41feea9c4978b73a707ee86bc53?s=96&d=mm&r=g\",\"contentUrl\":\"https:\\\/\\\/secure.gravatar.com\\\/avatar\\\/f3b7ad3af540688955925ac610647be00b0cf41feea9c4978b73a707ee86bc53?s=96&d=mm&r=g\",\"caption\":\"El Informativo Tam\"}}]}<\/script>\n<!-- \/ Yoast SEO plugin. -->","yoast_head_json":{"title":"SENSACI\u00d3N T\u00c9RMICA LLEGA A 45 GRADOS EN ALTAMIRA - EL INFORMATIVO DE TAMAULIPAS","description":"Este mi\u00e9rcoles desde temprana hora se registr\u00f3 una temperatura de 27 grados y una sensaci\u00f3n t\u00e9rmica de 30, ya para las 9 de la ma\u00f1ana el term\u00f3metro","robots":{"index":"index","follow":"follow","max-snippet":"max-snippet:-1","max-image-preview":"max-image-preview:large","max-video-preview":"max-video-preview:-1"},"canonical":"https:\/\/elinformativotam.com\/index.php\/2024\/05\/08\/sensacion-termica-llega-a-45-grados-en-altamira\/","og_locale":"es_MX","og_type":"article","og_title":"SENSACI\u00d3N T\u00c9RMICA LLEGA A 45 GRADOS EN ALTAMIRA - EL INFORMATIVO DE TAMAULIPAS","og_description":"Este mi\u00e9rcoles desde temprana hora se registr\u00f3 una temperatura de 27 grados y una sensaci\u00f3n t\u00e9rmica de 30, ya para las 9 de la ma\u00f1ana el term\u00f3metro","og_url":"https:\/\/elinformativotam.com\/index.php\/2024\/05\/08\/sensacion-termica-llega-a-45-grados-en-altamira\/","og_site_name":"EL INFORMATIVO DE TAMAULIPAS","article_published_time":"2024-05-09T02:58:33+00:00","og_image":[{"width":1024,"height":472,"url":"https:\/\/elinformativotam.com\/wp-content\/uploads\/2024\/05\/Altamira-Calor.jpg","type":"image\/jpeg"}],"author":"El Informativo Tam","twitter_card":"summary_large_image","twitter_misc":{"Escrito por":"El Informativo Tam","Tiempo de lectura":"2 minutos"},"schema":{"@context":"https:\/\/schema.org","@graph":[{"@type":"Article","@id":"https:\/\/elinformativotam.com\/index.php\/2024\/05\/08\/sensacion-termica-llega-a-45-grados-en-altamira\/#article","isPartOf":{"@id":"https:\/\/elinformativotam.com\/index.php\/2024\/05\/08\/sensacion-termica-llega-a-45-grados-en-altamira\/"},"author":{"name":"El Informativo Tam","@id":"https:\/\/elinformativotam.com\/#\/schema\/person\/78e08040eed0f6110f0c5f83b6153590"},"headline":"SENSACI\u00d3N T\u00c9RMICA LLEGA A 45 GRADOS EN ALTAMIRA","datePublished":"2024-05-09T02:58:33+00:00","mainEntityOfPage":{"@id":"https:\/\/elinformativotam.com\/index.php\/2024\/05\/08\/sensacion-termica-llega-a-45-grados-en-altamira\/"},"wordCount":256,"commentCount":0,"publisher":{"@id":"https:\/\/elinformativotam.com\/#organization"},"image":{"@id":"https:\/\/elinformativotam.com\/index.php\/2024\/05\/08\/sensacion-termica-llega-a-45-grados-en-altamira\/#primaryimage"},"thumbnailUrl":"https:\/\/elinformativotam.com\/wp-content\/uploads\/2024\/05\/Altamira-Calor.jpg","articleSection":["Altamira"],"inLanguage":"es","potentialAction":[{"@type":"CommentAction","name":"Comment","target":["https:\/\/elinformativotam.com\/index.php\/2024\/05\/08\/sensacion-termica-llega-a-45-grados-en-altamira\/#respond"]}]},{"@type":"WebPage","@id":"https:\/\/elinformativotam.com\/index.php\/2024\/05\/08\/sensacion-termica-llega-a-45-grados-en-altamira\/","url":"https:\/\/elinformativotam.com\/index.php\/2024\/05\/08\/sensacion-termica-llega-a-45-grados-en-altamira\/","name":"SENSACI\u00d3N T\u00c9RMICA LLEGA A 45 GRADOS EN ALTAMIRA - EL INFORMATIVO DE TAMAULIPAS","isPartOf":{"@id":"https:\/\/elinformativotam.com\/#website"},"primaryImageOfPage":{"@id":"https:\/\/elinformativotam.com\/index.php\/2024\/05\/08\/sensacion-termica-llega-a-45-grados-en-altamira\/#primaryimage"},"image":{"@id":"https:\/\/elinformativotam.com\/index.php\/2024\/05\/08\/sensacion-termica-llega-a-45-grados-en-altamira\/#primaryimage"},"thumbnailUrl":"https:\/\/elinformativotam.com\/wp-content\/uploads\/2024\/05\/Altamira-Calor.jpg","datePublished":"2024-05-09T02:58:33+00:00","description":"Este mi\u00e9rcoles desde temprana hora se registr\u00f3 una temperatura de 27 grados y una sensaci\u00f3n t\u00e9rmica de 30, ya para las 9 de la ma\u00f1ana el term\u00f3metro","inLanguage":"es","potentialAction":[{"@type":"ReadAction","target":["https:\/\/elinformativotam.com\/index.php\/2024\/05\/08\/sensacion-termica-llega-a-45-grados-en-altamira\/"]}]},{"@type":"ImageObject","inLanguage":"es","@id":"https:\/\/elinformativotam.com\/index.php\/2024\/05\/08\/sensacion-termica-llega-a-45-grados-en-altamira\/#primaryimage","url":"https:\/\/elinformativotam.com\/wp-content\/uploads\/2024\/05\/Altamira-Calor.jpg","contentUrl":"https:\/\/elinformativotam.com\/wp-content\/uploads\/2024\/05\/Altamira-Calor.jpg","width":1024,"height":472},{"@type":"WebSite","@id":"https:\/\/elinformativotam.com\/#website","url":"https:\/\/elinformativotam.com\/","name":"EL INFORMATIVO DE TAMAULIPAS","description":"Desde la Zona Metropolitana Para Todo M\u00e9xico","publisher":{"@id":"https:\/\/elinformativotam.com\/#organization"},"potentialAction":[{"@type":"SearchAction","target":{"@type":"EntryPoint","urlTemplate":"https:\/\/elinformativotam.com\/?s={search_term_string}"},"query-input":{"@type":"PropertyValueSpecification","valueRequired":true,"valueName":"search_term_string"}}],"inLanguage":"es"},{"@type":"Organization","@id":"https:\/\/elinformativotam.com\/#organization","name":"EL INFORMATIVO DE TAMAULIPAS","url":"https:\/\/elinformativotam.com\/","logo":{"@type":"ImageObject","inLanguage":"es","@id":"https:\/\/elinformativotam.com\/#\/schema\/logo\/image\/","url":"https:\/\/elinformativotam.com\/wp-content\/uploads\/2026\/02\/Cabezal.png","contentUrl":"https:\/\/elinformativotam.com\/wp-content\/uploads\/2026\/02\/Cabezal.png","width":960,"height":640,"caption":"EL INFORMATIVO DE TAMAULIPAS"},"image":{"@id":"https:\/\/elinformativotam.com\/#\/schema\/logo\/image\/"}},{"@type":"Person","@id":"https:\/\/elinformativotam.com\/#\/schema\/person\/78e08040eed0f6110f0c5f83b6153590","name":"El Informativo Tam","image":{"@type":"ImageObject","inLanguage":"es","@id":"https:\/\/secure.gravatar.com\/avatar\/f3b7ad3af540688955925ac610647be00b0cf41feea9c4978b73a707ee86bc53?s=96&d=mm&r=g","url":"https:\/\/secure.gravatar.com\/avatar\/f3b7ad3af540688955925ac610647be00b0cf41feea9c4978b73a707ee86bc53?s=96&d=mm&r=g","contentUrl":"https:\/\/secure.gravatar.com\/avatar\/f3b7ad3af540688955925ac610647be00b0cf41feea9c4978b73a707ee86bc53?s=96&d=mm&r=g","caption":"El Informativo Tam"}}]}},"_links":{"self":[{"href":"https:\/\/elinformativotam.com\/index.php\/wp-json\/wp\/v2\/posts\/50680","targetHints":{"allow":["GET"]}}],"collection":[{"href":"https:\/\/elinformativotam.com\/index.php\/wp-json\/wp\/v2\/posts"}],"about":[{"href":"https:\/\/elinformativotam.com\/index.php\/wp-json\/wp\/v2\/types\/post"}],"author":[{"embeddable":true,"href":"https:\/\/elinformativotam.com\/index.php\/wp-json\/wp\/v2\/users\/1"}],"replies":[{"embeddable":true,"href":"https:\/\/elinformativotam.com\/index.php\/wp-json\/wp\/v2\/comments?post=50680"}],"version-history":[{"count":1,"href":"https:\/\/elinformativotam.com\/index.php\/wp-json\/wp\/v2\/posts\/50680\/revisions"}],"predecessor-version":[{"id":50688,"href":"https:\/\/elinformativotam.com\/index.php\/wp-json\/wp\/v2\/posts\/50680\/revisions\/50688"}],"wp:featuredmedia":[{"embeddable":true,"href":"https:\/\/elinformativotam.com\/index.php\/wp-json\/wp\/v2\/media\/50684"}],"wp:attachment":[{"href":"https:\/\/elinformativotam.com\/index.php\/wp-json\/wp\/v2\/media?parent=50680"}],"wp:term":[{"taxonomy":"category","embeddable":true,"href":"https:\/\/elinformativotam.com\/index.php\/wp-json\/wp\/v2\/categories?post=50680"},{"taxonomy":"post_tag","embeddable":true,"href":"https:\/\/elinformativotam.com\/index.php\/wp-json\/wp\/v2\/tags?post=50680"}],"curies":[{"name":"wp","href":"https:\/\/api.w.org\/{rel}","templated":true}]}}