{"id":50677,"date":"2024-05-07T22:35:15","date_gmt":"2024-05-08T04:35:15","guid":{"rendered":"https:\/\/elinformativotam.com\/?p=50677"},"modified":"2024-05-07T22:35:15","modified_gmt":"2024-05-08T04:35:15","slug":"voy-a-ser-el-alcalde-de-la-educacion-en-tampico-victor-hugo-doria","status":"publish","type":"post","link":"https:\/\/elinformativotam.com\/index.php\/2024\/05\/07\/voy-a-ser-el-alcalde-de-la-educacion-en-tampico-victor-hugo-doria\/","title":{"rendered":"VOY A SER EL ALCALDE DE LA EDUCACI\u00d3N EN TAMPICO: V\u00cdCTOR HUGO DORIA"},"content":{"rendered":"<h2 style=\"text-align: center;\"><em><span style=\"font-family: 'times new roman', times;\">*Advierte Que A\u00fan Hay Mucho Que Hacer En El Rubro Educativo En La Ciudad<\/span><\/em><\/h2>\n<p>&nbsp;<\/p>\n<p>El candidato del PRD a la alcald\u00eda de Tampico, V\u00edctor Hugo Doria Saucedo, se autoproclam\u00f3 el \u00fanico preocupado por la educaci\u00f3n, pues reiter\u00f3 que de ganar los comicios del 2 de Junio consolidar\u00e1 este rubro en toda la ciudad.<\/p>\n<p>&nbsp;<\/p>\n<p>Luego de llevar a cabo otro recorrido de proselitismo, el abanderado del Sol Azteca a la Presidencia Municipal Porte\u00f1a, subray\u00f3 que hasta el momento es el \u00fanico preocupado por este aspecto tan importante para el pa\u00eds, la entidad y nuestra ciudad.<\/p>\n<p>&nbsp;<\/p>\n<p>Explic\u00f3 que su administraci\u00f3n municipal invertir\u00e1 un techo financiero importante en el rubro educativo, con fortalecimiento a la infraestructura y becas en todos los niveles.<\/p>\n<p>&nbsp;<\/p>\n<p>Doria, enfatiz\u00f3 que conoce muy bien lo que le duele a las escuelas de la ciudad y las \u00e1reas de oportunidad que se pueden mejorar una vez que sea electo en las urnas.<\/p>\n<p>&nbsp;<\/p>\n<p>Reiter\u00f3 que la educaci\u00f3n es un tema muy complejo en un gobierno de cualquier orden, pues en el caso de Tampico a\u00fan hay planteles que atender en cuanto a sus necesidades<\/p>\n<p>&nbsp;<\/p>\n<p>&#8220;La poblaci\u00f3n est\u00e1 saliendo de sus hogares para platicarme sus necesidades en el tema educativo, y nos dan el apoyo rumbo al 2 de junio&#8221;, acot\u00f3<\/p>\n<p>&nbsp;<\/p>\n<p>Victor Hugo Doria, se\u00f1al\u00f3 ser un abanderado con propuestas reales y concedor en la labor en el sector educativo, pues Tampico es uno de los municipios m\u00e1s importantes de Tamaulipas.<\/p>\n<p>&nbsp;<\/p>\n","protected":false},"excerpt":{"rendered":"<p>*Advierte Que A\u00fan Hay Mucho Que Hacer En El Rubro Educativo En La Ciudad &nbsp; El candidato del PRD a&hellip;<\/p>\n","protected":false},"author":1,"featured_media":50678,"comment_status":"open","ping_status":"open","sticky":false,"template":"","format":"standard","meta":{"footnotes":""},"categories":[3],"tags":[],"class_list":["post-50677","post","type-post","status-publish","format-standard","has-post-thumbnail","hentry","category-tampico"],"yoast_head":"<!-- This site is optimized with the Yoast SEO plugin v27.4 - https:\/\/yoast.com\/product\/yoast-seo-wordpress\/ -->\n<title>VOY A SER EL ALCALDE DE LA EDUCACI\u00d3N EN TAMPICO: V\u00cdCTOR HUGO DORIA - EL INFORMATIVO DE TAMAULIPAS<\/title>\n<meta name=\"description\" content=\"*Advierte Que A\u00fan Hay Mucho Que Hacer En El Rubro Educativo En La Ciudad &nbsp; El candidato del PRD a la alcald\u00eda de Tampico, V\u00edctor Hugo Doria Saucedo,\" \/>\n<meta name=\"robots\" content=\"index, follow, max-snippet:-1, max-image-preview:large, max-video-preview:-1\" \/>\n<link rel=\"canonical\" href=\"https:\/\/elinformativotam.com\/index.php\/2024\/05\/07\/voy-a-ser-el-alcalde-de-la-educacion-en-tampico-victor-hugo-doria\/\" \/>\n<meta property=\"og:locale\" content=\"es_MX\" \/>\n<meta property=\"og:type\" content=\"article\" \/>\n<meta property=\"og:title\" content=\"VOY A SER EL ALCALDE DE LA EDUCACI\u00d3N EN TAMPICO: V\u00cdCTOR HUGO DORIA - EL INFORMATIVO DE TAMAULIPAS\" \/>\n<meta property=\"og:description\" content=\"*Advierte Que A\u00fan Hay Mucho Que Hacer En El Rubro Educativo En La Ciudad &nbsp; El candidato del PRD a la alcald\u00eda de Tampico, V\u00edctor Hugo Doria Saucedo,\" \/>\n<meta property=\"og:url\" content=\"https:\/\/elinformativotam.com\/index.php\/2024\/05\/07\/voy-a-ser-el-alcalde-de-la-educacion-en-tampico-victor-hugo-doria\/\" \/>\n<meta property=\"og:site_name\" content=\"EL INFORMATIVO DE TAMAULIPAS\" \/>\n<meta property=\"article:published_time\" content=\"2024-05-08T04:35:15+00:00\" \/>\n<meta property=\"og:image\" content=\"https:\/\/elinformativotam.com\/wp-content\/uploads\/2024\/05\/PRD-Tampico.jpeg\" \/>\n\t<meta property=\"og:image:width\" content=\"870\" \/>\n\t<meta property=\"og:image:height\" content=\"1137\" \/>\n\t<meta property=\"og:image:type\" content=\"image\/jpeg\" \/>\n<meta name=\"author\" content=\"El Informativo Tam\" \/>\n<meta name=\"twitter:card\" content=\"summary_large_image\" \/>\n<meta name=\"twitter:label1\" content=\"Escrito por\" \/>\n\t<meta name=\"twitter:data1\" content=\"El Informativo Tam\" \/>\n\t<meta name=\"twitter:label2\" content=\"Tiempo de lectura\" \/>\n\t<meta name=\"twitter:data2\" content=\"2 minutos\" \/>\n<script type=\"application\/ld+json\" class=\"yoast-schema-graph\">{\"@context\":\"https:\\\/\\\/schema.org\",\"@graph\":[{\"@type\":\"Article\",\"@id\":\"https:\\\/\\\/elinformativotam.com\\\/index.php\\\/2024\\\/05\\\/07\\\/voy-a-ser-el-alcalde-de-la-educacion-en-tampico-victor-hugo-doria\\\/#article\",\"isPartOf\":{\"@id\":\"https:\\\/\\\/elinformativotam.com\\\/index.php\\\/2024\\\/05\\\/07\\\/voy-a-ser-el-alcalde-de-la-educacion-en-tampico-victor-hugo-doria\\\/\"},\"author\":{\"name\":\"El Informativo Tam\",\"@id\":\"https:\\\/\\\/elinformativotam.com\\\/#\\\/schema\\\/person\\\/78e08040eed0f6110f0c5f83b6153590\"},\"headline\":\"VOY A SER EL ALCALDE DE LA EDUCACI\u00d3N EN TAMPICO: V\u00cdCTOR HUGO DORIA\",\"datePublished\":\"2024-05-08T04:35:15+00:00\",\"mainEntityOfPage\":{\"@id\":\"https:\\\/\\\/elinformativotam.com\\\/index.php\\\/2024\\\/05\\\/07\\\/voy-a-ser-el-alcalde-de-la-educacion-en-tampico-victor-hugo-doria\\\/\"},\"wordCount\":272,\"commentCount\":0,\"publisher\":{\"@id\":\"https:\\\/\\\/elinformativotam.com\\\/#organization\"},\"image\":{\"@id\":\"https:\\\/\\\/elinformativotam.com\\\/index.php\\\/2024\\\/05\\\/07\\\/voy-a-ser-el-alcalde-de-la-educacion-en-tampico-victor-hugo-doria\\\/#primaryimage\"},\"thumbnailUrl\":\"https:\\\/\\\/elinformativotam.com\\\/wp-content\\\/uploads\\\/2024\\\/05\\\/PRD-Tampico.jpeg\",\"articleSection\":[\"Tampico\"],\"inLanguage\":\"es\",\"potentialAction\":[{\"@type\":\"CommentAction\",\"name\":\"Comment\",\"target\":[\"https:\\\/\\\/elinformativotam.com\\\/index.php\\\/2024\\\/05\\\/07\\\/voy-a-ser-el-alcalde-de-la-educacion-en-tampico-victor-hugo-doria\\\/#respond\"]}]},{\"@type\":\"WebPage\",\"@id\":\"https:\\\/\\\/elinformativotam.com\\\/index.php\\\/2024\\\/05\\\/07\\\/voy-a-ser-el-alcalde-de-la-educacion-en-tampico-victor-hugo-doria\\\/\",\"url\":\"https:\\\/\\\/elinformativotam.com\\\/index.php\\\/2024\\\/05\\\/07\\\/voy-a-ser-el-alcalde-de-la-educacion-en-tampico-victor-hugo-doria\\\/\",\"name\":\"VOY A SER EL ALCALDE DE LA EDUCACI\u00d3N EN TAMPICO: V\u00cdCTOR HUGO DORIA - EL INFORMATIVO DE TAMAULIPAS\",\"isPartOf\":{\"@id\":\"https:\\\/\\\/elinformativotam.com\\\/#website\"},\"primaryImageOfPage\":{\"@id\":\"https:\\\/\\\/elinformativotam.com\\\/index.php\\\/2024\\\/05\\\/07\\\/voy-a-ser-el-alcalde-de-la-educacion-en-tampico-victor-hugo-doria\\\/#primaryimage\"},\"image\":{\"@id\":\"https:\\\/\\\/elinformativotam.com\\\/index.php\\\/2024\\\/05\\\/07\\\/voy-a-ser-el-alcalde-de-la-educacion-en-tampico-victor-hugo-doria\\\/#primaryimage\"},\"thumbnailUrl\":\"https:\\\/\\\/elinformativotam.com\\\/wp-content\\\/uploads\\\/2024\\\/05\\\/PRD-Tampico.jpeg\",\"datePublished\":\"2024-05-08T04:35:15+00:00\",\"description\":\"*Advierte Que A\u00fan Hay Mucho Que Hacer En El Rubro Educativo En La Ciudad &nbsp; El candidato del PRD a la alcald\u00eda de Tampico, V\u00edctor Hugo Doria Saucedo,\",\"inLanguage\":\"es\",\"potentialAction\":[{\"@type\":\"ReadAction\",\"target\":[\"https:\\\/\\\/elinformativotam.com\\\/index.php\\\/2024\\\/05\\\/07\\\/voy-a-ser-el-alcalde-de-la-educacion-en-tampico-victor-hugo-doria\\\/\"]}]},{\"@type\":\"ImageObject\",\"inLanguage\":\"es\",\"@id\":\"https:\\\/\\\/elinformativotam.com\\\/index.php\\\/2024\\\/05\\\/07\\\/voy-a-ser-el-alcalde-de-la-educacion-en-tampico-victor-hugo-doria\\\/#primaryimage\",\"url\":\"https:\\\/\\\/elinformativotam.com\\\/wp-content\\\/uploads\\\/2024\\\/05\\\/PRD-Tampico.jpeg\",\"contentUrl\":\"https:\\\/\\\/elinformativotam.com\\\/wp-content\\\/uploads\\\/2024\\\/05\\\/PRD-Tampico.jpeg\",\"width\":870,\"height\":1137},{\"@type\":\"WebSite\",\"@id\":\"https:\\\/\\\/elinformativotam.com\\\/#website\",\"url\":\"https:\\\/\\\/elinformativotam.com\\\/\",\"name\":\"EL INFORMATIVO DE TAMAULIPAS\",\"description\":\"Desde la Zona Metropolitana Para Todo M\u00e9xico\",\"publisher\":{\"@id\":\"https:\\\/\\\/elinformativotam.com\\\/#organization\"},\"potentialAction\":[{\"@type\":\"SearchAction\",\"target\":{\"@type\":\"EntryPoint\",\"urlTemplate\":\"https:\\\/\\\/elinformativotam.com\\\/?s={search_term_string}\"},\"query-input\":{\"@type\":\"PropertyValueSpecification\",\"valueRequired\":true,\"valueName\":\"search_term_string\"}}],\"inLanguage\":\"es\"},{\"@type\":\"Organization\",\"@id\":\"https:\\\/\\\/elinformativotam.com\\\/#organization\",\"name\":\"EL INFORMATIVO DE TAMAULIPAS\",\"url\":\"https:\\\/\\\/elinformativotam.com\\\/\",\"logo\":{\"@type\":\"ImageObject\",\"inLanguage\":\"es\",\"@id\":\"https:\\\/\\\/elinformativotam.com\\\/#\\\/schema\\\/logo\\\/image\\\/\",\"url\":\"https:\\\/\\\/elinformativotam.com\\\/wp-content\\\/uploads\\\/2026\\\/02\\\/Cabezal.png\",\"contentUrl\":\"https:\\\/\\\/elinformativotam.com\\\/wp-content\\\/uploads\\\/2026\\\/02\\\/Cabezal.png\",\"width\":960,\"height\":640,\"caption\":\"EL INFORMATIVO DE TAMAULIPAS\"},\"image\":{\"@id\":\"https:\\\/\\\/elinformativotam.com\\\/#\\\/schema\\\/logo\\\/image\\\/\"}},{\"@type\":\"Person\",\"@id\":\"https:\\\/\\\/elinformativotam.com\\\/#\\\/schema\\\/person\\\/78e08040eed0f6110f0c5f83b6153590\",\"name\":\"El Informativo Tam\",\"image\":{\"@type\":\"ImageObject\",\"inLanguage\":\"es\",\"@id\":\"https:\\\/\\\/secure.gravatar.com\\\/avatar\\\/f3b7ad3af540688955925ac610647be00b0cf41feea9c4978b73a707ee86bc53?s=96&d=mm&r=g\",\"url\":\"https:\\\/\\\/secure.gravatar.com\\\/avatar\\\/f3b7ad3af540688955925ac610647be00b0cf41feea9c4978b73a707ee86bc53?s=96&d=mm&r=g\",\"contentUrl\":\"https:\\\/\\\/secure.gravatar.com\\\/avatar\\\/f3b7ad3af540688955925ac610647be00b0cf41feea9c4978b73a707ee86bc53?s=96&d=mm&r=g\",\"caption\":\"El Informativo Tam\"}}]}<\/script>\n<!-- \/ Yoast SEO plugin. -->","yoast_head_json":{"title":"VOY A SER EL ALCALDE DE LA EDUCACI\u00d3N EN TAMPICO: V\u00cdCTOR HUGO DORIA - EL INFORMATIVO DE TAMAULIPAS","description":"*Advierte Que A\u00fan Hay Mucho Que Hacer En El Rubro Educativo En La Ciudad &nbsp; El candidato del PRD a la alcald\u00eda de Tampico, V\u00edctor Hugo Doria Saucedo,","robots":{"index":"index","follow":"follow","max-snippet":"max-snippet:-1","max-image-preview":"max-image-preview:large","max-video-preview":"max-video-preview:-1"},"canonical":"https:\/\/elinformativotam.com\/index.php\/2024\/05\/07\/voy-a-ser-el-alcalde-de-la-educacion-en-tampico-victor-hugo-doria\/","og_locale":"es_MX","og_type":"article","og_title":"VOY A SER EL ALCALDE DE LA EDUCACI\u00d3N EN TAMPICO: V\u00cdCTOR HUGO DORIA - EL INFORMATIVO DE TAMAULIPAS","og_description":"*Advierte Que A\u00fan Hay Mucho Que Hacer En El Rubro Educativo En La Ciudad &nbsp; El candidato del PRD a la alcald\u00eda de Tampico, V\u00edctor Hugo Doria Saucedo,","og_url":"https:\/\/elinformativotam.com\/index.php\/2024\/05\/07\/voy-a-ser-el-alcalde-de-la-educacion-en-tampico-victor-hugo-doria\/","og_site_name":"EL INFORMATIVO DE TAMAULIPAS","article_published_time":"2024-05-08T04:35:15+00:00","og_image":[{"width":870,"height":1137,"url":"https:\/\/elinformativotam.com\/wp-content\/uploads\/2024\/05\/PRD-Tampico.jpeg","type":"image\/jpeg"}],"author":"El Informativo Tam","twitter_card":"summary_large_image","twitter_misc":{"Escrito por":"El Informativo Tam","Tiempo de lectura":"2 minutos"},"schema":{"@context":"https:\/\/schema.org","@graph":[{"@type":"Article","@id":"https:\/\/elinformativotam.com\/index.php\/2024\/05\/07\/voy-a-ser-el-alcalde-de-la-educacion-en-tampico-victor-hugo-doria\/#article","isPartOf":{"@id":"https:\/\/elinformativotam.com\/index.php\/2024\/05\/07\/voy-a-ser-el-alcalde-de-la-educacion-en-tampico-victor-hugo-doria\/"},"author":{"name":"El Informativo Tam","@id":"https:\/\/elinformativotam.com\/#\/schema\/person\/78e08040eed0f6110f0c5f83b6153590"},"headline":"VOY A SER EL ALCALDE DE LA EDUCACI\u00d3N EN TAMPICO: V\u00cdCTOR HUGO DORIA","datePublished":"2024-05-08T04:35:15+00:00","mainEntityOfPage":{"@id":"https:\/\/elinformativotam.com\/index.php\/2024\/05\/07\/voy-a-ser-el-alcalde-de-la-educacion-en-tampico-victor-hugo-doria\/"},"wordCount":272,"commentCount":0,"publisher":{"@id":"https:\/\/elinformativotam.com\/#organization"},"image":{"@id":"https:\/\/elinformativotam.com\/index.php\/2024\/05\/07\/voy-a-ser-el-alcalde-de-la-educacion-en-tampico-victor-hugo-doria\/#primaryimage"},"thumbnailUrl":"https:\/\/elinformativotam.com\/wp-content\/uploads\/2024\/05\/PRD-Tampico.jpeg","articleSection":["Tampico"],"inLanguage":"es","potentialAction":[{"@type":"CommentAction","name":"Comment","target":["https:\/\/elinformativotam.com\/index.php\/2024\/05\/07\/voy-a-ser-el-alcalde-de-la-educacion-en-tampico-victor-hugo-doria\/#respond"]}]},{"@type":"WebPage","@id":"https:\/\/elinformativotam.com\/index.php\/2024\/05\/07\/voy-a-ser-el-alcalde-de-la-educacion-en-tampico-victor-hugo-doria\/","url":"https:\/\/elinformativotam.com\/index.php\/2024\/05\/07\/voy-a-ser-el-alcalde-de-la-educacion-en-tampico-victor-hugo-doria\/","name":"VOY A SER EL ALCALDE DE LA EDUCACI\u00d3N EN TAMPICO: V\u00cdCTOR HUGO DORIA - EL INFORMATIVO DE TAMAULIPAS","isPartOf":{"@id":"https:\/\/elinformativotam.com\/#website"},"primaryImageOfPage":{"@id":"https:\/\/elinformativotam.com\/index.php\/2024\/05\/07\/voy-a-ser-el-alcalde-de-la-educacion-en-tampico-victor-hugo-doria\/#primaryimage"},"image":{"@id":"https:\/\/elinformativotam.com\/index.php\/2024\/05\/07\/voy-a-ser-el-alcalde-de-la-educacion-en-tampico-victor-hugo-doria\/#primaryimage"},"thumbnailUrl":"https:\/\/elinformativotam.com\/wp-content\/uploads\/2024\/05\/PRD-Tampico.jpeg","datePublished":"2024-05-08T04:35:15+00:00","description":"*Advierte Que A\u00fan Hay Mucho Que Hacer En El Rubro Educativo En La Ciudad &nbsp; El candidato del PRD a la alcald\u00eda de Tampico, V\u00edctor Hugo Doria Saucedo,","inLanguage":"es","potentialAction":[{"@type":"ReadAction","target":["https:\/\/elinformativotam.com\/index.php\/2024\/05\/07\/voy-a-ser-el-alcalde-de-la-educacion-en-tampico-victor-hugo-doria\/"]}]},{"@type":"ImageObject","inLanguage":"es","@id":"https:\/\/elinformativotam.com\/index.php\/2024\/05\/07\/voy-a-ser-el-alcalde-de-la-educacion-en-tampico-victor-hugo-doria\/#primaryimage","url":"https:\/\/elinformativotam.com\/wp-content\/uploads\/2024\/05\/PRD-Tampico.jpeg","contentUrl":"https:\/\/elinformativotam.com\/wp-content\/uploads\/2024\/05\/PRD-Tampico.jpeg","width":870,"height":1137},{"@type":"WebSite","@id":"https:\/\/elinformativotam.com\/#website","url":"https:\/\/elinformativotam.com\/","name":"EL INFORMATIVO DE TAMAULIPAS","description":"Desde la Zona Metropolitana Para Todo M\u00e9xico","publisher":{"@id":"https:\/\/elinformativotam.com\/#organization"},"potentialAction":[{"@type":"SearchAction","target":{"@type":"EntryPoint","urlTemplate":"https:\/\/elinformativotam.com\/?s={search_term_string}"},"query-input":{"@type":"PropertyValueSpecification","valueRequired":true,"valueName":"search_term_string"}}],"inLanguage":"es"},{"@type":"Organization","@id":"https:\/\/elinformativotam.com\/#organization","name":"EL INFORMATIVO DE TAMAULIPAS","url":"https:\/\/elinformativotam.com\/","logo":{"@type":"ImageObject","inLanguage":"es","@id":"https:\/\/elinformativotam.com\/#\/schema\/logo\/image\/","url":"https:\/\/elinformativotam.com\/wp-content\/uploads\/2026\/02\/Cabezal.png","contentUrl":"https:\/\/elinformativotam.com\/wp-content\/uploads\/2026\/02\/Cabezal.png","width":960,"height":640,"caption":"EL INFORMATIVO DE TAMAULIPAS"},"image":{"@id":"https:\/\/elinformativotam.com\/#\/schema\/logo\/image\/"}},{"@type":"Person","@id":"https:\/\/elinformativotam.com\/#\/schema\/person\/78e08040eed0f6110f0c5f83b6153590","name":"El Informativo Tam","image":{"@type":"ImageObject","inLanguage":"es","@id":"https:\/\/secure.gravatar.com\/avatar\/f3b7ad3af540688955925ac610647be00b0cf41feea9c4978b73a707ee86bc53?s=96&d=mm&r=g","url":"https:\/\/secure.gravatar.com\/avatar\/f3b7ad3af540688955925ac610647be00b0cf41feea9c4978b73a707ee86bc53?s=96&d=mm&r=g","contentUrl":"https:\/\/secure.gravatar.com\/avatar\/f3b7ad3af540688955925ac610647be00b0cf41feea9c4978b73a707ee86bc53?s=96&d=mm&r=g","caption":"El Informativo Tam"}}]}},"_links":{"self":[{"href":"https:\/\/elinformativotam.com\/index.php\/wp-json\/wp\/v2\/posts\/50677","targetHints":{"allow":["GET"]}}],"collection":[{"href":"https:\/\/elinformativotam.com\/index.php\/wp-json\/wp\/v2\/posts"}],"about":[{"href":"https:\/\/elinformativotam.com\/index.php\/wp-json\/wp\/v2\/types\/post"}],"author":[{"embeddable":true,"href":"https:\/\/elinformativotam.com\/index.php\/wp-json\/wp\/v2\/users\/1"}],"replies":[{"embeddable":true,"href":"https:\/\/elinformativotam.com\/index.php\/wp-json\/wp\/v2\/comments?post=50677"}],"version-history":[{"count":1,"href":"https:\/\/elinformativotam.com\/index.php\/wp-json\/wp\/v2\/posts\/50677\/revisions"}],"predecessor-version":[{"id":50679,"href":"https:\/\/elinformativotam.com\/index.php\/wp-json\/wp\/v2\/posts\/50677\/revisions\/50679"}],"wp:featuredmedia":[{"embeddable":true,"href":"https:\/\/elinformativotam.com\/index.php\/wp-json\/wp\/v2\/media\/50678"}],"wp:attachment":[{"href":"https:\/\/elinformativotam.com\/index.php\/wp-json\/wp\/v2\/media?parent=50677"}],"wp:term":[{"taxonomy":"category","embeddable":true,"href":"https:\/\/elinformativotam.com\/index.php\/wp-json\/wp\/v2\/categories?post=50677"},{"taxonomy":"post_tag","embeddable":true,"href":"https:\/\/elinformativotam.com\/index.php\/wp-json\/wp\/v2\/tags?post=50677"}],"curies":[{"name":"wp","href":"https:\/\/api.w.org\/{rel}","templated":true}]}}