{"id":50674,"date":"2024-05-07T22:31:18","date_gmt":"2024-05-08T04:31:18","guid":{"rendered":"https:\/\/elinformativotam.com\/?p=50674"},"modified":"2024-05-07T22:31:18","modified_gmt":"2024-05-08T04:31:18","slug":"habra-mas-videocamaras-y-patrullas-para-tampico-senala-monica-villarreal","status":"publish","type":"post","link":"https:\/\/elinformativotam.com\/index.php\/2024\/05\/07\/habra-mas-videocamaras-y-patrullas-para-tampico-senala-monica-villarreal\/","title":{"rendered":"HABR\u00c1 M\u00c1S VIDEOC\u00c1MARAS Y PATRULLAS PARA TAMPICO; SE\u00d1ALA M\u00d3NICA VILLARREAL"},"content":{"rendered":"<h2 style=\"text-align: center;\"><em><span style=\"font-family: 'times new roman', times;\">*El Comercio Requiere Tener Mayor Cereza En La Seguridad De Sus Negocios, Y En Las Colonias<\/span><\/em><\/h2>\n<p>&nbsp;<\/p>\n<p>&nbsp;<\/p>\n<p>La candidata de Morena a la alcald\u00eda de Tampico, M\u00f3nica Villarreal Anaya, propuso a comerciantes adheridos a la ARCIM redoblar la vigilancia policial con m\u00e1s patrullas y la instalaci\u00f3n de m\u00e1s c\u00e1maras de videovigilancia.<\/p>\n<p>&nbsp;<\/p>\n<p>Al sostener una reuni\u00f3n con los adheridos a ese membrete c\u00e1maral, Villarreal Anaya expres\u00f3 que en su cuarto eje de gobierno se encuentra la seguridad, con prevenci\u00f3n y proximidad social, y bajo ese tenor, dijo, ya se encuentra definiendo una propuesta que contiene la mejora sustancial para la seguridad en la zona metropolitana.<\/p>\n<p>&nbsp;<\/p>\n<p>Acept\u00f3 que actualmente Tampico tiene niveles aceptables en materia de percepci\u00f3n de seguridad seg\u00fan el Secretariado Ejecutivo, por lo que se debe continuar trabajando en coordinaci\u00f3n con los tres \u00f3rdenes de gobierno para que la paz social prevalezca en el puerto.<\/p>\n<p>&nbsp;<\/p>\n<p>La abanderada de la coalici\u00f3n Morena, PVEM y PT se\u00f1al\u00f3 que cada semana presenta a la poblaci\u00f3n un eje de gobierno, qu\u00e9 est\u00e1 siendo desmenuzado ante los diversos sectores de la sociedad.<\/p>\n<p>&nbsp;<\/p>\n<p>&#8220;Ya hemos hablado de bienestar social y servicios p\u00fablicos. En esta semana hablaremos de seguridad y se trata de propiciar las condiciones y mantener las que ya existen en nuestro municipio, vamos a tomar responsabilidad de las cosas que han estado funcionando y en base a ellas modificar las situaciones que se requieran para seguir manteniendo los niveles de seguridad&#8221;.<\/p>\n<p>&nbsp;<\/p>\n<p>Villarreal, dej\u00f3 en claro que el comercio organizado pide que sus percepciones aumenten, pues como es sabido la ciudad tiene un corte tur\u00edstico y de servicios.<\/p>\n<p>&nbsp;<\/p>\n<p>Finalmente, coment\u00f3 que el proyecto de instalar m\u00e1s c\u00e1maras de videovigilancia abarca toda la ciudad, principalmente en las arterias y avenidas con mayor tr\u00e1fico, as\u00ed como sectores populares.<\/p>\n<p>&nbsp;<\/p>\n<p>&nbsp;<\/p>\n","protected":false},"excerpt":{"rendered":"<p>*El Comercio Requiere Tener Mayor Cereza En La Seguridad De Sus Negocios, Y En Las Colonias &nbsp; &nbsp; La candidata&hellip;<\/p>\n","protected":false},"author":1,"featured_media":50526,"comment_status":"open","ping_status":"open","sticky":false,"template":"","format":"standard","meta":{"footnotes":""},"categories":[3],"tags":[],"class_list":["post-50674","post","type-post","status-publish","format-standard","has-post-thumbnail","hentry","category-tampico"],"yoast_head":"<!-- This site is optimized with the Yoast SEO plugin v27.4 - https:\/\/yoast.com\/product\/yoast-seo-wordpress\/ -->\n<title>HABR\u00c1 M\u00c1S VIDEOC\u00c1MARAS Y PATRULLAS PARA TAMPICO; SE\u00d1ALA M\u00d3NICA VILLARREAL - EL INFORMATIVO DE TAMAULIPAS<\/title>\n<meta name=\"description\" content=\"*El Comercio Requiere Tener Mayor Cereza En La Seguridad De Sus Negocios, Y En Las Colonias &nbsp; &nbsp; La candidata de Morena a la alcald\u00eda de Tampico,\" \/>\n<meta name=\"robots\" content=\"index, follow, max-snippet:-1, max-image-preview:large, max-video-preview:-1\" \/>\n<link rel=\"canonical\" href=\"https:\/\/elinformativotam.com\/index.php\/2024\/05\/07\/habra-mas-videocamaras-y-patrullas-para-tampico-senala-monica-villarreal\/\" \/>\n<meta property=\"og:locale\" content=\"es_MX\" \/>\n<meta property=\"og:type\" content=\"article\" \/>\n<meta property=\"og:title\" content=\"HABR\u00c1 M\u00c1S VIDEOC\u00c1MARAS Y PATRULLAS PARA TAMPICO; SE\u00d1ALA M\u00d3NICA VILLARREAL - EL INFORMATIVO DE TAMAULIPAS\" \/>\n<meta property=\"og:description\" content=\"*El Comercio Requiere Tener Mayor Cereza En La Seguridad De Sus Negocios, Y En Las Colonias &nbsp; &nbsp; La candidata de Morena a la alcald\u00eda de Tampico,\" \/>\n<meta property=\"og:url\" content=\"https:\/\/elinformativotam.com\/index.php\/2024\/05\/07\/habra-mas-videocamaras-y-patrullas-para-tampico-senala-monica-villarreal\/\" \/>\n<meta property=\"og:site_name\" content=\"EL INFORMATIVO DE TAMAULIPAS\" \/>\n<meta property=\"article:published_time\" content=\"2024-05-08T04:31:18+00:00\" \/>\n<meta property=\"og:image\" content=\"https:\/\/elinformativotam.com\/wp-content\/uploads\/2024\/04\/Monica-2-scaled.jpeg\" \/>\n\t<meta property=\"og:image:width\" content=\"2560\" \/>\n\t<meta property=\"og:image:height\" content=\"1707\" \/>\n\t<meta property=\"og:image:type\" content=\"image\/jpeg\" \/>\n<meta name=\"author\" content=\"El Informativo Tam\" \/>\n<meta name=\"twitter:card\" content=\"summary_large_image\" \/>\n<meta name=\"twitter:label1\" content=\"Escrito por\" \/>\n\t<meta name=\"twitter:data1\" content=\"El Informativo Tam\" \/>\n\t<meta name=\"twitter:label2\" content=\"Tiempo de lectura\" \/>\n\t<meta name=\"twitter:data2\" content=\"2 minutos\" \/>\n<script type=\"application\/ld+json\" class=\"yoast-schema-graph\">{\"@context\":\"https:\\\/\\\/schema.org\",\"@graph\":[{\"@type\":\"Article\",\"@id\":\"https:\\\/\\\/elinformativotam.com\\\/index.php\\\/2024\\\/05\\\/07\\\/habra-mas-videocamaras-y-patrullas-para-tampico-senala-monica-villarreal\\\/#article\",\"isPartOf\":{\"@id\":\"https:\\\/\\\/elinformativotam.com\\\/index.php\\\/2024\\\/05\\\/07\\\/habra-mas-videocamaras-y-patrullas-para-tampico-senala-monica-villarreal\\\/\"},\"author\":{\"name\":\"El Informativo Tam\",\"@id\":\"https:\\\/\\\/elinformativotam.com\\\/#\\\/schema\\\/person\\\/78e08040eed0f6110f0c5f83b6153590\"},\"headline\":\"HABR\u00c1 M\u00c1S VIDEOC\u00c1MARAS Y PATRULLAS PARA TAMPICO; SE\u00d1ALA M\u00d3NICA VILLARREAL\",\"datePublished\":\"2024-05-08T04:31:18+00:00\",\"mainEntityOfPage\":{\"@id\":\"https:\\\/\\\/elinformativotam.com\\\/index.php\\\/2024\\\/05\\\/07\\\/habra-mas-videocamaras-y-patrullas-para-tampico-senala-monica-villarreal\\\/\"},\"wordCount\":334,\"commentCount\":0,\"publisher\":{\"@id\":\"https:\\\/\\\/elinformativotam.com\\\/#organization\"},\"image\":{\"@id\":\"https:\\\/\\\/elinformativotam.com\\\/index.php\\\/2024\\\/05\\\/07\\\/habra-mas-videocamaras-y-patrullas-para-tampico-senala-monica-villarreal\\\/#primaryimage\"},\"thumbnailUrl\":\"https:\\\/\\\/elinformativotam.com\\\/wp-content\\\/uploads\\\/2024\\\/04\\\/Monica-2-scaled.jpeg\",\"articleSection\":[\"Tampico\"],\"inLanguage\":\"es\",\"potentialAction\":[{\"@type\":\"CommentAction\",\"name\":\"Comment\",\"target\":[\"https:\\\/\\\/elinformativotam.com\\\/index.php\\\/2024\\\/05\\\/07\\\/habra-mas-videocamaras-y-patrullas-para-tampico-senala-monica-villarreal\\\/#respond\"]}]},{\"@type\":\"WebPage\",\"@id\":\"https:\\\/\\\/elinformativotam.com\\\/index.php\\\/2024\\\/05\\\/07\\\/habra-mas-videocamaras-y-patrullas-para-tampico-senala-monica-villarreal\\\/\",\"url\":\"https:\\\/\\\/elinformativotam.com\\\/index.php\\\/2024\\\/05\\\/07\\\/habra-mas-videocamaras-y-patrullas-para-tampico-senala-monica-villarreal\\\/\",\"name\":\"HABR\u00c1 M\u00c1S VIDEOC\u00c1MARAS Y PATRULLAS PARA TAMPICO; SE\u00d1ALA M\u00d3NICA VILLARREAL - EL INFORMATIVO DE TAMAULIPAS\",\"isPartOf\":{\"@id\":\"https:\\\/\\\/elinformativotam.com\\\/#website\"},\"primaryImageOfPage\":{\"@id\":\"https:\\\/\\\/elinformativotam.com\\\/index.php\\\/2024\\\/05\\\/07\\\/habra-mas-videocamaras-y-patrullas-para-tampico-senala-monica-villarreal\\\/#primaryimage\"},\"image\":{\"@id\":\"https:\\\/\\\/elinformativotam.com\\\/index.php\\\/2024\\\/05\\\/07\\\/habra-mas-videocamaras-y-patrullas-para-tampico-senala-monica-villarreal\\\/#primaryimage\"},\"thumbnailUrl\":\"https:\\\/\\\/elinformativotam.com\\\/wp-content\\\/uploads\\\/2024\\\/04\\\/Monica-2-scaled.jpeg\",\"datePublished\":\"2024-05-08T04:31:18+00:00\",\"description\":\"*El Comercio Requiere Tener Mayor Cereza En La Seguridad De Sus Negocios, Y En Las Colonias &nbsp; &nbsp; La candidata de Morena a la alcald\u00eda de Tampico,\",\"inLanguage\":\"es\",\"potentialAction\":[{\"@type\":\"ReadAction\",\"target\":[\"https:\\\/\\\/elinformativotam.com\\\/index.php\\\/2024\\\/05\\\/07\\\/habra-mas-videocamaras-y-patrullas-para-tampico-senala-monica-villarreal\\\/\"]}]},{\"@type\":\"ImageObject\",\"inLanguage\":\"es\",\"@id\":\"https:\\\/\\\/elinformativotam.com\\\/index.php\\\/2024\\\/05\\\/07\\\/habra-mas-videocamaras-y-patrullas-para-tampico-senala-monica-villarreal\\\/#primaryimage\",\"url\":\"https:\\\/\\\/elinformativotam.com\\\/wp-content\\\/uploads\\\/2024\\\/04\\\/Monica-2-scaled.jpeg\",\"contentUrl\":\"https:\\\/\\\/elinformativotam.com\\\/wp-content\\\/uploads\\\/2024\\\/04\\\/Monica-2-scaled.jpeg\",\"width\":2560,\"height\":1707},{\"@type\":\"WebSite\",\"@id\":\"https:\\\/\\\/elinformativotam.com\\\/#website\",\"url\":\"https:\\\/\\\/elinformativotam.com\\\/\",\"name\":\"EL INFORMATIVO DE TAMAULIPAS\",\"description\":\"Desde la Zona Metropolitana Para Todo M\u00e9xico\",\"publisher\":{\"@id\":\"https:\\\/\\\/elinformativotam.com\\\/#organization\"},\"potentialAction\":[{\"@type\":\"SearchAction\",\"target\":{\"@type\":\"EntryPoint\",\"urlTemplate\":\"https:\\\/\\\/elinformativotam.com\\\/?s={search_term_string}\"},\"query-input\":{\"@type\":\"PropertyValueSpecification\",\"valueRequired\":true,\"valueName\":\"search_term_string\"}}],\"inLanguage\":\"es\"},{\"@type\":\"Organization\",\"@id\":\"https:\\\/\\\/elinformativotam.com\\\/#organization\",\"name\":\"EL INFORMATIVO DE TAMAULIPAS\",\"url\":\"https:\\\/\\\/elinformativotam.com\\\/\",\"logo\":{\"@type\":\"ImageObject\",\"inLanguage\":\"es\",\"@id\":\"https:\\\/\\\/elinformativotam.com\\\/#\\\/schema\\\/logo\\\/image\\\/\",\"url\":\"https:\\\/\\\/elinformativotam.com\\\/wp-content\\\/uploads\\\/2026\\\/02\\\/Cabezal.png\",\"contentUrl\":\"https:\\\/\\\/elinformativotam.com\\\/wp-content\\\/uploads\\\/2026\\\/02\\\/Cabezal.png\",\"width\":960,\"height\":640,\"caption\":\"EL INFORMATIVO DE TAMAULIPAS\"},\"image\":{\"@id\":\"https:\\\/\\\/elinformativotam.com\\\/#\\\/schema\\\/logo\\\/image\\\/\"}},{\"@type\":\"Person\",\"@id\":\"https:\\\/\\\/elinformativotam.com\\\/#\\\/schema\\\/person\\\/78e08040eed0f6110f0c5f83b6153590\",\"name\":\"El Informativo Tam\",\"image\":{\"@type\":\"ImageObject\",\"inLanguage\":\"es\",\"@id\":\"https:\\\/\\\/secure.gravatar.com\\\/avatar\\\/f3b7ad3af540688955925ac610647be00b0cf41feea9c4978b73a707ee86bc53?s=96&d=mm&r=g\",\"url\":\"https:\\\/\\\/secure.gravatar.com\\\/avatar\\\/f3b7ad3af540688955925ac610647be00b0cf41feea9c4978b73a707ee86bc53?s=96&d=mm&r=g\",\"contentUrl\":\"https:\\\/\\\/secure.gravatar.com\\\/avatar\\\/f3b7ad3af540688955925ac610647be00b0cf41feea9c4978b73a707ee86bc53?s=96&d=mm&r=g\",\"caption\":\"El Informativo Tam\"}}]}<\/script>\n<!-- \/ Yoast SEO plugin. -->","yoast_head_json":{"title":"HABR\u00c1 M\u00c1S VIDEOC\u00c1MARAS Y PATRULLAS PARA TAMPICO; SE\u00d1ALA M\u00d3NICA VILLARREAL - EL INFORMATIVO DE TAMAULIPAS","description":"*El Comercio Requiere Tener Mayor Cereza En La Seguridad De Sus Negocios, Y En Las Colonias &nbsp; &nbsp; La candidata de Morena a la alcald\u00eda de Tampico,","robots":{"index":"index","follow":"follow","max-snippet":"max-snippet:-1","max-image-preview":"max-image-preview:large","max-video-preview":"max-video-preview:-1"},"canonical":"https:\/\/elinformativotam.com\/index.php\/2024\/05\/07\/habra-mas-videocamaras-y-patrullas-para-tampico-senala-monica-villarreal\/","og_locale":"es_MX","og_type":"article","og_title":"HABR\u00c1 M\u00c1S VIDEOC\u00c1MARAS Y PATRULLAS PARA TAMPICO; SE\u00d1ALA M\u00d3NICA VILLARREAL - EL INFORMATIVO DE TAMAULIPAS","og_description":"*El Comercio Requiere Tener Mayor Cereza En La Seguridad De Sus Negocios, Y En Las Colonias &nbsp; &nbsp; La candidata de Morena a la alcald\u00eda de Tampico,","og_url":"https:\/\/elinformativotam.com\/index.php\/2024\/05\/07\/habra-mas-videocamaras-y-patrullas-para-tampico-senala-monica-villarreal\/","og_site_name":"EL INFORMATIVO DE TAMAULIPAS","article_published_time":"2024-05-08T04:31:18+00:00","og_image":[{"width":2560,"height":1707,"url":"https:\/\/elinformativotam.com\/wp-content\/uploads\/2024\/04\/Monica-2-scaled.jpeg","type":"image\/jpeg"}],"author":"El Informativo Tam","twitter_card":"summary_large_image","twitter_misc":{"Escrito por":"El Informativo Tam","Tiempo de lectura":"2 minutos"},"schema":{"@context":"https:\/\/schema.org","@graph":[{"@type":"Article","@id":"https:\/\/elinformativotam.com\/index.php\/2024\/05\/07\/habra-mas-videocamaras-y-patrullas-para-tampico-senala-monica-villarreal\/#article","isPartOf":{"@id":"https:\/\/elinformativotam.com\/index.php\/2024\/05\/07\/habra-mas-videocamaras-y-patrullas-para-tampico-senala-monica-villarreal\/"},"author":{"name":"El Informativo Tam","@id":"https:\/\/elinformativotam.com\/#\/schema\/person\/78e08040eed0f6110f0c5f83b6153590"},"headline":"HABR\u00c1 M\u00c1S VIDEOC\u00c1MARAS Y PATRULLAS PARA TAMPICO; SE\u00d1ALA M\u00d3NICA VILLARREAL","datePublished":"2024-05-08T04:31:18+00:00","mainEntityOfPage":{"@id":"https:\/\/elinformativotam.com\/index.php\/2024\/05\/07\/habra-mas-videocamaras-y-patrullas-para-tampico-senala-monica-villarreal\/"},"wordCount":334,"commentCount":0,"publisher":{"@id":"https:\/\/elinformativotam.com\/#organization"},"image":{"@id":"https:\/\/elinformativotam.com\/index.php\/2024\/05\/07\/habra-mas-videocamaras-y-patrullas-para-tampico-senala-monica-villarreal\/#primaryimage"},"thumbnailUrl":"https:\/\/elinformativotam.com\/wp-content\/uploads\/2024\/04\/Monica-2-scaled.jpeg","articleSection":["Tampico"],"inLanguage":"es","potentialAction":[{"@type":"CommentAction","name":"Comment","target":["https:\/\/elinformativotam.com\/index.php\/2024\/05\/07\/habra-mas-videocamaras-y-patrullas-para-tampico-senala-monica-villarreal\/#respond"]}]},{"@type":"WebPage","@id":"https:\/\/elinformativotam.com\/index.php\/2024\/05\/07\/habra-mas-videocamaras-y-patrullas-para-tampico-senala-monica-villarreal\/","url":"https:\/\/elinformativotam.com\/index.php\/2024\/05\/07\/habra-mas-videocamaras-y-patrullas-para-tampico-senala-monica-villarreal\/","name":"HABR\u00c1 M\u00c1S VIDEOC\u00c1MARAS Y PATRULLAS PARA TAMPICO; SE\u00d1ALA M\u00d3NICA VILLARREAL - EL INFORMATIVO DE TAMAULIPAS","isPartOf":{"@id":"https:\/\/elinformativotam.com\/#website"},"primaryImageOfPage":{"@id":"https:\/\/elinformativotam.com\/index.php\/2024\/05\/07\/habra-mas-videocamaras-y-patrullas-para-tampico-senala-monica-villarreal\/#primaryimage"},"image":{"@id":"https:\/\/elinformativotam.com\/index.php\/2024\/05\/07\/habra-mas-videocamaras-y-patrullas-para-tampico-senala-monica-villarreal\/#primaryimage"},"thumbnailUrl":"https:\/\/elinformativotam.com\/wp-content\/uploads\/2024\/04\/Monica-2-scaled.jpeg","datePublished":"2024-05-08T04:31:18+00:00","description":"*El Comercio Requiere Tener Mayor Cereza En La Seguridad De Sus Negocios, Y En Las Colonias &nbsp; &nbsp; La candidata de Morena a la alcald\u00eda de Tampico,","inLanguage":"es","potentialAction":[{"@type":"ReadAction","target":["https:\/\/elinformativotam.com\/index.php\/2024\/05\/07\/habra-mas-videocamaras-y-patrullas-para-tampico-senala-monica-villarreal\/"]}]},{"@type":"ImageObject","inLanguage":"es","@id":"https:\/\/elinformativotam.com\/index.php\/2024\/05\/07\/habra-mas-videocamaras-y-patrullas-para-tampico-senala-monica-villarreal\/#primaryimage","url":"https:\/\/elinformativotam.com\/wp-content\/uploads\/2024\/04\/Monica-2-scaled.jpeg","contentUrl":"https:\/\/elinformativotam.com\/wp-content\/uploads\/2024\/04\/Monica-2-scaled.jpeg","width":2560,"height":1707},{"@type":"WebSite","@id":"https:\/\/elinformativotam.com\/#website","url":"https:\/\/elinformativotam.com\/","name":"EL INFORMATIVO DE TAMAULIPAS","description":"Desde la Zona Metropolitana Para Todo M\u00e9xico","publisher":{"@id":"https:\/\/elinformativotam.com\/#organization"},"potentialAction":[{"@type":"SearchAction","target":{"@type":"EntryPoint","urlTemplate":"https:\/\/elinformativotam.com\/?s={search_term_string}"},"query-input":{"@type":"PropertyValueSpecification","valueRequired":true,"valueName":"search_term_string"}}],"inLanguage":"es"},{"@type":"Organization","@id":"https:\/\/elinformativotam.com\/#organization","name":"EL INFORMATIVO DE TAMAULIPAS","url":"https:\/\/elinformativotam.com\/","logo":{"@type":"ImageObject","inLanguage":"es","@id":"https:\/\/elinformativotam.com\/#\/schema\/logo\/image\/","url":"https:\/\/elinformativotam.com\/wp-content\/uploads\/2026\/02\/Cabezal.png","contentUrl":"https:\/\/elinformativotam.com\/wp-content\/uploads\/2026\/02\/Cabezal.png","width":960,"height":640,"caption":"EL INFORMATIVO DE TAMAULIPAS"},"image":{"@id":"https:\/\/elinformativotam.com\/#\/schema\/logo\/image\/"}},{"@type":"Person","@id":"https:\/\/elinformativotam.com\/#\/schema\/person\/78e08040eed0f6110f0c5f83b6153590","name":"El Informativo Tam","image":{"@type":"ImageObject","inLanguage":"es","@id":"https:\/\/secure.gravatar.com\/avatar\/f3b7ad3af540688955925ac610647be00b0cf41feea9c4978b73a707ee86bc53?s=96&d=mm&r=g","url":"https:\/\/secure.gravatar.com\/avatar\/f3b7ad3af540688955925ac610647be00b0cf41feea9c4978b73a707ee86bc53?s=96&d=mm&r=g","contentUrl":"https:\/\/secure.gravatar.com\/avatar\/f3b7ad3af540688955925ac610647be00b0cf41feea9c4978b73a707ee86bc53?s=96&d=mm&r=g","caption":"El Informativo Tam"}}]}},"_links":{"self":[{"href":"https:\/\/elinformativotam.com\/index.php\/wp-json\/wp\/v2\/posts\/50674","targetHints":{"allow":["GET"]}}],"collection":[{"href":"https:\/\/elinformativotam.com\/index.php\/wp-json\/wp\/v2\/posts"}],"about":[{"href":"https:\/\/elinformativotam.com\/index.php\/wp-json\/wp\/v2\/types\/post"}],"author":[{"embeddable":true,"href":"https:\/\/elinformativotam.com\/index.php\/wp-json\/wp\/v2\/users\/1"}],"replies":[{"embeddable":true,"href":"https:\/\/elinformativotam.com\/index.php\/wp-json\/wp\/v2\/comments?post=50674"}],"version-history":[{"count":1,"href":"https:\/\/elinformativotam.com\/index.php\/wp-json\/wp\/v2\/posts\/50674\/revisions"}],"predecessor-version":[{"id":50675,"href":"https:\/\/elinformativotam.com\/index.php\/wp-json\/wp\/v2\/posts\/50674\/revisions\/50675"}],"wp:featuredmedia":[{"embeddable":true,"href":"https:\/\/elinformativotam.com\/index.php\/wp-json\/wp\/v2\/media\/50526"}],"wp:attachment":[{"href":"https:\/\/elinformativotam.com\/index.php\/wp-json\/wp\/v2\/media?parent=50674"}],"wp:term":[{"taxonomy":"category","embeddable":true,"href":"https:\/\/elinformativotam.com\/index.php\/wp-json\/wp\/v2\/categories?post=50674"},{"taxonomy":"post_tag","embeddable":true,"href":"https:\/\/elinformativotam.com\/index.php\/wp-json\/wp\/v2\/tags?post=50674"}],"curies":[{"name":"wp","href":"https:\/\/api.w.org\/{rel}","templated":true}]}}