{"id":50672,"date":"2024-05-07T22:27:53","date_gmt":"2024-05-08T04:27:53","guid":{"rendered":"https:\/\/elinformativotam.com\/?p=50672"},"modified":"2024-05-07T22:27:53","modified_gmt":"2024-05-08T04:27:53","slug":"inician-los-apagones-en-zona-sur-comercio-no-puede-trabajar-sin-aire-acondicionado","status":"publish","type":"post","link":"https:\/\/elinformativotam.com\/index.php\/2024\/05\/07\/inician-los-apagones-en-zona-sur-comercio-no-puede-trabajar-sin-aire-acondicionado\/","title":{"rendered":"INICIAN LOS APAGONES EN ZONA SUR; COMERCIO NO PUEDE TRABAJAR SIN AIRE ACONDICIONADO"},"content":{"rendered":"<h2 style=\"text-align: center;\"><em><span style=\"font-family: 'times new roman', times;\">*CFE Lo Sabe Y Sigue Sin Invertir En Su Infraestructura<\/span><\/em><\/h2>\n<p>&nbsp;<\/p>\n<p>La amplia carga el\u00e9ctrica que se registra en muchos puntos de la ciudad, en esta temporada de calor, ya comenz\u00f3 a originar apagones que afectan al comercio organizado de Tampico, como el pasado lunes donde casi todo el primer y segundo cuadro se qued\u00f3 sin luz por m\u00e1s de 8 horas.<\/p>\n<p>&nbsp;<\/p>\n<p>Sobre el tema, el ex Presidente de ARCIM, Eduardo Hern\u00e1ndez Cabrera, se\u00f1al\u00f3 que la CFE ya necesita realizar un cambio importante en gran parte de su infraestructura en la ciudad.<\/p>\n<p>&nbsp;<\/p>\n<p>Explic\u00f3 que las altas temperaturas que desde hace poco m\u00e1s de 15 d\u00edas se dejaron sentir en la regi\u00f3n, han provocado que el usuario eche mano de los aires acondicionados en sus oficinas, comercios, empresas y casa-habitaci\u00f3n, provocando con ello una mayor carga el\u00e9ctrica en las l\u00edneas de conducci\u00f3n viejas y transformadores que ya no aguantan el m\u00e1s m\u00ednimo sobrecalentamiento.<\/p>\n<p>&nbsp;<\/p>\n<p>Remarc\u00f3 que desafortunadamente la paraestatal espera hasta que exista un corto o sobrecarga de energ\u00eda para poder actuar.<\/p>\n<p>&nbsp;<\/p>\n<p>&#8220;Y en cambio realizar mejor un constante mantenimiento y revisi\u00f3n constante en las l\u00edneas de conducci\u00f3n, les falta mucha modernizaci\u00f3n y para eso estamos pagando los usuarios&#8221;, recalc\u00f3<\/p>\n<p>&nbsp;<\/p>\n<p>Hern\u00e1ndez, enfatiz\u00f3 que en la zona metropolitana no prender el aire acondicionado en los negocios &#8220;significa p\u00e9rdidas para el comercio organizado, significa que no habr\u00e1 ventas, y el casi cierre del negocio&#8221;, resalt\u00f3<\/p>\n<p>&nbsp;<\/p>\n<p>Finalmente, coment\u00f3 que en muchas colonias de Tampico existe una gran cantidad de transformadores muy vetustos, que a la m\u00ednima sobrecarga &#8220;truenan&#8221; provocando con ello afectaciones a muchos usuarios de varios sectores, incluso por varios d\u00edas.<\/p>\n<p>&nbsp;<\/p>\n<p>&nbsp;<\/p>\n","protected":false},"excerpt":{"rendered":"<p>*CFE Lo Sabe Y Sigue Sin Invertir En Su Infraestructura &nbsp; La amplia carga el\u00e9ctrica que se registra en muchos&hellip;<\/p>\n","protected":false},"author":1,"featured_media":38890,"comment_status":"open","ping_status":"open","sticky":false,"template":"","format":"standard","meta":{"footnotes":""},"categories":[3],"tags":[],"class_list":["post-50672","post","type-post","status-publish","format-standard","has-post-thumbnail","hentry","category-tampico"],"yoast_head":"<!-- This site is optimized with the Yoast SEO plugin v27.4 - https:\/\/yoast.com\/product\/yoast-seo-wordpress\/ -->\n<title>INICIAN LOS APAGONES EN ZONA SUR; COMERCIO NO PUEDE TRABAJAR SIN AIRE ACONDICIONADO - EL INFORMATIVO DE TAMAULIPAS<\/title>\n<meta name=\"description\" content=\"*CFE Lo Sabe Y Sigue Sin Invertir En Su Infraestructura &nbsp; La amplia carga el\u00e9ctrica que se registra en muchos puntos de la ciudad, en esta temporada\" \/>\n<meta name=\"robots\" content=\"index, follow, max-snippet:-1, max-image-preview:large, max-video-preview:-1\" \/>\n<link rel=\"canonical\" href=\"https:\/\/elinformativotam.com\/index.php\/2024\/05\/07\/inician-los-apagones-en-zona-sur-comercio-no-puede-trabajar-sin-aire-acondicionado\/\" \/>\n<meta property=\"og:locale\" content=\"es_MX\" \/>\n<meta property=\"og:type\" content=\"article\" \/>\n<meta property=\"og:title\" content=\"INICIAN LOS APAGONES EN ZONA SUR; COMERCIO NO PUEDE TRABAJAR SIN AIRE ACONDICIONADO - EL INFORMATIVO DE TAMAULIPAS\" \/>\n<meta property=\"og:description\" content=\"*CFE Lo Sabe Y Sigue Sin Invertir En Su Infraestructura &nbsp; La amplia carga el\u00e9ctrica que se registra en muchos puntos de la ciudad, en esta temporada\" \/>\n<meta property=\"og:url\" content=\"https:\/\/elinformativotam.com\/index.php\/2024\/05\/07\/inician-los-apagones-en-zona-sur-comercio-no-puede-trabajar-sin-aire-acondicionado\/\" \/>\n<meta property=\"og:site_name\" content=\"EL INFORMATIVO DE TAMAULIPAS\" \/>\n<meta property=\"article:published_time\" content=\"2024-05-08T04:27:53+00:00\" \/>\n<meta property=\"og:image\" content=\"https:\/\/elinformativotam.com\/wp-content\/uploads\/2023\/01\/CFE.jpg\" \/>\n\t<meta property=\"og:image:width\" content=\"600\" \/>\n\t<meta property=\"og:image:height\" content=\"338\" \/>\n\t<meta property=\"og:image:type\" content=\"image\/jpeg\" \/>\n<meta name=\"author\" content=\"El Informativo Tam\" \/>\n<meta name=\"twitter:card\" content=\"summary_large_image\" \/>\n<meta name=\"twitter:label1\" content=\"Escrito por\" \/>\n\t<meta name=\"twitter:data1\" content=\"El Informativo Tam\" \/>\n\t<meta name=\"twitter:label2\" content=\"Tiempo de lectura\" \/>\n\t<meta name=\"twitter:data2\" content=\"2 minutos\" \/>\n<script type=\"application\/ld+json\" class=\"yoast-schema-graph\">{\"@context\":\"https:\\\/\\\/schema.org\",\"@graph\":[{\"@type\":\"Article\",\"@id\":\"https:\\\/\\\/elinformativotam.com\\\/index.php\\\/2024\\\/05\\\/07\\\/inician-los-apagones-en-zona-sur-comercio-no-puede-trabajar-sin-aire-acondicionado\\\/#article\",\"isPartOf\":{\"@id\":\"https:\\\/\\\/elinformativotam.com\\\/index.php\\\/2024\\\/05\\\/07\\\/inician-los-apagones-en-zona-sur-comercio-no-puede-trabajar-sin-aire-acondicionado\\\/\"},\"author\":{\"name\":\"El Informativo Tam\",\"@id\":\"https:\\\/\\\/elinformativotam.com\\\/#\\\/schema\\\/person\\\/78e08040eed0f6110f0c5f83b6153590\"},\"headline\":\"INICIAN LOS APAGONES EN ZONA SUR; COMERCIO NO PUEDE TRABAJAR SIN AIRE ACONDICIONADO\",\"datePublished\":\"2024-05-08T04:27:53+00:00\",\"mainEntityOfPage\":{\"@id\":\"https:\\\/\\\/elinformativotam.com\\\/index.php\\\/2024\\\/05\\\/07\\\/inician-los-apagones-en-zona-sur-comercio-no-puede-trabajar-sin-aire-acondicionado\\\/\"},\"wordCount\":308,\"commentCount\":0,\"publisher\":{\"@id\":\"https:\\\/\\\/elinformativotam.com\\\/#organization\"},\"image\":{\"@id\":\"https:\\\/\\\/elinformativotam.com\\\/index.php\\\/2024\\\/05\\\/07\\\/inician-los-apagones-en-zona-sur-comercio-no-puede-trabajar-sin-aire-acondicionado\\\/#primaryimage\"},\"thumbnailUrl\":\"https:\\\/\\\/elinformativotam.com\\\/wp-content\\\/uploads\\\/2023\\\/01\\\/CFE.jpg\",\"articleSection\":[\"Tampico\"],\"inLanguage\":\"es\",\"potentialAction\":[{\"@type\":\"CommentAction\",\"name\":\"Comment\",\"target\":[\"https:\\\/\\\/elinformativotam.com\\\/index.php\\\/2024\\\/05\\\/07\\\/inician-los-apagones-en-zona-sur-comercio-no-puede-trabajar-sin-aire-acondicionado\\\/#respond\"]}]},{\"@type\":\"WebPage\",\"@id\":\"https:\\\/\\\/elinformativotam.com\\\/index.php\\\/2024\\\/05\\\/07\\\/inician-los-apagones-en-zona-sur-comercio-no-puede-trabajar-sin-aire-acondicionado\\\/\",\"url\":\"https:\\\/\\\/elinformativotam.com\\\/index.php\\\/2024\\\/05\\\/07\\\/inician-los-apagones-en-zona-sur-comercio-no-puede-trabajar-sin-aire-acondicionado\\\/\",\"name\":\"INICIAN LOS APAGONES EN ZONA SUR; COMERCIO NO PUEDE TRABAJAR SIN AIRE ACONDICIONADO - EL INFORMATIVO DE TAMAULIPAS\",\"isPartOf\":{\"@id\":\"https:\\\/\\\/elinformativotam.com\\\/#website\"},\"primaryImageOfPage\":{\"@id\":\"https:\\\/\\\/elinformativotam.com\\\/index.php\\\/2024\\\/05\\\/07\\\/inician-los-apagones-en-zona-sur-comercio-no-puede-trabajar-sin-aire-acondicionado\\\/#primaryimage\"},\"image\":{\"@id\":\"https:\\\/\\\/elinformativotam.com\\\/index.php\\\/2024\\\/05\\\/07\\\/inician-los-apagones-en-zona-sur-comercio-no-puede-trabajar-sin-aire-acondicionado\\\/#primaryimage\"},\"thumbnailUrl\":\"https:\\\/\\\/elinformativotam.com\\\/wp-content\\\/uploads\\\/2023\\\/01\\\/CFE.jpg\",\"datePublished\":\"2024-05-08T04:27:53+00:00\",\"description\":\"*CFE Lo Sabe Y Sigue Sin Invertir En Su Infraestructura &nbsp; La amplia carga el\u00e9ctrica que se registra en muchos puntos de la ciudad, en esta temporada\",\"inLanguage\":\"es\",\"potentialAction\":[{\"@type\":\"ReadAction\",\"target\":[\"https:\\\/\\\/elinformativotam.com\\\/index.php\\\/2024\\\/05\\\/07\\\/inician-los-apagones-en-zona-sur-comercio-no-puede-trabajar-sin-aire-acondicionado\\\/\"]}]},{\"@type\":\"ImageObject\",\"inLanguage\":\"es\",\"@id\":\"https:\\\/\\\/elinformativotam.com\\\/index.php\\\/2024\\\/05\\\/07\\\/inician-los-apagones-en-zona-sur-comercio-no-puede-trabajar-sin-aire-acondicionado\\\/#primaryimage\",\"url\":\"https:\\\/\\\/elinformativotam.com\\\/wp-content\\\/uploads\\\/2023\\\/01\\\/CFE.jpg\",\"contentUrl\":\"https:\\\/\\\/elinformativotam.com\\\/wp-content\\\/uploads\\\/2023\\\/01\\\/CFE.jpg\",\"width\":600,\"height\":338},{\"@type\":\"WebSite\",\"@id\":\"https:\\\/\\\/elinformativotam.com\\\/#website\",\"url\":\"https:\\\/\\\/elinformativotam.com\\\/\",\"name\":\"EL INFORMATIVO DE TAMAULIPAS\",\"description\":\"Desde la Zona Metropolitana Para Todo M\u00e9xico\",\"publisher\":{\"@id\":\"https:\\\/\\\/elinformativotam.com\\\/#organization\"},\"potentialAction\":[{\"@type\":\"SearchAction\",\"target\":{\"@type\":\"EntryPoint\",\"urlTemplate\":\"https:\\\/\\\/elinformativotam.com\\\/?s={search_term_string}\"},\"query-input\":{\"@type\":\"PropertyValueSpecification\",\"valueRequired\":true,\"valueName\":\"search_term_string\"}}],\"inLanguage\":\"es\"},{\"@type\":\"Organization\",\"@id\":\"https:\\\/\\\/elinformativotam.com\\\/#organization\",\"name\":\"EL INFORMATIVO DE TAMAULIPAS\",\"url\":\"https:\\\/\\\/elinformativotam.com\\\/\",\"logo\":{\"@type\":\"ImageObject\",\"inLanguage\":\"es\",\"@id\":\"https:\\\/\\\/elinformativotam.com\\\/#\\\/schema\\\/logo\\\/image\\\/\",\"url\":\"https:\\\/\\\/elinformativotam.com\\\/wp-content\\\/uploads\\\/2026\\\/02\\\/Cabezal.png\",\"contentUrl\":\"https:\\\/\\\/elinformativotam.com\\\/wp-content\\\/uploads\\\/2026\\\/02\\\/Cabezal.png\",\"width\":960,\"height\":640,\"caption\":\"EL INFORMATIVO DE TAMAULIPAS\"},\"image\":{\"@id\":\"https:\\\/\\\/elinformativotam.com\\\/#\\\/schema\\\/logo\\\/image\\\/\"}},{\"@type\":\"Person\",\"@id\":\"https:\\\/\\\/elinformativotam.com\\\/#\\\/schema\\\/person\\\/78e08040eed0f6110f0c5f83b6153590\",\"name\":\"El Informativo Tam\",\"image\":{\"@type\":\"ImageObject\",\"inLanguage\":\"es\",\"@id\":\"https:\\\/\\\/secure.gravatar.com\\\/avatar\\\/f3b7ad3af540688955925ac610647be00b0cf41feea9c4978b73a707ee86bc53?s=96&d=mm&r=g\",\"url\":\"https:\\\/\\\/secure.gravatar.com\\\/avatar\\\/f3b7ad3af540688955925ac610647be00b0cf41feea9c4978b73a707ee86bc53?s=96&d=mm&r=g\",\"contentUrl\":\"https:\\\/\\\/secure.gravatar.com\\\/avatar\\\/f3b7ad3af540688955925ac610647be00b0cf41feea9c4978b73a707ee86bc53?s=96&d=mm&r=g\",\"caption\":\"El Informativo Tam\"}}]}<\/script>\n<!-- \/ Yoast SEO plugin. -->","yoast_head_json":{"title":"INICIAN LOS APAGONES EN ZONA SUR; COMERCIO NO PUEDE TRABAJAR SIN AIRE ACONDICIONADO - EL INFORMATIVO DE TAMAULIPAS","description":"*CFE Lo Sabe Y Sigue Sin Invertir En Su Infraestructura &nbsp; La amplia carga el\u00e9ctrica que se registra en muchos puntos de la ciudad, en esta temporada","robots":{"index":"index","follow":"follow","max-snippet":"max-snippet:-1","max-image-preview":"max-image-preview:large","max-video-preview":"max-video-preview:-1"},"canonical":"https:\/\/elinformativotam.com\/index.php\/2024\/05\/07\/inician-los-apagones-en-zona-sur-comercio-no-puede-trabajar-sin-aire-acondicionado\/","og_locale":"es_MX","og_type":"article","og_title":"INICIAN LOS APAGONES EN ZONA SUR; COMERCIO NO PUEDE TRABAJAR SIN AIRE ACONDICIONADO - EL INFORMATIVO DE TAMAULIPAS","og_description":"*CFE Lo Sabe Y Sigue Sin Invertir En Su Infraestructura &nbsp; La amplia carga el\u00e9ctrica que se registra en muchos puntos de la ciudad, en esta temporada","og_url":"https:\/\/elinformativotam.com\/index.php\/2024\/05\/07\/inician-los-apagones-en-zona-sur-comercio-no-puede-trabajar-sin-aire-acondicionado\/","og_site_name":"EL INFORMATIVO DE TAMAULIPAS","article_published_time":"2024-05-08T04:27:53+00:00","og_image":[{"width":600,"height":338,"url":"https:\/\/elinformativotam.com\/wp-content\/uploads\/2023\/01\/CFE.jpg","type":"image\/jpeg"}],"author":"El Informativo Tam","twitter_card":"summary_large_image","twitter_misc":{"Escrito por":"El Informativo Tam","Tiempo de lectura":"2 minutos"},"schema":{"@context":"https:\/\/schema.org","@graph":[{"@type":"Article","@id":"https:\/\/elinformativotam.com\/index.php\/2024\/05\/07\/inician-los-apagones-en-zona-sur-comercio-no-puede-trabajar-sin-aire-acondicionado\/#article","isPartOf":{"@id":"https:\/\/elinformativotam.com\/index.php\/2024\/05\/07\/inician-los-apagones-en-zona-sur-comercio-no-puede-trabajar-sin-aire-acondicionado\/"},"author":{"name":"El Informativo Tam","@id":"https:\/\/elinformativotam.com\/#\/schema\/person\/78e08040eed0f6110f0c5f83b6153590"},"headline":"INICIAN LOS APAGONES EN ZONA SUR; COMERCIO NO PUEDE TRABAJAR SIN AIRE ACONDICIONADO","datePublished":"2024-05-08T04:27:53+00:00","mainEntityOfPage":{"@id":"https:\/\/elinformativotam.com\/index.php\/2024\/05\/07\/inician-los-apagones-en-zona-sur-comercio-no-puede-trabajar-sin-aire-acondicionado\/"},"wordCount":308,"commentCount":0,"publisher":{"@id":"https:\/\/elinformativotam.com\/#organization"},"image":{"@id":"https:\/\/elinformativotam.com\/index.php\/2024\/05\/07\/inician-los-apagones-en-zona-sur-comercio-no-puede-trabajar-sin-aire-acondicionado\/#primaryimage"},"thumbnailUrl":"https:\/\/elinformativotam.com\/wp-content\/uploads\/2023\/01\/CFE.jpg","articleSection":["Tampico"],"inLanguage":"es","potentialAction":[{"@type":"CommentAction","name":"Comment","target":["https:\/\/elinformativotam.com\/index.php\/2024\/05\/07\/inician-los-apagones-en-zona-sur-comercio-no-puede-trabajar-sin-aire-acondicionado\/#respond"]}]},{"@type":"WebPage","@id":"https:\/\/elinformativotam.com\/index.php\/2024\/05\/07\/inician-los-apagones-en-zona-sur-comercio-no-puede-trabajar-sin-aire-acondicionado\/","url":"https:\/\/elinformativotam.com\/index.php\/2024\/05\/07\/inician-los-apagones-en-zona-sur-comercio-no-puede-trabajar-sin-aire-acondicionado\/","name":"INICIAN LOS APAGONES EN ZONA SUR; COMERCIO NO PUEDE TRABAJAR SIN AIRE ACONDICIONADO - EL INFORMATIVO DE TAMAULIPAS","isPartOf":{"@id":"https:\/\/elinformativotam.com\/#website"},"primaryImageOfPage":{"@id":"https:\/\/elinformativotam.com\/index.php\/2024\/05\/07\/inician-los-apagones-en-zona-sur-comercio-no-puede-trabajar-sin-aire-acondicionado\/#primaryimage"},"image":{"@id":"https:\/\/elinformativotam.com\/index.php\/2024\/05\/07\/inician-los-apagones-en-zona-sur-comercio-no-puede-trabajar-sin-aire-acondicionado\/#primaryimage"},"thumbnailUrl":"https:\/\/elinformativotam.com\/wp-content\/uploads\/2023\/01\/CFE.jpg","datePublished":"2024-05-08T04:27:53+00:00","description":"*CFE Lo Sabe Y Sigue Sin Invertir En Su Infraestructura &nbsp; La amplia carga el\u00e9ctrica que se registra en muchos puntos de la ciudad, en esta temporada","inLanguage":"es","potentialAction":[{"@type":"ReadAction","target":["https:\/\/elinformativotam.com\/index.php\/2024\/05\/07\/inician-los-apagones-en-zona-sur-comercio-no-puede-trabajar-sin-aire-acondicionado\/"]}]},{"@type":"ImageObject","inLanguage":"es","@id":"https:\/\/elinformativotam.com\/index.php\/2024\/05\/07\/inician-los-apagones-en-zona-sur-comercio-no-puede-trabajar-sin-aire-acondicionado\/#primaryimage","url":"https:\/\/elinformativotam.com\/wp-content\/uploads\/2023\/01\/CFE.jpg","contentUrl":"https:\/\/elinformativotam.com\/wp-content\/uploads\/2023\/01\/CFE.jpg","width":600,"height":338},{"@type":"WebSite","@id":"https:\/\/elinformativotam.com\/#website","url":"https:\/\/elinformativotam.com\/","name":"EL INFORMATIVO DE TAMAULIPAS","description":"Desde la Zona Metropolitana Para Todo M\u00e9xico","publisher":{"@id":"https:\/\/elinformativotam.com\/#organization"},"potentialAction":[{"@type":"SearchAction","target":{"@type":"EntryPoint","urlTemplate":"https:\/\/elinformativotam.com\/?s={search_term_string}"},"query-input":{"@type":"PropertyValueSpecification","valueRequired":true,"valueName":"search_term_string"}}],"inLanguage":"es"},{"@type":"Organization","@id":"https:\/\/elinformativotam.com\/#organization","name":"EL INFORMATIVO DE TAMAULIPAS","url":"https:\/\/elinformativotam.com\/","logo":{"@type":"ImageObject","inLanguage":"es","@id":"https:\/\/elinformativotam.com\/#\/schema\/logo\/image\/","url":"https:\/\/elinformativotam.com\/wp-content\/uploads\/2026\/02\/Cabezal.png","contentUrl":"https:\/\/elinformativotam.com\/wp-content\/uploads\/2026\/02\/Cabezal.png","width":960,"height":640,"caption":"EL INFORMATIVO DE TAMAULIPAS"},"image":{"@id":"https:\/\/elinformativotam.com\/#\/schema\/logo\/image\/"}},{"@type":"Person","@id":"https:\/\/elinformativotam.com\/#\/schema\/person\/78e08040eed0f6110f0c5f83b6153590","name":"El Informativo Tam","image":{"@type":"ImageObject","inLanguage":"es","@id":"https:\/\/secure.gravatar.com\/avatar\/f3b7ad3af540688955925ac610647be00b0cf41feea9c4978b73a707ee86bc53?s=96&d=mm&r=g","url":"https:\/\/secure.gravatar.com\/avatar\/f3b7ad3af540688955925ac610647be00b0cf41feea9c4978b73a707ee86bc53?s=96&d=mm&r=g","contentUrl":"https:\/\/secure.gravatar.com\/avatar\/f3b7ad3af540688955925ac610647be00b0cf41feea9c4978b73a707ee86bc53?s=96&d=mm&r=g","caption":"El Informativo Tam"}}]}},"_links":{"self":[{"href":"https:\/\/elinformativotam.com\/index.php\/wp-json\/wp\/v2\/posts\/50672","targetHints":{"allow":["GET"]}}],"collection":[{"href":"https:\/\/elinformativotam.com\/index.php\/wp-json\/wp\/v2\/posts"}],"about":[{"href":"https:\/\/elinformativotam.com\/index.php\/wp-json\/wp\/v2\/types\/post"}],"author":[{"embeddable":true,"href":"https:\/\/elinformativotam.com\/index.php\/wp-json\/wp\/v2\/users\/1"}],"replies":[{"embeddable":true,"href":"https:\/\/elinformativotam.com\/index.php\/wp-json\/wp\/v2\/comments?post=50672"}],"version-history":[{"count":1,"href":"https:\/\/elinformativotam.com\/index.php\/wp-json\/wp\/v2\/posts\/50672\/revisions"}],"predecessor-version":[{"id":50673,"href":"https:\/\/elinformativotam.com\/index.php\/wp-json\/wp\/v2\/posts\/50672\/revisions\/50673"}],"wp:featuredmedia":[{"embeddable":true,"href":"https:\/\/elinformativotam.com\/index.php\/wp-json\/wp\/v2\/media\/38890"}],"wp:attachment":[{"href":"https:\/\/elinformativotam.com\/index.php\/wp-json\/wp\/v2\/media?parent=50672"}],"wp:term":[{"taxonomy":"category","embeddable":true,"href":"https:\/\/elinformativotam.com\/index.php\/wp-json\/wp\/v2\/categories?post=50672"},{"taxonomy":"post_tag","embeddable":true,"href":"https:\/\/elinformativotam.com\/index.php\/wp-json\/wp\/v2\/tags?post=50672"}],"curies":[{"name":"wp","href":"https:\/\/api.w.org\/{rel}","templated":true}]}}