{"id":50669,"date":"2024-05-07T22:16:40","date_gmt":"2024-05-08T04:16:40","guid":{"rendered":"https:\/\/elinformativotam.com\/?p=50669"},"modified":"2024-05-07T22:16:40","modified_gmt":"2024-05-08T04:16:40","slug":"preocupa-a-autoridades-el-numero-de-casos-de-dengue-registrados-en-altamira-y-la-zona","status":"publish","type":"post","link":"https:\/\/elinformativotam.com\/index.php\/2024\/05\/07\/preocupa-a-autoridades-el-numero-de-casos-de-dengue-registrados-en-altamira-y-la-zona\/","title":{"rendered":"PREOCUPA A AUTORIDADES EL N\u00daMERO DE CASOS DE DENGUE REGISTRADOS EN ALTAMIRA Y LA ZONA"},"content":{"rendered":"<p>Autoridades de la Jurisdicci\u00f3n Sanitaria N\u00famero 12, le preocupa el n\u00famero de casos de dengue que se est\u00e1n registrando, ya que hay 22 positivos hasta la fecha, cifra que comparada al a\u00f1o pasado en ese mismo periodo es del 60 por ciento de aumento.<\/p>\n<p>&nbsp;<\/p>\n<p>Carlos Ju\u00e1rez del \u00c1ngel, titular de la dependencia, expuso que actualmente se tiene registrado que en ambiente est\u00e1n presentes los cuatro tipos de dengue , situaci\u00f3n que se complica a\u00fan m\u00e1s.<\/p>\n<p>&nbsp;<\/p>\n<p>\u201cAfortunadamente los casos que se est\u00e1n registrando en la poblaci\u00f3n econ\u00f3mica activa, se est\u00e1n respetando a los extremos de la vida y para combatir este padecimiento se est\u00e1n reforzando las acciones&#8221;, coment\u00f3.<\/p>\n<p>&nbsp;<\/p>\n<p>Detall\u00f3 que se est\u00e1 reforzando acciones para terminar con los nidos, esto a trav\u00e9s de la fumigaci\u00f3n espacial, fumigaci\u00f3n intra domiciliaria, en este \u00faltimo se pide a las personas que abran sus casas para que el personal entre y roc\u00ede el l\u00edquido.<\/p>\n<p>&nbsp;<\/p>\n<p>Agreg\u00f3 que es primordial que las familias liberen sus patios de cacharros y todo lo que pueda ser criadero de estos moscos que est\u00e1n propagando dengue.<\/p>\n<p>&nbsp;<\/p>\n","protected":false},"excerpt":{"rendered":"<p>Autoridades de la Jurisdicci\u00f3n Sanitaria N\u00famero 12, le preocupa el n\u00famero de casos de dengue que se est\u00e1n registrando, ya&hellip;<\/p>\n","protected":false},"author":1,"featured_media":44113,"comment_status":"open","ping_status":"open","sticky":false,"template":"","format":"standard","meta":{"footnotes":""},"categories":[5],"tags":[],"class_list":["post-50669","post","type-post","status-publish","format-standard","has-post-thumbnail","hentry","category-altamira"],"yoast_head":"<!-- This site is optimized with the Yoast SEO plugin v27.4 - https:\/\/yoast.com\/product\/yoast-seo-wordpress\/ -->\n<title>PREOCUPA A AUTORIDADES EL N\u00daMERO DE CASOS DE DENGUE REGISTRADOS EN ALTAMIRA Y LA ZONA - EL INFORMATIVO DE TAMAULIPAS<\/title>\n<meta name=\"description\" content=\"Autoridades de la Jurisdicci\u00f3n Sanitaria N\u00famero 12, le preocupa el n\u00famero de casos de dengue que se est\u00e1n registrando, ya que hay 22 positivos hasta la\" \/>\n<meta name=\"robots\" content=\"index, follow, max-snippet:-1, max-image-preview:large, max-video-preview:-1\" \/>\n<link rel=\"canonical\" href=\"https:\/\/elinformativotam.com\/index.php\/2024\/05\/07\/preocupa-a-autoridades-el-numero-de-casos-de-dengue-registrados-en-altamira-y-la-zona\/\" \/>\n<meta property=\"og:locale\" content=\"es_MX\" \/>\n<meta property=\"og:type\" content=\"article\" \/>\n<meta property=\"og:title\" content=\"PREOCUPA A AUTORIDADES EL N\u00daMERO DE CASOS DE DENGUE REGISTRADOS EN ALTAMIRA Y LA ZONA - EL INFORMATIVO DE TAMAULIPAS\" \/>\n<meta property=\"og:description\" content=\"Autoridades de la Jurisdicci\u00f3n Sanitaria N\u00famero 12, le preocupa el n\u00famero de casos de dengue que se est\u00e1n registrando, ya que hay 22 positivos hasta la\" \/>\n<meta property=\"og:url\" content=\"https:\/\/elinformativotam.com\/index.php\/2024\/05\/07\/preocupa-a-autoridades-el-numero-de-casos-de-dengue-registrados-en-altamira-y-la-zona\/\" \/>\n<meta property=\"og:site_name\" content=\"EL INFORMATIVO DE TAMAULIPAS\" \/>\n<meta property=\"article:published_time\" content=\"2024-05-08T04:16:40+00:00\" \/>\n<meta property=\"og:image\" content=\"https:\/\/elinformativotam.com\/wp-content\/uploads\/2023\/07\/Dengue.jpg\" \/>\n\t<meta property=\"og:image:width\" content=\"299\" \/>\n\t<meta property=\"og:image:height\" content=\"168\" \/>\n\t<meta property=\"og:image:type\" content=\"image\/jpeg\" \/>\n<meta name=\"author\" content=\"El Informativo Tam\" \/>\n<meta name=\"twitter:card\" content=\"summary_large_image\" \/>\n<meta name=\"twitter:label1\" content=\"Escrito por\" \/>\n\t<meta name=\"twitter:data1\" content=\"El Informativo Tam\" \/>\n\t<meta name=\"twitter:label2\" content=\"Tiempo de lectura\" \/>\n\t<meta name=\"twitter:data2\" content=\"1 minuto\" \/>\n<script type=\"application\/ld+json\" class=\"yoast-schema-graph\">{\"@context\":\"https:\\\/\\\/schema.org\",\"@graph\":[{\"@type\":\"Article\",\"@id\":\"https:\\\/\\\/elinformativotam.com\\\/index.php\\\/2024\\\/05\\\/07\\\/preocupa-a-autoridades-el-numero-de-casos-de-dengue-registrados-en-altamira-y-la-zona\\\/#article\",\"isPartOf\":{\"@id\":\"https:\\\/\\\/elinformativotam.com\\\/index.php\\\/2024\\\/05\\\/07\\\/preocupa-a-autoridades-el-numero-de-casos-de-dengue-registrados-en-altamira-y-la-zona\\\/\"},\"author\":{\"name\":\"El Informativo Tam\",\"@id\":\"https:\\\/\\\/elinformativotam.com\\\/#\\\/schema\\\/person\\\/78e08040eed0f6110f0c5f83b6153590\"},\"headline\":\"PREOCUPA A AUTORIDADES EL N\u00daMERO DE CASOS DE DENGUE REGISTRADOS EN ALTAMIRA Y LA ZONA\",\"datePublished\":\"2024-05-08T04:16:40+00:00\",\"mainEntityOfPage\":{\"@id\":\"https:\\\/\\\/elinformativotam.com\\\/index.php\\\/2024\\\/05\\\/07\\\/preocupa-a-autoridades-el-numero-de-casos-de-dengue-registrados-en-altamira-y-la-zona\\\/\"},\"wordCount\":213,\"commentCount\":0,\"publisher\":{\"@id\":\"https:\\\/\\\/elinformativotam.com\\\/#organization\"},\"image\":{\"@id\":\"https:\\\/\\\/elinformativotam.com\\\/index.php\\\/2024\\\/05\\\/07\\\/preocupa-a-autoridades-el-numero-de-casos-de-dengue-registrados-en-altamira-y-la-zona\\\/#primaryimage\"},\"thumbnailUrl\":\"https:\\\/\\\/elinformativotam.com\\\/wp-content\\\/uploads\\\/2023\\\/07\\\/Dengue.jpg\",\"articleSection\":[\"Altamira\"],\"inLanguage\":\"es\",\"potentialAction\":[{\"@type\":\"CommentAction\",\"name\":\"Comment\",\"target\":[\"https:\\\/\\\/elinformativotam.com\\\/index.php\\\/2024\\\/05\\\/07\\\/preocupa-a-autoridades-el-numero-de-casos-de-dengue-registrados-en-altamira-y-la-zona\\\/#respond\"]}]},{\"@type\":\"WebPage\",\"@id\":\"https:\\\/\\\/elinformativotam.com\\\/index.php\\\/2024\\\/05\\\/07\\\/preocupa-a-autoridades-el-numero-de-casos-de-dengue-registrados-en-altamira-y-la-zona\\\/\",\"url\":\"https:\\\/\\\/elinformativotam.com\\\/index.php\\\/2024\\\/05\\\/07\\\/preocupa-a-autoridades-el-numero-de-casos-de-dengue-registrados-en-altamira-y-la-zona\\\/\",\"name\":\"PREOCUPA A AUTORIDADES EL N\u00daMERO DE CASOS DE DENGUE REGISTRADOS EN ALTAMIRA Y LA ZONA - EL INFORMATIVO DE TAMAULIPAS\",\"isPartOf\":{\"@id\":\"https:\\\/\\\/elinformativotam.com\\\/#website\"},\"primaryImageOfPage\":{\"@id\":\"https:\\\/\\\/elinformativotam.com\\\/index.php\\\/2024\\\/05\\\/07\\\/preocupa-a-autoridades-el-numero-de-casos-de-dengue-registrados-en-altamira-y-la-zona\\\/#primaryimage\"},\"image\":{\"@id\":\"https:\\\/\\\/elinformativotam.com\\\/index.php\\\/2024\\\/05\\\/07\\\/preocupa-a-autoridades-el-numero-de-casos-de-dengue-registrados-en-altamira-y-la-zona\\\/#primaryimage\"},\"thumbnailUrl\":\"https:\\\/\\\/elinformativotam.com\\\/wp-content\\\/uploads\\\/2023\\\/07\\\/Dengue.jpg\",\"datePublished\":\"2024-05-08T04:16:40+00:00\",\"description\":\"Autoridades de la Jurisdicci\u00f3n Sanitaria N\u00famero 12, le preocupa el n\u00famero de casos de dengue que se est\u00e1n registrando, ya que hay 22 positivos hasta la\",\"inLanguage\":\"es\",\"potentialAction\":[{\"@type\":\"ReadAction\",\"target\":[\"https:\\\/\\\/elinformativotam.com\\\/index.php\\\/2024\\\/05\\\/07\\\/preocupa-a-autoridades-el-numero-de-casos-de-dengue-registrados-en-altamira-y-la-zona\\\/\"]}]},{\"@type\":\"ImageObject\",\"inLanguage\":\"es\",\"@id\":\"https:\\\/\\\/elinformativotam.com\\\/index.php\\\/2024\\\/05\\\/07\\\/preocupa-a-autoridades-el-numero-de-casos-de-dengue-registrados-en-altamira-y-la-zona\\\/#primaryimage\",\"url\":\"https:\\\/\\\/elinformativotam.com\\\/wp-content\\\/uploads\\\/2023\\\/07\\\/Dengue.jpg\",\"contentUrl\":\"https:\\\/\\\/elinformativotam.com\\\/wp-content\\\/uploads\\\/2023\\\/07\\\/Dengue.jpg\",\"width\":299,\"height\":168},{\"@type\":\"WebSite\",\"@id\":\"https:\\\/\\\/elinformativotam.com\\\/#website\",\"url\":\"https:\\\/\\\/elinformativotam.com\\\/\",\"name\":\"EL INFORMATIVO DE TAMAULIPAS\",\"description\":\"Desde la Zona Metropolitana Para Todo M\u00e9xico\",\"publisher\":{\"@id\":\"https:\\\/\\\/elinformativotam.com\\\/#organization\"},\"potentialAction\":[{\"@type\":\"SearchAction\",\"target\":{\"@type\":\"EntryPoint\",\"urlTemplate\":\"https:\\\/\\\/elinformativotam.com\\\/?s={search_term_string}\"},\"query-input\":{\"@type\":\"PropertyValueSpecification\",\"valueRequired\":true,\"valueName\":\"search_term_string\"}}],\"inLanguage\":\"es\"},{\"@type\":\"Organization\",\"@id\":\"https:\\\/\\\/elinformativotam.com\\\/#organization\",\"name\":\"EL INFORMATIVO DE TAMAULIPAS\",\"url\":\"https:\\\/\\\/elinformativotam.com\\\/\",\"logo\":{\"@type\":\"ImageObject\",\"inLanguage\":\"es\",\"@id\":\"https:\\\/\\\/elinformativotam.com\\\/#\\\/schema\\\/logo\\\/image\\\/\",\"url\":\"https:\\\/\\\/elinformativotam.com\\\/wp-content\\\/uploads\\\/2026\\\/02\\\/Cabezal.png\",\"contentUrl\":\"https:\\\/\\\/elinformativotam.com\\\/wp-content\\\/uploads\\\/2026\\\/02\\\/Cabezal.png\",\"width\":960,\"height\":640,\"caption\":\"EL INFORMATIVO DE TAMAULIPAS\"},\"image\":{\"@id\":\"https:\\\/\\\/elinformativotam.com\\\/#\\\/schema\\\/logo\\\/image\\\/\"}},{\"@type\":\"Person\",\"@id\":\"https:\\\/\\\/elinformativotam.com\\\/#\\\/schema\\\/person\\\/78e08040eed0f6110f0c5f83b6153590\",\"name\":\"El Informativo Tam\",\"image\":{\"@type\":\"ImageObject\",\"inLanguage\":\"es\",\"@id\":\"https:\\\/\\\/secure.gravatar.com\\\/avatar\\\/f3b7ad3af540688955925ac610647be00b0cf41feea9c4978b73a707ee86bc53?s=96&d=mm&r=g\",\"url\":\"https:\\\/\\\/secure.gravatar.com\\\/avatar\\\/f3b7ad3af540688955925ac610647be00b0cf41feea9c4978b73a707ee86bc53?s=96&d=mm&r=g\",\"contentUrl\":\"https:\\\/\\\/secure.gravatar.com\\\/avatar\\\/f3b7ad3af540688955925ac610647be00b0cf41feea9c4978b73a707ee86bc53?s=96&d=mm&r=g\",\"caption\":\"El Informativo Tam\"}}]}<\/script>\n<!-- \/ Yoast SEO plugin. -->","yoast_head_json":{"title":"PREOCUPA A AUTORIDADES EL N\u00daMERO DE CASOS DE DENGUE REGISTRADOS EN ALTAMIRA Y LA ZONA - EL INFORMATIVO DE TAMAULIPAS","description":"Autoridades de la Jurisdicci\u00f3n Sanitaria N\u00famero 12, le preocupa el n\u00famero de casos de dengue que se est\u00e1n registrando, ya que hay 22 positivos hasta la","robots":{"index":"index","follow":"follow","max-snippet":"max-snippet:-1","max-image-preview":"max-image-preview:large","max-video-preview":"max-video-preview:-1"},"canonical":"https:\/\/elinformativotam.com\/index.php\/2024\/05\/07\/preocupa-a-autoridades-el-numero-de-casos-de-dengue-registrados-en-altamira-y-la-zona\/","og_locale":"es_MX","og_type":"article","og_title":"PREOCUPA A AUTORIDADES EL N\u00daMERO DE CASOS DE DENGUE REGISTRADOS EN ALTAMIRA Y LA ZONA - EL INFORMATIVO DE TAMAULIPAS","og_description":"Autoridades de la Jurisdicci\u00f3n Sanitaria N\u00famero 12, le preocupa el n\u00famero de casos de dengue que se est\u00e1n registrando, ya que hay 22 positivos hasta la","og_url":"https:\/\/elinformativotam.com\/index.php\/2024\/05\/07\/preocupa-a-autoridades-el-numero-de-casos-de-dengue-registrados-en-altamira-y-la-zona\/","og_site_name":"EL INFORMATIVO DE TAMAULIPAS","article_published_time":"2024-05-08T04:16:40+00:00","og_image":[{"width":299,"height":168,"url":"https:\/\/elinformativotam.com\/wp-content\/uploads\/2023\/07\/Dengue.jpg","type":"image\/jpeg"}],"author":"El Informativo Tam","twitter_card":"summary_large_image","twitter_misc":{"Escrito por":"El Informativo Tam","Tiempo de lectura":"1 minuto"},"schema":{"@context":"https:\/\/schema.org","@graph":[{"@type":"Article","@id":"https:\/\/elinformativotam.com\/index.php\/2024\/05\/07\/preocupa-a-autoridades-el-numero-de-casos-de-dengue-registrados-en-altamira-y-la-zona\/#article","isPartOf":{"@id":"https:\/\/elinformativotam.com\/index.php\/2024\/05\/07\/preocupa-a-autoridades-el-numero-de-casos-de-dengue-registrados-en-altamira-y-la-zona\/"},"author":{"name":"El Informativo Tam","@id":"https:\/\/elinformativotam.com\/#\/schema\/person\/78e08040eed0f6110f0c5f83b6153590"},"headline":"PREOCUPA A AUTORIDADES EL N\u00daMERO DE CASOS DE DENGUE REGISTRADOS EN ALTAMIRA Y LA ZONA","datePublished":"2024-05-08T04:16:40+00:00","mainEntityOfPage":{"@id":"https:\/\/elinformativotam.com\/index.php\/2024\/05\/07\/preocupa-a-autoridades-el-numero-de-casos-de-dengue-registrados-en-altamira-y-la-zona\/"},"wordCount":213,"commentCount":0,"publisher":{"@id":"https:\/\/elinformativotam.com\/#organization"},"image":{"@id":"https:\/\/elinformativotam.com\/index.php\/2024\/05\/07\/preocupa-a-autoridades-el-numero-de-casos-de-dengue-registrados-en-altamira-y-la-zona\/#primaryimage"},"thumbnailUrl":"https:\/\/elinformativotam.com\/wp-content\/uploads\/2023\/07\/Dengue.jpg","articleSection":["Altamira"],"inLanguage":"es","potentialAction":[{"@type":"CommentAction","name":"Comment","target":["https:\/\/elinformativotam.com\/index.php\/2024\/05\/07\/preocupa-a-autoridades-el-numero-de-casos-de-dengue-registrados-en-altamira-y-la-zona\/#respond"]}]},{"@type":"WebPage","@id":"https:\/\/elinformativotam.com\/index.php\/2024\/05\/07\/preocupa-a-autoridades-el-numero-de-casos-de-dengue-registrados-en-altamira-y-la-zona\/","url":"https:\/\/elinformativotam.com\/index.php\/2024\/05\/07\/preocupa-a-autoridades-el-numero-de-casos-de-dengue-registrados-en-altamira-y-la-zona\/","name":"PREOCUPA A AUTORIDADES EL N\u00daMERO DE CASOS DE DENGUE REGISTRADOS EN ALTAMIRA Y LA ZONA - EL INFORMATIVO DE TAMAULIPAS","isPartOf":{"@id":"https:\/\/elinformativotam.com\/#website"},"primaryImageOfPage":{"@id":"https:\/\/elinformativotam.com\/index.php\/2024\/05\/07\/preocupa-a-autoridades-el-numero-de-casos-de-dengue-registrados-en-altamira-y-la-zona\/#primaryimage"},"image":{"@id":"https:\/\/elinformativotam.com\/index.php\/2024\/05\/07\/preocupa-a-autoridades-el-numero-de-casos-de-dengue-registrados-en-altamira-y-la-zona\/#primaryimage"},"thumbnailUrl":"https:\/\/elinformativotam.com\/wp-content\/uploads\/2023\/07\/Dengue.jpg","datePublished":"2024-05-08T04:16:40+00:00","description":"Autoridades de la Jurisdicci\u00f3n Sanitaria N\u00famero 12, le preocupa el n\u00famero de casos de dengue que se est\u00e1n registrando, ya que hay 22 positivos hasta la","inLanguage":"es","potentialAction":[{"@type":"ReadAction","target":["https:\/\/elinformativotam.com\/index.php\/2024\/05\/07\/preocupa-a-autoridades-el-numero-de-casos-de-dengue-registrados-en-altamira-y-la-zona\/"]}]},{"@type":"ImageObject","inLanguage":"es","@id":"https:\/\/elinformativotam.com\/index.php\/2024\/05\/07\/preocupa-a-autoridades-el-numero-de-casos-de-dengue-registrados-en-altamira-y-la-zona\/#primaryimage","url":"https:\/\/elinformativotam.com\/wp-content\/uploads\/2023\/07\/Dengue.jpg","contentUrl":"https:\/\/elinformativotam.com\/wp-content\/uploads\/2023\/07\/Dengue.jpg","width":299,"height":168},{"@type":"WebSite","@id":"https:\/\/elinformativotam.com\/#website","url":"https:\/\/elinformativotam.com\/","name":"EL INFORMATIVO DE TAMAULIPAS","description":"Desde la Zona Metropolitana Para Todo M\u00e9xico","publisher":{"@id":"https:\/\/elinformativotam.com\/#organization"},"potentialAction":[{"@type":"SearchAction","target":{"@type":"EntryPoint","urlTemplate":"https:\/\/elinformativotam.com\/?s={search_term_string}"},"query-input":{"@type":"PropertyValueSpecification","valueRequired":true,"valueName":"search_term_string"}}],"inLanguage":"es"},{"@type":"Organization","@id":"https:\/\/elinformativotam.com\/#organization","name":"EL INFORMATIVO DE TAMAULIPAS","url":"https:\/\/elinformativotam.com\/","logo":{"@type":"ImageObject","inLanguage":"es","@id":"https:\/\/elinformativotam.com\/#\/schema\/logo\/image\/","url":"https:\/\/elinformativotam.com\/wp-content\/uploads\/2026\/02\/Cabezal.png","contentUrl":"https:\/\/elinformativotam.com\/wp-content\/uploads\/2026\/02\/Cabezal.png","width":960,"height":640,"caption":"EL INFORMATIVO DE TAMAULIPAS"},"image":{"@id":"https:\/\/elinformativotam.com\/#\/schema\/logo\/image\/"}},{"@type":"Person","@id":"https:\/\/elinformativotam.com\/#\/schema\/person\/78e08040eed0f6110f0c5f83b6153590","name":"El Informativo Tam","image":{"@type":"ImageObject","inLanguage":"es","@id":"https:\/\/secure.gravatar.com\/avatar\/f3b7ad3af540688955925ac610647be00b0cf41feea9c4978b73a707ee86bc53?s=96&d=mm&r=g","url":"https:\/\/secure.gravatar.com\/avatar\/f3b7ad3af540688955925ac610647be00b0cf41feea9c4978b73a707ee86bc53?s=96&d=mm&r=g","contentUrl":"https:\/\/secure.gravatar.com\/avatar\/f3b7ad3af540688955925ac610647be00b0cf41feea9c4978b73a707ee86bc53?s=96&d=mm&r=g","caption":"El Informativo Tam"}}]}},"_links":{"self":[{"href":"https:\/\/elinformativotam.com\/index.php\/wp-json\/wp\/v2\/posts\/50669","targetHints":{"allow":["GET"]}}],"collection":[{"href":"https:\/\/elinformativotam.com\/index.php\/wp-json\/wp\/v2\/posts"}],"about":[{"href":"https:\/\/elinformativotam.com\/index.php\/wp-json\/wp\/v2\/types\/post"}],"author":[{"embeddable":true,"href":"https:\/\/elinformativotam.com\/index.php\/wp-json\/wp\/v2\/users\/1"}],"replies":[{"embeddable":true,"href":"https:\/\/elinformativotam.com\/index.php\/wp-json\/wp\/v2\/comments?post=50669"}],"version-history":[{"count":1,"href":"https:\/\/elinformativotam.com\/index.php\/wp-json\/wp\/v2\/posts\/50669\/revisions"}],"predecessor-version":[{"id":50670,"href":"https:\/\/elinformativotam.com\/index.php\/wp-json\/wp\/v2\/posts\/50669\/revisions\/50670"}],"wp:featuredmedia":[{"embeddable":true,"href":"https:\/\/elinformativotam.com\/index.php\/wp-json\/wp\/v2\/media\/44113"}],"wp:attachment":[{"href":"https:\/\/elinformativotam.com\/index.php\/wp-json\/wp\/v2\/media?parent=50669"}],"wp:term":[{"taxonomy":"category","embeddable":true,"href":"https:\/\/elinformativotam.com\/index.php\/wp-json\/wp\/v2\/categories?post=50669"},{"taxonomy":"post_tag","embeddable":true,"href":"https:\/\/elinformativotam.com\/index.php\/wp-json\/wp\/v2\/tags?post=50669"}],"curies":[{"name":"wp","href":"https:\/\/api.w.org\/{rel}","templated":true}]}}