{"id":50647,"date":"2024-05-06T22:27:48","date_gmt":"2024-05-07T04:27:48","guid":{"rendered":"https:\/\/elinformativotam.com\/?p=50647"},"modified":"2024-05-06T22:27:48","modified_gmt":"2024-05-07T04:27:48","slug":"debe-mejorar-servicio-cfe-quejas-de-la-poblacion-de-tampico-siguen-a-la-alza","status":"publish","type":"post","link":"https:\/\/elinformativotam.com\/index.php\/2024\/05\/06\/debe-mejorar-servicio-cfe-quejas-de-la-poblacion-de-tampico-siguen-a-la-alza\/","title":{"rendered":"DEBE MEJORAR SERVICIO CFE; QUEJAS DE LA POBLACI\u00d3N DE TAMPICO SIGUEN A LA ALZA"},"content":{"rendered":"<h2 style=\"text-align: center;\"><em><span style=\"font-family: 'times new roman', times;\">*Los Apagones Y Cortes Parciales En El Suministro De Energ\u00eda El\u00e9ctrica Llegaron A La Ciudad De Nueva Cuenta<\/span><\/em><\/h2>\n<p>&nbsp;<\/p>\n<p>&nbsp;<\/p>\n<p>La temporada de apagones en Tampico regres\u00f3 para esta temporada de altas temperaturas. La zona centro de Tampico y varias colonias de la parte sur y norte ya sufren los cortes parciales y en algunos casos por m\u00e1s de dos d\u00edas el suministro de energ\u00eda el\u00e9ctrica, situaci\u00f3n que inc\u00f3moda mucho a la poblaci\u00f3n.<\/p>\n<p>&nbsp;<\/p>\n<p>Al respecto, la candidata a la alcald\u00eda de Tampico, Rosa Mar\u00eda Gonz\u00e1lez Azc\u00e1rraga, se\u00f1al\u00f3 que \u00e9ste esencial servicio no puede\u00a0 continuar as\u00ed, pues la llamada &#8220;empresa de clase mundial&#8221; debe invertir m\u00e1s en la infraestructura que tiene en la ciudad.<\/p>\n<p>&nbsp;<\/p>\n<p>Indic\u00f3, que una prueba es que la paraestatal ya no quiere cambiar transformadores o incluir m\u00e1s en las colonias, donde el uso mayor de energ\u00eda el\u00e9ctrica aumenta considerablemente por el manejo del aire acondicionado, y el incremento en la instalaci\u00f3n de negocios de diferentes giros.<\/p>\n<p>&nbsp;<\/p>\n<p>Explic\u00f3 que en los recorridos de proselitismo que lleva a cabo por las colonias, una de las principales quejas de la poblaci\u00f3n es el mal servicio que presta CFE y otras dependencias m\u00e1s como Comapa Sur.<\/p>\n<p>&nbsp;<\/p>\n<p>Record\u00f3 que otro clamor generalizado que hace el ciudadano es que la tarifa por el uso de energ\u00eda el\u00e9ctrica tenga ya un ajuste, pues los altos cobros no se reflejan en un adecuado servicio.<\/p>\n<p>&nbsp;<\/p>\n<p>&#8220;Es necesario que utilicen el dinero para reponer y actualizar su infraestructura, y que la administraci\u00f3n de CFE mejore&#8221; a\u00f1adi\u00f3<\/p>\n<p>&nbsp;<\/p>\n<p>Finalmente, la abanderada de la coalici\u00f3n Fuerza y Coraz\u00f3n por Tamaulipas a la Presidencia Municipal de Tampico, manifest\u00f3 que el nuevo sexenio federal deber\u00e1 de tener en su agenda el tema de la reclasificaci\u00f3n de las tarifas de luz, pues al menos para Tampico y su zona sur es urgente.<\/p>\n<p>&nbsp;<\/p>\n","protected":false},"excerpt":{"rendered":"<p>*Los Apagones Y Cortes Parciales En El Suministro De Energ\u00eda El\u00e9ctrica Llegaron A La Ciudad De Nueva Cuenta &nbsp; &nbsp;&hellip;<\/p>\n","protected":false},"author":1,"featured_media":50638,"comment_status":"open","ping_status":"open","sticky":false,"template":"","format":"standard","meta":{"footnotes":""},"categories":[3],"tags":[],"class_list":["post-50647","post","type-post","status-publish","format-standard","has-post-thumbnail","hentry","category-tampico"],"yoast_head":"<!-- This site is optimized with the Yoast SEO plugin v27.4 - https:\/\/yoast.com\/product\/yoast-seo-wordpress\/ -->\n<title>DEBE MEJORAR SERVICIO CFE; QUEJAS DE LA POBLACI\u00d3N DE TAMPICO SIGUEN A LA ALZA - EL INFORMATIVO DE TAMAULIPAS<\/title>\n<meta name=\"description\" content=\"*Los Apagones Y Cortes Parciales En El Suministro De Energ\u00eda El\u00e9ctrica Llegaron A La Ciudad De Nueva Cuenta &nbsp; &nbsp; La temporada de apagones en\" \/>\n<meta name=\"robots\" content=\"index, follow, max-snippet:-1, max-image-preview:large, max-video-preview:-1\" \/>\n<link rel=\"canonical\" href=\"https:\/\/elinformativotam.com\/index.php\/2024\/05\/06\/debe-mejorar-servicio-cfe-quejas-de-la-poblacion-de-tampico-siguen-a-la-alza\/\" \/>\n<meta property=\"og:locale\" content=\"es_MX\" \/>\n<meta property=\"og:type\" content=\"article\" \/>\n<meta property=\"og:title\" content=\"DEBE MEJORAR SERVICIO CFE; QUEJAS DE LA POBLACI\u00d3N DE TAMPICO SIGUEN A LA ALZA - EL INFORMATIVO DE TAMAULIPAS\" \/>\n<meta property=\"og:description\" content=\"*Los Apagones Y Cortes Parciales En El Suministro De Energ\u00eda El\u00e9ctrica Llegaron A La Ciudad De Nueva Cuenta &nbsp; &nbsp; La temporada de apagones en\" \/>\n<meta property=\"og:url\" content=\"https:\/\/elinformativotam.com\/index.php\/2024\/05\/06\/debe-mejorar-servicio-cfe-quejas-de-la-poblacion-de-tampico-siguen-a-la-alza\/\" \/>\n<meta property=\"og:site_name\" content=\"EL INFORMATIVO DE TAMAULIPAS\" \/>\n<meta property=\"article:published_time\" content=\"2024-05-07T04:27:48+00:00\" \/>\n<meta property=\"og:image\" content=\"https:\/\/elinformativotam.com\/wp-content\/uploads\/2024\/05\/Rosa-scaled.jpeg\" \/>\n\t<meta property=\"og:image:width\" content=\"2560\" \/>\n\t<meta property=\"og:image:height\" content=\"1706\" \/>\n\t<meta property=\"og:image:type\" content=\"image\/jpeg\" \/>\n<meta name=\"author\" content=\"El Informativo Tam\" \/>\n<meta name=\"twitter:card\" content=\"summary_large_image\" \/>\n<meta name=\"twitter:label1\" content=\"Escrito por\" \/>\n\t<meta name=\"twitter:data1\" content=\"El Informativo Tam\" \/>\n\t<meta name=\"twitter:label2\" content=\"Tiempo de lectura\" \/>\n\t<meta name=\"twitter:data2\" content=\"2 minutos\" \/>\n<script type=\"application\/ld+json\" class=\"yoast-schema-graph\">{\"@context\":\"https:\\\/\\\/schema.org\",\"@graph\":[{\"@type\":\"Article\",\"@id\":\"https:\\\/\\\/elinformativotam.com\\\/index.php\\\/2024\\\/05\\\/06\\\/debe-mejorar-servicio-cfe-quejas-de-la-poblacion-de-tampico-siguen-a-la-alza\\\/#article\",\"isPartOf\":{\"@id\":\"https:\\\/\\\/elinformativotam.com\\\/index.php\\\/2024\\\/05\\\/06\\\/debe-mejorar-servicio-cfe-quejas-de-la-poblacion-de-tampico-siguen-a-la-alza\\\/\"},\"author\":{\"name\":\"El Informativo Tam\",\"@id\":\"https:\\\/\\\/elinformativotam.com\\\/#\\\/schema\\\/person\\\/78e08040eed0f6110f0c5f83b6153590\"},\"headline\":\"DEBE MEJORAR SERVICIO CFE; QUEJAS DE LA POBLACI\u00d3N DE TAMPICO SIGUEN A LA ALZA\",\"datePublished\":\"2024-05-07T04:27:48+00:00\",\"mainEntityOfPage\":{\"@id\":\"https:\\\/\\\/elinformativotam.com\\\/index.php\\\/2024\\\/05\\\/06\\\/debe-mejorar-servicio-cfe-quejas-de-la-poblacion-de-tampico-siguen-a-la-alza\\\/\"},\"wordCount\":348,\"commentCount\":0,\"publisher\":{\"@id\":\"https:\\\/\\\/elinformativotam.com\\\/#organization\"},\"image\":{\"@id\":\"https:\\\/\\\/elinformativotam.com\\\/index.php\\\/2024\\\/05\\\/06\\\/debe-mejorar-servicio-cfe-quejas-de-la-poblacion-de-tampico-siguen-a-la-alza\\\/#primaryimage\"},\"thumbnailUrl\":\"https:\\\/\\\/elinformativotam.com\\\/wp-content\\\/uploads\\\/2024\\\/05\\\/Rosa-scaled.jpeg\",\"articleSection\":[\"Tampico\"],\"inLanguage\":\"es\",\"potentialAction\":[{\"@type\":\"CommentAction\",\"name\":\"Comment\",\"target\":[\"https:\\\/\\\/elinformativotam.com\\\/index.php\\\/2024\\\/05\\\/06\\\/debe-mejorar-servicio-cfe-quejas-de-la-poblacion-de-tampico-siguen-a-la-alza\\\/#respond\"]}]},{\"@type\":\"WebPage\",\"@id\":\"https:\\\/\\\/elinformativotam.com\\\/index.php\\\/2024\\\/05\\\/06\\\/debe-mejorar-servicio-cfe-quejas-de-la-poblacion-de-tampico-siguen-a-la-alza\\\/\",\"url\":\"https:\\\/\\\/elinformativotam.com\\\/index.php\\\/2024\\\/05\\\/06\\\/debe-mejorar-servicio-cfe-quejas-de-la-poblacion-de-tampico-siguen-a-la-alza\\\/\",\"name\":\"DEBE MEJORAR SERVICIO CFE; QUEJAS DE LA POBLACI\u00d3N DE TAMPICO SIGUEN A LA ALZA - EL INFORMATIVO DE TAMAULIPAS\",\"isPartOf\":{\"@id\":\"https:\\\/\\\/elinformativotam.com\\\/#website\"},\"primaryImageOfPage\":{\"@id\":\"https:\\\/\\\/elinformativotam.com\\\/index.php\\\/2024\\\/05\\\/06\\\/debe-mejorar-servicio-cfe-quejas-de-la-poblacion-de-tampico-siguen-a-la-alza\\\/#primaryimage\"},\"image\":{\"@id\":\"https:\\\/\\\/elinformativotam.com\\\/index.php\\\/2024\\\/05\\\/06\\\/debe-mejorar-servicio-cfe-quejas-de-la-poblacion-de-tampico-siguen-a-la-alza\\\/#primaryimage\"},\"thumbnailUrl\":\"https:\\\/\\\/elinformativotam.com\\\/wp-content\\\/uploads\\\/2024\\\/05\\\/Rosa-scaled.jpeg\",\"datePublished\":\"2024-05-07T04:27:48+00:00\",\"description\":\"*Los Apagones Y Cortes Parciales En El Suministro De Energ\u00eda El\u00e9ctrica Llegaron A La Ciudad De Nueva Cuenta &nbsp; &nbsp; La temporada de apagones en\",\"inLanguage\":\"es\",\"potentialAction\":[{\"@type\":\"ReadAction\",\"target\":[\"https:\\\/\\\/elinformativotam.com\\\/index.php\\\/2024\\\/05\\\/06\\\/debe-mejorar-servicio-cfe-quejas-de-la-poblacion-de-tampico-siguen-a-la-alza\\\/\"]}]},{\"@type\":\"ImageObject\",\"inLanguage\":\"es\",\"@id\":\"https:\\\/\\\/elinformativotam.com\\\/index.php\\\/2024\\\/05\\\/06\\\/debe-mejorar-servicio-cfe-quejas-de-la-poblacion-de-tampico-siguen-a-la-alza\\\/#primaryimage\",\"url\":\"https:\\\/\\\/elinformativotam.com\\\/wp-content\\\/uploads\\\/2024\\\/05\\\/Rosa-scaled.jpeg\",\"contentUrl\":\"https:\\\/\\\/elinformativotam.com\\\/wp-content\\\/uploads\\\/2024\\\/05\\\/Rosa-scaled.jpeg\",\"width\":2560,\"height\":1706},{\"@type\":\"WebSite\",\"@id\":\"https:\\\/\\\/elinformativotam.com\\\/#website\",\"url\":\"https:\\\/\\\/elinformativotam.com\\\/\",\"name\":\"EL INFORMATIVO DE TAMAULIPAS\",\"description\":\"Desde la Zona Metropolitana Para Todo M\u00e9xico\",\"publisher\":{\"@id\":\"https:\\\/\\\/elinformativotam.com\\\/#organization\"},\"potentialAction\":[{\"@type\":\"SearchAction\",\"target\":{\"@type\":\"EntryPoint\",\"urlTemplate\":\"https:\\\/\\\/elinformativotam.com\\\/?s={search_term_string}\"},\"query-input\":{\"@type\":\"PropertyValueSpecification\",\"valueRequired\":true,\"valueName\":\"search_term_string\"}}],\"inLanguage\":\"es\"},{\"@type\":\"Organization\",\"@id\":\"https:\\\/\\\/elinformativotam.com\\\/#organization\",\"name\":\"EL INFORMATIVO DE TAMAULIPAS\",\"url\":\"https:\\\/\\\/elinformativotam.com\\\/\",\"logo\":{\"@type\":\"ImageObject\",\"inLanguage\":\"es\",\"@id\":\"https:\\\/\\\/elinformativotam.com\\\/#\\\/schema\\\/logo\\\/image\\\/\",\"url\":\"https:\\\/\\\/elinformativotam.com\\\/wp-content\\\/uploads\\\/2026\\\/02\\\/Cabezal.png\",\"contentUrl\":\"https:\\\/\\\/elinformativotam.com\\\/wp-content\\\/uploads\\\/2026\\\/02\\\/Cabezal.png\",\"width\":960,\"height\":640,\"caption\":\"EL INFORMATIVO DE TAMAULIPAS\"},\"image\":{\"@id\":\"https:\\\/\\\/elinformativotam.com\\\/#\\\/schema\\\/logo\\\/image\\\/\"}},{\"@type\":\"Person\",\"@id\":\"https:\\\/\\\/elinformativotam.com\\\/#\\\/schema\\\/person\\\/78e08040eed0f6110f0c5f83b6153590\",\"name\":\"El Informativo Tam\",\"image\":{\"@type\":\"ImageObject\",\"inLanguage\":\"es\",\"@id\":\"https:\\\/\\\/secure.gravatar.com\\\/avatar\\\/f3b7ad3af540688955925ac610647be00b0cf41feea9c4978b73a707ee86bc53?s=96&d=mm&r=g\",\"url\":\"https:\\\/\\\/secure.gravatar.com\\\/avatar\\\/f3b7ad3af540688955925ac610647be00b0cf41feea9c4978b73a707ee86bc53?s=96&d=mm&r=g\",\"contentUrl\":\"https:\\\/\\\/secure.gravatar.com\\\/avatar\\\/f3b7ad3af540688955925ac610647be00b0cf41feea9c4978b73a707ee86bc53?s=96&d=mm&r=g\",\"caption\":\"El Informativo Tam\"}}]}<\/script>\n<!-- \/ Yoast SEO plugin. -->","yoast_head_json":{"title":"DEBE MEJORAR SERVICIO CFE; QUEJAS DE LA POBLACI\u00d3N DE TAMPICO SIGUEN A LA ALZA - EL INFORMATIVO DE TAMAULIPAS","description":"*Los Apagones Y Cortes Parciales En El Suministro De Energ\u00eda El\u00e9ctrica Llegaron A La Ciudad De Nueva Cuenta &nbsp; &nbsp; La temporada de apagones en","robots":{"index":"index","follow":"follow","max-snippet":"max-snippet:-1","max-image-preview":"max-image-preview:large","max-video-preview":"max-video-preview:-1"},"canonical":"https:\/\/elinformativotam.com\/index.php\/2024\/05\/06\/debe-mejorar-servicio-cfe-quejas-de-la-poblacion-de-tampico-siguen-a-la-alza\/","og_locale":"es_MX","og_type":"article","og_title":"DEBE MEJORAR SERVICIO CFE; QUEJAS DE LA POBLACI\u00d3N DE TAMPICO SIGUEN A LA ALZA - EL INFORMATIVO DE TAMAULIPAS","og_description":"*Los Apagones Y Cortes Parciales En El Suministro De Energ\u00eda El\u00e9ctrica Llegaron A La Ciudad De Nueva Cuenta &nbsp; &nbsp; La temporada de apagones en","og_url":"https:\/\/elinformativotam.com\/index.php\/2024\/05\/06\/debe-mejorar-servicio-cfe-quejas-de-la-poblacion-de-tampico-siguen-a-la-alza\/","og_site_name":"EL INFORMATIVO DE TAMAULIPAS","article_published_time":"2024-05-07T04:27:48+00:00","og_image":[{"width":2560,"height":1706,"url":"https:\/\/elinformativotam.com\/wp-content\/uploads\/2024\/05\/Rosa-scaled.jpeg","type":"image\/jpeg"}],"author":"El Informativo Tam","twitter_card":"summary_large_image","twitter_misc":{"Escrito por":"El Informativo Tam","Tiempo de lectura":"2 minutos"},"schema":{"@context":"https:\/\/schema.org","@graph":[{"@type":"Article","@id":"https:\/\/elinformativotam.com\/index.php\/2024\/05\/06\/debe-mejorar-servicio-cfe-quejas-de-la-poblacion-de-tampico-siguen-a-la-alza\/#article","isPartOf":{"@id":"https:\/\/elinformativotam.com\/index.php\/2024\/05\/06\/debe-mejorar-servicio-cfe-quejas-de-la-poblacion-de-tampico-siguen-a-la-alza\/"},"author":{"name":"El Informativo Tam","@id":"https:\/\/elinformativotam.com\/#\/schema\/person\/78e08040eed0f6110f0c5f83b6153590"},"headline":"DEBE MEJORAR SERVICIO CFE; QUEJAS DE LA POBLACI\u00d3N DE TAMPICO SIGUEN A LA ALZA","datePublished":"2024-05-07T04:27:48+00:00","mainEntityOfPage":{"@id":"https:\/\/elinformativotam.com\/index.php\/2024\/05\/06\/debe-mejorar-servicio-cfe-quejas-de-la-poblacion-de-tampico-siguen-a-la-alza\/"},"wordCount":348,"commentCount":0,"publisher":{"@id":"https:\/\/elinformativotam.com\/#organization"},"image":{"@id":"https:\/\/elinformativotam.com\/index.php\/2024\/05\/06\/debe-mejorar-servicio-cfe-quejas-de-la-poblacion-de-tampico-siguen-a-la-alza\/#primaryimage"},"thumbnailUrl":"https:\/\/elinformativotam.com\/wp-content\/uploads\/2024\/05\/Rosa-scaled.jpeg","articleSection":["Tampico"],"inLanguage":"es","potentialAction":[{"@type":"CommentAction","name":"Comment","target":["https:\/\/elinformativotam.com\/index.php\/2024\/05\/06\/debe-mejorar-servicio-cfe-quejas-de-la-poblacion-de-tampico-siguen-a-la-alza\/#respond"]}]},{"@type":"WebPage","@id":"https:\/\/elinformativotam.com\/index.php\/2024\/05\/06\/debe-mejorar-servicio-cfe-quejas-de-la-poblacion-de-tampico-siguen-a-la-alza\/","url":"https:\/\/elinformativotam.com\/index.php\/2024\/05\/06\/debe-mejorar-servicio-cfe-quejas-de-la-poblacion-de-tampico-siguen-a-la-alza\/","name":"DEBE MEJORAR SERVICIO CFE; QUEJAS DE LA POBLACI\u00d3N DE TAMPICO SIGUEN A LA ALZA - EL INFORMATIVO DE TAMAULIPAS","isPartOf":{"@id":"https:\/\/elinformativotam.com\/#website"},"primaryImageOfPage":{"@id":"https:\/\/elinformativotam.com\/index.php\/2024\/05\/06\/debe-mejorar-servicio-cfe-quejas-de-la-poblacion-de-tampico-siguen-a-la-alza\/#primaryimage"},"image":{"@id":"https:\/\/elinformativotam.com\/index.php\/2024\/05\/06\/debe-mejorar-servicio-cfe-quejas-de-la-poblacion-de-tampico-siguen-a-la-alza\/#primaryimage"},"thumbnailUrl":"https:\/\/elinformativotam.com\/wp-content\/uploads\/2024\/05\/Rosa-scaled.jpeg","datePublished":"2024-05-07T04:27:48+00:00","description":"*Los Apagones Y Cortes Parciales En El Suministro De Energ\u00eda El\u00e9ctrica Llegaron A La Ciudad De Nueva Cuenta &nbsp; &nbsp; La temporada de apagones en","inLanguage":"es","potentialAction":[{"@type":"ReadAction","target":["https:\/\/elinformativotam.com\/index.php\/2024\/05\/06\/debe-mejorar-servicio-cfe-quejas-de-la-poblacion-de-tampico-siguen-a-la-alza\/"]}]},{"@type":"ImageObject","inLanguage":"es","@id":"https:\/\/elinformativotam.com\/index.php\/2024\/05\/06\/debe-mejorar-servicio-cfe-quejas-de-la-poblacion-de-tampico-siguen-a-la-alza\/#primaryimage","url":"https:\/\/elinformativotam.com\/wp-content\/uploads\/2024\/05\/Rosa-scaled.jpeg","contentUrl":"https:\/\/elinformativotam.com\/wp-content\/uploads\/2024\/05\/Rosa-scaled.jpeg","width":2560,"height":1706},{"@type":"WebSite","@id":"https:\/\/elinformativotam.com\/#website","url":"https:\/\/elinformativotam.com\/","name":"EL INFORMATIVO DE TAMAULIPAS","description":"Desde la Zona Metropolitana Para Todo M\u00e9xico","publisher":{"@id":"https:\/\/elinformativotam.com\/#organization"},"potentialAction":[{"@type":"SearchAction","target":{"@type":"EntryPoint","urlTemplate":"https:\/\/elinformativotam.com\/?s={search_term_string}"},"query-input":{"@type":"PropertyValueSpecification","valueRequired":true,"valueName":"search_term_string"}}],"inLanguage":"es"},{"@type":"Organization","@id":"https:\/\/elinformativotam.com\/#organization","name":"EL INFORMATIVO DE TAMAULIPAS","url":"https:\/\/elinformativotam.com\/","logo":{"@type":"ImageObject","inLanguage":"es","@id":"https:\/\/elinformativotam.com\/#\/schema\/logo\/image\/","url":"https:\/\/elinformativotam.com\/wp-content\/uploads\/2026\/02\/Cabezal.png","contentUrl":"https:\/\/elinformativotam.com\/wp-content\/uploads\/2026\/02\/Cabezal.png","width":960,"height":640,"caption":"EL INFORMATIVO DE TAMAULIPAS"},"image":{"@id":"https:\/\/elinformativotam.com\/#\/schema\/logo\/image\/"}},{"@type":"Person","@id":"https:\/\/elinformativotam.com\/#\/schema\/person\/78e08040eed0f6110f0c5f83b6153590","name":"El Informativo Tam","image":{"@type":"ImageObject","inLanguage":"es","@id":"https:\/\/secure.gravatar.com\/avatar\/f3b7ad3af540688955925ac610647be00b0cf41feea9c4978b73a707ee86bc53?s=96&d=mm&r=g","url":"https:\/\/secure.gravatar.com\/avatar\/f3b7ad3af540688955925ac610647be00b0cf41feea9c4978b73a707ee86bc53?s=96&d=mm&r=g","contentUrl":"https:\/\/secure.gravatar.com\/avatar\/f3b7ad3af540688955925ac610647be00b0cf41feea9c4978b73a707ee86bc53?s=96&d=mm&r=g","caption":"El Informativo Tam"}}]}},"_links":{"self":[{"href":"https:\/\/elinformativotam.com\/index.php\/wp-json\/wp\/v2\/posts\/50647","targetHints":{"allow":["GET"]}}],"collection":[{"href":"https:\/\/elinformativotam.com\/index.php\/wp-json\/wp\/v2\/posts"}],"about":[{"href":"https:\/\/elinformativotam.com\/index.php\/wp-json\/wp\/v2\/types\/post"}],"author":[{"embeddable":true,"href":"https:\/\/elinformativotam.com\/index.php\/wp-json\/wp\/v2\/users\/1"}],"replies":[{"embeddable":true,"href":"https:\/\/elinformativotam.com\/index.php\/wp-json\/wp\/v2\/comments?post=50647"}],"version-history":[{"count":1,"href":"https:\/\/elinformativotam.com\/index.php\/wp-json\/wp\/v2\/posts\/50647\/revisions"}],"predecessor-version":[{"id":50648,"href":"https:\/\/elinformativotam.com\/index.php\/wp-json\/wp\/v2\/posts\/50647\/revisions\/50648"}],"wp:featuredmedia":[{"embeddable":true,"href":"https:\/\/elinformativotam.com\/index.php\/wp-json\/wp\/v2\/media\/50638"}],"wp:attachment":[{"href":"https:\/\/elinformativotam.com\/index.php\/wp-json\/wp\/v2\/media?parent=50647"}],"wp:term":[{"taxonomy":"category","embeddable":true,"href":"https:\/\/elinformativotam.com\/index.php\/wp-json\/wp\/v2\/categories?post=50647"},{"taxonomy":"post_tag","embeddable":true,"href":"https:\/\/elinformativotam.com\/index.php\/wp-json\/wp\/v2\/tags?post=50647"}],"curies":[{"name":"wp","href":"https:\/\/api.w.org\/{rel}","templated":true}]}}