{"id":50630,"date":"2024-05-06T14:21:52","date_gmt":"2024-05-06T20:21:52","guid":{"rendered":"https:\/\/elinformativotam.com\/?p=50630"},"modified":"2024-05-06T14:21:52","modified_gmt":"2024-05-06T20:21:52","slug":"exitosas-gestiones-realiza-mon-maron-para-el-mejoramiento-del-puente-tampico","status":"publish","type":"post","link":"https:\/\/elinformativotam.com\/index.php\/2024\/05\/06\/exitosas-gestiones-realiza-mon-maron-para-el-mejoramiento-del-puente-tampico\/","title":{"rendered":"Exitosas gestiones realiza Mon Mar\u00f3n para el Mejoramiento del Puente Tampico"},"content":{"rendered":"<p style=\"text-align: center;\"><em>*Actualmente sigue en curso la petici\u00f3n de eliminaci\u00f3n o reubicaci\u00f3n de la Caseta.<\/em><\/p>\n<p>&nbsp;<\/p>\n<p>Al reconocer que el Puente Tampico es un icono de la ciudad, el Diputado Local Mon Mar\u00f3n se\u00f1al\u00f3 que ha sido una gesti\u00f3n constante y continua ante Caminos y Puentes Federales efect\u00fae el mantenimiento oportuno y tareas de mantenimiento en esta importante v\u00eda de comunicaci\u00f3n que une a Tamaulipas y Veracruz.<\/p>\n<p>\u201cSon muchas gestiones, desde el Congreso Estatal, hemos levantado la voz ante CAPUFE , pues es importante las reparaciones y acciones preventivas para un \u00f3ptimo estado el Puente Tampico, afortunadamente nos han escuchado y se han llevado avances sustantivos en su mantenimiento\u201d se\u00f1al\u00f3.<\/p>\n<p>&nbsp;<\/p>\n<p><img loading=\"lazy\" decoding=\"async\" class=\"alignnone size-medium wp-image-50632\" src=\"https:\/\/elinformativotam.com\/wp-content\/uploads\/2024\/05\/IMG-20240506-WA0114-487x365.jpg\" alt=\"\" width=\"487\" height=\"365\" srcset=\"https:\/\/elinformativotam.com\/wp-content\/uploads\/2024\/05\/IMG-20240506-WA0114-487x365.jpg 487w, https:\/\/elinformativotam.com\/wp-content\/uploads\/2024\/05\/IMG-20240506-WA0114-840x630.jpg 840w, https:\/\/elinformativotam.com\/wp-content\/uploads\/2024\/05\/IMG-20240506-WA0114-768x576.jpg 768w, https:\/\/elinformativotam.com\/wp-content\/uploads\/2024\/05\/IMG-20240506-WA0114-160x120.jpg 160w, https:\/\/elinformativotam.com\/wp-content\/uploads\/2024\/05\/IMG-20240506-WA0114.jpg 1024w\" sizes=\"auto, (max-width: 487px) 100vw, 487px\" \/><\/p>\n<p>Mon Mar\u00f3n dijo que es oportuno recortar esa labor de gestoria que logr\u00f3 primeramente la reparaci\u00f3n de su infraestructura como lo son los anclajes y tirantes , es decir todas las partes importantes que hacen que el Puente Tampico sea importante para pasar d\u00eda a d\u00eda.<\/p>\n<p>Posteriormente dijo que otra gesti\u00f3n fue el solicitud de la iluminaci\u00f3n y mantenimiento a barandales, en donde CAPUFE ha atendido esta petici\u00f3n , haciendo lo conducente para una mejor iluminaci\u00f3n. Y seguridad de lo peatones que cruzan por esta v\u00eda de comunicaci\u00f3n.<\/p>\n<p>Por otra parte el legislador tampique\u00f1o coment\u00f3 que actualmente se est\u00e1 haciendo el reeencarpetado que se hab\u00eda solicitado, obra material que es muy ben\u00e9fica para los miles de autos y camiones que a diario transitan por este Puente, dejando atr\u00e1s esa p\u00e9simo estado de sus vialidades.<\/p>\n<p>\u201cHemos estado tambi\u00e9n solicitando de manera personal estas acciones en su momento , actualmente seguimos solicitando a la titular de Caminos y Puentes Federales la eliminaci\u00f3n o reubicaci\u00f3n del Puente Tampico para tener un libre paso entre el sur de Tamaulipas y norte de Veracruz , lo hemos dicho siempre seguiremos de manera permanente haciendo estas gestiones de beneficio para la ciudadan\u00eda\u201d dijo.<\/p>\n<p>Finalmente se\u00f1al\u00f3 que eliminaci\u00f3n de la caseta, representa una mayor prosperidad, desarrollo econ\u00f3mico y empe\u00f1os , as\u00ed como integraci\u00f3n entre Tamaulipas y Veracruz<\/p>\n","protected":false},"excerpt":{"rendered":"<p>*Actualmente sigue en curso la petici\u00f3n de eliminaci\u00f3n o reubicaci\u00f3n de la Caseta. &nbsp; Al reconocer que el Puente Tampico&hellip;<\/p>\n","protected":false},"author":1,"featured_media":50631,"comment_status":"open","ping_status":"open","sticky":false,"template":"","format":"standard","meta":{"footnotes":""},"categories":[3],"tags":[],"class_list":["post-50630","post","type-post","status-publish","format-standard","has-post-thumbnail","hentry","category-tampico"],"yoast_head":"<!-- This site is optimized with the Yoast SEO plugin v27.4 - https:\/\/yoast.com\/product\/yoast-seo-wordpress\/ -->\n<title>Exitosas gestiones realiza Mon Mar\u00f3n para el Mejoramiento del Puente Tampico - EL INFORMATIVO DE TAMAULIPAS<\/title>\n<meta name=\"description\" content=\"*Actualmente sigue en curso la petici\u00f3n de eliminaci\u00f3n o reubicaci\u00f3n de la Caseta. &nbsp; Al reconocer que el Puente Tampico es un icono de la ciudad, el\" \/>\n<meta name=\"robots\" content=\"index, follow, max-snippet:-1, max-image-preview:large, max-video-preview:-1\" \/>\n<link rel=\"canonical\" href=\"https:\/\/elinformativotam.com\/index.php\/2024\/05\/06\/exitosas-gestiones-realiza-mon-maron-para-el-mejoramiento-del-puente-tampico\/\" \/>\n<meta property=\"og:locale\" content=\"es_MX\" \/>\n<meta property=\"og:type\" content=\"article\" \/>\n<meta property=\"og:title\" content=\"Exitosas gestiones realiza Mon Mar\u00f3n para el Mejoramiento del Puente Tampico - EL INFORMATIVO DE TAMAULIPAS\" \/>\n<meta property=\"og:description\" content=\"*Actualmente sigue en curso la petici\u00f3n de eliminaci\u00f3n o reubicaci\u00f3n de la Caseta. &nbsp; Al reconocer que el Puente Tampico es un icono de la ciudad, el\" \/>\n<meta property=\"og:url\" content=\"https:\/\/elinformativotam.com\/index.php\/2024\/05\/06\/exitosas-gestiones-realiza-mon-maron-para-el-mejoramiento-del-puente-tampico\/\" \/>\n<meta property=\"og:site_name\" content=\"EL INFORMATIVO DE TAMAULIPAS\" \/>\n<meta property=\"article:published_time\" content=\"2024-05-06T20:21:52+00:00\" \/>\n<meta property=\"og:image\" content=\"https:\/\/elinformativotam.com\/wp-content\/uploads\/2024\/05\/IMG-20240506-WA0113.jpg\" \/>\n\t<meta property=\"og:image:width\" content=\"1440\" \/>\n\t<meta property=\"og:image:height\" content=\"1080\" \/>\n\t<meta property=\"og:image:type\" content=\"image\/jpeg\" \/>\n<meta name=\"author\" content=\"El Informativo Tam\" \/>\n<meta name=\"twitter:card\" content=\"summary_large_image\" \/>\n<meta name=\"twitter:label1\" content=\"Escrito por\" \/>\n\t<meta name=\"twitter:data1\" content=\"El Informativo Tam\" \/>\n\t<meta name=\"twitter:label2\" content=\"Tiempo de lectura\" \/>\n\t<meta name=\"twitter:data2\" content=\"2 minutos\" \/>\n<script type=\"application\/ld+json\" class=\"yoast-schema-graph\">{\"@context\":\"https:\\\/\\\/schema.org\",\"@graph\":[{\"@type\":\"Article\",\"@id\":\"https:\\\/\\\/elinformativotam.com\\\/index.php\\\/2024\\\/05\\\/06\\\/exitosas-gestiones-realiza-mon-maron-para-el-mejoramiento-del-puente-tampico\\\/#article\",\"isPartOf\":{\"@id\":\"https:\\\/\\\/elinformativotam.com\\\/index.php\\\/2024\\\/05\\\/06\\\/exitosas-gestiones-realiza-mon-maron-para-el-mejoramiento-del-puente-tampico\\\/\"},\"author\":{\"name\":\"El Informativo Tam\",\"@id\":\"https:\\\/\\\/elinformativotam.com\\\/#\\\/schema\\\/person\\\/78e08040eed0f6110f0c5f83b6153590\"},\"headline\":\"Exitosas gestiones realiza Mon Mar\u00f3n para el Mejoramiento del Puente Tampico\",\"datePublished\":\"2024-05-06T20:21:52+00:00\",\"mainEntityOfPage\":{\"@id\":\"https:\\\/\\\/elinformativotam.com\\\/index.php\\\/2024\\\/05\\\/06\\\/exitosas-gestiones-realiza-mon-maron-para-el-mejoramiento-del-puente-tampico\\\/\"},\"wordCount\":369,\"commentCount\":0,\"publisher\":{\"@id\":\"https:\\\/\\\/elinformativotam.com\\\/#organization\"},\"image\":{\"@id\":\"https:\\\/\\\/elinformativotam.com\\\/index.php\\\/2024\\\/05\\\/06\\\/exitosas-gestiones-realiza-mon-maron-para-el-mejoramiento-del-puente-tampico\\\/#primaryimage\"},\"thumbnailUrl\":\"https:\\\/\\\/elinformativotam.com\\\/wp-content\\\/uploads\\\/2024\\\/05\\\/IMG-20240506-WA0113.jpg\",\"articleSection\":[\"Tampico\"],\"inLanguage\":\"es\",\"potentialAction\":[{\"@type\":\"CommentAction\",\"name\":\"Comment\",\"target\":[\"https:\\\/\\\/elinformativotam.com\\\/index.php\\\/2024\\\/05\\\/06\\\/exitosas-gestiones-realiza-mon-maron-para-el-mejoramiento-del-puente-tampico\\\/#respond\"]}]},{\"@type\":\"WebPage\",\"@id\":\"https:\\\/\\\/elinformativotam.com\\\/index.php\\\/2024\\\/05\\\/06\\\/exitosas-gestiones-realiza-mon-maron-para-el-mejoramiento-del-puente-tampico\\\/\",\"url\":\"https:\\\/\\\/elinformativotam.com\\\/index.php\\\/2024\\\/05\\\/06\\\/exitosas-gestiones-realiza-mon-maron-para-el-mejoramiento-del-puente-tampico\\\/\",\"name\":\"Exitosas gestiones realiza Mon Mar\u00f3n para el Mejoramiento del Puente Tampico - EL INFORMATIVO DE TAMAULIPAS\",\"isPartOf\":{\"@id\":\"https:\\\/\\\/elinformativotam.com\\\/#website\"},\"primaryImageOfPage\":{\"@id\":\"https:\\\/\\\/elinformativotam.com\\\/index.php\\\/2024\\\/05\\\/06\\\/exitosas-gestiones-realiza-mon-maron-para-el-mejoramiento-del-puente-tampico\\\/#primaryimage\"},\"image\":{\"@id\":\"https:\\\/\\\/elinformativotam.com\\\/index.php\\\/2024\\\/05\\\/06\\\/exitosas-gestiones-realiza-mon-maron-para-el-mejoramiento-del-puente-tampico\\\/#primaryimage\"},\"thumbnailUrl\":\"https:\\\/\\\/elinformativotam.com\\\/wp-content\\\/uploads\\\/2024\\\/05\\\/IMG-20240506-WA0113.jpg\",\"datePublished\":\"2024-05-06T20:21:52+00:00\",\"description\":\"*Actualmente sigue en curso la petici\u00f3n de eliminaci\u00f3n o reubicaci\u00f3n de la Caseta. &nbsp; Al reconocer que el Puente Tampico es un icono de la ciudad, el\",\"inLanguage\":\"es\",\"potentialAction\":[{\"@type\":\"ReadAction\",\"target\":[\"https:\\\/\\\/elinformativotam.com\\\/index.php\\\/2024\\\/05\\\/06\\\/exitosas-gestiones-realiza-mon-maron-para-el-mejoramiento-del-puente-tampico\\\/\"]}]},{\"@type\":\"ImageObject\",\"inLanguage\":\"es\",\"@id\":\"https:\\\/\\\/elinformativotam.com\\\/index.php\\\/2024\\\/05\\\/06\\\/exitosas-gestiones-realiza-mon-maron-para-el-mejoramiento-del-puente-tampico\\\/#primaryimage\",\"url\":\"https:\\\/\\\/elinformativotam.com\\\/wp-content\\\/uploads\\\/2024\\\/05\\\/IMG-20240506-WA0113.jpg\",\"contentUrl\":\"https:\\\/\\\/elinformativotam.com\\\/wp-content\\\/uploads\\\/2024\\\/05\\\/IMG-20240506-WA0113.jpg\",\"width\":1440,\"height\":1080},{\"@type\":\"WebSite\",\"@id\":\"https:\\\/\\\/elinformativotam.com\\\/#website\",\"url\":\"https:\\\/\\\/elinformativotam.com\\\/\",\"name\":\"EL INFORMATIVO DE TAMAULIPAS\",\"description\":\"Desde la Zona Metropolitana Para Todo M\u00e9xico\",\"publisher\":{\"@id\":\"https:\\\/\\\/elinformativotam.com\\\/#organization\"},\"potentialAction\":[{\"@type\":\"SearchAction\",\"target\":{\"@type\":\"EntryPoint\",\"urlTemplate\":\"https:\\\/\\\/elinformativotam.com\\\/?s={search_term_string}\"},\"query-input\":{\"@type\":\"PropertyValueSpecification\",\"valueRequired\":true,\"valueName\":\"search_term_string\"}}],\"inLanguage\":\"es\"},{\"@type\":\"Organization\",\"@id\":\"https:\\\/\\\/elinformativotam.com\\\/#organization\",\"name\":\"EL INFORMATIVO DE TAMAULIPAS\",\"url\":\"https:\\\/\\\/elinformativotam.com\\\/\",\"logo\":{\"@type\":\"ImageObject\",\"inLanguage\":\"es\",\"@id\":\"https:\\\/\\\/elinformativotam.com\\\/#\\\/schema\\\/logo\\\/image\\\/\",\"url\":\"https:\\\/\\\/elinformativotam.com\\\/wp-content\\\/uploads\\\/2026\\\/02\\\/Cabezal.png\",\"contentUrl\":\"https:\\\/\\\/elinformativotam.com\\\/wp-content\\\/uploads\\\/2026\\\/02\\\/Cabezal.png\",\"width\":960,\"height\":640,\"caption\":\"EL INFORMATIVO DE TAMAULIPAS\"},\"image\":{\"@id\":\"https:\\\/\\\/elinformativotam.com\\\/#\\\/schema\\\/logo\\\/image\\\/\"}},{\"@type\":\"Person\",\"@id\":\"https:\\\/\\\/elinformativotam.com\\\/#\\\/schema\\\/person\\\/78e08040eed0f6110f0c5f83b6153590\",\"name\":\"El Informativo Tam\",\"image\":{\"@type\":\"ImageObject\",\"inLanguage\":\"es\",\"@id\":\"https:\\\/\\\/secure.gravatar.com\\\/avatar\\\/f3b7ad3af540688955925ac610647be00b0cf41feea9c4978b73a707ee86bc53?s=96&d=mm&r=g\",\"url\":\"https:\\\/\\\/secure.gravatar.com\\\/avatar\\\/f3b7ad3af540688955925ac610647be00b0cf41feea9c4978b73a707ee86bc53?s=96&d=mm&r=g\",\"contentUrl\":\"https:\\\/\\\/secure.gravatar.com\\\/avatar\\\/f3b7ad3af540688955925ac610647be00b0cf41feea9c4978b73a707ee86bc53?s=96&d=mm&r=g\",\"caption\":\"El Informativo Tam\"}}]}<\/script>\n<!-- \/ Yoast SEO plugin. -->","yoast_head_json":{"title":"Exitosas gestiones realiza Mon Mar\u00f3n para el Mejoramiento del Puente Tampico - EL INFORMATIVO DE TAMAULIPAS","description":"*Actualmente sigue en curso la petici\u00f3n de eliminaci\u00f3n o reubicaci\u00f3n de la Caseta. &nbsp; Al reconocer que el Puente Tampico es un icono de la ciudad, el","robots":{"index":"index","follow":"follow","max-snippet":"max-snippet:-1","max-image-preview":"max-image-preview:large","max-video-preview":"max-video-preview:-1"},"canonical":"https:\/\/elinformativotam.com\/index.php\/2024\/05\/06\/exitosas-gestiones-realiza-mon-maron-para-el-mejoramiento-del-puente-tampico\/","og_locale":"es_MX","og_type":"article","og_title":"Exitosas gestiones realiza Mon Mar\u00f3n para el Mejoramiento del Puente Tampico - EL INFORMATIVO DE TAMAULIPAS","og_description":"*Actualmente sigue en curso la petici\u00f3n de eliminaci\u00f3n o reubicaci\u00f3n de la Caseta. &nbsp; Al reconocer que el Puente Tampico es un icono de la ciudad, el","og_url":"https:\/\/elinformativotam.com\/index.php\/2024\/05\/06\/exitosas-gestiones-realiza-mon-maron-para-el-mejoramiento-del-puente-tampico\/","og_site_name":"EL INFORMATIVO DE TAMAULIPAS","article_published_time":"2024-05-06T20:21:52+00:00","og_image":[{"width":1440,"height":1080,"url":"https:\/\/elinformativotam.com\/wp-content\/uploads\/2024\/05\/IMG-20240506-WA0113.jpg","type":"image\/jpeg"}],"author":"El Informativo Tam","twitter_card":"summary_large_image","twitter_misc":{"Escrito por":"El Informativo Tam","Tiempo de lectura":"2 minutos"},"schema":{"@context":"https:\/\/schema.org","@graph":[{"@type":"Article","@id":"https:\/\/elinformativotam.com\/index.php\/2024\/05\/06\/exitosas-gestiones-realiza-mon-maron-para-el-mejoramiento-del-puente-tampico\/#article","isPartOf":{"@id":"https:\/\/elinformativotam.com\/index.php\/2024\/05\/06\/exitosas-gestiones-realiza-mon-maron-para-el-mejoramiento-del-puente-tampico\/"},"author":{"name":"El Informativo Tam","@id":"https:\/\/elinformativotam.com\/#\/schema\/person\/78e08040eed0f6110f0c5f83b6153590"},"headline":"Exitosas gestiones realiza Mon Mar\u00f3n para el Mejoramiento del Puente Tampico","datePublished":"2024-05-06T20:21:52+00:00","mainEntityOfPage":{"@id":"https:\/\/elinformativotam.com\/index.php\/2024\/05\/06\/exitosas-gestiones-realiza-mon-maron-para-el-mejoramiento-del-puente-tampico\/"},"wordCount":369,"commentCount":0,"publisher":{"@id":"https:\/\/elinformativotam.com\/#organization"},"image":{"@id":"https:\/\/elinformativotam.com\/index.php\/2024\/05\/06\/exitosas-gestiones-realiza-mon-maron-para-el-mejoramiento-del-puente-tampico\/#primaryimage"},"thumbnailUrl":"https:\/\/elinformativotam.com\/wp-content\/uploads\/2024\/05\/IMG-20240506-WA0113.jpg","articleSection":["Tampico"],"inLanguage":"es","potentialAction":[{"@type":"CommentAction","name":"Comment","target":["https:\/\/elinformativotam.com\/index.php\/2024\/05\/06\/exitosas-gestiones-realiza-mon-maron-para-el-mejoramiento-del-puente-tampico\/#respond"]}]},{"@type":"WebPage","@id":"https:\/\/elinformativotam.com\/index.php\/2024\/05\/06\/exitosas-gestiones-realiza-mon-maron-para-el-mejoramiento-del-puente-tampico\/","url":"https:\/\/elinformativotam.com\/index.php\/2024\/05\/06\/exitosas-gestiones-realiza-mon-maron-para-el-mejoramiento-del-puente-tampico\/","name":"Exitosas gestiones realiza Mon Mar\u00f3n para el Mejoramiento del Puente Tampico - EL INFORMATIVO DE TAMAULIPAS","isPartOf":{"@id":"https:\/\/elinformativotam.com\/#website"},"primaryImageOfPage":{"@id":"https:\/\/elinformativotam.com\/index.php\/2024\/05\/06\/exitosas-gestiones-realiza-mon-maron-para-el-mejoramiento-del-puente-tampico\/#primaryimage"},"image":{"@id":"https:\/\/elinformativotam.com\/index.php\/2024\/05\/06\/exitosas-gestiones-realiza-mon-maron-para-el-mejoramiento-del-puente-tampico\/#primaryimage"},"thumbnailUrl":"https:\/\/elinformativotam.com\/wp-content\/uploads\/2024\/05\/IMG-20240506-WA0113.jpg","datePublished":"2024-05-06T20:21:52+00:00","description":"*Actualmente sigue en curso la petici\u00f3n de eliminaci\u00f3n o reubicaci\u00f3n de la Caseta. &nbsp; Al reconocer que el Puente Tampico es un icono de la ciudad, el","inLanguage":"es","potentialAction":[{"@type":"ReadAction","target":["https:\/\/elinformativotam.com\/index.php\/2024\/05\/06\/exitosas-gestiones-realiza-mon-maron-para-el-mejoramiento-del-puente-tampico\/"]}]},{"@type":"ImageObject","inLanguage":"es","@id":"https:\/\/elinformativotam.com\/index.php\/2024\/05\/06\/exitosas-gestiones-realiza-mon-maron-para-el-mejoramiento-del-puente-tampico\/#primaryimage","url":"https:\/\/elinformativotam.com\/wp-content\/uploads\/2024\/05\/IMG-20240506-WA0113.jpg","contentUrl":"https:\/\/elinformativotam.com\/wp-content\/uploads\/2024\/05\/IMG-20240506-WA0113.jpg","width":1440,"height":1080},{"@type":"WebSite","@id":"https:\/\/elinformativotam.com\/#website","url":"https:\/\/elinformativotam.com\/","name":"EL INFORMATIVO DE TAMAULIPAS","description":"Desde la Zona Metropolitana Para Todo M\u00e9xico","publisher":{"@id":"https:\/\/elinformativotam.com\/#organization"},"potentialAction":[{"@type":"SearchAction","target":{"@type":"EntryPoint","urlTemplate":"https:\/\/elinformativotam.com\/?s={search_term_string}"},"query-input":{"@type":"PropertyValueSpecification","valueRequired":true,"valueName":"search_term_string"}}],"inLanguage":"es"},{"@type":"Organization","@id":"https:\/\/elinformativotam.com\/#organization","name":"EL INFORMATIVO DE TAMAULIPAS","url":"https:\/\/elinformativotam.com\/","logo":{"@type":"ImageObject","inLanguage":"es","@id":"https:\/\/elinformativotam.com\/#\/schema\/logo\/image\/","url":"https:\/\/elinformativotam.com\/wp-content\/uploads\/2026\/02\/Cabezal.png","contentUrl":"https:\/\/elinformativotam.com\/wp-content\/uploads\/2026\/02\/Cabezal.png","width":960,"height":640,"caption":"EL INFORMATIVO DE TAMAULIPAS"},"image":{"@id":"https:\/\/elinformativotam.com\/#\/schema\/logo\/image\/"}},{"@type":"Person","@id":"https:\/\/elinformativotam.com\/#\/schema\/person\/78e08040eed0f6110f0c5f83b6153590","name":"El Informativo Tam","image":{"@type":"ImageObject","inLanguage":"es","@id":"https:\/\/secure.gravatar.com\/avatar\/f3b7ad3af540688955925ac610647be00b0cf41feea9c4978b73a707ee86bc53?s=96&d=mm&r=g","url":"https:\/\/secure.gravatar.com\/avatar\/f3b7ad3af540688955925ac610647be00b0cf41feea9c4978b73a707ee86bc53?s=96&d=mm&r=g","contentUrl":"https:\/\/secure.gravatar.com\/avatar\/f3b7ad3af540688955925ac610647be00b0cf41feea9c4978b73a707ee86bc53?s=96&d=mm&r=g","caption":"El Informativo Tam"}}]}},"_links":{"self":[{"href":"https:\/\/elinformativotam.com\/index.php\/wp-json\/wp\/v2\/posts\/50630","targetHints":{"allow":["GET"]}}],"collection":[{"href":"https:\/\/elinformativotam.com\/index.php\/wp-json\/wp\/v2\/posts"}],"about":[{"href":"https:\/\/elinformativotam.com\/index.php\/wp-json\/wp\/v2\/types\/post"}],"author":[{"embeddable":true,"href":"https:\/\/elinformativotam.com\/index.php\/wp-json\/wp\/v2\/users\/1"}],"replies":[{"embeddable":true,"href":"https:\/\/elinformativotam.com\/index.php\/wp-json\/wp\/v2\/comments?post=50630"}],"version-history":[{"count":1,"href":"https:\/\/elinformativotam.com\/index.php\/wp-json\/wp\/v2\/posts\/50630\/revisions"}],"predecessor-version":[{"id":50633,"href":"https:\/\/elinformativotam.com\/index.php\/wp-json\/wp\/v2\/posts\/50630\/revisions\/50633"}],"wp:featuredmedia":[{"embeddable":true,"href":"https:\/\/elinformativotam.com\/index.php\/wp-json\/wp\/v2\/media\/50631"}],"wp:attachment":[{"href":"https:\/\/elinformativotam.com\/index.php\/wp-json\/wp\/v2\/media?parent=50630"}],"wp:term":[{"taxonomy":"category","embeddable":true,"href":"https:\/\/elinformativotam.com\/index.php\/wp-json\/wp\/v2\/categories?post=50630"},{"taxonomy":"post_tag","embeddable":true,"href":"https:\/\/elinformativotam.com\/index.php\/wp-json\/wp\/v2\/tags?post=50630"}],"curies":[{"name":"wp","href":"https:\/\/api.w.org\/{rel}","templated":true}]}}