{"id":50539,"date":"2024-04-30T23:05:51","date_gmt":"2024-05-01T05:05:51","guid":{"rendered":"https:\/\/elinformativotam.com\/?p=50539"},"modified":"2024-04-30T23:05:51","modified_gmt":"2024-05-01T05:05:51","slug":"barberia-la-nueva-especialidad-solicitada-por-los-jovenes","status":"publish","type":"post","link":"https:\/\/elinformativotam.com\/index.php\/2024\/04\/30\/barberia-la-nueva-especialidad-solicitada-por-los-jovenes\/","title":{"rendered":"BARBER\u00cdA, LA NUEVA ESPECIALIDAD SOLICITADA POR LOS J\u00d3VENES."},"content":{"rendered":"<p>Cd. Madero, Tamaulipas.- Son 13 las especialidades de capacitaci\u00f3n que maneja el CECATI 110 de Ciudad Madero, teniendo dos de nueva apertura, pero una de ellas es la que mejor respuesta ha tenido.<\/p>\n<p>&nbsp;<\/p>\n<p>El director del plantel,\u00a0 Ra\u00fal Ram\u00edrez, se\u00f1al\u00f3 que es el curso de capacitaci\u00f3n de Barber\u00eda el que recientemente tiene mayor demanda entre los j\u00f3venes que acuden a las instituci\u00f3n escolar.<\/p>\n<p>&nbsp;<\/p>\n<p>Expuso que otra de las novedades es el de reparaci\u00f3n de celulares, por lo que prev\u00e9n que pueda tener una buena respuesta tambi\u00e9n en poco tiempo, pues apenas tienen un mes que se abrieron.<\/p>\n<p>&nbsp;<\/p>\n<p>Resalt\u00f3 que con alrededor de 6 especialidades las que tienen mayor demanda en el Cecati 110, por lo que consideran que existe una buena demanda de alumnos en el plantel.<\/p>\n<p>&nbsp;<\/p>\n<p>A\u00f1adi\u00f3 que se tiene previsto ir abriendo nuevos cursos con m\u00e1s especialidades que ofrecer a quienes deseen capacitarse para alguna profesi\u00f3n.<\/p>\n","protected":false},"excerpt":{"rendered":"<p>Cd. Madero, Tamaulipas.- Son 13 las especialidades de capacitaci\u00f3n que maneja el CECATI 110 de Ciudad Madero, teniendo dos de&hellip;<\/p>\n","protected":false},"author":1,"featured_media":50248,"comment_status":"open","ping_status":"open","sticky":false,"template":"","format":"standard","meta":{"footnotes":""},"categories":[4],"tags":[],"class_list":["post-50539","post","type-post","status-publish","format-standard","has-post-thumbnail","hentry","category-madero"],"yoast_head":"<!-- This site is optimized with the Yoast SEO plugin v27.4 - https:\/\/yoast.com\/product\/yoast-seo-wordpress\/ -->\n<title>BARBER\u00cdA, LA NUEVA ESPECIALIDAD SOLICITADA POR LOS J\u00d3VENES. - EL INFORMATIVO DE TAMAULIPAS<\/title>\n<meta name=\"description\" content=\"Cd. Madero, Tamaulipas.- Son 13 las especialidades de capacitaci\u00f3n que maneja el CECATI 110 de Ciudad Madero, teniendo dos de nueva apertura, pero una de\" \/>\n<meta name=\"robots\" content=\"index, follow, max-snippet:-1, max-image-preview:large, max-video-preview:-1\" \/>\n<link rel=\"canonical\" href=\"https:\/\/elinformativotam.com\/index.php\/2024\/04\/30\/barberia-la-nueva-especialidad-solicitada-por-los-jovenes\/\" \/>\n<meta property=\"og:locale\" content=\"es_MX\" \/>\n<meta property=\"og:type\" content=\"article\" \/>\n<meta property=\"og:title\" content=\"BARBER\u00cdA, LA NUEVA ESPECIALIDAD SOLICITADA POR LOS J\u00d3VENES. - EL INFORMATIVO DE TAMAULIPAS\" \/>\n<meta property=\"og:description\" content=\"Cd. Madero, Tamaulipas.- Son 13 las especialidades de capacitaci\u00f3n que maneja el CECATI 110 de Ciudad Madero, teniendo dos de nueva apertura, pero una de\" \/>\n<meta property=\"og:url\" content=\"https:\/\/elinformativotam.com\/index.php\/2024\/04\/30\/barberia-la-nueva-especialidad-solicitada-por-los-jovenes\/\" \/>\n<meta property=\"og:site_name\" content=\"EL INFORMATIVO DE TAMAULIPAS\" \/>\n<meta property=\"article:published_time\" content=\"2024-05-01T05:05:51+00:00\" \/>\n<meta property=\"og:image\" content=\"https:\/\/elinformativotam.com\/wp-content\/uploads\/2024\/04\/Edwin.jpeg\" \/>\n\t<meta property=\"og:image:width\" content=\"1600\" \/>\n\t<meta property=\"og:image:height\" content=\"1200\" \/>\n\t<meta property=\"og:image:type\" content=\"image\/jpeg\" \/>\n<meta name=\"author\" content=\"El Informativo Tam\" \/>\n<meta name=\"twitter:card\" content=\"summary_large_image\" \/>\n<meta name=\"twitter:label1\" content=\"Escrito por\" \/>\n\t<meta name=\"twitter:data1\" content=\"El Informativo Tam\" \/>\n\t<meta name=\"twitter:label2\" content=\"Tiempo de lectura\" \/>\n\t<meta name=\"twitter:data2\" content=\"1 minuto\" \/>\n<script type=\"application\/ld+json\" class=\"yoast-schema-graph\">{\"@context\":\"https:\\\/\\\/schema.org\",\"@graph\":[{\"@type\":\"Article\",\"@id\":\"https:\\\/\\\/elinformativotam.com\\\/index.php\\\/2024\\\/04\\\/30\\\/barberia-la-nueva-especialidad-solicitada-por-los-jovenes\\\/#article\",\"isPartOf\":{\"@id\":\"https:\\\/\\\/elinformativotam.com\\\/index.php\\\/2024\\\/04\\\/30\\\/barberia-la-nueva-especialidad-solicitada-por-los-jovenes\\\/\"},\"author\":{\"name\":\"El Informativo Tam\",\"@id\":\"https:\\\/\\\/elinformativotam.com\\\/#\\\/schema\\\/person\\\/78e08040eed0f6110f0c5f83b6153590\"},\"headline\":\"BARBER\u00cdA, LA NUEVA ESPECIALIDAD SOLICITADA POR LOS J\u00d3VENES.\",\"datePublished\":\"2024-05-01T05:05:51+00:00\",\"mainEntityOfPage\":{\"@id\":\"https:\\\/\\\/elinformativotam.com\\\/index.php\\\/2024\\\/04\\\/30\\\/barberia-la-nueva-especialidad-solicitada-por-los-jovenes\\\/\"},\"wordCount\":173,\"commentCount\":0,\"publisher\":{\"@id\":\"https:\\\/\\\/elinformativotam.com\\\/#organization\"},\"image\":{\"@id\":\"https:\\\/\\\/elinformativotam.com\\\/index.php\\\/2024\\\/04\\\/30\\\/barberia-la-nueva-especialidad-solicitada-por-los-jovenes\\\/#primaryimage\"},\"thumbnailUrl\":\"https:\\\/\\\/elinformativotam.com\\\/wp-content\\\/uploads\\\/2024\\\/04\\\/Edwin.jpeg\",\"articleSection\":[\"Cd Madero\"],\"inLanguage\":\"es\",\"potentialAction\":[{\"@type\":\"CommentAction\",\"name\":\"Comment\",\"target\":[\"https:\\\/\\\/elinformativotam.com\\\/index.php\\\/2024\\\/04\\\/30\\\/barberia-la-nueva-especialidad-solicitada-por-los-jovenes\\\/#respond\"]}]},{\"@type\":\"WebPage\",\"@id\":\"https:\\\/\\\/elinformativotam.com\\\/index.php\\\/2024\\\/04\\\/30\\\/barberia-la-nueva-especialidad-solicitada-por-los-jovenes\\\/\",\"url\":\"https:\\\/\\\/elinformativotam.com\\\/index.php\\\/2024\\\/04\\\/30\\\/barberia-la-nueva-especialidad-solicitada-por-los-jovenes\\\/\",\"name\":\"BARBER\u00cdA, LA NUEVA ESPECIALIDAD SOLICITADA POR LOS J\u00d3VENES. - EL INFORMATIVO DE TAMAULIPAS\",\"isPartOf\":{\"@id\":\"https:\\\/\\\/elinformativotam.com\\\/#website\"},\"primaryImageOfPage\":{\"@id\":\"https:\\\/\\\/elinformativotam.com\\\/index.php\\\/2024\\\/04\\\/30\\\/barberia-la-nueva-especialidad-solicitada-por-los-jovenes\\\/#primaryimage\"},\"image\":{\"@id\":\"https:\\\/\\\/elinformativotam.com\\\/index.php\\\/2024\\\/04\\\/30\\\/barberia-la-nueva-especialidad-solicitada-por-los-jovenes\\\/#primaryimage\"},\"thumbnailUrl\":\"https:\\\/\\\/elinformativotam.com\\\/wp-content\\\/uploads\\\/2024\\\/04\\\/Edwin.jpeg\",\"datePublished\":\"2024-05-01T05:05:51+00:00\",\"description\":\"Cd. Madero, Tamaulipas.- Son 13 las especialidades de capacitaci\u00f3n que maneja el CECATI 110 de Ciudad Madero, teniendo dos de nueva apertura, pero una de\",\"inLanguage\":\"es\",\"potentialAction\":[{\"@type\":\"ReadAction\",\"target\":[\"https:\\\/\\\/elinformativotam.com\\\/index.php\\\/2024\\\/04\\\/30\\\/barberia-la-nueva-especialidad-solicitada-por-los-jovenes\\\/\"]}]},{\"@type\":\"ImageObject\",\"inLanguage\":\"es\",\"@id\":\"https:\\\/\\\/elinformativotam.com\\\/index.php\\\/2024\\\/04\\\/30\\\/barberia-la-nueva-especialidad-solicitada-por-los-jovenes\\\/#primaryimage\",\"url\":\"https:\\\/\\\/elinformativotam.com\\\/wp-content\\\/uploads\\\/2024\\\/04\\\/Edwin.jpeg\",\"contentUrl\":\"https:\\\/\\\/elinformativotam.com\\\/wp-content\\\/uploads\\\/2024\\\/04\\\/Edwin.jpeg\",\"width\":1600,\"height\":1200},{\"@type\":\"WebSite\",\"@id\":\"https:\\\/\\\/elinformativotam.com\\\/#website\",\"url\":\"https:\\\/\\\/elinformativotam.com\\\/\",\"name\":\"EL INFORMATIVO DE TAMAULIPAS\",\"description\":\"Desde la Zona Metropolitana Para Todo M\u00e9xico\",\"publisher\":{\"@id\":\"https:\\\/\\\/elinformativotam.com\\\/#organization\"},\"potentialAction\":[{\"@type\":\"SearchAction\",\"target\":{\"@type\":\"EntryPoint\",\"urlTemplate\":\"https:\\\/\\\/elinformativotam.com\\\/?s={search_term_string}\"},\"query-input\":{\"@type\":\"PropertyValueSpecification\",\"valueRequired\":true,\"valueName\":\"search_term_string\"}}],\"inLanguage\":\"es\"},{\"@type\":\"Organization\",\"@id\":\"https:\\\/\\\/elinformativotam.com\\\/#organization\",\"name\":\"EL INFORMATIVO DE TAMAULIPAS\",\"url\":\"https:\\\/\\\/elinformativotam.com\\\/\",\"logo\":{\"@type\":\"ImageObject\",\"inLanguage\":\"es\",\"@id\":\"https:\\\/\\\/elinformativotam.com\\\/#\\\/schema\\\/logo\\\/image\\\/\",\"url\":\"https:\\\/\\\/elinformativotam.com\\\/wp-content\\\/uploads\\\/2026\\\/02\\\/Cabezal.png\",\"contentUrl\":\"https:\\\/\\\/elinformativotam.com\\\/wp-content\\\/uploads\\\/2026\\\/02\\\/Cabezal.png\",\"width\":960,\"height\":640,\"caption\":\"EL INFORMATIVO DE TAMAULIPAS\"},\"image\":{\"@id\":\"https:\\\/\\\/elinformativotam.com\\\/#\\\/schema\\\/logo\\\/image\\\/\"}},{\"@type\":\"Person\",\"@id\":\"https:\\\/\\\/elinformativotam.com\\\/#\\\/schema\\\/person\\\/78e08040eed0f6110f0c5f83b6153590\",\"name\":\"El Informativo Tam\",\"image\":{\"@type\":\"ImageObject\",\"inLanguage\":\"es\",\"@id\":\"https:\\\/\\\/secure.gravatar.com\\\/avatar\\\/f3b7ad3af540688955925ac610647be00b0cf41feea9c4978b73a707ee86bc53?s=96&d=mm&r=g\",\"url\":\"https:\\\/\\\/secure.gravatar.com\\\/avatar\\\/f3b7ad3af540688955925ac610647be00b0cf41feea9c4978b73a707ee86bc53?s=96&d=mm&r=g\",\"contentUrl\":\"https:\\\/\\\/secure.gravatar.com\\\/avatar\\\/f3b7ad3af540688955925ac610647be00b0cf41feea9c4978b73a707ee86bc53?s=96&d=mm&r=g\",\"caption\":\"El Informativo Tam\"}}]}<\/script>\n<!-- \/ Yoast SEO plugin. -->","yoast_head_json":{"title":"BARBER\u00cdA, LA NUEVA ESPECIALIDAD SOLICITADA POR LOS J\u00d3VENES. - EL INFORMATIVO DE TAMAULIPAS","description":"Cd. Madero, Tamaulipas.- Son 13 las especialidades de capacitaci\u00f3n que maneja el CECATI 110 de Ciudad Madero, teniendo dos de nueva apertura, pero una de","robots":{"index":"index","follow":"follow","max-snippet":"max-snippet:-1","max-image-preview":"max-image-preview:large","max-video-preview":"max-video-preview:-1"},"canonical":"https:\/\/elinformativotam.com\/index.php\/2024\/04\/30\/barberia-la-nueva-especialidad-solicitada-por-los-jovenes\/","og_locale":"es_MX","og_type":"article","og_title":"BARBER\u00cdA, LA NUEVA ESPECIALIDAD SOLICITADA POR LOS J\u00d3VENES. - EL INFORMATIVO DE TAMAULIPAS","og_description":"Cd. Madero, Tamaulipas.- Son 13 las especialidades de capacitaci\u00f3n que maneja el CECATI 110 de Ciudad Madero, teniendo dos de nueva apertura, pero una de","og_url":"https:\/\/elinformativotam.com\/index.php\/2024\/04\/30\/barberia-la-nueva-especialidad-solicitada-por-los-jovenes\/","og_site_name":"EL INFORMATIVO DE TAMAULIPAS","article_published_time":"2024-05-01T05:05:51+00:00","og_image":[{"width":1600,"height":1200,"url":"https:\/\/elinformativotam.com\/wp-content\/uploads\/2024\/04\/Edwin.jpeg","type":"image\/jpeg"}],"author":"El Informativo Tam","twitter_card":"summary_large_image","twitter_misc":{"Escrito por":"El Informativo Tam","Tiempo de lectura":"1 minuto"},"schema":{"@context":"https:\/\/schema.org","@graph":[{"@type":"Article","@id":"https:\/\/elinformativotam.com\/index.php\/2024\/04\/30\/barberia-la-nueva-especialidad-solicitada-por-los-jovenes\/#article","isPartOf":{"@id":"https:\/\/elinformativotam.com\/index.php\/2024\/04\/30\/barberia-la-nueva-especialidad-solicitada-por-los-jovenes\/"},"author":{"name":"El Informativo Tam","@id":"https:\/\/elinformativotam.com\/#\/schema\/person\/78e08040eed0f6110f0c5f83b6153590"},"headline":"BARBER\u00cdA, LA NUEVA ESPECIALIDAD SOLICITADA POR LOS J\u00d3VENES.","datePublished":"2024-05-01T05:05:51+00:00","mainEntityOfPage":{"@id":"https:\/\/elinformativotam.com\/index.php\/2024\/04\/30\/barberia-la-nueva-especialidad-solicitada-por-los-jovenes\/"},"wordCount":173,"commentCount":0,"publisher":{"@id":"https:\/\/elinformativotam.com\/#organization"},"image":{"@id":"https:\/\/elinformativotam.com\/index.php\/2024\/04\/30\/barberia-la-nueva-especialidad-solicitada-por-los-jovenes\/#primaryimage"},"thumbnailUrl":"https:\/\/elinformativotam.com\/wp-content\/uploads\/2024\/04\/Edwin.jpeg","articleSection":["Cd Madero"],"inLanguage":"es","potentialAction":[{"@type":"CommentAction","name":"Comment","target":["https:\/\/elinformativotam.com\/index.php\/2024\/04\/30\/barberia-la-nueva-especialidad-solicitada-por-los-jovenes\/#respond"]}]},{"@type":"WebPage","@id":"https:\/\/elinformativotam.com\/index.php\/2024\/04\/30\/barberia-la-nueva-especialidad-solicitada-por-los-jovenes\/","url":"https:\/\/elinformativotam.com\/index.php\/2024\/04\/30\/barberia-la-nueva-especialidad-solicitada-por-los-jovenes\/","name":"BARBER\u00cdA, LA NUEVA ESPECIALIDAD SOLICITADA POR LOS J\u00d3VENES. - EL INFORMATIVO DE TAMAULIPAS","isPartOf":{"@id":"https:\/\/elinformativotam.com\/#website"},"primaryImageOfPage":{"@id":"https:\/\/elinformativotam.com\/index.php\/2024\/04\/30\/barberia-la-nueva-especialidad-solicitada-por-los-jovenes\/#primaryimage"},"image":{"@id":"https:\/\/elinformativotam.com\/index.php\/2024\/04\/30\/barberia-la-nueva-especialidad-solicitada-por-los-jovenes\/#primaryimage"},"thumbnailUrl":"https:\/\/elinformativotam.com\/wp-content\/uploads\/2024\/04\/Edwin.jpeg","datePublished":"2024-05-01T05:05:51+00:00","description":"Cd. Madero, Tamaulipas.- Son 13 las especialidades de capacitaci\u00f3n que maneja el CECATI 110 de Ciudad Madero, teniendo dos de nueva apertura, pero una de","inLanguage":"es","potentialAction":[{"@type":"ReadAction","target":["https:\/\/elinformativotam.com\/index.php\/2024\/04\/30\/barberia-la-nueva-especialidad-solicitada-por-los-jovenes\/"]}]},{"@type":"ImageObject","inLanguage":"es","@id":"https:\/\/elinformativotam.com\/index.php\/2024\/04\/30\/barberia-la-nueva-especialidad-solicitada-por-los-jovenes\/#primaryimage","url":"https:\/\/elinformativotam.com\/wp-content\/uploads\/2024\/04\/Edwin.jpeg","contentUrl":"https:\/\/elinformativotam.com\/wp-content\/uploads\/2024\/04\/Edwin.jpeg","width":1600,"height":1200},{"@type":"WebSite","@id":"https:\/\/elinformativotam.com\/#website","url":"https:\/\/elinformativotam.com\/","name":"EL INFORMATIVO DE TAMAULIPAS","description":"Desde la Zona Metropolitana Para Todo M\u00e9xico","publisher":{"@id":"https:\/\/elinformativotam.com\/#organization"},"potentialAction":[{"@type":"SearchAction","target":{"@type":"EntryPoint","urlTemplate":"https:\/\/elinformativotam.com\/?s={search_term_string}"},"query-input":{"@type":"PropertyValueSpecification","valueRequired":true,"valueName":"search_term_string"}}],"inLanguage":"es"},{"@type":"Organization","@id":"https:\/\/elinformativotam.com\/#organization","name":"EL INFORMATIVO DE TAMAULIPAS","url":"https:\/\/elinformativotam.com\/","logo":{"@type":"ImageObject","inLanguage":"es","@id":"https:\/\/elinformativotam.com\/#\/schema\/logo\/image\/","url":"https:\/\/elinformativotam.com\/wp-content\/uploads\/2026\/02\/Cabezal.png","contentUrl":"https:\/\/elinformativotam.com\/wp-content\/uploads\/2026\/02\/Cabezal.png","width":960,"height":640,"caption":"EL INFORMATIVO DE TAMAULIPAS"},"image":{"@id":"https:\/\/elinformativotam.com\/#\/schema\/logo\/image\/"}},{"@type":"Person","@id":"https:\/\/elinformativotam.com\/#\/schema\/person\/78e08040eed0f6110f0c5f83b6153590","name":"El Informativo Tam","image":{"@type":"ImageObject","inLanguage":"es","@id":"https:\/\/secure.gravatar.com\/avatar\/f3b7ad3af540688955925ac610647be00b0cf41feea9c4978b73a707ee86bc53?s=96&d=mm&r=g","url":"https:\/\/secure.gravatar.com\/avatar\/f3b7ad3af540688955925ac610647be00b0cf41feea9c4978b73a707ee86bc53?s=96&d=mm&r=g","contentUrl":"https:\/\/secure.gravatar.com\/avatar\/f3b7ad3af540688955925ac610647be00b0cf41feea9c4978b73a707ee86bc53?s=96&d=mm&r=g","caption":"El Informativo Tam"}}]}},"_links":{"self":[{"href":"https:\/\/elinformativotam.com\/index.php\/wp-json\/wp\/v2\/posts\/50539","targetHints":{"allow":["GET"]}}],"collection":[{"href":"https:\/\/elinformativotam.com\/index.php\/wp-json\/wp\/v2\/posts"}],"about":[{"href":"https:\/\/elinformativotam.com\/index.php\/wp-json\/wp\/v2\/types\/post"}],"author":[{"embeddable":true,"href":"https:\/\/elinformativotam.com\/index.php\/wp-json\/wp\/v2\/users\/1"}],"replies":[{"embeddable":true,"href":"https:\/\/elinformativotam.com\/index.php\/wp-json\/wp\/v2\/comments?post=50539"}],"version-history":[{"count":2,"href":"https:\/\/elinformativotam.com\/index.php\/wp-json\/wp\/v2\/posts\/50539\/revisions"}],"predecessor-version":[{"id":50541,"href":"https:\/\/elinformativotam.com\/index.php\/wp-json\/wp\/v2\/posts\/50539\/revisions\/50541"}],"wp:featuredmedia":[{"embeddable":true,"href":"https:\/\/elinformativotam.com\/index.php\/wp-json\/wp\/v2\/media\/50248"}],"wp:attachment":[{"href":"https:\/\/elinformativotam.com\/index.php\/wp-json\/wp\/v2\/media?parent=50539"}],"wp:term":[{"taxonomy":"category","embeddable":true,"href":"https:\/\/elinformativotam.com\/index.php\/wp-json\/wp\/v2\/categories?post=50539"},{"taxonomy":"post_tag","embeddable":true,"href":"https:\/\/elinformativotam.com\/index.php\/wp-json\/wp\/v2\/tags?post=50539"}],"curies":[{"name":"wp","href":"https:\/\/api.w.org\/{rel}","templated":true}]}}