{"id":50531,"date":"2024-04-30T21:27:28","date_gmt":"2024-05-01T03:27:28","guid":{"rendered":"https:\/\/elinformativotam.com\/?p=50531"},"modified":"2024-04-30T21:27:28","modified_gmt":"2024-05-01T03:27:28","slug":"buscaran-el-retorno-de-los-fondos-metropolitanos-para-la-zona-sur","status":"publish","type":"post","link":"https:\/\/elinformativotam.com\/index.php\/2024\/04\/30\/buscaran-el-retorno-de-los-fondos-metropolitanos-para-la-zona-sur\/","title":{"rendered":"BUSCAR\u00c1N EL RETORNO DE LOS FONDOS METROPOLITANOS PARA LA ZONA SUR"},"content":{"rendered":"<h2 style=\"text-align: center;\"><em><span style=\"font-family: 'times new roman', times;\">*Para Ello Es Importante La Colaboraci\u00f3n De Los Tres Futuros Alcaldes<\/span><\/em><\/h2>\n<p>&nbsp;<\/p>\n<p>De ganar la elecci\u00f3n del 2 de Junio pr\u00f3ximo, la candidata de la coalici\u00f3n &#8220;Sigamos Haciendo Historia&#8221; M\u00f3nica Villarreal Anaya, comenzar\u00e1 el cabildeo con la federaci\u00f3n y el gobierno del estado para que los tan sobados fondos metropolitanos regresen al puerto y la zona sur.<\/p>\n<p>&nbsp;<\/p>\n<p>Destac\u00f3, que es de vital Importancia que los pr\u00f3ximos gobiernos municipales de la regi\u00f3n se unan para que ese dinero federal vuelva a ser tomado en cuenta para la regi\u00f3n en los pr\u00f3ximos tres a\u00f1os.<\/p>\n<p>&nbsp;<\/p>\n<p>La abanderada de Morena expres\u00f3 al asumir el pr\u00f3ximo gobierno porte\u00f1o encabezar\u00e1 un pacto para que Los alcaldes de Madero y Altamira, se sumen, y juntos inicien el camino de la gesti\u00f3n ante la federaci\u00f3n.<\/p>\n<p>&nbsp;<\/p>\n<p>Expres\u00f3 la importancia de que los tres gobiernos locales en el sur sean del mismo color partidista para de esa manera lograr resultados satisfactorios a corto tiempo.<\/p>\n<p>&nbsp;<\/p>\n<p>&#8220;Es un tema que por a\u00f1os se ha estado escuchando, ese pacto, hoy hay la posibilidad de poderlo realizar en el sentido que si quedamos los tres de una misma afiliaci\u00f3n pol\u00edtica del grupo de Morena, vamos a tener esa oportunidad de entablar una relaci\u00f3n compartida y una misma visi\u00f3n y con eso se va a poder detonar nuestra zona conurbada&#8221;, explic\u00f3.<\/p>\n<p>&nbsp;<\/p>\n<p>Remarc\u00f3 que esa clase de techo financiero es importante para llevar a cabo proyectos de indole conurbado, y de esta manera se beneficien las tres ciudades as\u00ed como a los municipios cercanos del Norte de Veracruz.<\/p>\n<p>&nbsp;<\/p>\n<p>&#8220;Hay temas como pasos a desnivel para la conectividad entre las tres ciudades, el corredor n\u00e1utico para tener otro acceso e inversi\u00f3n hotelera en conjunto.<\/p>\n<p>&nbsp;<\/p>\n<p>&#8220;Hoy tenemos la oportunidad de trabajar de manera coordinada y poder impulsar m\u00e1s \u00e1gil y r\u00e1pida dando soluciones para nuestra zona conurbada&#8221;<\/p>\n<p>&nbsp;<\/p>\n<p>&nbsp;<\/p>\n<p>&nbsp;<\/p>\n<p>&nbsp;<\/p>\n<p>&nbsp;<\/p>\n<p>&nbsp;<\/p>\n","protected":false},"excerpt":{"rendered":"<p>*Para Ello Es Importante La Colaboraci\u00f3n De Los Tres Futuros Alcaldes &nbsp; De ganar la elecci\u00f3n del 2 de Junio&hellip;<\/p>\n","protected":false},"author":1,"featured_media":50526,"comment_status":"open","ping_status":"open","sticky":false,"template":"","format":"standard","meta":{"footnotes":""},"categories":[3],"tags":[],"class_list":["post-50531","post","type-post","status-publish","format-standard","has-post-thumbnail","hentry","category-tampico"],"yoast_head":"<!-- This site is optimized with the Yoast SEO plugin v27.4 - https:\/\/yoast.com\/product\/yoast-seo-wordpress\/ -->\n<title>BUSCAR\u00c1N EL RETORNO DE LOS FONDOS METROPOLITANOS PARA LA ZONA SUR - EL INFORMATIVO DE TAMAULIPAS<\/title>\n<meta name=\"description\" content=\"*Para Ello Es Importante La Colaboraci\u00f3n De Los Tres Futuros Alcaldes &nbsp; De ganar la elecci\u00f3n del 2 de Junio pr\u00f3ximo, la candidata de la coalici\u00f3n\" \/>\n<meta name=\"robots\" content=\"index, follow, max-snippet:-1, max-image-preview:large, max-video-preview:-1\" \/>\n<link rel=\"canonical\" href=\"https:\/\/elinformativotam.com\/index.php\/2024\/04\/30\/buscaran-el-retorno-de-los-fondos-metropolitanos-para-la-zona-sur\/\" \/>\n<meta property=\"og:locale\" content=\"es_MX\" \/>\n<meta property=\"og:type\" content=\"article\" \/>\n<meta property=\"og:title\" content=\"BUSCAR\u00c1N EL RETORNO DE LOS FONDOS METROPOLITANOS PARA LA ZONA SUR - EL INFORMATIVO DE TAMAULIPAS\" \/>\n<meta property=\"og:description\" content=\"*Para Ello Es Importante La Colaboraci\u00f3n De Los Tres Futuros Alcaldes &nbsp; De ganar la elecci\u00f3n del 2 de Junio pr\u00f3ximo, la candidata de la coalici\u00f3n\" \/>\n<meta property=\"og:url\" content=\"https:\/\/elinformativotam.com\/index.php\/2024\/04\/30\/buscaran-el-retorno-de-los-fondos-metropolitanos-para-la-zona-sur\/\" \/>\n<meta property=\"og:site_name\" content=\"EL INFORMATIVO DE TAMAULIPAS\" \/>\n<meta property=\"article:published_time\" content=\"2024-05-01T03:27:28+00:00\" \/>\n<meta property=\"og:image\" content=\"https:\/\/elinformativotam.com\/wp-content\/uploads\/2024\/04\/Monica-2-scaled.jpeg\" \/>\n\t<meta property=\"og:image:width\" content=\"2560\" \/>\n\t<meta property=\"og:image:height\" content=\"1707\" \/>\n\t<meta property=\"og:image:type\" content=\"image\/jpeg\" \/>\n<meta name=\"author\" content=\"El Informativo Tam\" \/>\n<meta name=\"twitter:card\" content=\"summary_large_image\" \/>\n<meta name=\"twitter:label1\" content=\"Escrito por\" \/>\n\t<meta name=\"twitter:data1\" content=\"El Informativo Tam\" \/>\n\t<meta name=\"twitter:label2\" content=\"Tiempo de lectura\" \/>\n\t<meta name=\"twitter:data2\" content=\"2 minutos\" \/>\n<script type=\"application\/ld+json\" class=\"yoast-schema-graph\">{\"@context\":\"https:\\\/\\\/schema.org\",\"@graph\":[{\"@type\":\"Article\",\"@id\":\"https:\\\/\\\/elinformativotam.com\\\/index.php\\\/2024\\\/04\\\/30\\\/buscaran-el-retorno-de-los-fondos-metropolitanos-para-la-zona-sur\\\/#article\",\"isPartOf\":{\"@id\":\"https:\\\/\\\/elinformativotam.com\\\/index.php\\\/2024\\\/04\\\/30\\\/buscaran-el-retorno-de-los-fondos-metropolitanos-para-la-zona-sur\\\/\"},\"author\":{\"name\":\"El Informativo Tam\",\"@id\":\"https:\\\/\\\/elinformativotam.com\\\/#\\\/schema\\\/person\\\/78e08040eed0f6110f0c5f83b6153590\"},\"headline\":\"BUSCAR\u00c1N EL RETORNO DE LOS FONDOS METROPOLITANOS PARA LA ZONA SUR\",\"datePublished\":\"2024-05-01T03:27:28+00:00\",\"mainEntityOfPage\":{\"@id\":\"https:\\\/\\\/elinformativotam.com\\\/index.php\\\/2024\\\/04\\\/30\\\/buscaran-el-retorno-de-los-fondos-metropolitanos-para-la-zona-sur\\\/\"},\"wordCount\":347,\"commentCount\":0,\"publisher\":{\"@id\":\"https:\\\/\\\/elinformativotam.com\\\/#organization\"},\"image\":{\"@id\":\"https:\\\/\\\/elinformativotam.com\\\/index.php\\\/2024\\\/04\\\/30\\\/buscaran-el-retorno-de-los-fondos-metropolitanos-para-la-zona-sur\\\/#primaryimage\"},\"thumbnailUrl\":\"https:\\\/\\\/elinformativotam.com\\\/wp-content\\\/uploads\\\/2024\\\/04\\\/Monica-2-scaled.jpeg\",\"articleSection\":[\"Tampico\"],\"inLanguage\":\"es\",\"potentialAction\":[{\"@type\":\"CommentAction\",\"name\":\"Comment\",\"target\":[\"https:\\\/\\\/elinformativotam.com\\\/index.php\\\/2024\\\/04\\\/30\\\/buscaran-el-retorno-de-los-fondos-metropolitanos-para-la-zona-sur\\\/#respond\"]}]},{\"@type\":\"WebPage\",\"@id\":\"https:\\\/\\\/elinformativotam.com\\\/index.php\\\/2024\\\/04\\\/30\\\/buscaran-el-retorno-de-los-fondos-metropolitanos-para-la-zona-sur\\\/\",\"url\":\"https:\\\/\\\/elinformativotam.com\\\/index.php\\\/2024\\\/04\\\/30\\\/buscaran-el-retorno-de-los-fondos-metropolitanos-para-la-zona-sur\\\/\",\"name\":\"BUSCAR\u00c1N EL RETORNO DE LOS FONDOS METROPOLITANOS PARA LA ZONA SUR - EL INFORMATIVO DE TAMAULIPAS\",\"isPartOf\":{\"@id\":\"https:\\\/\\\/elinformativotam.com\\\/#website\"},\"primaryImageOfPage\":{\"@id\":\"https:\\\/\\\/elinformativotam.com\\\/index.php\\\/2024\\\/04\\\/30\\\/buscaran-el-retorno-de-los-fondos-metropolitanos-para-la-zona-sur\\\/#primaryimage\"},\"image\":{\"@id\":\"https:\\\/\\\/elinformativotam.com\\\/index.php\\\/2024\\\/04\\\/30\\\/buscaran-el-retorno-de-los-fondos-metropolitanos-para-la-zona-sur\\\/#primaryimage\"},\"thumbnailUrl\":\"https:\\\/\\\/elinformativotam.com\\\/wp-content\\\/uploads\\\/2024\\\/04\\\/Monica-2-scaled.jpeg\",\"datePublished\":\"2024-05-01T03:27:28+00:00\",\"description\":\"*Para Ello Es Importante La Colaboraci\u00f3n De Los Tres Futuros Alcaldes &nbsp; De ganar la elecci\u00f3n del 2 de Junio pr\u00f3ximo, la candidata de la coalici\u00f3n\",\"inLanguage\":\"es\",\"potentialAction\":[{\"@type\":\"ReadAction\",\"target\":[\"https:\\\/\\\/elinformativotam.com\\\/index.php\\\/2024\\\/04\\\/30\\\/buscaran-el-retorno-de-los-fondos-metropolitanos-para-la-zona-sur\\\/\"]}]},{\"@type\":\"ImageObject\",\"inLanguage\":\"es\",\"@id\":\"https:\\\/\\\/elinformativotam.com\\\/index.php\\\/2024\\\/04\\\/30\\\/buscaran-el-retorno-de-los-fondos-metropolitanos-para-la-zona-sur\\\/#primaryimage\",\"url\":\"https:\\\/\\\/elinformativotam.com\\\/wp-content\\\/uploads\\\/2024\\\/04\\\/Monica-2-scaled.jpeg\",\"contentUrl\":\"https:\\\/\\\/elinformativotam.com\\\/wp-content\\\/uploads\\\/2024\\\/04\\\/Monica-2-scaled.jpeg\",\"width\":2560,\"height\":1707},{\"@type\":\"WebSite\",\"@id\":\"https:\\\/\\\/elinformativotam.com\\\/#website\",\"url\":\"https:\\\/\\\/elinformativotam.com\\\/\",\"name\":\"EL INFORMATIVO DE TAMAULIPAS\",\"description\":\"Desde la Zona Metropolitana Para Todo M\u00e9xico\",\"publisher\":{\"@id\":\"https:\\\/\\\/elinformativotam.com\\\/#organization\"},\"potentialAction\":[{\"@type\":\"SearchAction\",\"target\":{\"@type\":\"EntryPoint\",\"urlTemplate\":\"https:\\\/\\\/elinformativotam.com\\\/?s={search_term_string}\"},\"query-input\":{\"@type\":\"PropertyValueSpecification\",\"valueRequired\":true,\"valueName\":\"search_term_string\"}}],\"inLanguage\":\"es\"},{\"@type\":\"Organization\",\"@id\":\"https:\\\/\\\/elinformativotam.com\\\/#organization\",\"name\":\"EL INFORMATIVO DE TAMAULIPAS\",\"url\":\"https:\\\/\\\/elinformativotam.com\\\/\",\"logo\":{\"@type\":\"ImageObject\",\"inLanguage\":\"es\",\"@id\":\"https:\\\/\\\/elinformativotam.com\\\/#\\\/schema\\\/logo\\\/image\\\/\",\"url\":\"https:\\\/\\\/elinformativotam.com\\\/wp-content\\\/uploads\\\/2026\\\/02\\\/Cabezal.png\",\"contentUrl\":\"https:\\\/\\\/elinformativotam.com\\\/wp-content\\\/uploads\\\/2026\\\/02\\\/Cabezal.png\",\"width\":960,\"height\":640,\"caption\":\"EL INFORMATIVO DE TAMAULIPAS\"},\"image\":{\"@id\":\"https:\\\/\\\/elinformativotam.com\\\/#\\\/schema\\\/logo\\\/image\\\/\"}},{\"@type\":\"Person\",\"@id\":\"https:\\\/\\\/elinformativotam.com\\\/#\\\/schema\\\/person\\\/78e08040eed0f6110f0c5f83b6153590\",\"name\":\"El Informativo Tam\",\"image\":{\"@type\":\"ImageObject\",\"inLanguage\":\"es\",\"@id\":\"https:\\\/\\\/secure.gravatar.com\\\/avatar\\\/f3b7ad3af540688955925ac610647be00b0cf41feea9c4978b73a707ee86bc53?s=96&d=mm&r=g\",\"url\":\"https:\\\/\\\/secure.gravatar.com\\\/avatar\\\/f3b7ad3af540688955925ac610647be00b0cf41feea9c4978b73a707ee86bc53?s=96&d=mm&r=g\",\"contentUrl\":\"https:\\\/\\\/secure.gravatar.com\\\/avatar\\\/f3b7ad3af540688955925ac610647be00b0cf41feea9c4978b73a707ee86bc53?s=96&d=mm&r=g\",\"caption\":\"El Informativo Tam\"}}]}<\/script>\n<!-- \/ Yoast SEO plugin. -->","yoast_head_json":{"title":"BUSCAR\u00c1N EL RETORNO DE LOS FONDOS METROPOLITANOS PARA LA ZONA SUR - EL INFORMATIVO DE TAMAULIPAS","description":"*Para Ello Es Importante La Colaboraci\u00f3n De Los Tres Futuros Alcaldes &nbsp; De ganar la elecci\u00f3n del 2 de Junio pr\u00f3ximo, la candidata de la coalici\u00f3n","robots":{"index":"index","follow":"follow","max-snippet":"max-snippet:-1","max-image-preview":"max-image-preview:large","max-video-preview":"max-video-preview:-1"},"canonical":"https:\/\/elinformativotam.com\/index.php\/2024\/04\/30\/buscaran-el-retorno-de-los-fondos-metropolitanos-para-la-zona-sur\/","og_locale":"es_MX","og_type":"article","og_title":"BUSCAR\u00c1N EL RETORNO DE LOS FONDOS METROPOLITANOS PARA LA ZONA SUR - EL INFORMATIVO DE TAMAULIPAS","og_description":"*Para Ello Es Importante La Colaboraci\u00f3n De Los Tres Futuros Alcaldes &nbsp; De ganar la elecci\u00f3n del 2 de Junio pr\u00f3ximo, la candidata de la coalici\u00f3n","og_url":"https:\/\/elinformativotam.com\/index.php\/2024\/04\/30\/buscaran-el-retorno-de-los-fondos-metropolitanos-para-la-zona-sur\/","og_site_name":"EL INFORMATIVO DE TAMAULIPAS","article_published_time":"2024-05-01T03:27:28+00:00","og_image":[{"width":2560,"height":1707,"url":"https:\/\/elinformativotam.com\/wp-content\/uploads\/2024\/04\/Monica-2-scaled.jpeg","type":"image\/jpeg"}],"author":"El Informativo Tam","twitter_card":"summary_large_image","twitter_misc":{"Escrito por":"El Informativo Tam","Tiempo de lectura":"2 minutos"},"schema":{"@context":"https:\/\/schema.org","@graph":[{"@type":"Article","@id":"https:\/\/elinformativotam.com\/index.php\/2024\/04\/30\/buscaran-el-retorno-de-los-fondos-metropolitanos-para-la-zona-sur\/#article","isPartOf":{"@id":"https:\/\/elinformativotam.com\/index.php\/2024\/04\/30\/buscaran-el-retorno-de-los-fondos-metropolitanos-para-la-zona-sur\/"},"author":{"name":"El Informativo Tam","@id":"https:\/\/elinformativotam.com\/#\/schema\/person\/78e08040eed0f6110f0c5f83b6153590"},"headline":"BUSCAR\u00c1N EL RETORNO DE LOS FONDOS METROPOLITANOS PARA LA ZONA SUR","datePublished":"2024-05-01T03:27:28+00:00","mainEntityOfPage":{"@id":"https:\/\/elinformativotam.com\/index.php\/2024\/04\/30\/buscaran-el-retorno-de-los-fondos-metropolitanos-para-la-zona-sur\/"},"wordCount":347,"commentCount":0,"publisher":{"@id":"https:\/\/elinformativotam.com\/#organization"},"image":{"@id":"https:\/\/elinformativotam.com\/index.php\/2024\/04\/30\/buscaran-el-retorno-de-los-fondos-metropolitanos-para-la-zona-sur\/#primaryimage"},"thumbnailUrl":"https:\/\/elinformativotam.com\/wp-content\/uploads\/2024\/04\/Monica-2-scaled.jpeg","articleSection":["Tampico"],"inLanguage":"es","potentialAction":[{"@type":"CommentAction","name":"Comment","target":["https:\/\/elinformativotam.com\/index.php\/2024\/04\/30\/buscaran-el-retorno-de-los-fondos-metropolitanos-para-la-zona-sur\/#respond"]}]},{"@type":"WebPage","@id":"https:\/\/elinformativotam.com\/index.php\/2024\/04\/30\/buscaran-el-retorno-de-los-fondos-metropolitanos-para-la-zona-sur\/","url":"https:\/\/elinformativotam.com\/index.php\/2024\/04\/30\/buscaran-el-retorno-de-los-fondos-metropolitanos-para-la-zona-sur\/","name":"BUSCAR\u00c1N EL RETORNO DE LOS FONDOS METROPOLITANOS PARA LA ZONA SUR - EL INFORMATIVO DE TAMAULIPAS","isPartOf":{"@id":"https:\/\/elinformativotam.com\/#website"},"primaryImageOfPage":{"@id":"https:\/\/elinformativotam.com\/index.php\/2024\/04\/30\/buscaran-el-retorno-de-los-fondos-metropolitanos-para-la-zona-sur\/#primaryimage"},"image":{"@id":"https:\/\/elinformativotam.com\/index.php\/2024\/04\/30\/buscaran-el-retorno-de-los-fondos-metropolitanos-para-la-zona-sur\/#primaryimage"},"thumbnailUrl":"https:\/\/elinformativotam.com\/wp-content\/uploads\/2024\/04\/Monica-2-scaled.jpeg","datePublished":"2024-05-01T03:27:28+00:00","description":"*Para Ello Es Importante La Colaboraci\u00f3n De Los Tres Futuros Alcaldes &nbsp; De ganar la elecci\u00f3n del 2 de Junio pr\u00f3ximo, la candidata de la coalici\u00f3n","inLanguage":"es","potentialAction":[{"@type":"ReadAction","target":["https:\/\/elinformativotam.com\/index.php\/2024\/04\/30\/buscaran-el-retorno-de-los-fondos-metropolitanos-para-la-zona-sur\/"]}]},{"@type":"ImageObject","inLanguage":"es","@id":"https:\/\/elinformativotam.com\/index.php\/2024\/04\/30\/buscaran-el-retorno-de-los-fondos-metropolitanos-para-la-zona-sur\/#primaryimage","url":"https:\/\/elinformativotam.com\/wp-content\/uploads\/2024\/04\/Monica-2-scaled.jpeg","contentUrl":"https:\/\/elinformativotam.com\/wp-content\/uploads\/2024\/04\/Monica-2-scaled.jpeg","width":2560,"height":1707},{"@type":"WebSite","@id":"https:\/\/elinformativotam.com\/#website","url":"https:\/\/elinformativotam.com\/","name":"EL INFORMATIVO DE TAMAULIPAS","description":"Desde la Zona Metropolitana Para Todo M\u00e9xico","publisher":{"@id":"https:\/\/elinformativotam.com\/#organization"},"potentialAction":[{"@type":"SearchAction","target":{"@type":"EntryPoint","urlTemplate":"https:\/\/elinformativotam.com\/?s={search_term_string}"},"query-input":{"@type":"PropertyValueSpecification","valueRequired":true,"valueName":"search_term_string"}}],"inLanguage":"es"},{"@type":"Organization","@id":"https:\/\/elinformativotam.com\/#organization","name":"EL INFORMATIVO DE TAMAULIPAS","url":"https:\/\/elinformativotam.com\/","logo":{"@type":"ImageObject","inLanguage":"es","@id":"https:\/\/elinformativotam.com\/#\/schema\/logo\/image\/","url":"https:\/\/elinformativotam.com\/wp-content\/uploads\/2026\/02\/Cabezal.png","contentUrl":"https:\/\/elinformativotam.com\/wp-content\/uploads\/2026\/02\/Cabezal.png","width":960,"height":640,"caption":"EL INFORMATIVO DE TAMAULIPAS"},"image":{"@id":"https:\/\/elinformativotam.com\/#\/schema\/logo\/image\/"}},{"@type":"Person","@id":"https:\/\/elinformativotam.com\/#\/schema\/person\/78e08040eed0f6110f0c5f83b6153590","name":"El Informativo Tam","image":{"@type":"ImageObject","inLanguage":"es","@id":"https:\/\/secure.gravatar.com\/avatar\/f3b7ad3af540688955925ac610647be00b0cf41feea9c4978b73a707ee86bc53?s=96&d=mm&r=g","url":"https:\/\/secure.gravatar.com\/avatar\/f3b7ad3af540688955925ac610647be00b0cf41feea9c4978b73a707ee86bc53?s=96&d=mm&r=g","contentUrl":"https:\/\/secure.gravatar.com\/avatar\/f3b7ad3af540688955925ac610647be00b0cf41feea9c4978b73a707ee86bc53?s=96&d=mm&r=g","caption":"El Informativo Tam"}}]}},"_links":{"self":[{"href":"https:\/\/elinformativotam.com\/index.php\/wp-json\/wp\/v2\/posts\/50531","targetHints":{"allow":["GET"]}}],"collection":[{"href":"https:\/\/elinformativotam.com\/index.php\/wp-json\/wp\/v2\/posts"}],"about":[{"href":"https:\/\/elinformativotam.com\/index.php\/wp-json\/wp\/v2\/types\/post"}],"author":[{"embeddable":true,"href":"https:\/\/elinformativotam.com\/index.php\/wp-json\/wp\/v2\/users\/1"}],"replies":[{"embeddable":true,"href":"https:\/\/elinformativotam.com\/index.php\/wp-json\/wp\/v2\/comments?post=50531"}],"version-history":[{"count":1,"href":"https:\/\/elinformativotam.com\/index.php\/wp-json\/wp\/v2\/posts\/50531\/revisions"}],"predecessor-version":[{"id":50532,"href":"https:\/\/elinformativotam.com\/index.php\/wp-json\/wp\/v2\/posts\/50531\/revisions\/50532"}],"wp:featuredmedia":[{"embeddable":true,"href":"https:\/\/elinformativotam.com\/index.php\/wp-json\/wp\/v2\/media\/50526"}],"wp:attachment":[{"href":"https:\/\/elinformativotam.com\/index.php\/wp-json\/wp\/v2\/media?parent=50531"}],"wp:term":[{"taxonomy":"category","embeddable":true,"href":"https:\/\/elinformativotam.com\/index.php\/wp-json\/wp\/v2\/categories?post=50531"},{"taxonomy":"post_tag","embeddable":true,"href":"https:\/\/elinformativotam.com\/index.php\/wp-json\/wp\/v2\/tags?post=50531"}],"curies":[{"name":"wp","href":"https:\/\/api.w.org\/{rel}","templated":true}]}}