{"id":50529,"date":"2024-04-30T21:25:36","date_gmt":"2024-05-01T03:25:36","guid":{"rendered":"https:\/\/elinformativotam.com\/?p=50529"},"modified":"2024-04-30T21:25:36","modified_gmt":"2024-05-01T03:25:36","slug":"vital-que-haya-mas-patrullas-y-elementos-policiacos-en-la-zona-metropolitana","status":"publish","type":"post","link":"https:\/\/elinformativotam.com\/index.php\/2024\/04\/30\/vital-que-haya-mas-patrullas-y-elementos-policiacos-en-la-zona-metropolitana\/","title":{"rendered":"VITAL QUE HAYA M\u00c1S PATRULLAS Y ELEMENTOS POLICIACOS EN LA ZONA METROPOLITANA"},"content":{"rendered":"<h2 style=\"text-align: center;\"><em><span style=\"font-family: 'times new roman', times;\">*Pugnar\u00e1n Por Conseguir M\u00e1s Dinero De La Federaci\u00f3n Para No Relajarse En El Tema De La Paz Social<\/span><\/em><\/h2>\n<p>&nbsp;<\/p>\n<p>&nbsp;<\/p>\n<p>El candidato a la diputaci\u00f3n federal por el 8 distrito, Jes\u00fas Nader Nasrrallah, se\u00f1al\u00f3 que en Tampico y Madero no deben relajarse en el tema de seguridad, por lo que propondr\u00e1 desde la c\u00e1mara baja la inyecci\u00f3n de m\u00e1s recursos federales para el tema del fortalecimiento al equipamiento veh\u00edcular y la asignaci\u00f3n de m\u00e1s polic\u00edas.<\/p>\n<p>&nbsp;<\/p>\n<p>Indic\u00f3 que hoy las condiciones son positivas en el rubro de la paz social en toda la zona metropolitana, y eso dijo genera certidumbre en la inversi\u00f3n privada, en la generaci\u00f3n de m\u00e1s empleos y por supuesto en el tema tur\u00edstico.<\/p>\n<p>&nbsp;<\/p>\n<p>Detall\u00f3 que en el gobierno municipal del panista Arturo Elizondo Naranjo, la entonces polic\u00eda municipal lleg\u00f3 a contar con poco m\u00e1s de 100 patrullas y un n\u00famero importante de elementos para la vigilancia en todas las colonias.<\/p>\n<p>&nbsp;<\/p>\n<p>El candidato de la alianza PAN-PRI extern\u00f3 que hoy el municipio dota de gasolina e insumos para las unidades y paga las reparaciones de las unidades que as\u00ed lo requieren, pues record\u00f3 que para ello hay un impuesto sobre n\u00f3mina que se paga al gobierno del estado para el fortalecimiento de la seguridad p\u00fablica y de la Guardia Estatal<\/p>\n<p>&nbsp;<\/p>\n<p>Resalt\u00f3, que desde hace cinco a\u00f1os y medio que la tranquilidad social reina en el puerto, y pese a haber v\u00edvido una experiencia muy negativa en el rubro de la inseguridad, hoy Tampico es ejemplo en mejor percepci\u00f3n de seguridad, al estar dentro de los primeros cinco sitios a nivel nacional.<\/p>\n<p>&nbsp;<\/p>\n<p>Nader, explic\u00f3 que hay otros temas en la agenda personal como el agua y su cuidado; en salud con la gesti\u00f3n para la construcci\u00f3n de un nuevo hospital del IMSS; m\u00e1s educaci\u00f3n de calidad; Transporte P\u00fablico as\u00ed como la terminaci\u00f3n de la carreteras Tambien y la intrscostera, que va de la zona hasta la frontera con EUA.<\/p>\n","protected":false},"excerpt":{"rendered":"<p>*Pugnar\u00e1n Por Conseguir M\u00e1s Dinero De La Federaci\u00f3n Para No Relajarse En El Tema De La Paz Social &nbsp; &nbsp;&hellip;<\/p>\n","protected":false},"author":1,"featured_media":50527,"comment_status":"open","ping_status":"open","sticky":false,"template":"","format":"standard","meta":{"footnotes":""},"categories":[3],"tags":[],"class_list":["post-50529","post","type-post","status-publish","format-standard","has-post-thumbnail","hentry","category-tampico"],"yoast_head":"<!-- This site is optimized with the Yoast SEO plugin v27.4 - https:\/\/yoast.com\/product\/yoast-seo-wordpress\/ -->\n<title>VITAL QUE HAYA M\u00c1S PATRULLAS Y ELEMENTOS POLICIACOS EN LA ZONA METROPOLITANA - EL INFORMATIVO DE TAMAULIPAS<\/title>\n<meta name=\"description\" content=\"*Pugnar\u00e1n Por Conseguir M\u00e1s Dinero De La Federaci\u00f3n Para No Relajarse En El Tema De La Paz Social &nbsp; &nbsp; El candidato a la diputaci\u00f3n federal por\" \/>\n<meta name=\"robots\" content=\"index, follow, max-snippet:-1, max-image-preview:large, max-video-preview:-1\" \/>\n<link rel=\"canonical\" href=\"https:\/\/elinformativotam.com\/index.php\/2024\/04\/30\/vital-que-haya-mas-patrullas-y-elementos-policiacos-en-la-zona-metropolitana\/\" \/>\n<meta property=\"og:locale\" content=\"es_MX\" \/>\n<meta property=\"og:type\" content=\"article\" \/>\n<meta property=\"og:title\" content=\"VITAL QUE HAYA M\u00c1S PATRULLAS Y ELEMENTOS POLICIACOS EN LA ZONA METROPOLITANA - EL INFORMATIVO DE TAMAULIPAS\" \/>\n<meta property=\"og:description\" content=\"*Pugnar\u00e1n Por Conseguir M\u00e1s Dinero De La Federaci\u00f3n Para No Relajarse En El Tema De La Paz Social &nbsp; &nbsp; El candidato a la diputaci\u00f3n federal por\" \/>\n<meta property=\"og:url\" content=\"https:\/\/elinformativotam.com\/index.php\/2024\/04\/30\/vital-que-haya-mas-patrullas-y-elementos-policiacos-en-la-zona-metropolitana\/\" \/>\n<meta property=\"og:site_name\" content=\"EL INFORMATIVO DE TAMAULIPAS\" \/>\n<meta property=\"article:published_time\" content=\"2024-05-01T03:25:36+00:00\" \/>\n<meta property=\"og:image\" content=\"https:\/\/elinformativotam.com\/wp-content\/uploads\/2024\/04\/Chucho-1-scaled.jpeg\" \/>\n\t<meta property=\"og:image:width\" content=\"2560\" \/>\n\t<meta property=\"og:image:height\" content=\"1707\" \/>\n\t<meta property=\"og:image:type\" content=\"image\/jpeg\" \/>\n<meta name=\"author\" content=\"El Informativo Tam\" \/>\n<meta name=\"twitter:card\" content=\"summary_large_image\" \/>\n<meta name=\"twitter:label1\" content=\"Escrito por\" \/>\n\t<meta name=\"twitter:data1\" content=\"El Informativo Tam\" \/>\n\t<meta name=\"twitter:label2\" content=\"Tiempo de lectura\" \/>\n\t<meta name=\"twitter:data2\" content=\"2 minutos\" \/>\n<script type=\"application\/ld+json\" class=\"yoast-schema-graph\">{\"@context\":\"https:\\\/\\\/schema.org\",\"@graph\":[{\"@type\":\"Article\",\"@id\":\"https:\\\/\\\/elinformativotam.com\\\/index.php\\\/2024\\\/04\\\/30\\\/vital-que-haya-mas-patrullas-y-elementos-policiacos-en-la-zona-metropolitana\\\/#article\",\"isPartOf\":{\"@id\":\"https:\\\/\\\/elinformativotam.com\\\/index.php\\\/2024\\\/04\\\/30\\\/vital-que-haya-mas-patrullas-y-elementos-policiacos-en-la-zona-metropolitana\\\/\"},\"author\":{\"name\":\"El Informativo Tam\",\"@id\":\"https:\\\/\\\/elinformativotam.com\\\/#\\\/schema\\\/person\\\/78e08040eed0f6110f0c5f83b6153590\"},\"headline\":\"VITAL QUE HAYA M\u00c1S PATRULLAS Y ELEMENTOS POLICIACOS EN LA ZONA METROPOLITANA\",\"datePublished\":\"2024-05-01T03:25:36+00:00\",\"mainEntityOfPage\":{\"@id\":\"https:\\\/\\\/elinformativotam.com\\\/index.php\\\/2024\\\/04\\\/30\\\/vital-que-haya-mas-patrullas-y-elementos-policiacos-en-la-zona-metropolitana\\\/\"},\"wordCount\":367,\"commentCount\":0,\"publisher\":{\"@id\":\"https:\\\/\\\/elinformativotam.com\\\/#organization\"},\"image\":{\"@id\":\"https:\\\/\\\/elinformativotam.com\\\/index.php\\\/2024\\\/04\\\/30\\\/vital-que-haya-mas-patrullas-y-elementos-policiacos-en-la-zona-metropolitana\\\/#primaryimage\"},\"thumbnailUrl\":\"https:\\\/\\\/elinformativotam.com\\\/wp-content\\\/uploads\\\/2024\\\/04\\\/Chucho-1-scaled.jpeg\",\"articleSection\":[\"Tampico\"],\"inLanguage\":\"es\",\"potentialAction\":[{\"@type\":\"CommentAction\",\"name\":\"Comment\",\"target\":[\"https:\\\/\\\/elinformativotam.com\\\/index.php\\\/2024\\\/04\\\/30\\\/vital-que-haya-mas-patrullas-y-elementos-policiacos-en-la-zona-metropolitana\\\/#respond\"]}]},{\"@type\":\"WebPage\",\"@id\":\"https:\\\/\\\/elinformativotam.com\\\/index.php\\\/2024\\\/04\\\/30\\\/vital-que-haya-mas-patrullas-y-elementos-policiacos-en-la-zona-metropolitana\\\/\",\"url\":\"https:\\\/\\\/elinformativotam.com\\\/index.php\\\/2024\\\/04\\\/30\\\/vital-que-haya-mas-patrullas-y-elementos-policiacos-en-la-zona-metropolitana\\\/\",\"name\":\"VITAL QUE HAYA M\u00c1S PATRULLAS Y ELEMENTOS POLICIACOS EN LA ZONA METROPOLITANA - EL INFORMATIVO DE TAMAULIPAS\",\"isPartOf\":{\"@id\":\"https:\\\/\\\/elinformativotam.com\\\/#website\"},\"primaryImageOfPage\":{\"@id\":\"https:\\\/\\\/elinformativotam.com\\\/index.php\\\/2024\\\/04\\\/30\\\/vital-que-haya-mas-patrullas-y-elementos-policiacos-en-la-zona-metropolitana\\\/#primaryimage\"},\"image\":{\"@id\":\"https:\\\/\\\/elinformativotam.com\\\/index.php\\\/2024\\\/04\\\/30\\\/vital-que-haya-mas-patrullas-y-elementos-policiacos-en-la-zona-metropolitana\\\/#primaryimage\"},\"thumbnailUrl\":\"https:\\\/\\\/elinformativotam.com\\\/wp-content\\\/uploads\\\/2024\\\/04\\\/Chucho-1-scaled.jpeg\",\"datePublished\":\"2024-05-01T03:25:36+00:00\",\"description\":\"*Pugnar\u00e1n Por Conseguir M\u00e1s Dinero De La Federaci\u00f3n Para No Relajarse En El Tema De La Paz Social &nbsp; &nbsp; El candidato a la diputaci\u00f3n federal por\",\"inLanguage\":\"es\",\"potentialAction\":[{\"@type\":\"ReadAction\",\"target\":[\"https:\\\/\\\/elinformativotam.com\\\/index.php\\\/2024\\\/04\\\/30\\\/vital-que-haya-mas-patrullas-y-elementos-policiacos-en-la-zona-metropolitana\\\/\"]}]},{\"@type\":\"ImageObject\",\"inLanguage\":\"es\",\"@id\":\"https:\\\/\\\/elinformativotam.com\\\/index.php\\\/2024\\\/04\\\/30\\\/vital-que-haya-mas-patrullas-y-elementos-policiacos-en-la-zona-metropolitana\\\/#primaryimage\",\"url\":\"https:\\\/\\\/elinformativotam.com\\\/wp-content\\\/uploads\\\/2024\\\/04\\\/Chucho-1-scaled.jpeg\",\"contentUrl\":\"https:\\\/\\\/elinformativotam.com\\\/wp-content\\\/uploads\\\/2024\\\/04\\\/Chucho-1-scaled.jpeg\",\"width\":2560,\"height\":1707},{\"@type\":\"WebSite\",\"@id\":\"https:\\\/\\\/elinformativotam.com\\\/#website\",\"url\":\"https:\\\/\\\/elinformativotam.com\\\/\",\"name\":\"EL INFORMATIVO DE TAMAULIPAS\",\"description\":\"Desde la Zona Metropolitana Para Todo M\u00e9xico\",\"publisher\":{\"@id\":\"https:\\\/\\\/elinformativotam.com\\\/#organization\"},\"potentialAction\":[{\"@type\":\"SearchAction\",\"target\":{\"@type\":\"EntryPoint\",\"urlTemplate\":\"https:\\\/\\\/elinformativotam.com\\\/?s={search_term_string}\"},\"query-input\":{\"@type\":\"PropertyValueSpecification\",\"valueRequired\":true,\"valueName\":\"search_term_string\"}}],\"inLanguage\":\"es\"},{\"@type\":\"Organization\",\"@id\":\"https:\\\/\\\/elinformativotam.com\\\/#organization\",\"name\":\"EL INFORMATIVO DE TAMAULIPAS\",\"url\":\"https:\\\/\\\/elinformativotam.com\\\/\",\"logo\":{\"@type\":\"ImageObject\",\"inLanguage\":\"es\",\"@id\":\"https:\\\/\\\/elinformativotam.com\\\/#\\\/schema\\\/logo\\\/image\\\/\",\"url\":\"https:\\\/\\\/elinformativotam.com\\\/wp-content\\\/uploads\\\/2026\\\/02\\\/Cabezal.png\",\"contentUrl\":\"https:\\\/\\\/elinformativotam.com\\\/wp-content\\\/uploads\\\/2026\\\/02\\\/Cabezal.png\",\"width\":960,\"height\":640,\"caption\":\"EL INFORMATIVO DE TAMAULIPAS\"},\"image\":{\"@id\":\"https:\\\/\\\/elinformativotam.com\\\/#\\\/schema\\\/logo\\\/image\\\/\"}},{\"@type\":\"Person\",\"@id\":\"https:\\\/\\\/elinformativotam.com\\\/#\\\/schema\\\/person\\\/78e08040eed0f6110f0c5f83b6153590\",\"name\":\"El Informativo Tam\",\"image\":{\"@type\":\"ImageObject\",\"inLanguage\":\"es\",\"@id\":\"https:\\\/\\\/secure.gravatar.com\\\/avatar\\\/f3b7ad3af540688955925ac610647be00b0cf41feea9c4978b73a707ee86bc53?s=96&d=mm&r=g\",\"url\":\"https:\\\/\\\/secure.gravatar.com\\\/avatar\\\/f3b7ad3af540688955925ac610647be00b0cf41feea9c4978b73a707ee86bc53?s=96&d=mm&r=g\",\"contentUrl\":\"https:\\\/\\\/secure.gravatar.com\\\/avatar\\\/f3b7ad3af540688955925ac610647be00b0cf41feea9c4978b73a707ee86bc53?s=96&d=mm&r=g\",\"caption\":\"El Informativo Tam\"}}]}<\/script>\n<!-- \/ Yoast SEO plugin. -->","yoast_head_json":{"title":"VITAL QUE HAYA M\u00c1S PATRULLAS Y ELEMENTOS POLICIACOS EN LA ZONA METROPOLITANA - EL INFORMATIVO DE TAMAULIPAS","description":"*Pugnar\u00e1n Por Conseguir M\u00e1s Dinero De La Federaci\u00f3n Para No Relajarse En El Tema De La Paz Social &nbsp; &nbsp; El candidato a la diputaci\u00f3n federal por","robots":{"index":"index","follow":"follow","max-snippet":"max-snippet:-1","max-image-preview":"max-image-preview:large","max-video-preview":"max-video-preview:-1"},"canonical":"https:\/\/elinformativotam.com\/index.php\/2024\/04\/30\/vital-que-haya-mas-patrullas-y-elementos-policiacos-en-la-zona-metropolitana\/","og_locale":"es_MX","og_type":"article","og_title":"VITAL QUE HAYA M\u00c1S PATRULLAS Y ELEMENTOS POLICIACOS EN LA ZONA METROPOLITANA - EL INFORMATIVO DE TAMAULIPAS","og_description":"*Pugnar\u00e1n Por Conseguir M\u00e1s Dinero De La Federaci\u00f3n Para No Relajarse En El Tema De La Paz Social &nbsp; &nbsp; El candidato a la diputaci\u00f3n federal por","og_url":"https:\/\/elinformativotam.com\/index.php\/2024\/04\/30\/vital-que-haya-mas-patrullas-y-elementos-policiacos-en-la-zona-metropolitana\/","og_site_name":"EL INFORMATIVO DE TAMAULIPAS","article_published_time":"2024-05-01T03:25:36+00:00","og_image":[{"width":2560,"height":1707,"url":"https:\/\/elinformativotam.com\/wp-content\/uploads\/2024\/04\/Chucho-1-scaled.jpeg","type":"image\/jpeg"}],"author":"El Informativo Tam","twitter_card":"summary_large_image","twitter_misc":{"Escrito por":"El Informativo Tam","Tiempo de lectura":"2 minutos"},"schema":{"@context":"https:\/\/schema.org","@graph":[{"@type":"Article","@id":"https:\/\/elinformativotam.com\/index.php\/2024\/04\/30\/vital-que-haya-mas-patrullas-y-elementos-policiacos-en-la-zona-metropolitana\/#article","isPartOf":{"@id":"https:\/\/elinformativotam.com\/index.php\/2024\/04\/30\/vital-que-haya-mas-patrullas-y-elementos-policiacos-en-la-zona-metropolitana\/"},"author":{"name":"El Informativo Tam","@id":"https:\/\/elinformativotam.com\/#\/schema\/person\/78e08040eed0f6110f0c5f83b6153590"},"headline":"VITAL QUE HAYA M\u00c1S PATRULLAS Y ELEMENTOS POLICIACOS EN LA ZONA METROPOLITANA","datePublished":"2024-05-01T03:25:36+00:00","mainEntityOfPage":{"@id":"https:\/\/elinformativotam.com\/index.php\/2024\/04\/30\/vital-que-haya-mas-patrullas-y-elementos-policiacos-en-la-zona-metropolitana\/"},"wordCount":367,"commentCount":0,"publisher":{"@id":"https:\/\/elinformativotam.com\/#organization"},"image":{"@id":"https:\/\/elinformativotam.com\/index.php\/2024\/04\/30\/vital-que-haya-mas-patrullas-y-elementos-policiacos-en-la-zona-metropolitana\/#primaryimage"},"thumbnailUrl":"https:\/\/elinformativotam.com\/wp-content\/uploads\/2024\/04\/Chucho-1-scaled.jpeg","articleSection":["Tampico"],"inLanguage":"es","potentialAction":[{"@type":"CommentAction","name":"Comment","target":["https:\/\/elinformativotam.com\/index.php\/2024\/04\/30\/vital-que-haya-mas-patrullas-y-elementos-policiacos-en-la-zona-metropolitana\/#respond"]}]},{"@type":"WebPage","@id":"https:\/\/elinformativotam.com\/index.php\/2024\/04\/30\/vital-que-haya-mas-patrullas-y-elementos-policiacos-en-la-zona-metropolitana\/","url":"https:\/\/elinformativotam.com\/index.php\/2024\/04\/30\/vital-que-haya-mas-patrullas-y-elementos-policiacos-en-la-zona-metropolitana\/","name":"VITAL QUE HAYA M\u00c1S PATRULLAS Y ELEMENTOS POLICIACOS EN LA ZONA METROPOLITANA - EL INFORMATIVO DE TAMAULIPAS","isPartOf":{"@id":"https:\/\/elinformativotam.com\/#website"},"primaryImageOfPage":{"@id":"https:\/\/elinformativotam.com\/index.php\/2024\/04\/30\/vital-que-haya-mas-patrullas-y-elementos-policiacos-en-la-zona-metropolitana\/#primaryimage"},"image":{"@id":"https:\/\/elinformativotam.com\/index.php\/2024\/04\/30\/vital-que-haya-mas-patrullas-y-elementos-policiacos-en-la-zona-metropolitana\/#primaryimage"},"thumbnailUrl":"https:\/\/elinformativotam.com\/wp-content\/uploads\/2024\/04\/Chucho-1-scaled.jpeg","datePublished":"2024-05-01T03:25:36+00:00","description":"*Pugnar\u00e1n Por Conseguir M\u00e1s Dinero De La Federaci\u00f3n Para No Relajarse En El Tema De La Paz Social &nbsp; &nbsp; El candidato a la diputaci\u00f3n federal por","inLanguage":"es","potentialAction":[{"@type":"ReadAction","target":["https:\/\/elinformativotam.com\/index.php\/2024\/04\/30\/vital-que-haya-mas-patrullas-y-elementos-policiacos-en-la-zona-metropolitana\/"]}]},{"@type":"ImageObject","inLanguage":"es","@id":"https:\/\/elinformativotam.com\/index.php\/2024\/04\/30\/vital-que-haya-mas-patrullas-y-elementos-policiacos-en-la-zona-metropolitana\/#primaryimage","url":"https:\/\/elinformativotam.com\/wp-content\/uploads\/2024\/04\/Chucho-1-scaled.jpeg","contentUrl":"https:\/\/elinformativotam.com\/wp-content\/uploads\/2024\/04\/Chucho-1-scaled.jpeg","width":2560,"height":1707},{"@type":"WebSite","@id":"https:\/\/elinformativotam.com\/#website","url":"https:\/\/elinformativotam.com\/","name":"EL INFORMATIVO DE TAMAULIPAS","description":"Desde la Zona Metropolitana Para Todo M\u00e9xico","publisher":{"@id":"https:\/\/elinformativotam.com\/#organization"},"potentialAction":[{"@type":"SearchAction","target":{"@type":"EntryPoint","urlTemplate":"https:\/\/elinformativotam.com\/?s={search_term_string}"},"query-input":{"@type":"PropertyValueSpecification","valueRequired":true,"valueName":"search_term_string"}}],"inLanguage":"es"},{"@type":"Organization","@id":"https:\/\/elinformativotam.com\/#organization","name":"EL INFORMATIVO DE TAMAULIPAS","url":"https:\/\/elinformativotam.com\/","logo":{"@type":"ImageObject","inLanguage":"es","@id":"https:\/\/elinformativotam.com\/#\/schema\/logo\/image\/","url":"https:\/\/elinformativotam.com\/wp-content\/uploads\/2026\/02\/Cabezal.png","contentUrl":"https:\/\/elinformativotam.com\/wp-content\/uploads\/2026\/02\/Cabezal.png","width":960,"height":640,"caption":"EL INFORMATIVO DE TAMAULIPAS"},"image":{"@id":"https:\/\/elinformativotam.com\/#\/schema\/logo\/image\/"}},{"@type":"Person","@id":"https:\/\/elinformativotam.com\/#\/schema\/person\/78e08040eed0f6110f0c5f83b6153590","name":"El Informativo Tam","image":{"@type":"ImageObject","inLanguage":"es","@id":"https:\/\/secure.gravatar.com\/avatar\/f3b7ad3af540688955925ac610647be00b0cf41feea9c4978b73a707ee86bc53?s=96&d=mm&r=g","url":"https:\/\/secure.gravatar.com\/avatar\/f3b7ad3af540688955925ac610647be00b0cf41feea9c4978b73a707ee86bc53?s=96&d=mm&r=g","contentUrl":"https:\/\/secure.gravatar.com\/avatar\/f3b7ad3af540688955925ac610647be00b0cf41feea9c4978b73a707ee86bc53?s=96&d=mm&r=g","caption":"El Informativo Tam"}}]}},"_links":{"self":[{"href":"https:\/\/elinformativotam.com\/index.php\/wp-json\/wp\/v2\/posts\/50529","targetHints":{"allow":["GET"]}}],"collection":[{"href":"https:\/\/elinformativotam.com\/index.php\/wp-json\/wp\/v2\/posts"}],"about":[{"href":"https:\/\/elinformativotam.com\/index.php\/wp-json\/wp\/v2\/types\/post"}],"author":[{"embeddable":true,"href":"https:\/\/elinformativotam.com\/index.php\/wp-json\/wp\/v2\/users\/1"}],"replies":[{"embeddable":true,"href":"https:\/\/elinformativotam.com\/index.php\/wp-json\/wp\/v2\/comments?post=50529"}],"version-history":[{"count":1,"href":"https:\/\/elinformativotam.com\/index.php\/wp-json\/wp\/v2\/posts\/50529\/revisions"}],"predecessor-version":[{"id":50530,"href":"https:\/\/elinformativotam.com\/index.php\/wp-json\/wp\/v2\/posts\/50529\/revisions\/50530"}],"wp:featuredmedia":[{"embeddable":true,"href":"https:\/\/elinformativotam.com\/index.php\/wp-json\/wp\/v2\/media\/50527"}],"wp:attachment":[{"href":"https:\/\/elinformativotam.com\/index.php\/wp-json\/wp\/v2\/media?parent=50529"}],"wp:term":[{"taxonomy":"category","embeddable":true,"href":"https:\/\/elinformativotam.com\/index.php\/wp-json\/wp\/v2\/categories?post=50529"},{"taxonomy":"post_tag","embeddable":true,"href":"https:\/\/elinformativotam.com\/index.php\/wp-json\/wp\/v2\/tags?post=50529"}],"curies":[{"name":"wp","href":"https:\/\/api.w.org\/{rel}","templated":true}]}}