{"id":5051,"date":"2020-04-19T14:18:09","date_gmt":"2020-04-19T20:18:09","guid":{"rendered":"http:\/\/elinformativotam.com\/?p=5051"},"modified":"2020-04-19T14:18:09","modified_gmt":"2020-04-19T20:18:09","slug":"madero-redobla-esfuerzos-en-desinfeccion-de-vialidades","status":"publish","type":"post","link":"https:\/\/elinformativotam.com\/index.php\/2020\/04\/19\/madero-redobla-esfuerzos-en-desinfeccion-de-vialidades\/","title":{"rendered":"MADERO REDOBLA ESFUERZOS EN DESINFECCI\u00d3N DE VIALIDADES"},"content":{"rendered":"<p>Ardua labor contin\u00faa el Gobierno Municipal que encabeza el alcalde Adri\u00e1n Oseguera Kernion, al redoblar esfuerzos en la desinfecci\u00f3n y limpieza de vialidades en las diferentes colonias de Ciudad Madero.<\/p>\n<p>&nbsp;<\/p>\n<p>Ejemplo de ello, son las acciones realizadas recientemente en la colonia Los Cedros, donde a trav\u00e9s de la Direcci\u00f3n de Municipio Saludable y elementos de Protecci\u00f3n Civil, as\u00ed como el cuerpo de bomberos, se llev\u00f3 a cabo la sanitizaci\u00f3n de calles con equipo especializado.<\/p>\n<p>&nbsp;<\/p>\n<p>\u201cEn Madero, no vamos a desacelerar el ritmo en las medidas preventivas para combatir la pandemia. Hago un llamado a la ciudadan\u00eda para que se sume y coadyuve en este esfuerzo resguard\u00e1ndose en casa\u201d, puntualiz\u00f3 el Presidente Municipal.<\/p>\n<p><img loading=\"lazy\" decoding=\"async\" class=\"wp-image-5050 alignleft\" src=\"https:\/\/elinformativotam.com\/wp-content\/uploads\/2020\/04\/SANITIZANDO1-300x200.jpg\" alt=\"\" width=\"484\" height=\"322\" \/><\/p>\n<p>Y es que el edil maderense ha demandado la f\u00e9rrea coordinaci\u00f3n de todas las dependencias municipales para darle frente a esta situaci\u00f3n que se vive a nivel mundial.<\/p>\n<p>&nbsp;<\/p>\n<p>\u201cLa instrucci\u00f3n es no bajar la guardia y continuar trabajando todos en equipo. Mi reconocimiento a todas las direcciones municipales que est\u00e1n redoblando esfuerzos por el bien de los ciudadanos\u201d, remarc\u00f3 Oseguera Kernion.<\/p>\n<p>&nbsp;<\/p>\n<p>Cabe destacar que a estas acciones de la administraci\u00f3n maderense, se suma la instalaci\u00f3n de filtros de salud en puntos estrat\u00e9gicos de la ciudad para detectar el ingreso de veh\u00edculos for\u00e1neos con posibles casos sospechosos, as\u00ed como los recorridos por los establecimientos para verificar que se cumplan con las medidas preventivas de salud.<\/p>\n","protected":false},"excerpt":{"rendered":"<p>Ardua labor contin\u00faa el Gobierno Municipal que encabeza el alcalde Adri\u00e1n Oseguera Kernion, al redoblar esfuerzos en la desinfecci\u00f3n y&hellip;<\/p>\n","protected":false},"author":1,"featured_media":0,"comment_status":"open","ping_status":"open","sticky":false,"template":"","format":"standard","meta":{"footnotes":""},"categories":[4],"tags":[],"class_list":["post-5051","post","type-post","status-publish","format-standard","hentry","category-madero"],"yoast_head":"<!-- This site is optimized with the Yoast SEO plugin v27.5 - https:\/\/yoast.com\/product\/yoast-seo-wordpress\/ -->\n<title>MADERO REDOBLA ESFUERZOS EN DESINFECCI\u00d3N DE VIALIDADES - EL INFORMATIVO DE TAMAULIPAS<\/title>\n<meta name=\"description\" content=\"Ardua labor contin\u00faa el Gobierno Municipal que encabeza el alcalde Adri\u00e1n Oseguera Kernion, al redoblar esfuerzos en la desinfecci\u00f3n y limpieza de\" \/>\n<meta name=\"robots\" content=\"index, follow, max-snippet:-1, max-image-preview:large, max-video-preview:-1\" \/>\n<link rel=\"canonical\" href=\"https:\/\/elinformativotam.com\/index.php\/2020\/04\/19\/madero-redobla-esfuerzos-en-desinfeccion-de-vialidades\/\" \/>\n<meta property=\"og:locale\" content=\"es_MX\" \/>\n<meta property=\"og:type\" content=\"article\" \/>\n<meta property=\"og:title\" content=\"MADERO REDOBLA ESFUERZOS EN DESINFECCI\u00d3N DE VIALIDADES - EL INFORMATIVO DE TAMAULIPAS\" \/>\n<meta property=\"og:description\" content=\"Ardua labor contin\u00faa el Gobierno Municipal que encabeza el alcalde Adri\u00e1n Oseguera Kernion, al redoblar esfuerzos en la desinfecci\u00f3n y limpieza de\" \/>\n<meta property=\"og:url\" content=\"https:\/\/elinformativotam.com\/index.php\/2020\/04\/19\/madero-redobla-esfuerzos-en-desinfeccion-de-vialidades\/\" \/>\n<meta property=\"og:site_name\" content=\"EL INFORMATIVO DE TAMAULIPAS\" \/>\n<meta property=\"article:published_time\" content=\"2020-04-19T20:18:09+00:00\" \/>\n<meta property=\"og:image\" content=\"http:\/\/elinformativotam.com\/wp-content\/uploads\/2020\/04\/SANITIZANDO1-300x200.jpg\" \/>\n<meta name=\"author\" content=\"El Informativo Tam\" \/>\n<meta name=\"twitter:card\" content=\"summary_large_image\" \/>\n<meta name=\"twitter:label1\" content=\"Escrito por\" \/>\n\t<meta name=\"twitter:data1\" content=\"El Informativo Tam\" \/>\n\t<meta name=\"twitter:label2\" content=\"Tiempo de lectura\" \/>\n\t<meta name=\"twitter:data2\" content=\"1 minuto\" \/>\n<script type=\"application\/ld+json\" class=\"yoast-schema-graph\">{\"@context\":\"https:\\\/\\\/schema.org\",\"@graph\":[{\"@type\":\"Article\",\"@id\":\"https:\\\/\\\/elinformativotam.com\\\/index.php\\\/2020\\\/04\\\/19\\\/madero-redobla-esfuerzos-en-desinfeccion-de-vialidades\\\/#article\",\"isPartOf\":{\"@id\":\"https:\\\/\\\/elinformativotam.com\\\/index.php\\\/2020\\\/04\\\/19\\\/madero-redobla-esfuerzos-en-desinfeccion-de-vialidades\\\/\"},\"author\":{\"name\":\"El Informativo Tam\",\"@id\":\"https:\\\/\\\/elinformativotam.com\\\/#\\\/schema\\\/person\\\/78e08040eed0f6110f0c5f83b6153590\"},\"headline\":\"MADERO REDOBLA ESFUERZOS EN DESINFECCI\u00d3N DE VIALIDADES\",\"datePublished\":\"2020-04-19T20:18:09+00:00\",\"mainEntityOfPage\":{\"@id\":\"https:\\\/\\\/elinformativotam.com\\\/index.php\\\/2020\\\/04\\\/19\\\/madero-redobla-esfuerzos-en-desinfeccion-de-vialidades\\\/\"},\"wordCount\":257,\"commentCount\":0,\"publisher\":{\"@id\":\"https:\\\/\\\/elinformativotam.com\\\/#organization\"},\"image\":{\"@id\":\"https:\\\/\\\/elinformativotam.com\\\/index.php\\\/2020\\\/04\\\/19\\\/madero-redobla-esfuerzos-en-desinfeccion-de-vialidades\\\/#primaryimage\"},\"thumbnailUrl\":\"http:\\\/\\\/elinformativotam.com\\\/wp-content\\\/uploads\\\/2020\\\/04\\\/SANITIZANDO1-300x200.jpg\",\"articleSection\":[\"Cd Madero\"],\"inLanguage\":\"es\",\"potentialAction\":[{\"@type\":\"CommentAction\",\"name\":\"Comment\",\"target\":[\"https:\\\/\\\/elinformativotam.com\\\/index.php\\\/2020\\\/04\\\/19\\\/madero-redobla-esfuerzos-en-desinfeccion-de-vialidades\\\/#respond\"]}]},{\"@type\":\"WebPage\",\"@id\":\"https:\\\/\\\/elinformativotam.com\\\/index.php\\\/2020\\\/04\\\/19\\\/madero-redobla-esfuerzos-en-desinfeccion-de-vialidades\\\/\",\"url\":\"https:\\\/\\\/elinformativotam.com\\\/index.php\\\/2020\\\/04\\\/19\\\/madero-redobla-esfuerzos-en-desinfeccion-de-vialidades\\\/\",\"name\":\"MADERO REDOBLA ESFUERZOS EN DESINFECCI\u00d3N DE VIALIDADES - EL INFORMATIVO DE TAMAULIPAS\",\"isPartOf\":{\"@id\":\"https:\\\/\\\/elinformativotam.com\\\/#website\"},\"primaryImageOfPage\":{\"@id\":\"https:\\\/\\\/elinformativotam.com\\\/index.php\\\/2020\\\/04\\\/19\\\/madero-redobla-esfuerzos-en-desinfeccion-de-vialidades\\\/#primaryimage\"},\"image\":{\"@id\":\"https:\\\/\\\/elinformativotam.com\\\/index.php\\\/2020\\\/04\\\/19\\\/madero-redobla-esfuerzos-en-desinfeccion-de-vialidades\\\/#primaryimage\"},\"thumbnailUrl\":\"http:\\\/\\\/elinformativotam.com\\\/wp-content\\\/uploads\\\/2020\\\/04\\\/SANITIZANDO1-300x200.jpg\",\"datePublished\":\"2020-04-19T20:18:09+00:00\",\"description\":\"Ardua labor contin\u00faa el Gobierno Municipal que encabeza el alcalde Adri\u00e1n Oseguera Kernion, al redoblar esfuerzos en la desinfecci\u00f3n y limpieza de\",\"inLanguage\":\"es\",\"potentialAction\":[{\"@type\":\"ReadAction\",\"target\":[\"https:\\\/\\\/elinformativotam.com\\\/index.php\\\/2020\\\/04\\\/19\\\/madero-redobla-esfuerzos-en-desinfeccion-de-vialidades\\\/\"]}]},{\"@type\":\"ImageObject\",\"inLanguage\":\"es\",\"@id\":\"https:\\\/\\\/elinformativotam.com\\\/index.php\\\/2020\\\/04\\\/19\\\/madero-redobla-esfuerzos-en-desinfeccion-de-vialidades\\\/#primaryimage\",\"url\":\"http:\\\/\\\/elinformativotam.com\\\/wp-content\\\/uploads\\\/2020\\\/04\\\/SANITIZANDO1-300x200.jpg\",\"contentUrl\":\"http:\\\/\\\/elinformativotam.com\\\/wp-content\\\/uploads\\\/2020\\\/04\\\/SANITIZANDO1-300x200.jpg\"},{\"@type\":\"WebSite\",\"@id\":\"https:\\\/\\\/elinformativotam.com\\\/#website\",\"url\":\"https:\\\/\\\/elinformativotam.com\\\/\",\"name\":\"EL INFORMATIVO DE TAMAULIPAS\",\"description\":\"Desde la Zona Metropolitana Para Todo M\u00e9xico\",\"publisher\":{\"@id\":\"https:\\\/\\\/elinformativotam.com\\\/#organization\"},\"potentialAction\":[{\"@type\":\"SearchAction\",\"target\":{\"@type\":\"EntryPoint\",\"urlTemplate\":\"https:\\\/\\\/elinformativotam.com\\\/?s={search_term_string}\"},\"query-input\":{\"@type\":\"PropertyValueSpecification\",\"valueRequired\":true,\"valueName\":\"search_term_string\"}}],\"inLanguage\":\"es\"},{\"@type\":\"Organization\",\"@id\":\"https:\\\/\\\/elinformativotam.com\\\/#organization\",\"name\":\"EL INFORMATIVO DE TAMAULIPAS\",\"url\":\"https:\\\/\\\/elinformativotam.com\\\/\",\"logo\":{\"@type\":\"ImageObject\",\"inLanguage\":\"es\",\"@id\":\"https:\\\/\\\/elinformativotam.com\\\/#\\\/schema\\\/logo\\\/image\\\/\",\"url\":\"https:\\\/\\\/elinformativotam.com\\\/wp-content\\\/uploads\\\/2026\\\/02\\\/Cabezal.png\",\"contentUrl\":\"https:\\\/\\\/elinformativotam.com\\\/wp-content\\\/uploads\\\/2026\\\/02\\\/Cabezal.png\",\"width\":960,\"height\":640,\"caption\":\"EL INFORMATIVO DE TAMAULIPAS\"},\"image\":{\"@id\":\"https:\\\/\\\/elinformativotam.com\\\/#\\\/schema\\\/logo\\\/image\\\/\"}},{\"@type\":\"Person\",\"@id\":\"https:\\\/\\\/elinformativotam.com\\\/#\\\/schema\\\/person\\\/78e08040eed0f6110f0c5f83b6153590\",\"name\":\"El Informativo Tam\",\"image\":{\"@type\":\"ImageObject\",\"inLanguage\":\"es\",\"@id\":\"https:\\\/\\\/secure.gravatar.com\\\/avatar\\\/f3b7ad3af540688955925ac610647be00b0cf41feea9c4978b73a707ee86bc53?s=96&d=mm&r=g\",\"url\":\"https:\\\/\\\/secure.gravatar.com\\\/avatar\\\/f3b7ad3af540688955925ac610647be00b0cf41feea9c4978b73a707ee86bc53?s=96&d=mm&r=g\",\"contentUrl\":\"https:\\\/\\\/secure.gravatar.com\\\/avatar\\\/f3b7ad3af540688955925ac610647be00b0cf41feea9c4978b73a707ee86bc53?s=96&d=mm&r=g\",\"caption\":\"El Informativo Tam\"}}]}<\/script>\n<!-- \/ Yoast SEO plugin. -->","yoast_head_json":{"title":"MADERO REDOBLA ESFUERZOS EN DESINFECCI\u00d3N DE VIALIDADES - EL INFORMATIVO DE TAMAULIPAS","description":"Ardua labor contin\u00faa el Gobierno Municipal que encabeza el alcalde Adri\u00e1n Oseguera Kernion, al redoblar esfuerzos en la desinfecci\u00f3n y limpieza de","robots":{"index":"index","follow":"follow","max-snippet":"max-snippet:-1","max-image-preview":"max-image-preview:large","max-video-preview":"max-video-preview:-1"},"canonical":"https:\/\/elinformativotam.com\/index.php\/2020\/04\/19\/madero-redobla-esfuerzos-en-desinfeccion-de-vialidades\/","og_locale":"es_MX","og_type":"article","og_title":"MADERO REDOBLA ESFUERZOS EN DESINFECCI\u00d3N DE VIALIDADES - EL INFORMATIVO DE TAMAULIPAS","og_description":"Ardua labor contin\u00faa el Gobierno Municipal que encabeza el alcalde Adri\u00e1n Oseguera Kernion, al redoblar esfuerzos en la desinfecci\u00f3n y limpieza de","og_url":"https:\/\/elinformativotam.com\/index.php\/2020\/04\/19\/madero-redobla-esfuerzos-en-desinfeccion-de-vialidades\/","og_site_name":"EL INFORMATIVO DE TAMAULIPAS","article_published_time":"2020-04-19T20:18:09+00:00","og_image":[{"url":"http:\/\/elinformativotam.com\/wp-content\/uploads\/2020\/04\/SANITIZANDO1-300x200.jpg","type":"","width":"","height":""}],"author":"El Informativo Tam","twitter_card":"summary_large_image","twitter_misc":{"Escrito por":"El Informativo Tam","Tiempo de lectura":"1 minuto"},"schema":{"@context":"https:\/\/schema.org","@graph":[{"@type":"Article","@id":"https:\/\/elinformativotam.com\/index.php\/2020\/04\/19\/madero-redobla-esfuerzos-en-desinfeccion-de-vialidades\/#article","isPartOf":{"@id":"https:\/\/elinformativotam.com\/index.php\/2020\/04\/19\/madero-redobla-esfuerzos-en-desinfeccion-de-vialidades\/"},"author":{"name":"El Informativo Tam","@id":"https:\/\/elinformativotam.com\/#\/schema\/person\/78e08040eed0f6110f0c5f83b6153590"},"headline":"MADERO REDOBLA ESFUERZOS EN DESINFECCI\u00d3N DE VIALIDADES","datePublished":"2020-04-19T20:18:09+00:00","mainEntityOfPage":{"@id":"https:\/\/elinformativotam.com\/index.php\/2020\/04\/19\/madero-redobla-esfuerzos-en-desinfeccion-de-vialidades\/"},"wordCount":257,"commentCount":0,"publisher":{"@id":"https:\/\/elinformativotam.com\/#organization"},"image":{"@id":"https:\/\/elinformativotam.com\/index.php\/2020\/04\/19\/madero-redobla-esfuerzos-en-desinfeccion-de-vialidades\/#primaryimage"},"thumbnailUrl":"http:\/\/elinformativotam.com\/wp-content\/uploads\/2020\/04\/SANITIZANDO1-300x200.jpg","articleSection":["Cd Madero"],"inLanguage":"es","potentialAction":[{"@type":"CommentAction","name":"Comment","target":["https:\/\/elinformativotam.com\/index.php\/2020\/04\/19\/madero-redobla-esfuerzos-en-desinfeccion-de-vialidades\/#respond"]}]},{"@type":"WebPage","@id":"https:\/\/elinformativotam.com\/index.php\/2020\/04\/19\/madero-redobla-esfuerzos-en-desinfeccion-de-vialidades\/","url":"https:\/\/elinformativotam.com\/index.php\/2020\/04\/19\/madero-redobla-esfuerzos-en-desinfeccion-de-vialidades\/","name":"MADERO REDOBLA ESFUERZOS EN DESINFECCI\u00d3N DE VIALIDADES - EL INFORMATIVO DE TAMAULIPAS","isPartOf":{"@id":"https:\/\/elinformativotam.com\/#website"},"primaryImageOfPage":{"@id":"https:\/\/elinformativotam.com\/index.php\/2020\/04\/19\/madero-redobla-esfuerzos-en-desinfeccion-de-vialidades\/#primaryimage"},"image":{"@id":"https:\/\/elinformativotam.com\/index.php\/2020\/04\/19\/madero-redobla-esfuerzos-en-desinfeccion-de-vialidades\/#primaryimage"},"thumbnailUrl":"http:\/\/elinformativotam.com\/wp-content\/uploads\/2020\/04\/SANITIZANDO1-300x200.jpg","datePublished":"2020-04-19T20:18:09+00:00","description":"Ardua labor contin\u00faa el Gobierno Municipal que encabeza el alcalde Adri\u00e1n Oseguera Kernion, al redoblar esfuerzos en la desinfecci\u00f3n y limpieza de","inLanguage":"es","potentialAction":[{"@type":"ReadAction","target":["https:\/\/elinformativotam.com\/index.php\/2020\/04\/19\/madero-redobla-esfuerzos-en-desinfeccion-de-vialidades\/"]}]},{"@type":"ImageObject","inLanguage":"es","@id":"https:\/\/elinformativotam.com\/index.php\/2020\/04\/19\/madero-redobla-esfuerzos-en-desinfeccion-de-vialidades\/#primaryimage","url":"http:\/\/elinformativotam.com\/wp-content\/uploads\/2020\/04\/SANITIZANDO1-300x200.jpg","contentUrl":"http:\/\/elinformativotam.com\/wp-content\/uploads\/2020\/04\/SANITIZANDO1-300x200.jpg"},{"@type":"WebSite","@id":"https:\/\/elinformativotam.com\/#website","url":"https:\/\/elinformativotam.com\/","name":"EL INFORMATIVO DE TAMAULIPAS","description":"Desde la Zona Metropolitana Para Todo M\u00e9xico","publisher":{"@id":"https:\/\/elinformativotam.com\/#organization"},"potentialAction":[{"@type":"SearchAction","target":{"@type":"EntryPoint","urlTemplate":"https:\/\/elinformativotam.com\/?s={search_term_string}"},"query-input":{"@type":"PropertyValueSpecification","valueRequired":true,"valueName":"search_term_string"}}],"inLanguage":"es"},{"@type":"Organization","@id":"https:\/\/elinformativotam.com\/#organization","name":"EL INFORMATIVO DE TAMAULIPAS","url":"https:\/\/elinformativotam.com\/","logo":{"@type":"ImageObject","inLanguage":"es","@id":"https:\/\/elinformativotam.com\/#\/schema\/logo\/image\/","url":"https:\/\/elinformativotam.com\/wp-content\/uploads\/2026\/02\/Cabezal.png","contentUrl":"https:\/\/elinformativotam.com\/wp-content\/uploads\/2026\/02\/Cabezal.png","width":960,"height":640,"caption":"EL INFORMATIVO DE TAMAULIPAS"},"image":{"@id":"https:\/\/elinformativotam.com\/#\/schema\/logo\/image\/"}},{"@type":"Person","@id":"https:\/\/elinformativotam.com\/#\/schema\/person\/78e08040eed0f6110f0c5f83b6153590","name":"El Informativo Tam","image":{"@type":"ImageObject","inLanguage":"es","@id":"https:\/\/secure.gravatar.com\/avatar\/f3b7ad3af540688955925ac610647be00b0cf41feea9c4978b73a707ee86bc53?s=96&d=mm&r=g","url":"https:\/\/secure.gravatar.com\/avatar\/f3b7ad3af540688955925ac610647be00b0cf41feea9c4978b73a707ee86bc53?s=96&d=mm&r=g","contentUrl":"https:\/\/secure.gravatar.com\/avatar\/f3b7ad3af540688955925ac610647be00b0cf41feea9c4978b73a707ee86bc53?s=96&d=mm&r=g","caption":"El Informativo Tam"}}]}},"_links":{"self":[{"href":"https:\/\/elinformativotam.com\/index.php\/wp-json\/wp\/v2\/posts\/5051","targetHints":{"allow":["GET"]}}],"collection":[{"href":"https:\/\/elinformativotam.com\/index.php\/wp-json\/wp\/v2\/posts"}],"about":[{"href":"https:\/\/elinformativotam.com\/index.php\/wp-json\/wp\/v2\/types\/post"}],"author":[{"embeddable":true,"href":"https:\/\/elinformativotam.com\/index.php\/wp-json\/wp\/v2\/users\/1"}],"replies":[{"embeddable":true,"href":"https:\/\/elinformativotam.com\/index.php\/wp-json\/wp\/v2\/comments?post=5051"}],"version-history":[{"count":0,"href":"https:\/\/elinformativotam.com\/index.php\/wp-json\/wp\/v2\/posts\/5051\/revisions"}],"wp:attachment":[{"href":"https:\/\/elinformativotam.com\/index.php\/wp-json\/wp\/v2\/media?parent=5051"}],"wp:term":[{"taxonomy":"category","embeddable":true,"href":"https:\/\/elinformativotam.com\/index.php\/wp-json\/wp\/v2\/categories?post=5051"},{"taxonomy":"post_tag","embeddable":true,"href":"https:\/\/elinformativotam.com\/index.php\/wp-json\/wp\/v2\/tags?post=5051"}],"curies":[{"name":"wp","href":"https:\/\/api.w.org\/{rel}","templated":true}]}}