{"id":50480,"date":"2024-04-26T21:51:40","date_gmt":"2024-04-27T03:51:40","guid":{"rendered":"https:\/\/elinformativotam.com\/?p=50480"},"modified":"2024-04-26T21:51:40","modified_gmt":"2024-04-27T03:51:40","slug":"tendremos-una-administracion-humanista-y-de-puertas-abiertas-marisela-nunez","status":"publish","type":"post","link":"https:\/\/elinformativotam.com\/index.php\/2024\/04\/26\/tendremos-una-administracion-humanista-y-de-puertas-abiertas-marisela-nunez\/","title":{"rendered":"TENDREMOS UNA ADMINISTRACI\u00d3N HUMANISTA Y DE PUERTAS ABIERTAS: MARISELA N\u00da\u00d1EZ."},"content":{"rendered":"<p>Ciudad Madero.- Una administraci\u00f3n sensible y de cercan\u00eda con los ciudadanos, es un compromiso que la candidata a la alcald\u00eda de Ciudad Madero tiene con los habitantes del municipio.<\/p>\n<p>&nbsp;<\/p>\n<p>Al recoger el sentir de los habitantes de la urbe petrolera durante sus recorridos por las diferentes colonias de la ciudad, la aspirante a presidenta municipal, deja en claro que el contacto con los ciudadanos es parte fundamental para lograr buenos resultados en una administraci\u00f3n.<\/p>\n<p>&nbsp;<\/p>\n<p>&#8220;Mi administraci\u00f3n quiere ser una gesti\u00f3n humanista, que trabaje por los maderenses y con los maderenses a trav\u00e9s de mi cabildo, como yo he mencionado, ser\u00e1 una administraci\u00f3n de puertas abiertas&#8221;.<\/p>\n<p>&nbsp;<\/p>\n<p>Asegur\u00f3 que la pluralidad que tendr\u00e1 su cabildo, le permitir\u00e1 atender todos los sectores de la poblaci\u00f3n, ya que dentro de su cuerpo edilicio hay empresarios, micro empresarios, integrantes de la comunidad, j\u00f3venes, es decir totalmente de la sociedad civil.<\/p>\n<p>&nbsp;<\/p>\n<p>Marisela Nu\u00f1ez, resalta que el com\u00fan denominador dentro de sus recorridos por las colonias maderenses, es la falta de pavimentaci\u00f3n, de servicios p\u00fablicos b\u00e1sicos, algo en lo que trabajar\u00e1n fuerte para tratar de acabar con estas problem\u00e1ticas cotidianas.<\/p>\n","protected":false},"excerpt":{"rendered":"<p>Ciudad Madero.- Una administraci\u00f3n sensible y de cercan\u00eda con los ciudadanos, es un compromiso que la candidata a la alcald\u00eda&hellip;<\/p>\n","protected":false},"author":1,"featured_media":50474,"comment_status":"open","ping_status":"open","sticky":false,"template":"","format":"standard","meta":{"footnotes":""},"categories":[4],"tags":[],"class_list":["post-50480","post","type-post","status-publish","format-standard","has-post-thumbnail","hentry","category-madero"],"yoast_head":"<!-- This site is optimized with the Yoast SEO plugin v27.4 - https:\/\/yoast.com\/product\/yoast-seo-wordpress\/ -->\n<title>TENDREMOS UNA ADMINISTRACI\u00d3N HUMANISTA Y DE PUERTAS ABIERTAS: MARISELA N\u00da\u00d1EZ. - EL INFORMATIVO DE TAMAULIPAS<\/title>\n<meta name=\"description\" content=\"Ciudad Madero.- Una administraci\u00f3n sensible y de cercan\u00eda con los ciudadanos, es un compromiso que la candidata a la alcald\u00eda de Ciudad Madero tiene con\" \/>\n<meta name=\"robots\" content=\"index, follow, max-snippet:-1, max-image-preview:large, max-video-preview:-1\" \/>\n<link rel=\"canonical\" href=\"https:\/\/elinformativotam.com\/index.php\/2024\/04\/26\/tendremos-una-administracion-humanista-y-de-puertas-abiertas-marisela-nunez\/\" \/>\n<meta property=\"og:locale\" content=\"es_MX\" \/>\n<meta property=\"og:type\" content=\"article\" \/>\n<meta property=\"og:title\" content=\"TENDREMOS UNA ADMINISTRACI\u00d3N HUMANISTA Y DE PUERTAS ABIERTAS: MARISELA N\u00da\u00d1EZ. - EL INFORMATIVO DE TAMAULIPAS\" \/>\n<meta property=\"og:description\" content=\"Ciudad Madero.- Una administraci\u00f3n sensible y de cercan\u00eda con los ciudadanos, es un compromiso que la candidata a la alcald\u00eda de Ciudad Madero tiene con\" \/>\n<meta property=\"og:url\" content=\"https:\/\/elinformativotam.com\/index.php\/2024\/04\/26\/tendremos-una-administracion-humanista-y-de-puertas-abiertas-marisela-nunez\/\" \/>\n<meta property=\"og:site_name\" content=\"EL INFORMATIVO DE TAMAULIPAS\" \/>\n<meta property=\"article:published_time\" content=\"2024-04-27T03:51:40+00:00\" \/>\n<meta property=\"og:image\" content=\"https:\/\/elinformativotam.com\/wp-content\/uploads\/2024\/04\/MC-1.jpeg\" \/>\n\t<meta property=\"og:image:width\" content=\"1600\" \/>\n\t<meta property=\"og:image:height\" content=\"1200\" \/>\n\t<meta property=\"og:image:type\" content=\"image\/jpeg\" \/>\n<meta name=\"author\" content=\"El Informativo Tam\" \/>\n<meta name=\"twitter:card\" content=\"summary_large_image\" \/>\n<meta name=\"twitter:label1\" content=\"Escrito por\" \/>\n\t<meta name=\"twitter:data1\" content=\"El Informativo Tam\" \/>\n\t<meta name=\"twitter:label2\" content=\"Tiempo de lectura\" \/>\n\t<meta name=\"twitter:data2\" content=\"1 minuto\" \/>\n<script type=\"application\/ld+json\" class=\"yoast-schema-graph\">{\"@context\":\"https:\\\/\\\/schema.org\",\"@graph\":[{\"@type\":\"Article\",\"@id\":\"https:\\\/\\\/elinformativotam.com\\\/index.php\\\/2024\\\/04\\\/26\\\/tendremos-una-administracion-humanista-y-de-puertas-abiertas-marisela-nunez\\\/#article\",\"isPartOf\":{\"@id\":\"https:\\\/\\\/elinformativotam.com\\\/index.php\\\/2024\\\/04\\\/26\\\/tendremos-una-administracion-humanista-y-de-puertas-abiertas-marisela-nunez\\\/\"},\"author\":{\"name\":\"El Informativo Tam\",\"@id\":\"https:\\\/\\\/elinformativotam.com\\\/#\\\/schema\\\/person\\\/78e08040eed0f6110f0c5f83b6153590\"},\"headline\":\"TENDREMOS UNA ADMINISTRACI\u00d3N HUMANISTA Y DE PUERTAS ABIERTAS: MARISELA N\u00da\u00d1EZ.\",\"datePublished\":\"2024-04-27T03:51:40+00:00\",\"mainEntityOfPage\":{\"@id\":\"https:\\\/\\\/elinformativotam.com\\\/index.php\\\/2024\\\/04\\\/26\\\/tendremos-una-administracion-humanista-y-de-puertas-abiertas-marisela-nunez\\\/\"},\"wordCount\":217,\"commentCount\":0,\"publisher\":{\"@id\":\"https:\\\/\\\/elinformativotam.com\\\/#organization\"},\"image\":{\"@id\":\"https:\\\/\\\/elinformativotam.com\\\/index.php\\\/2024\\\/04\\\/26\\\/tendremos-una-administracion-humanista-y-de-puertas-abiertas-marisela-nunez\\\/#primaryimage\"},\"thumbnailUrl\":\"https:\\\/\\\/elinformativotam.com\\\/wp-content\\\/uploads\\\/2024\\\/04\\\/MC-1.jpeg\",\"articleSection\":[\"Cd Madero\"],\"inLanguage\":\"es\",\"potentialAction\":[{\"@type\":\"CommentAction\",\"name\":\"Comment\",\"target\":[\"https:\\\/\\\/elinformativotam.com\\\/index.php\\\/2024\\\/04\\\/26\\\/tendremos-una-administracion-humanista-y-de-puertas-abiertas-marisela-nunez\\\/#respond\"]}]},{\"@type\":\"WebPage\",\"@id\":\"https:\\\/\\\/elinformativotam.com\\\/index.php\\\/2024\\\/04\\\/26\\\/tendremos-una-administracion-humanista-y-de-puertas-abiertas-marisela-nunez\\\/\",\"url\":\"https:\\\/\\\/elinformativotam.com\\\/index.php\\\/2024\\\/04\\\/26\\\/tendremos-una-administracion-humanista-y-de-puertas-abiertas-marisela-nunez\\\/\",\"name\":\"TENDREMOS UNA ADMINISTRACI\u00d3N HUMANISTA Y DE PUERTAS ABIERTAS: MARISELA N\u00da\u00d1EZ. - EL INFORMATIVO DE TAMAULIPAS\",\"isPartOf\":{\"@id\":\"https:\\\/\\\/elinformativotam.com\\\/#website\"},\"primaryImageOfPage\":{\"@id\":\"https:\\\/\\\/elinformativotam.com\\\/index.php\\\/2024\\\/04\\\/26\\\/tendremos-una-administracion-humanista-y-de-puertas-abiertas-marisela-nunez\\\/#primaryimage\"},\"image\":{\"@id\":\"https:\\\/\\\/elinformativotam.com\\\/index.php\\\/2024\\\/04\\\/26\\\/tendremos-una-administracion-humanista-y-de-puertas-abiertas-marisela-nunez\\\/#primaryimage\"},\"thumbnailUrl\":\"https:\\\/\\\/elinformativotam.com\\\/wp-content\\\/uploads\\\/2024\\\/04\\\/MC-1.jpeg\",\"datePublished\":\"2024-04-27T03:51:40+00:00\",\"description\":\"Ciudad Madero.- Una administraci\u00f3n sensible y de cercan\u00eda con los ciudadanos, es un compromiso que la candidata a la alcald\u00eda de Ciudad Madero tiene con\",\"inLanguage\":\"es\",\"potentialAction\":[{\"@type\":\"ReadAction\",\"target\":[\"https:\\\/\\\/elinformativotam.com\\\/index.php\\\/2024\\\/04\\\/26\\\/tendremos-una-administracion-humanista-y-de-puertas-abiertas-marisela-nunez\\\/\"]}]},{\"@type\":\"ImageObject\",\"inLanguage\":\"es\",\"@id\":\"https:\\\/\\\/elinformativotam.com\\\/index.php\\\/2024\\\/04\\\/26\\\/tendremos-una-administracion-humanista-y-de-puertas-abiertas-marisela-nunez\\\/#primaryimage\",\"url\":\"https:\\\/\\\/elinformativotam.com\\\/wp-content\\\/uploads\\\/2024\\\/04\\\/MC-1.jpeg\",\"contentUrl\":\"https:\\\/\\\/elinformativotam.com\\\/wp-content\\\/uploads\\\/2024\\\/04\\\/MC-1.jpeg\",\"width\":1600,\"height\":1200},{\"@type\":\"WebSite\",\"@id\":\"https:\\\/\\\/elinformativotam.com\\\/#website\",\"url\":\"https:\\\/\\\/elinformativotam.com\\\/\",\"name\":\"EL INFORMATIVO DE TAMAULIPAS\",\"description\":\"Desde la Zona Metropolitana Para Todo M\u00e9xico\",\"publisher\":{\"@id\":\"https:\\\/\\\/elinformativotam.com\\\/#organization\"},\"potentialAction\":[{\"@type\":\"SearchAction\",\"target\":{\"@type\":\"EntryPoint\",\"urlTemplate\":\"https:\\\/\\\/elinformativotam.com\\\/?s={search_term_string}\"},\"query-input\":{\"@type\":\"PropertyValueSpecification\",\"valueRequired\":true,\"valueName\":\"search_term_string\"}}],\"inLanguage\":\"es\"},{\"@type\":\"Organization\",\"@id\":\"https:\\\/\\\/elinformativotam.com\\\/#organization\",\"name\":\"EL INFORMATIVO DE TAMAULIPAS\",\"url\":\"https:\\\/\\\/elinformativotam.com\\\/\",\"logo\":{\"@type\":\"ImageObject\",\"inLanguage\":\"es\",\"@id\":\"https:\\\/\\\/elinformativotam.com\\\/#\\\/schema\\\/logo\\\/image\\\/\",\"url\":\"https:\\\/\\\/elinformativotam.com\\\/wp-content\\\/uploads\\\/2026\\\/02\\\/Cabezal.png\",\"contentUrl\":\"https:\\\/\\\/elinformativotam.com\\\/wp-content\\\/uploads\\\/2026\\\/02\\\/Cabezal.png\",\"width\":960,\"height\":640,\"caption\":\"EL INFORMATIVO DE TAMAULIPAS\"},\"image\":{\"@id\":\"https:\\\/\\\/elinformativotam.com\\\/#\\\/schema\\\/logo\\\/image\\\/\"}},{\"@type\":\"Person\",\"@id\":\"https:\\\/\\\/elinformativotam.com\\\/#\\\/schema\\\/person\\\/78e08040eed0f6110f0c5f83b6153590\",\"name\":\"El Informativo Tam\",\"image\":{\"@type\":\"ImageObject\",\"inLanguage\":\"es\",\"@id\":\"https:\\\/\\\/secure.gravatar.com\\\/avatar\\\/f3b7ad3af540688955925ac610647be00b0cf41feea9c4978b73a707ee86bc53?s=96&d=mm&r=g\",\"url\":\"https:\\\/\\\/secure.gravatar.com\\\/avatar\\\/f3b7ad3af540688955925ac610647be00b0cf41feea9c4978b73a707ee86bc53?s=96&d=mm&r=g\",\"contentUrl\":\"https:\\\/\\\/secure.gravatar.com\\\/avatar\\\/f3b7ad3af540688955925ac610647be00b0cf41feea9c4978b73a707ee86bc53?s=96&d=mm&r=g\",\"caption\":\"El Informativo Tam\"}}]}<\/script>\n<!-- \/ Yoast SEO plugin. -->","yoast_head_json":{"title":"TENDREMOS UNA ADMINISTRACI\u00d3N HUMANISTA Y DE PUERTAS ABIERTAS: MARISELA N\u00da\u00d1EZ. - EL INFORMATIVO DE TAMAULIPAS","description":"Ciudad Madero.- Una administraci\u00f3n sensible y de cercan\u00eda con los ciudadanos, es un compromiso que la candidata a la alcald\u00eda de Ciudad Madero tiene con","robots":{"index":"index","follow":"follow","max-snippet":"max-snippet:-1","max-image-preview":"max-image-preview:large","max-video-preview":"max-video-preview:-1"},"canonical":"https:\/\/elinformativotam.com\/index.php\/2024\/04\/26\/tendremos-una-administracion-humanista-y-de-puertas-abiertas-marisela-nunez\/","og_locale":"es_MX","og_type":"article","og_title":"TENDREMOS UNA ADMINISTRACI\u00d3N HUMANISTA Y DE PUERTAS ABIERTAS: MARISELA N\u00da\u00d1EZ. - EL INFORMATIVO DE TAMAULIPAS","og_description":"Ciudad Madero.- Una administraci\u00f3n sensible y de cercan\u00eda con los ciudadanos, es un compromiso que la candidata a la alcald\u00eda de Ciudad Madero tiene con","og_url":"https:\/\/elinformativotam.com\/index.php\/2024\/04\/26\/tendremos-una-administracion-humanista-y-de-puertas-abiertas-marisela-nunez\/","og_site_name":"EL INFORMATIVO DE TAMAULIPAS","article_published_time":"2024-04-27T03:51:40+00:00","og_image":[{"width":1600,"height":1200,"url":"https:\/\/elinformativotam.com\/wp-content\/uploads\/2024\/04\/MC-1.jpeg","type":"image\/jpeg"}],"author":"El Informativo Tam","twitter_card":"summary_large_image","twitter_misc":{"Escrito por":"El Informativo Tam","Tiempo de lectura":"1 minuto"},"schema":{"@context":"https:\/\/schema.org","@graph":[{"@type":"Article","@id":"https:\/\/elinformativotam.com\/index.php\/2024\/04\/26\/tendremos-una-administracion-humanista-y-de-puertas-abiertas-marisela-nunez\/#article","isPartOf":{"@id":"https:\/\/elinformativotam.com\/index.php\/2024\/04\/26\/tendremos-una-administracion-humanista-y-de-puertas-abiertas-marisela-nunez\/"},"author":{"name":"El Informativo Tam","@id":"https:\/\/elinformativotam.com\/#\/schema\/person\/78e08040eed0f6110f0c5f83b6153590"},"headline":"TENDREMOS UNA ADMINISTRACI\u00d3N HUMANISTA Y DE PUERTAS ABIERTAS: MARISELA N\u00da\u00d1EZ.","datePublished":"2024-04-27T03:51:40+00:00","mainEntityOfPage":{"@id":"https:\/\/elinformativotam.com\/index.php\/2024\/04\/26\/tendremos-una-administracion-humanista-y-de-puertas-abiertas-marisela-nunez\/"},"wordCount":217,"commentCount":0,"publisher":{"@id":"https:\/\/elinformativotam.com\/#organization"},"image":{"@id":"https:\/\/elinformativotam.com\/index.php\/2024\/04\/26\/tendremos-una-administracion-humanista-y-de-puertas-abiertas-marisela-nunez\/#primaryimage"},"thumbnailUrl":"https:\/\/elinformativotam.com\/wp-content\/uploads\/2024\/04\/MC-1.jpeg","articleSection":["Cd Madero"],"inLanguage":"es","potentialAction":[{"@type":"CommentAction","name":"Comment","target":["https:\/\/elinformativotam.com\/index.php\/2024\/04\/26\/tendremos-una-administracion-humanista-y-de-puertas-abiertas-marisela-nunez\/#respond"]}]},{"@type":"WebPage","@id":"https:\/\/elinformativotam.com\/index.php\/2024\/04\/26\/tendremos-una-administracion-humanista-y-de-puertas-abiertas-marisela-nunez\/","url":"https:\/\/elinformativotam.com\/index.php\/2024\/04\/26\/tendremos-una-administracion-humanista-y-de-puertas-abiertas-marisela-nunez\/","name":"TENDREMOS UNA ADMINISTRACI\u00d3N HUMANISTA Y DE PUERTAS ABIERTAS: MARISELA N\u00da\u00d1EZ. - EL INFORMATIVO DE TAMAULIPAS","isPartOf":{"@id":"https:\/\/elinformativotam.com\/#website"},"primaryImageOfPage":{"@id":"https:\/\/elinformativotam.com\/index.php\/2024\/04\/26\/tendremos-una-administracion-humanista-y-de-puertas-abiertas-marisela-nunez\/#primaryimage"},"image":{"@id":"https:\/\/elinformativotam.com\/index.php\/2024\/04\/26\/tendremos-una-administracion-humanista-y-de-puertas-abiertas-marisela-nunez\/#primaryimage"},"thumbnailUrl":"https:\/\/elinformativotam.com\/wp-content\/uploads\/2024\/04\/MC-1.jpeg","datePublished":"2024-04-27T03:51:40+00:00","description":"Ciudad Madero.- Una administraci\u00f3n sensible y de cercan\u00eda con los ciudadanos, es un compromiso que la candidata a la alcald\u00eda de Ciudad Madero tiene con","inLanguage":"es","potentialAction":[{"@type":"ReadAction","target":["https:\/\/elinformativotam.com\/index.php\/2024\/04\/26\/tendremos-una-administracion-humanista-y-de-puertas-abiertas-marisela-nunez\/"]}]},{"@type":"ImageObject","inLanguage":"es","@id":"https:\/\/elinformativotam.com\/index.php\/2024\/04\/26\/tendremos-una-administracion-humanista-y-de-puertas-abiertas-marisela-nunez\/#primaryimage","url":"https:\/\/elinformativotam.com\/wp-content\/uploads\/2024\/04\/MC-1.jpeg","contentUrl":"https:\/\/elinformativotam.com\/wp-content\/uploads\/2024\/04\/MC-1.jpeg","width":1600,"height":1200},{"@type":"WebSite","@id":"https:\/\/elinformativotam.com\/#website","url":"https:\/\/elinformativotam.com\/","name":"EL INFORMATIVO DE TAMAULIPAS","description":"Desde la Zona Metropolitana Para Todo M\u00e9xico","publisher":{"@id":"https:\/\/elinformativotam.com\/#organization"},"potentialAction":[{"@type":"SearchAction","target":{"@type":"EntryPoint","urlTemplate":"https:\/\/elinformativotam.com\/?s={search_term_string}"},"query-input":{"@type":"PropertyValueSpecification","valueRequired":true,"valueName":"search_term_string"}}],"inLanguage":"es"},{"@type":"Organization","@id":"https:\/\/elinformativotam.com\/#organization","name":"EL INFORMATIVO DE TAMAULIPAS","url":"https:\/\/elinformativotam.com\/","logo":{"@type":"ImageObject","inLanguage":"es","@id":"https:\/\/elinformativotam.com\/#\/schema\/logo\/image\/","url":"https:\/\/elinformativotam.com\/wp-content\/uploads\/2026\/02\/Cabezal.png","contentUrl":"https:\/\/elinformativotam.com\/wp-content\/uploads\/2026\/02\/Cabezal.png","width":960,"height":640,"caption":"EL INFORMATIVO DE TAMAULIPAS"},"image":{"@id":"https:\/\/elinformativotam.com\/#\/schema\/logo\/image\/"}},{"@type":"Person","@id":"https:\/\/elinformativotam.com\/#\/schema\/person\/78e08040eed0f6110f0c5f83b6153590","name":"El Informativo Tam","image":{"@type":"ImageObject","inLanguage":"es","@id":"https:\/\/secure.gravatar.com\/avatar\/f3b7ad3af540688955925ac610647be00b0cf41feea9c4978b73a707ee86bc53?s=96&d=mm&r=g","url":"https:\/\/secure.gravatar.com\/avatar\/f3b7ad3af540688955925ac610647be00b0cf41feea9c4978b73a707ee86bc53?s=96&d=mm&r=g","contentUrl":"https:\/\/secure.gravatar.com\/avatar\/f3b7ad3af540688955925ac610647be00b0cf41feea9c4978b73a707ee86bc53?s=96&d=mm&r=g","caption":"El Informativo Tam"}}]}},"_links":{"self":[{"href":"https:\/\/elinformativotam.com\/index.php\/wp-json\/wp\/v2\/posts\/50480","targetHints":{"allow":["GET"]}}],"collection":[{"href":"https:\/\/elinformativotam.com\/index.php\/wp-json\/wp\/v2\/posts"}],"about":[{"href":"https:\/\/elinformativotam.com\/index.php\/wp-json\/wp\/v2\/types\/post"}],"author":[{"embeddable":true,"href":"https:\/\/elinformativotam.com\/index.php\/wp-json\/wp\/v2\/users\/1"}],"replies":[{"embeddable":true,"href":"https:\/\/elinformativotam.com\/index.php\/wp-json\/wp\/v2\/comments?post=50480"}],"version-history":[{"count":1,"href":"https:\/\/elinformativotam.com\/index.php\/wp-json\/wp\/v2\/posts\/50480\/revisions"}],"predecessor-version":[{"id":50481,"href":"https:\/\/elinformativotam.com\/index.php\/wp-json\/wp\/v2\/posts\/50480\/revisions\/50481"}],"wp:featuredmedia":[{"embeddable":true,"href":"https:\/\/elinformativotam.com\/index.php\/wp-json\/wp\/v2\/media\/50474"}],"wp:attachment":[{"href":"https:\/\/elinformativotam.com\/index.php\/wp-json\/wp\/v2\/media?parent=50480"}],"wp:term":[{"taxonomy":"category","embeddable":true,"href":"https:\/\/elinformativotam.com\/index.php\/wp-json\/wp\/v2\/categories?post=50480"},{"taxonomy":"post_tag","embeddable":true,"href":"https:\/\/elinformativotam.com\/index.php\/wp-json\/wp\/v2\/tags?post=50480"}],"curies":[{"name":"wp","href":"https:\/\/api.w.org\/{rel}","templated":true}]}}