{"id":50471,"date":"2024-04-26T21:44:36","date_gmt":"2024-04-27T03:44:36","guid":{"rendered":"https:\/\/elinformativotam.com\/?p=50471"},"modified":"2024-04-26T21:44:36","modified_gmt":"2024-04-27T03:44:36","slug":"vital-considerar-mas-recursos-para-infraestructura-y-seguridad-con-proximo-sexenio","status":"publish","type":"post","link":"https:\/\/elinformativotam.com\/index.php\/2024\/04\/26\/vital-considerar-mas-recursos-para-infraestructura-y-seguridad-con-proximo-sexenio\/","title":{"rendered":"VITAL CONSIDERAR M\u00c1S RECURSOS PARA INFRAESTRUCTURA Y SEGURIDAD CON PR\u00d3XIMO SEXENIO"},"content":{"rendered":"<h2 style=\"text-align: center;\"><em><span style=\"font-family: 'times new roman', times;\">*La Seguridad Es Un Rubro Que No Se Debe Descuidar, Se\u00f1ala Nader<\/span><\/em><\/h2>\n<p>&nbsp;<\/p>\n<p>El candidato a la diputaci\u00f3n federal por el 8 distrito Jes\u00fas Nader Nasrallah, se\u00f1al\u00f3 que habr\u00e1 de solicitar al pr\u00f3ximo gobierno federal recursos para la seguridad, obras hidr\u00e1ulicas y la culminaci\u00f3n de la carretera tramo Tampico-Ebano.<\/p>\n<p>&nbsp;<\/p>\n<p>Destac\u00f3 que s\u00ed bien en el rengl\u00f3n de seguridad la zona sur mantiene un ritmo importante en la prevenci\u00f3n, es necesario que la guardia estatal tenga m\u00e1s patrullas y elementos para la vigilancia en las colonias.<\/p>\n<p>&nbsp;<\/p>\n<p>Remarc\u00f3 que hoy la zona sur cuenta con no m\u00e1s de 30 patrullas que est\u00e1n diseminadas en los tres municipios, cifra que es m\u00ednima cuando hace apenas unos a\u00f1os se contaba con una polic\u00eda metropolitana que rebasaba las 100 patrullas.<\/p>\n<p>&nbsp;<\/p>\n<p>A\u00f1adi\u00f3 que adem\u00e1s el municipio necesita de m\u00e1s obra hidr\u00e1ulica en puntos estrategicos, pues un rubro que sigue estando pendiente de parte del gobierno federal.<\/p>\n<p>&nbsp;<\/p>\n<p>&#8220;La infraestructura hidr\u00e1ulica es un tema que no se ve, que no luce en pol\u00edtica, sin embargo hay que hacerlo y terminar con el problema de las anegaciones&#8221;, dijo el abanderado del PAN-PRI<\/p>\n<p>&nbsp;<\/p>\n<p>Nader, explic\u00f3 que otro aspecto en que habr\u00e1 de centrarse es la culminaci\u00f3n del tramo carretero Tampico-Ebano, ya que junto con otras r\u00faas son importantes para la zona sur en el \u00e1mbito de la conectividad con otras entidades<\/p>\n<p>&nbsp;<\/p>\n<p>Resalt\u00f3 que Tampico y Madero requieren amalgamar a\u00fan m\u00e1s en el rubro tur\u00edstico, y para ello habr\u00e1 de enfocar sus esfuerzos en la pr\u00f3xima legislatura federal<\/p>\n","protected":false},"excerpt":{"rendered":"<p>*La Seguridad Es Un Rubro Que No Se Debe Descuidar, Se\u00f1ala Nader &nbsp; El candidato a la diputaci\u00f3n federal por&hellip;<\/p>\n","protected":false},"author":1,"featured_media":50465,"comment_status":"open","ping_status":"open","sticky":false,"template":"","format":"standard","meta":{"footnotes":""},"categories":[3],"tags":[],"class_list":["post-50471","post","type-post","status-publish","format-standard","has-post-thumbnail","hentry","category-tampico"],"yoast_head":"<!-- This site is optimized with the Yoast SEO plugin v27.5 - https:\/\/yoast.com\/product\/yoast-seo-wordpress\/ -->\n<title>VITAL CONSIDERAR M\u00c1S RECURSOS PARA INFRAESTRUCTURA Y SEGURIDAD CON PR\u00d3XIMO SEXENIO - EL INFORMATIVO DE TAMAULIPAS<\/title>\n<meta name=\"description\" content=\"*La Seguridad Es Un Rubro Que No Se Debe Descuidar, Se\u00f1ala Nader &nbsp; El candidato a la diputaci\u00f3n federal por el 8 distrito Jes\u00fas Nader Nasrallah,\" \/>\n<meta name=\"robots\" content=\"index, follow, max-snippet:-1, max-image-preview:large, max-video-preview:-1\" \/>\n<link rel=\"canonical\" href=\"https:\/\/elinformativotam.com\/index.php\/2024\/04\/26\/vital-considerar-mas-recursos-para-infraestructura-y-seguridad-con-proximo-sexenio\/\" \/>\n<meta property=\"og:locale\" content=\"es_MX\" \/>\n<meta property=\"og:type\" content=\"article\" \/>\n<meta property=\"og:title\" content=\"VITAL CONSIDERAR M\u00c1S RECURSOS PARA INFRAESTRUCTURA Y SEGURIDAD CON PR\u00d3XIMO SEXENIO - EL INFORMATIVO DE TAMAULIPAS\" \/>\n<meta property=\"og:description\" content=\"*La Seguridad Es Un Rubro Que No Se Debe Descuidar, Se\u00f1ala Nader &nbsp; El candidato a la diputaci\u00f3n federal por el 8 distrito Jes\u00fas Nader Nasrallah,\" \/>\n<meta property=\"og:url\" content=\"https:\/\/elinformativotam.com\/index.php\/2024\/04\/26\/vital-considerar-mas-recursos-para-infraestructura-y-seguridad-con-proximo-sexenio\/\" \/>\n<meta property=\"og:site_name\" content=\"EL INFORMATIVO DE TAMAULIPAS\" \/>\n<meta property=\"article:published_time\" content=\"2024-04-27T03:44:36+00:00\" \/>\n<meta property=\"og:image\" content=\"https:\/\/elinformativotam.com\/wp-content\/uploads\/2024\/04\/Chucho.jpeg\" \/>\n\t<meta property=\"og:image:width\" content=\"960\" \/>\n\t<meta property=\"og:image:height\" content=\"1440\" \/>\n\t<meta property=\"og:image:type\" content=\"image\/jpeg\" \/>\n<meta name=\"author\" content=\"El Informativo Tam\" \/>\n<meta name=\"twitter:card\" content=\"summary_large_image\" \/>\n<meta name=\"twitter:label1\" content=\"Escrito por\" \/>\n\t<meta name=\"twitter:data1\" content=\"El Informativo Tam\" \/>\n\t<meta name=\"twitter:label2\" content=\"Tiempo de lectura\" \/>\n\t<meta name=\"twitter:data2\" content=\"2 minutos\" \/>\n<script type=\"application\/ld+json\" class=\"yoast-schema-graph\">{\"@context\":\"https:\\\/\\\/schema.org\",\"@graph\":[{\"@type\":\"Article\",\"@id\":\"https:\\\/\\\/elinformativotam.com\\\/index.php\\\/2024\\\/04\\\/26\\\/vital-considerar-mas-recursos-para-infraestructura-y-seguridad-con-proximo-sexenio\\\/#article\",\"isPartOf\":{\"@id\":\"https:\\\/\\\/elinformativotam.com\\\/index.php\\\/2024\\\/04\\\/26\\\/vital-considerar-mas-recursos-para-infraestructura-y-seguridad-con-proximo-sexenio\\\/\"},\"author\":{\"name\":\"El Informativo Tam\",\"@id\":\"https:\\\/\\\/elinformativotam.com\\\/#\\\/schema\\\/person\\\/78e08040eed0f6110f0c5f83b6153590\"},\"headline\":\"VITAL CONSIDERAR M\u00c1S RECURSOS PARA INFRAESTRUCTURA Y SEGURIDAD CON PR\u00d3XIMO SEXENIO\",\"datePublished\":\"2024-04-27T03:44:36+00:00\",\"mainEntityOfPage\":{\"@id\":\"https:\\\/\\\/elinformativotam.com\\\/index.php\\\/2024\\\/04\\\/26\\\/vital-considerar-mas-recursos-para-infraestructura-y-seguridad-con-proximo-sexenio\\\/\"},\"wordCount\":290,\"commentCount\":0,\"publisher\":{\"@id\":\"https:\\\/\\\/elinformativotam.com\\\/#organization\"},\"image\":{\"@id\":\"https:\\\/\\\/elinformativotam.com\\\/index.php\\\/2024\\\/04\\\/26\\\/vital-considerar-mas-recursos-para-infraestructura-y-seguridad-con-proximo-sexenio\\\/#primaryimage\"},\"thumbnailUrl\":\"https:\\\/\\\/elinformativotam.com\\\/wp-content\\\/uploads\\\/2024\\\/04\\\/Chucho.jpeg\",\"articleSection\":[\"Tampico\"],\"inLanguage\":\"es\",\"potentialAction\":[{\"@type\":\"CommentAction\",\"name\":\"Comment\",\"target\":[\"https:\\\/\\\/elinformativotam.com\\\/index.php\\\/2024\\\/04\\\/26\\\/vital-considerar-mas-recursos-para-infraestructura-y-seguridad-con-proximo-sexenio\\\/#respond\"]}]},{\"@type\":\"WebPage\",\"@id\":\"https:\\\/\\\/elinformativotam.com\\\/index.php\\\/2024\\\/04\\\/26\\\/vital-considerar-mas-recursos-para-infraestructura-y-seguridad-con-proximo-sexenio\\\/\",\"url\":\"https:\\\/\\\/elinformativotam.com\\\/index.php\\\/2024\\\/04\\\/26\\\/vital-considerar-mas-recursos-para-infraestructura-y-seguridad-con-proximo-sexenio\\\/\",\"name\":\"VITAL CONSIDERAR M\u00c1S RECURSOS PARA INFRAESTRUCTURA Y SEGURIDAD CON PR\u00d3XIMO SEXENIO - EL INFORMATIVO DE TAMAULIPAS\",\"isPartOf\":{\"@id\":\"https:\\\/\\\/elinformativotam.com\\\/#website\"},\"primaryImageOfPage\":{\"@id\":\"https:\\\/\\\/elinformativotam.com\\\/index.php\\\/2024\\\/04\\\/26\\\/vital-considerar-mas-recursos-para-infraestructura-y-seguridad-con-proximo-sexenio\\\/#primaryimage\"},\"image\":{\"@id\":\"https:\\\/\\\/elinformativotam.com\\\/index.php\\\/2024\\\/04\\\/26\\\/vital-considerar-mas-recursos-para-infraestructura-y-seguridad-con-proximo-sexenio\\\/#primaryimage\"},\"thumbnailUrl\":\"https:\\\/\\\/elinformativotam.com\\\/wp-content\\\/uploads\\\/2024\\\/04\\\/Chucho.jpeg\",\"datePublished\":\"2024-04-27T03:44:36+00:00\",\"description\":\"*La Seguridad Es Un Rubro Que No Se Debe Descuidar, Se\u00f1ala Nader &nbsp; El candidato a la diputaci\u00f3n federal por el 8 distrito Jes\u00fas Nader Nasrallah,\",\"inLanguage\":\"es\",\"potentialAction\":[{\"@type\":\"ReadAction\",\"target\":[\"https:\\\/\\\/elinformativotam.com\\\/index.php\\\/2024\\\/04\\\/26\\\/vital-considerar-mas-recursos-para-infraestructura-y-seguridad-con-proximo-sexenio\\\/\"]}]},{\"@type\":\"ImageObject\",\"inLanguage\":\"es\",\"@id\":\"https:\\\/\\\/elinformativotam.com\\\/index.php\\\/2024\\\/04\\\/26\\\/vital-considerar-mas-recursos-para-infraestructura-y-seguridad-con-proximo-sexenio\\\/#primaryimage\",\"url\":\"https:\\\/\\\/elinformativotam.com\\\/wp-content\\\/uploads\\\/2024\\\/04\\\/Chucho.jpeg\",\"contentUrl\":\"https:\\\/\\\/elinformativotam.com\\\/wp-content\\\/uploads\\\/2024\\\/04\\\/Chucho.jpeg\",\"width\":960,\"height\":1440},{\"@type\":\"WebSite\",\"@id\":\"https:\\\/\\\/elinformativotam.com\\\/#website\",\"url\":\"https:\\\/\\\/elinformativotam.com\\\/\",\"name\":\"EL INFORMATIVO DE TAMAULIPAS\",\"description\":\"Desde la Zona Metropolitana Para Todo M\u00e9xico\",\"publisher\":{\"@id\":\"https:\\\/\\\/elinformativotam.com\\\/#organization\"},\"potentialAction\":[{\"@type\":\"SearchAction\",\"target\":{\"@type\":\"EntryPoint\",\"urlTemplate\":\"https:\\\/\\\/elinformativotam.com\\\/?s={search_term_string}\"},\"query-input\":{\"@type\":\"PropertyValueSpecification\",\"valueRequired\":true,\"valueName\":\"search_term_string\"}}],\"inLanguage\":\"es\"},{\"@type\":\"Organization\",\"@id\":\"https:\\\/\\\/elinformativotam.com\\\/#organization\",\"name\":\"EL INFORMATIVO DE TAMAULIPAS\",\"url\":\"https:\\\/\\\/elinformativotam.com\\\/\",\"logo\":{\"@type\":\"ImageObject\",\"inLanguage\":\"es\",\"@id\":\"https:\\\/\\\/elinformativotam.com\\\/#\\\/schema\\\/logo\\\/image\\\/\",\"url\":\"https:\\\/\\\/elinformativotam.com\\\/wp-content\\\/uploads\\\/2026\\\/02\\\/Cabezal.png\",\"contentUrl\":\"https:\\\/\\\/elinformativotam.com\\\/wp-content\\\/uploads\\\/2026\\\/02\\\/Cabezal.png\",\"width\":960,\"height\":640,\"caption\":\"EL INFORMATIVO DE TAMAULIPAS\"},\"image\":{\"@id\":\"https:\\\/\\\/elinformativotam.com\\\/#\\\/schema\\\/logo\\\/image\\\/\"}},{\"@type\":\"Person\",\"@id\":\"https:\\\/\\\/elinformativotam.com\\\/#\\\/schema\\\/person\\\/78e08040eed0f6110f0c5f83b6153590\",\"name\":\"El Informativo Tam\",\"image\":{\"@type\":\"ImageObject\",\"inLanguage\":\"es\",\"@id\":\"https:\\\/\\\/secure.gravatar.com\\\/avatar\\\/f3b7ad3af540688955925ac610647be00b0cf41feea9c4978b73a707ee86bc53?s=96&d=mm&r=g\",\"url\":\"https:\\\/\\\/secure.gravatar.com\\\/avatar\\\/f3b7ad3af540688955925ac610647be00b0cf41feea9c4978b73a707ee86bc53?s=96&d=mm&r=g\",\"contentUrl\":\"https:\\\/\\\/secure.gravatar.com\\\/avatar\\\/f3b7ad3af540688955925ac610647be00b0cf41feea9c4978b73a707ee86bc53?s=96&d=mm&r=g\",\"caption\":\"El Informativo Tam\"}}]}<\/script>\n<!-- \/ Yoast SEO plugin. -->","yoast_head_json":{"title":"VITAL CONSIDERAR M\u00c1S RECURSOS PARA INFRAESTRUCTURA Y SEGURIDAD CON PR\u00d3XIMO SEXENIO - EL INFORMATIVO DE TAMAULIPAS","description":"*La Seguridad Es Un Rubro Que No Se Debe Descuidar, Se\u00f1ala Nader &nbsp; El candidato a la diputaci\u00f3n federal por el 8 distrito Jes\u00fas Nader Nasrallah,","robots":{"index":"index","follow":"follow","max-snippet":"max-snippet:-1","max-image-preview":"max-image-preview:large","max-video-preview":"max-video-preview:-1"},"canonical":"https:\/\/elinformativotam.com\/index.php\/2024\/04\/26\/vital-considerar-mas-recursos-para-infraestructura-y-seguridad-con-proximo-sexenio\/","og_locale":"es_MX","og_type":"article","og_title":"VITAL CONSIDERAR M\u00c1S RECURSOS PARA INFRAESTRUCTURA Y SEGURIDAD CON PR\u00d3XIMO SEXENIO - EL INFORMATIVO DE TAMAULIPAS","og_description":"*La Seguridad Es Un Rubro Que No Se Debe Descuidar, Se\u00f1ala Nader &nbsp; El candidato a la diputaci\u00f3n federal por el 8 distrito Jes\u00fas Nader Nasrallah,","og_url":"https:\/\/elinformativotam.com\/index.php\/2024\/04\/26\/vital-considerar-mas-recursos-para-infraestructura-y-seguridad-con-proximo-sexenio\/","og_site_name":"EL INFORMATIVO DE TAMAULIPAS","article_published_time":"2024-04-27T03:44:36+00:00","og_image":[{"width":960,"height":1440,"url":"https:\/\/elinformativotam.com\/wp-content\/uploads\/2024\/04\/Chucho.jpeg","type":"image\/jpeg"}],"author":"El Informativo Tam","twitter_card":"summary_large_image","twitter_misc":{"Escrito por":"El Informativo Tam","Tiempo de lectura":"2 minutos"},"schema":{"@context":"https:\/\/schema.org","@graph":[{"@type":"Article","@id":"https:\/\/elinformativotam.com\/index.php\/2024\/04\/26\/vital-considerar-mas-recursos-para-infraestructura-y-seguridad-con-proximo-sexenio\/#article","isPartOf":{"@id":"https:\/\/elinformativotam.com\/index.php\/2024\/04\/26\/vital-considerar-mas-recursos-para-infraestructura-y-seguridad-con-proximo-sexenio\/"},"author":{"name":"El Informativo Tam","@id":"https:\/\/elinformativotam.com\/#\/schema\/person\/78e08040eed0f6110f0c5f83b6153590"},"headline":"VITAL CONSIDERAR M\u00c1S RECURSOS PARA INFRAESTRUCTURA Y SEGURIDAD CON PR\u00d3XIMO SEXENIO","datePublished":"2024-04-27T03:44:36+00:00","mainEntityOfPage":{"@id":"https:\/\/elinformativotam.com\/index.php\/2024\/04\/26\/vital-considerar-mas-recursos-para-infraestructura-y-seguridad-con-proximo-sexenio\/"},"wordCount":290,"commentCount":0,"publisher":{"@id":"https:\/\/elinformativotam.com\/#organization"},"image":{"@id":"https:\/\/elinformativotam.com\/index.php\/2024\/04\/26\/vital-considerar-mas-recursos-para-infraestructura-y-seguridad-con-proximo-sexenio\/#primaryimage"},"thumbnailUrl":"https:\/\/elinformativotam.com\/wp-content\/uploads\/2024\/04\/Chucho.jpeg","articleSection":["Tampico"],"inLanguage":"es","potentialAction":[{"@type":"CommentAction","name":"Comment","target":["https:\/\/elinformativotam.com\/index.php\/2024\/04\/26\/vital-considerar-mas-recursos-para-infraestructura-y-seguridad-con-proximo-sexenio\/#respond"]}]},{"@type":"WebPage","@id":"https:\/\/elinformativotam.com\/index.php\/2024\/04\/26\/vital-considerar-mas-recursos-para-infraestructura-y-seguridad-con-proximo-sexenio\/","url":"https:\/\/elinformativotam.com\/index.php\/2024\/04\/26\/vital-considerar-mas-recursos-para-infraestructura-y-seguridad-con-proximo-sexenio\/","name":"VITAL CONSIDERAR M\u00c1S RECURSOS PARA INFRAESTRUCTURA Y SEGURIDAD CON PR\u00d3XIMO SEXENIO - EL INFORMATIVO DE TAMAULIPAS","isPartOf":{"@id":"https:\/\/elinformativotam.com\/#website"},"primaryImageOfPage":{"@id":"https:\/\/elinformativotam.com\/index.php\/2024\/04\/26\/vital-considerar-mas-recursos-para-infraestructura-y-seguridad-con-proximo-sexenio\/#primaryimage"},"image":{"@id":"https:\/\/elinformativotam.com\/index.php\/2024\/04\/26\/vital-considerar-mas-recursos-para-infraestructura-y-seguridad-con-proximo-sexenio\/#primaryimage"},"thumbnailUrl":"https:\/\/elinformativotam.com\/wp-content\/uploads\/2024\/04\/Chucho.jpeg","datePublished":"2024-04-27T03:44:36+00:00","description":"*La Seguridad Es Un Rubro Que No Se Debe Descuidar, Se\u00f1ala Nader &nbsp; El candidato a la diputaci\u00f3n federal por el 8 distrito Jes\u00fas Nader Nasrallah,","inLanguage":"es","potentialAction":[{"@type":"ReadAction","target":["https:\/\/elinformativotam.com\/index.php\/2024\/04\/26\/vital-considerar-mas-recursos-para-infraestructura-y-seguridad-con-proximo-sexenio\/"]}]},{"@type":"ImageObject","inLanguage":"es","@id":"https:\/\/elinformativotam.com\/index.php\/2024\/04\/26\/vital-considerar-mas-recursos-para-infraestructura-y-seguridad-con-proximo-sexenio\/#primaryimage","url":"https:\/\/elinformativotam.com\/wp-content\/uploads\/2024\/04\/Chucho.jpeg","contentUrl":"https:\/\/elinformativotam.com\/wp-content\/uploads\/2024\/04\/Chucho.jpeg","width":960,"height":1440},{"@type":"WebSite","@id":"https:\/\/elinformativotam.com\/#website","url":"https:\/\/elinformativotam.com\/","name":"EL INFORMATIVO DE TAMAULIPAS","description":"Desde la Zona Metropolitana Para Todo M\u00e9xico","publisher":{"@id":"https:\/\/elinformativotam.com\/#organization"},"potentialAction":[{"@type":"SearchAction","target":{"@type":"EntryPoint","urlTemplate":"https:\/\/elinformativotam.com\/?s={search_term_string}"},"query-input":{"@type":"PropertyValueSpecification","valueRequired":true,"valueName":"search_term_string"}}],"inLanguage":"es"},{"@type":"Organization","@id":"https:\/\/elinformativotam.com\/#organization","name":"EL INFORMATIVO DE TAMAULIPAS","url":"https:\/\/elinformativotam.com\/","logo":{"@type":"ImageObject","inLanguage":"es","@id":"https:\/\/elinformativotam.com\/#\/schema\/logo\/image\/","url":"https:\/\/elinformativotam.com\/wp-content\/uploads\/2026\/02\/Cabezal.png","contentUrl":"https:\/\/elinformativotam.com\/wp-content\/uploads\/2026\/02\/Cabezal.png","width":960,"height":640,"caption":"EL INFORMATIVO DE TAMAULIPAS"},"image":{"@id":"https:\/\/elinformativotam.com\/#\/schema\/logo\/image\/"}},{"@type":"Person","@id":"https:\/\/elinformativotam.com\/#\/schema\/person\/78e08040eed0f6110f0c5f83b6153590","name":"El Informativo Tam","image":{"@type":"ImageObject","inLanguage":"es","@id":"https:\/\/secure.gravatar.com\/avatar\/f3b7ad3af540688955925ac610647be00b0cf41feea9c4978b73a707ee86bc53?s=96&d=mm&r=g","url":"https:\/\/secure.gravatar.com\/avatar\/f3b7ad3af540688955925ac610647be00b0cf41feea9c4978b73a707ee86bc53?s=96&d=mm&r=g","contentUrl":"https:\/\/secure.gravatar.com\/avatar\/f3b7ad3af540688955925ac610647be00b0cf41feea9c4978b73a707ee86bc53?s=96&d=mm&r=g","caption":"El Informativo Tam"}}]}},"_links":{"self":[{"href":"https:\/\/elinformativotam.com\/index.php\/wp-json\/wp\/v2\/posts\/50471","targetHints":{"allow":["GET"]}}],"collection":[{"href":"https:\/\/elinformativotam.com\/index.php\/wp-json\/wp\/v2\/posts"}],"about":[{"href":"https:\/\/elinformativotam.com\/index.php\/wp-json\/wp\/v2\/types\/post"}],"author":[{"embeddable":true,"href":"https:\/\/elinformativotam.com\/index.php\/wp-json\/wp\/v2\/users\/1"}],"replies":[{"embeddable":true,"href":"https:\/\/elinformativotam.com\/index.php\/wp-json\/wp\/v2\/comments?post=50471"}],"version-history":[{"count":1,"href":"https:\/\/elinformativotam.com\/index.php\/wp-json\/wp\/v2\/posts\/50471\/revisions"}],"predecessor-version":[{"id":50472,"href":"https:\/\/elinformativotam.com\/index.php\/wp-json\/wp\/v2\/posts\/50471\/revisions\/50472"}],"wp:featuredmedia":[{"embeddable":true,"href":"https:\/\/elinformativotam.com\/index.php\/wp-json\/wp\/v2\/media\/50465"}],"wp:attachment":[{"href":"https:\/\/elinformativotam.com\/index.php\/wp-json\/wp\/v2\/media?parent=50471"}],"wp:term":[{"taxonomy":"category","embeddable":true,"href":"https:\/\/elinformativotam.com\/index.php\/wp-json\/wp\/v2\/categories?post=50471"},{"taxonomy":"post_tag","embeddable":true,"href":"https:\/\/elinformativotam.com\/index.php\/wp-json\/wp\/v2\/tags?post=50471"}],"curies":[{"name":"wp","href":"https:\/\/api.w.org\/{rel}","templated":true}]}}