{"id":50469,"date":"2024-04-26T21:42:10","date_gmt":"2024-04-27T03:42:10","guid":{"rendered":"https:\/\/elinformativotam.com\/?p=50469"},"modified":"2024-04-26T21:42:10","modified_gmt":"2024-04-27T03:42:10","slug":"buscara-morena-una-mejor-vocacion-turistica-para-tampico","status":"publish","type":"post","link":"https:\/\/elinformativotam.com\/index.php\/2024\/04\/26\/buscara-morena-una-mejor-vocacion-turistica-para-tampico\/","title":{"rendered":"BUSCAR\u00c1 MORENA UNA MEJOR VOCACI\u00d3N TUR\u00cdSTICA PARA TAMPICO"},"content":{"rendered":"<h2 style=\"text-align: center;\"><em><span style=\"font-family: 'times new roman', times;\">*Se\u00f1ala Abanderada A La Alcald\u00eda Que La Integraci\u00f3n Y El Desarrollo Deben Continuar En La Ciudad<\/span><\/em><\/h2>\n<p>&nbsp;<\/p>\n<p>&nbsp;<\/p>\n<p>La vocaci\u00f3n tur\u00edstica debe prevalecer en Tampico para los pr\u00f3ximos tres a\u00f1os de la mano con los prestadores de servicios, se\u00f1al\u00f3 la candidata de Morena a la alcald\u00eda M\u00f3nica Villarreal Anaya, al reiterar que el sector hotelero forma parte de esa cadena productiva que debe fortalecerse y ayudar a fomentar la identidad que necesita reforzar la ciudad.<\/p>\n<p>&nbsp;<\/p>\n<p>Destac\u00f3 que el turismo y la identidad forman parte de una ciudad que est\u00e1 pensada en el desarrollo y crecimiento, y para ello, dijo, los hoteleros de la regi\u00f3n buscan contribuir en los rubros antes mencionados.<\/p>\n<p>&nbsp;<\/p>\n<p>Mencion\u00f3 que ser\u00e1 una firme aliada del turismo, que en \u00e9stos momentos requiere contar con una mejor identidad que permita lograr un crecimiento importante.<\/p>\n<p>&nbsp;<\/p>\n<p>La abanderada de la coalici\u00f3n Juntos Haremos Historia en Tamaulipas enfatiz\u00f3 que para redondear las necesidades del sector, se requiere fomentar la identidad en favor de la ciudad .<\/p>\n<p>&nbsp;<\/p>\n<p>\u00c1lberto Ortega Ortega, presidente de la Asociaci\u00f3n de Hoteleros fue el encargado de recibir a la candidata y exponer las necesidades del sector, destacando que requieren de: seguridad, pago \u00fanico de licencias, regularizaci\u00f3n de propiedades que se ofertan, fortalecer la regi\u00f3n con toda su oferta tur\u00edstica y promoverla bajo una sola marca, facilitar la movilidad y vocaci\u00f3n tur\u00edstica, turismo de reuniones y tarifas competitivas.<\/p>\n<p>&nbsp;<\/p>\n<p>&#8220;uestra prioridad es detonar el turismo, desarrollaremos nuevos atractivos en el r\u00edo y lagunas y una gran agenda cultural, deportiva y de entretenimiento. Adem\u00e1s, con la llegada de nuevas inversiones producto del nearshoring y el nuevo impulso a la refiner\u00eda en Ciudad Madero y para la industria petroqu\u00edmica en Altamira que permitir\u00e1 tener m\u00e1s empleo y mejores condiciones econ\u00f3micas en la regi\u00f3n&#8221;, enfatiz\u00f3.<\/p>\n<p>&nbsp;<\/p>\n<p>Villarreal, recalc\u00f3 que la\u00a0 infraestructura tur\u00edstica ha sido la m\u00e1s alta en los \u00faltimos 70 a\u00f1os con 42 mil 678 millones de d\u00f3lares. Al igual que en el \u00e1mbito federal, me comprometo a que en Tampico hagamos lo propio en coordinaci\u00f3n con ustedes&#8221;, expres\u00f3 Villarreal Anaya.<\/p>\n<p>&nbsp;<\/p>\n<p>&nbsp;<\/p>\n<p>La candidata de Morena a\u00f1adi\u00f3 que, para avanzar hacia un horizonte de bienestar su plan de Gobierno se basar\u00e1 en 4 ejes para transformar a Tampico; Bienestar Social, Movilidad y Servicios P\u00fablicos de Calidad, Prosperidad Compartida y Seguridad con Prevenci\u00f3n y Proximidad Social.<\/p>\n<p>&nbsp;<\/p>\n<p>Adem\u00e1s se tienen contemplados proyectos como desarrollar un\u00a0 Corredor Mar\u00edtimo Metropolitano, unir La Puntilla con el Mercado Municipal, ampliar el Corredor hasta la Laguna del Carpintero; impulsar la Reconversi\u00f3n del Puerto de Tampico; el desarrollo de la Isleta P\u00e9rez, la conexi\u00f3n del Centro con el Puerto y la Laguna del Carpintero y reactivar el Fideicomiso del Centro Hist\u00f3rico buscando una participaci\u00f3n tripartita y la colaboraci\u00f3n con la sociedad civil.<\/p>\n<p>&nbsp;<\/p>\n<p>M\u00f3nica Villarreal, se comprometi\u00f3 con los hoteleros a ser aliada del turismo y trabajar de la mano con este sector para lograr la transformaci\u00f3n de Tampico.<\/p>\n<p>&nbsp;<\/p>\n","protected":false},"excerpt":{"rendered":"<p>*Se\u00f1ala Abanderada A La Alcald\u00eda Que La Integraci\u00f3n Y El Desarrollo Deben Continuar En La Ciudad &nbsp; &nbsp; La vocaci\u00f3n&hellip;<\/p>\n","protected":false},"author":1,"featured_media":50462,"comment_status":"open","ping_status":"open","sticky":false,"template":"","format":"standard","meta":{"footnotes":""},"categories":[3],"tags":[],"class_list":["post-50469","post","type-post","status-publish","format-standard","has-post-thumbnail","hentry","category-tampico"],"yoast_head":"<!-- This site is optimized with the Yoast SEO plugin v27.5 - https:\/\/yoast.com\/product\/yoast-seo-wordpress\/ -->\n<title>BUSCAR\u00c1 MORENA UNA MEJOR VOCACI\u00d3N TUR\u00cdSTICA PARA TAMPICO - EL INFORMATIVO DE TAMAULIPAS<\/title>\n<meta name=\"description\" content=\"*Se\u00f1ala Abanderada A La Alcald\u00eda Que La Integraci\u00f3n Y El Desarrollo Deben Continuar En La Ciudad &nbsp; &nbsp; La vocaci\u00f3n tur\u00edstica debe prevalecer en\" \/>\n<meta name=\"robots\" content=\"index, follow, max-snippet:-1, max-image-preview:large, max-video-preview:-1\" \/>\n<link rel=\"canonical\" href=\"https:\/\/elinformativotam.com\/index.php\/2024\/04\/26\/buscara-morena-una-mejor-vocacion-turistica-para-tampico\/\" \/>\n<meta property=\"og:locale\" content=\"es_MX\" \/>\n<meta property=\"og:type\" content=\"article\" \/>\n<meta property=\"og:title\" content=\"BUSCAR\u00c1 MORENA UNA MEJOR VOCACI\u00d3N TUR\u00cdSTICA PARA TAMPICO - EL INFORMATIVO DE TAMAULIPAS\" \/>\n<meta property=\"og:description\" content=\"*Se\u00f1ala Abanderada A La Alcald\u00eda Que La Integraci\u00f3n Y El Desarrollo Deben Continuar En La Ciudad &nbsp; &nbsp; La vocaci\u00f3n tur\u00edstica debe prevalecer en\" \/>\n<meta property=\"og:url\" content=\"https:\/\/elinformativotam.com\/index.php\/2024\/04\/26\/buscara-morena-una-mejor-vocacion-turistica-para-tampico\/\" \/>\n<meta property=\"og:site_name\" content=\"EL INFORMATIVO DE TAMAULIPAS\" \/>\n<meta property=\"article:published_time\" content=\"2024-04-27T03:42:10+00:00\" \/>\n<meta property=\"og:image\" content=\"https:\/\/elinformativotam.com\/wp-content\/uploads\/2024\/04\/Monica-1.jpeg\" \/>\n\t<meta property=\"og:image:width\" content=\"1440\" \/>\n\t<meta property=\"og:image:height\" content=\"1387\" \/>\n\t<meta property=\"og:image:type\" content=\"image\/jpeg\" \/>\n<meta name=\"author\" content=\"El Informativo Tam\" \/>\n<meta name=\"twitter:card\" content=\"summary_large_image\" \/>\n<meta name=\"twitter:label1\" content=\"Escrito por\" \/>\n\t<meta name=\"twitter:data1\" content=\"El Informativo Tam\" \/>\n\t<meta name=\"twitter:label2\" content=\"Tiempo de lectura\" \/>\n\t<meta name=\"twitter:data2\" content=\"3 minutos\" \/>\n<script type=\"application\/ld+json\" class=\"yoast-schema-graph\">{\"@context\":\"https:\\\/\\\/schema.org\",\"@graph\":[{\"@type\":\"Article\",\"@id\":\"https:\\\/\\\/elinformativotam.com\\\/index.php\\\/2024\\\/04\\\/26\\\/buscara-morena-una-mejor-vocacion-turistica-para-tampico\\\/#article\",\"isPartOf\":{\"@id\":\"https:\\\/\\\/elinformativotam.com\\\/index.php\\\/2024\\\/04\\\/26\\\/buscara-morena-una-mejor-vocacion-turistica-para-tampico\\\/\"},\"author\":{\"name\":\"El Informativo Tam\",\"@id\":\"https:\\\/\\\/elinformativotam.com\\\/#\\\/schema\\\/person\\\/78e08040eed0f6110f0c5f83b6153590\"},\"headline\":\"BUSCAR\u00c1 MORENA UNA MEJOR VOCACI\u00d3N TUR\u00cdSTICA PARA TAMPICO\",\"datePublished\":\"2024-04-27T03:42:10+00:00\",\"mainEntityOfPage\":{\"@id\":\"https:\\\/\\\/elinformativotam.com\\\/index.php\\\/2024\\\/04\\\/26\\\/buscara-morena-una-mejor-vocacion-turistica-para-tampico\\\/\"},\"wordCount\":534,\"commentCount\":0,\"publisher\":{\"@id\":\"https:\\\/\\\/elinformativotam.com\\\/#organization\"},\"image\":{\"@id\":\"https:\\\/\\\/elinformativotam.com\\\/index.php\\\/2024\\\/04\\\/26\\\/buscara-morena-una-mejor-vocacion-turistica-para-tampico\\\/#primaryimage\"},\"thumbnailUrl\":\"https:\\\/\\\/elinformativotam.com\\\/wp-content\\\/uploads\\\/2024\\\/04\\\/Monica-1.jpeg\",\"articleSection\":[\"Tampico\"],\"inLanguage\":\"es\",\"potentialAction\":[{\"@type\":\"CommentAction\",\"name\":\"Comment\",\"target\":[\"https:\\\/\\\/elinformativotam.com\\\/index.php\\\/2024\\\/04\\\/26\\\/buscara-morena-una-mejor-vocacion-turistica-para-tampico\\\/#respond\"]}]},{\"@type\":\"WebPage\",\"@id\":\"https:\\\/\\\/elinformativotam.com\\\/index.php\\\/2024\\\/04\\\/26\\\/buscara-morena-una-mejor-vocacion-turistica-para-tampico\\\/\",\"url\":\"https:\\\/\\\/elinformativotam.com\\\/index.php\\\/2024\\\/04\\\/26\\\/buscara-morena-una-mejor-vocacion-turistica-para-tampico\\\/\",\"name\":\"BUSCAR\u00c1 MORENA UNA MEJOR VOCACI\u00d3N TUR\u00cdSTICA PARA TAMPICO - EL INFORMATIVO DE TAMAULIPAS\",\"isPartOf\":{\"@id\":\"https:\\\/\\\/elinformativotam.com\\\/#website\"},\"primaryImageOfPage\":{\"@id\":\"https:\\\/\\\/elinformativotam.com\\\/index.php\\\/2024\\\/04\\\/26\\\/buscara-morena-una-mejor-vocacion-turistica-para-tampico\\\/#primaryimage\"},\"image\":{\"@id\":\"https:\\\/\\\/elinformativotam.com\\\/index.php\\\/2024\\\/04\\\/26\\\/buscara-morena-una-mejor-vocacion-turistica-para-tampico\\\/#primaryimage\"},\"thumbnailUrl\":\"https:\\\/\\\/elinformativotam.com\\\/wp-content\\\/uploads\\\/2024\\\/04\\\/Monica-1.jpeg\",\"datePublished\":\"2024-04-27T03:42:10+00:00\",\"description\":\"*Se\u00f1ala Abanderada A La Alcald\u00eda Que La Integraci\u00f3n Y El Desarrollo Deben Continuar En La Ciudad &nbsp; &nbsp; La vocaci\u00f3n tur\u00edstica debe prevalecer en\",\"inLanguage\":\"es\",\"potentialAction\":[{\"@type\":\"ReadAction\",\"target\":[\"https:\\\/\\\/elinformativotam.com\\\/index.php\\\/2024\\\/04\\\/26\\\/buscara-morena-una-mejor-vocacion-turistica-para-tampico\\\/\"]}]},{\"@type\":\"ImageObject\",\"inLanguage\":\"es\",\"@id\":\"https:\\\/\\\/elinformativotam.com\\\/index.php\\\/2024\\\/04\\\/26\\\/buscara-morena-una-mejor-vocacion-turistica-para-tampico\\\/#primaryimage\",\"url\":\"https:\\\/\\\/elinformativotam.com\\\/wp-content\\\/uploads\\\/2024\\\/04\\\/Monica-1.jpeg\",\"contentUrl\":\"https:\\\/\\\/elinformativotam.com\\\/wp-content\\\/uploads\\\/2024\\\/04\\\/Monica-1.jpeg\",\"width\":1440,\"height\":1387},{\"@type\":\"WebSite\",\"@id\":\"https:\\\/\\\/elinformativotam.com\\\/#website\",\"url\":\"https:\\\/\\\/elinformativotam.com\\\/\",\"name\":\"EL INFORMATIVO DE TAMAULIPAS\",\"description\":\"Desde la Zona Metropolitana Para Todo M\u00e9xico\",\"publisher\":{\"@id\":\"https:\\\/\\\/elinformativotam.com\\\/#organization\"},\"potentialAction\":[{\"@type\":\"SearchAction\",\"target\":{\"@type\":\"EntryPoint\",\"urlTemplate\":\"https:\\\/\\\/elinformativotam.com\\\/?s={search_term_string}\"},\"query-input\":{\"@type\":\"PropertyValueSpecification\",\"valueRequired\":true,\"valueName\":\"search_term_string\"}}],\"inLanguage\":\"es\"},{\"@type\":\"Organization\",\"@id\":\"https:\\\/\\\/elinformativotam.com\\\/#organization\",\"name\":\"EL INFORMATIVO DE TAMAULIPAS\",\"url\":\"https:\\\/\\\/elinformativotam.com\\\/\",\"logo\":{\"@type\":\"ImageObject\",\"inLanguage\":\"es\",\"@id\":\"https:\\\/\\\/elinformativotam.com\\\/#\\\/schema\\\/logo\\\/image\\\/\",\"url\":\"https:\\\/\\\/elinformativotam.com\\\/wp-content\\\/uploads\\\/2026\\\/02\\\/Cabezal.png\",\"contentUrl\":\"https:\\\/\\\/elinformativotam.com\\\/wp-content\\\/uploads\\\/2026\\\/02\\\/Cabezal.png\",\"width\":960,\"height\":640,\"caption\":\"EL INFORMATIVO DE TAMAULIPAS\"},\"image\":{\"@id\":\"https:\\\/\\\/elinformativotam.com\\\/#\\\/schema\\\/logo\\\/image\\\/\"}},{\"@type\":\"Person\",\"@id\":\"https:\\\/\\\/elinformativotam.com\\\/#\\\/schema\\\/person\\\/78e08040eed0f6110f0c5f83b6153590\",\"name\":\"El Informativo Tam\",\"image\":{\"@type\":\"ImageObject\",\"inLanguage\":\"es\",\"@id\":\"https:\\\/\\\/secure.gravatar.com\\\/avatar\\\/f3b7ad3af540688955925ac610647be00b0cf41feea9c4978b73a707ee86bc53?s=96&d=mm&r=g\",\"url\":\"https:\\\/\\\/secure.gravatar.com\\\/avatar\\\/f3b7ad3af540688955925ac610647be00b0cf41feea9c4978b73a707ee86bc53?s=96&d=mm&r=g\",\"contentUrl\":\"https:\\\/\\\/secure.gravatar.com\\\/avatar\\\/f3b7ad3af540688955925ac610647be00b0cf41feea9c4978b73a707ee86bc53?s=96&d=mm&r=g\",\"caption\":\"El Informativo Tam\"}}]}<\/script>\n<!-- \/ Yoast SEO plugin. -->","yoast_head_json":{"title":"BUSCAR\u00c1 MORENA UNA MEJOR VOCACI\u00d3N TUR\u00cdSTICA PARA TAMPICO - EL INFORMATIVO DE TAMAULIPAS","description":"*Se\u00f1ala Abanderada A La Alcald\u00eda Que La Integraci\u00f3n Y El Desarrollo Deben Continuar En La Ciudad &nbsp; &nbsp; La vocaci\u00f3n tur\u00edstica debe prevalecer en","robots":{"index":"index","follow":"follow","max-snippet":"max-snippet:-1","max-image-preview":"max-image-preview:large","max-video-preview":"max-video-preview:-1"},"canonical":"https:\/\/elinformativotam.com\/index.php\/2024\/04\/26\/buscara-morena-una-mejor-vocacion-turistica-para-tampico\/","og_locale":"es_MX","og_type":"article","og_title":"BUSCAR\u00c1 MORENA UNA MEJOR VOCACI\u00d3N TUR\u00cdSTICA PARA TAMPICO - EL INFORMATIVO DE TAMAULIPAS","og_description":"*Se\u00f1ala Abanderada A La Alcald\u00eda Que La Integraci\u00f3n Y El Desarrollo Deben Continuar En La Ciudad &nbsp; &nbsp; La vocaci\u00f3n tur\u00edstica debe prevalecer en","og_url":"https:\/\/elinformativotam.com\/index.php\/2024\/04\/26\/buscara-morena-una-mejor-vocacion-turistica-para-tampico\/","og_site_name":"EL INFORMATIVO DE TAMAULIPAS","article_published_time":"2024-04-27T03:42:10+00:00","og_image":[{"width":1440,"height":1387,"url":"https:\/\/elinformativotam.com\/wp-content\/uploads\/2024\/04\/Monica-1.jpeg","type":"image\/jpeg"}],"author":"El Informativo Tam","twitter_card":"summary_large_image","twitter_misc":{"Escrito por":"El Informativo Tam","Tiempo de lectura":"3 minutos"},"schema":{"@context":"https:\/\/schema.org","@graph":[{"@type":"Article","@id":"https:\/\/elinformativotam.com\/index.php\/2024\/04\/26\/buscara-morena-una-mejor-vocacion-turistica-para-tampico\/#article","isPartOf":{"@id":"https:\/\/elinformativotam.com\/index.php\/2024\/04\/26\/buscara-morena-una-mejor-vocacion-turistica-para-tampico\/"},"author":{"name":"El Informativo Tam","@id":"https:\/\/elinformativotam.com\/#\/schema\/person\/78e08040eed0f6110f0c5f83b6153590"},"headline":"BUSCAR\u00c1 MORENA UNA MEJOR VOCACI\u00d3N TUR\u00cdSTICA PARA TAMPICO","datePublished":"2024-04-27T03:42:10+00:00","mainEntityOfPage":{"@id":"https:\/\/elinformativotam.com\/index.php\/2024\/04\/26\/buscara-morena-una-mejor-vocacion-turistica-para-tampico\/"},"wordCount":534,"commentCount":0,"publisher":{"@id":"https:\/\/elinformativotam.com\/#organization"},"image":{"@id":"https:\/\/elinformativotam.com\/index.php\/2024\/04\/26\/buscara-morena-una-mejor-vocacion-turistica-para-tampico\/#primaryimage"},"thumbnailUrl":"https:\/\/elinformativotam.com\/wp-content\/uploads\/2024\/04\/Monica-1.jpeg","articleSection":["Tampico"],"inLanguage":"es","potentialAction":[{"@type":"CommentAction","name":"Comment","target":["https:\/\/elinformativotam.com\/index.php\/2024\/04\/26\/buscara-morena-una-mejor-vocacion-turistica-para-tampico\/#respond"]}]},{"@type":"WebPage","@id":"https:\/\/elinformativotam.com\/index.php\/2024\/04\/26\/buscara-morena-una-mejor-vocacion-turistica-para-tampico\/","url":"https:\/\/elinformativotam.com\/index.php\/2024\/04\/26\/buscara-morena-una-mejor-vocacion-turistica-para-tampico\/","name":"BUSCAR\u00c1 MORENA UNA MEJOR VOCACI\u00d3N TUR\u00cdSTICA PARA TAMPICO - EL INFORMATIVO DE TAMAULIPAS","isPartOf":{"@id":"https:\/\/elinformativotam.com\/#website"},"primaryImageOfPage":{"@id":"https:\/\/elinformativotam.com\/index.php\/2024\/04\/26\/buscara-morena-una-mejor-vocacion-turistica-para-tampico\/#primaryimage"},"image":{"@id":"https:\/\/elinformativotam.com\/index.php\/2024\/04\/26\/buscara-morena-una-mejor-vocacion-turistica-para-tampico\/#primaryimage"},"thumbnailUrl":"https:\/\/elinformativotam.com\/wp-content\/uploads\/2024\/04\/Monica-1.jpeg","datePublished":"2024-04-27T03:42:10+00:00","description":"*Se\u00f1ala Abanderada A La Alcald\u00eda Que La Integraci\u00f3n Y El Desarrollo Deben Continuar En La Ciudad &nbsp; &nbsp; La vocaci\u00f3n tur\u00edstica debe prevalecer en","inLanguage":"es","potentialAction":[{"@type":"ReadAction","target":["https:\/\/elinformativotam.com\/index.php\/2024\/04\/26\/buscara-morena-una-mejor-vocacion-turistica-para-tampico\/"]}]},{"@type":"ImageObject","inLanguage":"es","@id":"https:\/\/elinformativotam.com\/index.php\/2024\/04\/26\/buscara-morena-una-mejor-vocacion-turistica-para-tampico\/#primaryimage","url":"https:\/\/elinformativotam.com\/wp-content\/uploads\/2024\/04\/Monica-1.jpeg","contentUrl":"https:\/\/elinformativotam.com\/wp-content\/uploads\/2024\/04\/Monica-1.jpeg","width":1440,"height":1387},{"@type":"WebSite","@id":"https:\/\/elinformativotam.com\/#website","url":"https:\/\/elinformativotam.com\/","name":"EL INFORMATIVO DE TAMAULIPAS","description":"Desde la Zona Metropolitana Para Todo M\u00e9xico","publisher":{"@id":"https:\/\/elinformativotam.com\/#organization"},"potentialAction":[{"@type":"SearchAction","target":{"@type":"EntryPoint","urlTemplate":"https:\/\/elinformativotam.com\/?s={search_term_string}"},"query-input":{"@type":"PropertyValueSpecification","valueRequired":true,"valueName":"search_term_string"}}],"inLanguage":"es"},{"@type":"Organization","@id":"https:\/\/elinformativotam.com\/#organization","name":"EL INFORMATIVO DE TAMAULIPAS","url":"https:\/\/elinformativotam.com\/","logo":{"@type":"ImageObject","inLanguage":"es","@id":"https:\/\/elinformativotam.com\/#\/schema\/logo\/image\/","url":"https:\/\/elinformativotam.com\/wp-content\/uploads\/2026\/02\/Cabezal.png","contentUrl":"https:\/\/elinformativotam.com\/wp-content\/uploads\/2026\/02\/Cabezal.png","width":960,"height":640,"caption":"EL INFORMATIVO DE TAMAULIPAS"},"image":{"@id":"https:\/\/elinformativotam.com\/#\/schema\/logo\/image\/"}},{"@type":"Person","@id":"https:\/\/elinformativotam.com\/#\/schema\/person\/78e08040eed0f6110f0c5f83b6153590","name":"El Informativo Tam","image":{"@type":"ImageObject","inLanguage":"es","@id":"https:\/\/secure.gravatar.com\/avatar\/f3b7ad3af540688955925ac610647be00b0cf41feea9c4978b73a707ee86bc53?s=96&d=mm&r=g","url":"https:\/\/secure.gravatar.com\/avatar\/f3b7ad3af540688955925ac610647be00b0cf41feea9c4978b73a707ee86bc53?s=96&d=mm&r=g","contentUrl":"https:\/\/secure.gravatar.com\/avatar\/f3b7ad3af540688955925ac610647be00b0cf41feea9c4978b73a707ee86bc53?s=96&d=mm&r=g","caption":"El Informativo Tam"}}]}},"_links":{"self":[{"href":"https:\/\/elinformativotam.com\/index.php\/wp-json\/wp\/v2\/posts\/50469","targetHints":{"allow":["GET"]}}],"collection":[{"href":"https:\/\/elinformativotam.com\/index.php\/wp-json\/wp\/v2\/posts"}],"about":[{"href":"https:\/\/elinformativotam.com\/index.php\/wp-json\/wp\/v2\/types\/post"}],"author":[{"embeddable":true,"href":"https:\/\/elinformativotam.com\/index.php\/wp-json\/wp\/v2\/users\/1"}],"replies":[{"embeddable":true,"href":"https:\/\/elinformativotam.com\/index.php\/wp-json\/wp\/v2\/comments?post=50469"}],"version-history":[{"count":1,"href":"https:\/\/elinformativotam.com\/index.php\/wp-json\/wp\/v2\/posts\/50469\/revisions"}],"predecessor-version":[{"id":50470,"href":"https:\/\/elinformativotam.com\/index.php\/wp-json\/wp\/v2\/posts\/50469\/revisions\/50470"}],"wp:featuredmedia":[{"embeddable":true,"href":"https:\/\/elinformativotam.com\/index.php\/wp-json\/wp\/v2\/media\/50462"}],"wp:attachment":[{"href":"https:\/\/elinformativotam.com\/index.php\/wp-json\/wp\/v2\/media?parent=50469"}],"wp:term":[{"taxonomy":"category","embeddable":true,"href":"https:\/\/elinformativotam.com\/index.php\/wp-json\/wp\/v2\/categories?post=50469"},{"taxonomy":"post_tag","embeddable":true,"href":"https:\/\/elinformativotam.com\/index.php\/wp-json\/wp\/v2\/tags?post=50469"}],"curies":[{"name":"wp","href":"https:\/\/api.w.org\/{rel}","templated":true}]}}