{"id":50467,"date":"2024-04-26T21:40:28","date_gmt":"2024-04-27T03:40:28","guid":{"rendered":"https:\/\/elinformativotam.com\/?p=50467"},"modified":"2024-04-26T21:40:28","modified_gmt":"2024-04-27T03:40:28","slug":"necesario-que-los-candidatos-a-la-alcaldia-tengan-un-debate-de-propuestas-en-tampico","status":"publish","type":"post","link":"https:\/\/elinformativotam.com\/index.php\/2024\/04\/26\/necesario-que-los-candidatos-a-la-alcaldia-tengan-un-debate-de-propuestas-en-tampico\/","title":{"rendered":"NECESARIO QUE LOS CANDIDATOS A LA ALCALD\u00cdA TENGAN UN DEBATE DE PROPUESTAS EN TAMPICO"},"content":{"rendered":"<h2 style=\"text-align: center;\"><span style=\"font-family: 'times new roman', times;\"><em>*Pero Sin Descalificaciones Y Con Propuesta Total<\/em><\/span><\/h2>\n<p>&nbsp;<\/p>\n<p>Por lo menos un debate entre los cuatro candidatos a la alcald\u00eda de Tampico ser\u00e1 sano llevarlo a cabo con el objetivo de que la poblaci\u00f3n conozca mejor las propuestas de cada abanderado, advirti\u00f3 Rosa Mar\u00eda Gonz\u00e1lez Azc\u00e1rraga<\/p>\n<p>&nbsp;<\/p>\n<p>La abanderada a la presidencia municipal del puerto, del PAN-PRI, lanz\u00f3 la propuesta hacia sus contrincantes para que el ejercicio se realice, dijo, en el campo de la propuesta clara y sin descalificaciones.<\/p>\n<p>&nbsp;<\/p>\n<p>Remarc\u00f3 que \u00e9ste tipo de ejercicios son necesario para que la poblaci\u00f3n porte\u00f1a tenga un panorama m\u00e1s claro por quien sufragar el pr\u00f3ximo 2 de Junio.<\/p>\n<p>&nbsp;<\/p>\n<p>Enfatiz\u00f3 que su propuesta hacia V\u00edctor Hugo Doria del PRD; Amalia \u00c1valos de MC y M\u00f3nica Villarreal de la coalici\u00f3n que encabeza Morena, est\u00e1 planteada en debatir con soluciones y proyectos las necesidades de la ciudad, sin caer en las descalificaciones.<\/p>\n<p>&nbsp;<\/p>\n<p>Gonz\u00e1lez, apunt\u00f3 que ya solicit\u00f3 que se lleve a cabo el ejercicio ante el IETAM, sin embargo, dijo, hasta el momento no ha encontrado eco a su propuesta.<\/p>\n<p>&nbsp;<\/p>\n<p>&#8220;Ya lo ped\u00ed(debate) ellos(IETAM) dicen que ellos no van a organizar, pues es la \u00fanica manera de ver las propuestas de los candidatos, pero que sea un debate de altura sin descalificaciones&#8221;, apunt\u00f3<\/p>\n<p>&nbsp;<\/p>\n<p>Finalmente, expuso que una segunda opci\u00f3n ser\u00eda llevarlo a cabo por medio de una instituci\u00f3n educativa o con alg\u00fan medio de comunicaci\u00f3n interesado en esta clase de ejercicios que son una tribuna para dar a conocer propuestas claras y contundentes en la soluci\u00f3n de las necesidades del pa\u00eds, una entidad o municipio.<\/p>\n","protected":false},"excerpt":{"rendered":"<p>*Pero Sin Descalificaciones Y Con Propuesta Total &nbsp; Por lo menos un debate entre los cuatro candidatos a la alcald\u00eda&hellip;<\/p>\n","protected":false},"author":1,"featured_media":50464,"comment_status":"open","ping_status":"open","sticky":false,"template":"","format":"standard","meta":{"footnotes":""},"categories":[3],"tags":[],"class_list":["post-50467","post","type-post","status-publish","format-standard","has-post-thumbnail","hentry","category-tampico"],"yoast_head":"<!-- This site is optimized with the Yoast SEO plugin v27.5 - https:\/\/yoast.com\/product\/yoast-seo-wordpress\/ -->\n<title>NECESARIO QUE LOS CANDIDATOS A LA ALCALD\u00cdA TENGAN UN DEBATE DE PROPUESTAS EN TAMPICO - EL INFORMATIVO DE TAMAULIPAS<\/title>\n<meta name=\"description\" content=\"*Pero Sin Descalificaciones Y Con Propuesta Total &nbsp; Por lo menos un debate entre los cuatro candidatos a la alcald\u00eda de Tampico ser\u00e1 sano llevarlo a\" \/>\n<meta name=\"robots\" content=\"index, follow, max-snippet:-1, max-image-preview:large, max-video-preview:-1\" \/>\n<link rel=\"canonical\" href=\"https:\/\/elinformativotam.com\/index.php\/2024\/04\/26\/necesario-que-los-candidatos-a-la-alcaldia-tengan-un-debate-de-propuestas-en-tampico\/\" \/>\n<meta property=\"og:locale\" content=\"es_MX\" \/>\n<meta property=\"og:type\" content=\"article\" \/>\n<meta property=\"og:title\" content=\"NECESARIO QUE LOS CANDIDATOS A LA ALCALD\u00cdA TENGAN UN DEBATE DE PROPUESTAS EN TAMPICO - EL INFORMATIVO DE TAMAULIPAS\" \/>\n<meta property=\"og:description\" content=\"*Pero Sin Descalificaciones Y Con Propuesta Total &nbsp; Por lo menos un debate entre los cuatro candidatos a la alcald\u00eda de Tampico ser\u00e1 sano llevarlo a\" \/>\n<meta property=\"og:url\" content=\"https:\/\/elinformativotam.com\/index.php\/2024\/04\/26\/necesario-que-los-candidatos-a-la-alcaldia-tengan-un-debate-de-propuestas-en-tampico\/\" \/>\n<meta property=\"og:site_name\" content=\"EL INFORMATIVO DE TAMAULIPAS\" \/>\n<meta property=\"article:published_time\" content=\"2024-04-27T03:40:28+00:00\" \/>\n<meta property=\"og:image\" content=\"https:\/\/elinformativotam.com\/wp-content\/uploads\/2024\/04\/Rossa-scaled.jpeg\" \/>\n\t<meta property=\"og:image:width\" content=\"2560\" \/>\n\t<meta property=\"og:image:height\" content=\"1707\" \/>\n\t<meta property=\"og:image:type\" content=\"image\/jpeg\" \/>\n<meta name=\"author\" content=\"El Informativo Tam\" \/>\n<meta name=\"twitter:card\" content=\"summary_large_image\" \/>\n<meta name=\"twitter:label1\" content=\"Escrito por\" \/>\n\t<meta name=\"twitter:data1\" content=\"El Informativo Tam\" \/>\n\t<meta name=\"twitter:label2\" content=\"Tiempo de lectura\" \/>\n\t<meta name=\"twitter:data2\" content=\"2 minutos\" \/>\n<script type=\"application\/ld+json\" class=\"yoast-schema-graph\">{\"@context\":\"https:\\\/\\\/schema.org\",\"@graph\":[{\"@type\":\"Article\",\"@id\":\"https:\\\/\\\/elinformativotam.com\\\/index.php\\\/2024\\\/04\\\/26\\\/necesario-que-los-candidatos-a-la-alcaldia-tengan-un-debate-de-propuestas-en-tampico\\\/#article\",\"isPartOf\":{\"@id\":\"https:\\\/\\\/elinformativotam.com\\\/index.php\\\/2024\\\/04\\\/26\\\/necesario-que-los-candidatos-a-la-alcaldia-tengan-un-debate-de-propuestas-en-tampico\\\/\"},\"author\":{\"name\":\"El Informativo Tam\",\"@id\":\"https:\\\/\\\/elinformativotam.com\\\/#\\\/schema\\\/person\\\/78e08040eed0f6110f0c5f83b6153590\"},\"headline\":\"NECESARIO QUE LOS CANDIDATOS A LA ALCALD\u00cdA TENGAN UN DEBATE DE PROPUESTAS EN TAMPICO\",\"datePublished\":\"2024-04-27T03:40:28+00:00\",\"mainEntityOfPage\":{\"@id\":\"https:\\\/\\\/elinformativotam.com\\\/index.php\\\/2024\\\/04\\\/26\\\/necesario-que-los-candidatos-a-la-alcaldia-tengan-un-debate-de-propuestas-en-tampico\\\/\"},\"wordCount\":301,\"commentCount\":0,\"publisher\":{\"@id\":\"https:\\\/\\\/elinformativotam.com\\\/#organization\"},\"image\":{\"@id\":\"https:\\\/\\\/elinformativotam.com\\\/index.php\\\/2024\\\/04\\\/26\\\/necesario-que-los-candidatos-a-la-alcaldia-tengan-un-debate-de-propuestas-en-tampico\\\/#primaryimage\"},\"thumbnailUrl\":\"https:\\\/\\\/elinformativotam.com\\\/wp-content\\\/uploads\\\/2024\\\/04\\\/Rossa-scaled.jpeg\",\"articleSection\":[\"Tampico\"],\"inLanguage\":\"es\",\"potentialAction\":[{\"@type\":\"CommentAction\",\"name\":\"Comment\",\"target\":[\"https:\\\/\\\/elinformativotam.com\\\/index.php\\\/2024\\\/04\\\/26\\\/necesario-que-los-candidatos-a-la-alcaldia-tengan-un-debate-de-propuestas-en-tampico\\\/#respond\"]}]},{\"@type\":\"WebPage\",\"@id\":\"https:\\\/\\\/elinformativotam.com\\\/index.php\\\/2024\\\/04\\\/26\\\/necesario-que-los-candidatos-a-la-alcaldia-tengan-un-debate-de-propuestas-en-tampico\\\/\",\"url\":\"https:\\\/\\\/elinformativotam.com\\\/index.php\\\/2024\\\/04\\\/26\\\/necesario-que-los-candidatos-a-la-alcaldia-tengan-un-debate-de-propuestas-en-tampico\\\/\",\"name\":\"NECESARIO QUE LOS CANDIDATOS A LA ALCALD\u00cdA TENGAN UN DEBATE DE PROPUESTAS EN TAMPICO - EL INFORMATIVO DE TAMAULIPAS\",\"isPartOf\":{\"@id\":\"https:\\\/\\\/elinformativotam.com\\\/#website\"},\"primaryImageOfPage\":{\"@id\":\"https:\\\/\\\/elinformativotam.com\\\/index.php\\\/2024\\\/04\\\/26\\\/necesario-que-los-candidatos-a-la-alcaldia-tengan-un-debate-de-propuestas-en-tampico\\\/#primaryimage\"},\"image\":{\"@id\":\"https:\\\/\\\/elinformativotam.com\\\/index.php\\\/2024\\\/04\\\/26\\\/necesario-que-los-candidatos-a-la-alcaldia-tengan-un-debate-de-propuestas-en-tampico\\\/#primaryimage\"},\"thumbnailUrl\":\"https:\\\/\\\/elinformativotam.com\\\/wp-content\\\/uploads\\\/2024\\\/04\\\/Rossa-scaled.jpeg\",\"datePublished\":\"2024-04-27T03:40:28+00:00\",\"description\":\"*Pero Sin Descalificaciones Y Con Propuesta Total &nbsp; Por lo menos un debate entre los cuatro candidatos a la alcald\u00eda de Tampico ser\u00e1 sano llevarlo a\",\"inLanguage\":\"es\",\"potentialAction\":[{\"@type\":\"ReadAction\",\"target\":[\"https:\\\/\\\/elinformativotam.com\\\/index.php\\\/2024\\\/04\\\/26\\\/necesario-que-los-candidatos-a-la-alcaldia-tengan-un-debate-de-propuestas-en-tampico\\\/\"]}]},{\"@type\":\"ImageObject\",\"inLanguage\":\"es\",\"@id\":\"https:\\\/\\\/elinformativotam.com\\\/index.php\\\/2024\\\/04\\\/26\\\/necesario-que-los-candidatos-a-la-alcaldia-tengan-un-debate-de-propuestas-en-tampico\\\/#primaryimage\",\"url\":\"https:\\\/\\\/elinformativotam.com\\\/wp-content\\\/uploads\\\/2024\\\/04\\\/Rossa-scaled.jpeg\",\"contentUrl\":\"https:\\\/\\\/elinformativotam.com\\\/wp-content\\\/uploads\\\/2024\\\/04\\\/Rossa-scaled.jpeg\",\"width\":2560,\"height\":1707},{\"@type\":\"WebSite\",\"@id\":\"https:\\\/\\\/elinformativotam.com\\\/#website\",\"url\":\"https:\\\/\\\/elinformativotam.com\\\/\",\"name\":\"EL INFORMATIVO DE TAMAULIPAS\",\"description\":\"Desde la Zona Metropolitana Para Todo M\u00e9xico\",\"publisher\":{\"@id\":\"https:\\\/\\\/elinformativotam.com\\\/#organization\"},\"potentialAction\":[{\"@type\":\"SearchAction\",\"target\":{\"@type\":\"EntryPoint\",\"urlTemplate\":\"https:\\\/\\\/elinformativotam.com\\\/?s={search_term_string}\"},\"query-input\":{\"@type\":\"PropertyValueSpecification\",\"valueRequired\":true,\"valueName\":\"search_term_string\"}}],\"inLanguage\":\"es\"},{\"@type\":\"Organization\",\"@id\":\"https:\\\/\\\/elinformativotam.com\\\/#organization\",\"name\":\"EL INFORMATIVO DE TAMAULIPAS\",\"url\":\"https:\\\/\\\/elinformativotam.com\\\/\",\"logo\":{\"@type\":\"ImageObject\",\"inLanguage\":\"es\",\"@id\":\"https:\\\/\\\/elinformativotam.com\\\/#\\\/schema\\\/logo\\\/image\\\/\",\"url\":\"https:\\\/\\\/elinformativotam.com\\\/wp-content\\\/uploads\\\/2026\\\/02\\\/Cabezal.png\",\"contentUrl\":\"https:\\\/\\\/elinformativotam.com\\\/wp-content\\\/uploads\\\/2026\\\/02\\\/Cabezal.png\",\"width\":960,\"height\":640,\"caption\":\"EL INFORMATIVO DE TAMAULIPAS\"},\"image\":{\"@id\":\"https:\\\/\\\/elinformativotam.com\\\/#\\\/schema\\\/logo\\\/image\\\/\"}},{\"@type\":\"Person\",\"@id\":\"https:\\\/\\\/elinformativotam.com\\\/#\\\/schema\\\/person\\\/78e08040eed0f6110f0c5f83b6153590\",\"name\":\"El Informativo Tam\",\"image\":{\"@type\":\"ImageObject\",\"inLanguage\":\"es\",\"@id\":\"https:\\\/\\\/secure.gravatar.com\\\/avatar\\\/f3b7ad3af540688955925ac610647be00b0cf41feea9c4978b73a707ee86bc53?s=96&d=mm&r=g\",\"url\":\"https:\\\/\\\/secure.gravatar.com\\\/avatar\\\/f3b7ad3af540688955925ac610647be00b0cf41feea9c4978b73a707ee86bc53?s=96&d=mm&r=g\",\"contentUrl\":\"https:\\\/\\\/secure.gravatar.com\\\/avatar\\\/f3b7ad3af540688955925ac610647be00b0cf41feea9c4978b73a707ee86bc53?s=96&d=mm&r=g\",\"caption\":\"El Informativo Tam\"}}]}<\/script>\n<!-- \/ Yoast SEO plugin. -->","yoast_head_json":{"title":"NECESARIO QUE LOS CANDIDATOS A LA ALCALD\u00cdA TENGAN UN DEBATE DE PROPUESTAS EN TAMPICO - EL INFORMATIVO DE TAMAULIPAS","description":"*Pero Sin Descalificaciones Y Con Propuesta Total &nbsp; Por lo menos un debate entre los cuatro candidatos a la alcald\u00eda de Tampico ser\u00e1 sano llevarlo a","robots":{"index":"index","follow":"follow","max-snippet":"max-snippet:-1","max-image-preview":"max-image-preview:large","max-video-preview":"max-video-preview:-1"},"canonical":"https:\/\/elinformativotam.com\/index.php\/2024\/04\/26\/necesario-que-los-candidatos-a-la-alcaldia-tengan-un-debate-de-propuestas-en-tampico\/","og_locale":"es_MX","og_type":"article","og_title":"NECESARIO QUE LOS CANDIDATOS A LA ALCALD\u00cdA TENGAN UN DEBATE DE PROPUESTAS EN TAMPICO - EL INFORMATIVO DE TAMAULIPAS","og_description":"*Pero Sin Descalificaciones Y Con Propuesta Total &nbsp; Por lo menos un debate entre los cuatro candidatos a la alcald\u00eda de Tampico ser\u00e1 sano llevarlo a","og_url":"https:\/\/elinformativotam.com\/index.php\/2024\/04\/26\/necesario-que-los-candidatos-a-la-alcaldia-tengan-un-debate-de-propuestas-en-tampico\/","og_site_name":"EL INFORMATIVO DE TAMAULIPAS","article_published_time":"2024-04-27T03:40:28+00:00","og_image":[{"width":2560,"height":1707,"url":"https:\/\/elinformativotam.com\/wp-content\/uploads\/2024\/04\/Rossa-scaled.jpeg","type":"image\/jpeg"}],"author":"El Informativo Tam","twitter_card":"summary_large_image","twitter_misc":{"Escrito por":"El Informativo Tam","Tiempo de lectura":"2 minutos"},"schema":{"@context":"https:\/\/schema.org","@graph":[{"@type":"Article","@id":"https:\/\/elinformativotam.com\/index.php\/2024\/04\/26\/necesario-que-los-candidatos-a-la-alcaldia-tengan-un-debate-de-propuestas-en-tampico\/#article","isPartOf":{"@id":"https:\/\/elinformativotam.com\/index.php\/2024\/04\/26\/necesario-que-los-candidatos-a-la-alcaldia-tengan-un-debate-de-propuestas-en-tampico\/"},"author":{"name":"El Informativo Tam","@id":"https:\/\/elinformativotam.com\/#\/schema\/person\/78e08040eed0f6110f0c5f83b6153590"},"headline":"NECESARIO QUE LOS CANDIDATOS A LA ALCALD\u00cdA TENGAN UN DEBATE DE PROPUESTAS EN TAMPICO","datePublished":"2024-04-27T03:40:28+00:00","mainEntityOfPage":{"@id":"https:\/\/elinformativotam.com\/index.php\/2024\/04\/26\/necesario-que-los-candidatos-a-la-alcaldia-tengan-un-debate-de-propuestas-en-tampico\/"},"wordCount":301,"commentCount":0,"publisher":{"@id":"https:\/\/elinformativotam.com\/#organization"},"image":{"@id":"https:\/\/elinformativotam.com\/index.php\/2024\/04\/26\/necesario-que-los-candidatos-a-la-alcaldia-tengan-un-debate-de-propuestas-en-tampico\/#primaryimage"},"thumbnailUrl":"https:\/\/elinformativotam.com\/wp-content\/uploads\/2024\/04\/Rossa-scaled.jpeg","articleSection":["Tampico"],"inLanguage":"es","potentialAction":[{"@type":"CommentAction","name":"Comment","target":["https:\/\/elinformativotam.com\/index.php\/2024\/04\/26\/necesario-que-los-candidatos-a-la-alcaldia-tengan-un-debate-de-propuestas-en-tampico\/#respond"]}]},{"@type":"WebPage","@id":"https:\/\/elinformativotam.com\/index.php\/2024\/04\/26\/necesario-que-los-candidatos-a-la-alcaldia-tengan-un-debate-de-propuestas-en-tampico\/","url":"https:\/\/elinformativotam.com\/index.php\/2024\/04\/26\/necesario-que-los-candidatos-a-la-alcaldia-tengan-un-debate-de-propuestas-en-tampico\/","name":"NECESARIO QUE LOS CANDIDATOS A LA ALCALD\u00cdA TENGAN UN DEBATE DE PROPUESTAS EN TAMPICO - EL INFORMATIVO DE TAMAULIPAS","isPartOf":{"@id":"https:\/\/elinformativotam.com\/#website"},"primaryImageOfPage":{"@id":"https:\/\/elinformativotam.com\/index.php\/2024\/04\/26\/necesario-que-los-candidatos-a-la-alcaldia-tengan-un-debate-de-propuestas-en-tampico\/#primaryimage"},"image":{"@id":"https:\/\/elinformativotam.com\/index.php\/2024\/04\/26\/necesario-que-los-candidatos-a-la-alcaldia-tengan-un-debate-de-propuestas-en-tampico\/#primaryimage"},"thumbnailUrl":"https:\/\/elinformativotam.com\/wp-content\/uploads\/2024\/04\/Rossa-scaled.jpeg","datePublished":"2024-04-27T03:40:28+00:00","description":"*Pero Sin Descalificaciones Y Con Propuesta Total &nbsp; Por lo menos un debate entre los cuatro candidatos a la alcald\u00eda de Tampico ser\u00e1 sano llevarlo a","inLanguage":"es","potentialAction":[{"@type":"ReadAction","target":["https:\/\/elinformativotam.com\/index.php\/2024\/04\/26\/necesario-que-los-candidatos-a-la-alcaldia-tengan-un-debate-de-propuestas-en-tampico\/"]}]},{"@type":"ImageObject","inLanguage":"es","@id":"https:\/\/elinformativotam.com\/index.php\/2024\/04\/26\/necesario-que-los-candidatos-a-la-alcaldia-tengan-un-debate-de-propuestas-en-tampico\/#primaryimage","url":"https:\/\/elinformativotam.com\/wp-content\/uploads\/2024\/04\/Rossa-scaled.jpeg","contentUrl":"https:\/\/elinformativotam.com\/wp-content\/uploads\/2024\/04\/Rossa-scaled.jpeg","width":2560,"height":1707},{"@type":"WebSite","@id":"https:\/\/elinformativotam.com\/#website","url":"https:\/\/elinformativotam.com\/","name":"EL INFORMATIVO DE TAMAULIPAS","description":"Desde la Zona Metropolitana Para Todo M\u00e9xico","publisher":{"@id":"https:\/\/elinformativotam.com\/#organization"},"potentialAction":[{"@type":"SearchAction","target":{"@type":"EntryPoint","urlTemplate":"https:\/\/elinformativotam.com\/?s={search_term_string}"},"query-input":{"@type":"PropertyValueSpecification","valueRequired":true,"valueName":"search_term_string"}}],"inLanguage":"es"},{"@type":"Organization","@id":"https:\/\/elinformativotam.com\/#organization","name":"EL INFORMATIVO DE TAMAULIPAS","url":"https:\/\/elinformativotam.com\/","logo":{"@type":"ImageObject","inLanguage":"es","@id":"https:\/\/elinformativotam.com\/#\/schema\/logo\/image\/","url":"https:\/\/elinformativotam.com\/wp-content\/uploads\/2026\/02\/Cabezal.png","contentUrl":"https:\/\/elinformativotam.com\/wp-content\/uploads\/2026\/02\/Cabezal.png","width":960,"height":640,"caption":"EL INFORMATIVO DE TAMAULIPAS"},"image":{"@id":"https:\/\/elinformativotam.com\/#\/schema\/logo\/image\/"}},{"@type":"Person","@id":"https:\/\/elinformativotam.com\/#\/schema\/person\/78e08040eed0f6110f0c5f83b6153590","name":"El Informativo Tam","image":{"@type":"ImageObject","inLanguage":"es","@id":"https:\/\/secure.gravatar.com\/avatar\/f3b7ad3af540688955925ac610647be00b0cf41feea9c4978b73a707ee86bc53?s=96&d=mm&r=g","url":"https:\/\/secure.gravatar.com\/avatar\/f3b7ad3af540688955925ac610647be00b0cf41feea9c4978b73a707ee86bc53?s=96&d=mm&r=g","contentUrl":"https:\/\/secure.gravatar.com\/avatar\/f3b7ad3af540688955925ac610647be00b0cf41feea9c4978b73a707ee86bc53?s=96&d=mm&r=g","caption":"El Informativo Tam"}}]}},"_links":{"self":[{"href":"https:\/\/elinformativotam.com\/index.php\/wp-json\/wp\/v2\/posts\/50467","targetHints":{"allow":["GET"]}}],"collection":[{"href":"https:\/\/elinformativotam.com\/index.php\/wp-json\/wp\/v2\/posts"}],"about":[{"href":"https:\/\/elinformativotam.com\/index.php\/wp-json\/wp\/v2\/types\/post"}],"author":[{"embeddable":true,"href":"https:\/\/elinformativotam.com\/index.php\/wp-json\/wp\/v2\/users\/1"}],"replies":[{"embeddable":true,"href":"https:\/\/elinformativotam.com\/index.php\/wp-json\/wp\/v2\/comments?post=50467"}],"version-history":[{"count":1,"href":"https:\/\/elinformativotam.com\/index.php\/wp-json\/wp\/v2\/posts\/50467\/revisions"}],"predecessor-version":[{"id":50468,"href":"https:\/\/elinformativotam.com\/index.php\/wp-json\/wp\/v2\/posts\/50467\/revisions\/50468"}],"wp:featuredmedia":[{"embeddable":true,"href":"https:\/\/elinformativotam.com\/index.php\/wp-json\/wp\/v2\/media\/50464"}],"wp:attachment":[{"href":"https:\/\/elinformativotam.com\/index.php\/wp-json\/wp\/v2\/media?parent=50467"}],"wp:term":[{"taxonomy":"category","embeddable":true,"href":"https:\/\/elinformativotam.com\/index.php\/wp-json\/wp\/v2\/categories?post=50467"},{"taxonomy":"post_tag","embeddable":true,"href":"https:\/\/elinformativotam.com\/index.php\/wp-json\/wp\/v2\/tags?post=50467"}],"curies":[{"name":"wp","href":"https:\/\/api.w.org\/{rel}","templated":true}]}}