{"id":50458,"date":"2024-04-26T16:03:34","date_gmt":"2024-04-26T22:03:34","guid":{"rendered":"https:\/\/elinformativotam.com\/?p=50458"},"modified":"2024-04-26T16:03:34","modified_gmt":"2024-04-26T22:03:34","slug":"se-registran-dos-persecuciones-en-el-corredor-urbano-luis-donaldo-colosio-producto-de-dos-accidentes-en-ciudad-madero","status":"publish","type":"post","link":"https:\/\/elinformativotam.com\/index.php\/2024\/04\/26\/se-registran-dos-persecuciones-en-el-corredor-urbano-luis-donaldo-colosio-producto-de-dos-accidentes-en-ciudad-madero\/","title":{"rendered":"SE REGISTRAN DOS PERSECUCIONES EN EL CORREDOR URBANO &#8216;LUIS DONALDO COLOSIO&#8217; PRODUCTO DE DOS ACCIDENTES EN CIUDAD MADERO"},"content":{"rendered":"<p>Una intensa ma\u00f1ana tuvieron elementos de Tr\u00e1nsito y Vialidad de Ciudad Madero, debido a dos persecuciones sobr\u00e9 el corredor urbano Luis Donaldo Colosio, el primero se trat\u00f3 del conductor de un carro gris marca MG, quien presuntamente arroll\u00f3 a un ciclista sobre la Avenida Tamaulipas y huy\u00f3 del lugar, introduciendose a esta arteria que conecta con Altamira.<\/p>\n<p>&nbsp;<\/p>\n<p>Es as\u00ed como testigos llamaron inmediatamente a la autoridad y estos implementaron un operativo sobre esta carretera, quienes a la vez dieron aviso a las autoridades de Vialidad para que apoyaran a interceptar al hombre.<\/p>\n<p>&nbsp;<\/p>\n<p>Es as\u00ed que logran cerrarle el paso a unos dos kilometros adelante de d\u00f3nde se encuentra la ya conocida &#8216;Virgen&#8217; y lo entregan a las autoridades correspondientes.<\/p>\n<p>&nbsp;<\/p>\n<p>Al punto lleg\u00f3 personal de la Polic\u00eda Investigadora, quienes permanecieron en el punto hasta que lleg\u00f3 personas de peritos y llevaron a cabo la recabaci\u00f3n de la informaci\u00f3n, para el deslinde de responsabilidades.<\/p>\n<p>&nbsp;<\/p>\n<p>M\u00e1s tarde alrededor de las 12:30, tras el reporte de que un trailero hab\u00eda causado destrozos sobre la Avenida Obreg\u00f3n tambi\u00e9n en Ciudad Madero y que este emprendi\u00f3 hu\u00edda hacia el corredor urbano, elementos de Tr\u00e1nsito lo persiguieron sobre el callej\u00f3n de barriles hasta continuar con este arteria vial.<\/p>\n<p>&nbsp;<\/p>\n<p>Para lograr su detenci\u00f3n, se solicit\u00f3 apoyo a elementos de la Guardia Estatal y Guardia Nacional, mismos que le dieron alcance justo donde se encuentra el distribuidor vial que conecta con bulevar de los R\u00edos.<\/p>\n<p>&nbsp;<\/p>\n<p>El chofer qued\u00f3 a disposici\u00f3n de la autoridad, mientras que la unidad fue remolcada y custodiada hacia la urbe petrolera.<\/p>\n<p>&nbsp;<\/p>\n","protected":false},"excerpt":{"rendered":"<p>Una intensa ma\u00f1ana tuvieron elementos de Tr\u00e1nsito y Vialidad de Ciudad Madero, debido a dos persecuciones sobr\u00e9 el corredor urbano&hellip;<\/p>\n","protected":false},"author":1,"featured_media":50459,"comment_status":"open","ping_status":"open","sticky":false,"template":"","format":"standard","meta":{"footnotes":""},"categories":[5],"tags":[],"class_list":["post-50458","post","type-post","status-publish","format-standard","has-post-thumbnail","hentry","category-altamira"],"yoast_head":"<!-- This site is optimized with the Yoast SEO plugin v27.5 - https:\/\/yoast.com\/product\/yoast-seo-wordpress\/ -->\n<title>SE REGISTRAN DOS PERSECUCIONES EN EL CORREDOR URBANO &#039;LUIS DONALDO COLOSIO&#039; PRODUCTO DE DOS ACCIDENTES EN CIUDAD MADERO - EL INFORMATIVO DE TAMAULIPAS<\/title>\n<meta name=\"description\" content=\"Una intensa ma\u00f1ana tuvieron elementos de Tr\u00e1nsito y Vialidad de Ciudad Madero, debido a dos persecuciones sobr\u00e9 el corredor urbano Luis Donaldo Colosio,\" \/>\n<meta name=\"robots\" content=\"index, follow, max-snippet:-1, max-image-preview:large, max-video-preview:-1\" \/>\n<link rel=\"canonical\" href=\"https:\/\/elinformativotam.com\/index.php\/2024\/04\/26\/se-registran-dos-persecuciones-en-el-corredor-urbano-luis-donaldo-colosio-producto-de-dos-accidentes-en-ciudad-madero\/\" \/>\n<meta property=\"og:locale\" content=\"es_MX\" \/>\n<meta property=\"og:type\" content=\"article\" \/>\n<meta property=\"og:title\" content=\"SE REGISTRAN DOS PERSECUCIONES EN EL CORREDOR URBANO &#039;LUIS DONALDO COLOSIO&#039; PRODUCTO DE DOS ACCIDENTES EN CIUDAD MADERO - EL INFORMATIVO DE TAMAULIPAS\" \/>\n<meta property=\"og:description\" content=\"Una intensa ma\u00f1ana tuvieron elementos de Tr\u00e1nsito y Vialidad de Ciudad Madero, debido a dos persecuciones sobr\u00e9 el corredor urbano Luis Donaldo Colosio,\" \/>\n<meta property=\"og:url\" content=\"https:\/\/elinformativotam.com\/index.php\/2024\/04\/26\/se-registran-dos-persecuciones-en-el-corredor-urbano-luis-donaldo-colosio-producto-de-dos-accidentes-en-ciudad-madero\/\" \/>\n<meta property=\"og:site_name\" content=\"EL INFORMATIVO DE TAMAULIPAS\" \/>\n<meta property=\"article:published_time\" content=\"2024-04-26T22:03:34+00:00\" \/>\n<meta property=\"og:image\" content=\"https:\/\/elinformativotam.com\/wp-content\/uploads\/2024\/04\/Choque-con-ciclista-.jpg\" \/>\n\t<meta property=\"og:image:width\" content=\"1175\" \/>\n\t<meta property=\"og:image:height\" content=\"720\" \/>\n\t<meta property=\"og:image:type\" content=\"image\/jpeg\" \/>\n<meta name=\"author\" content=\"El Informativo Tam\" \/>\n<meta name=\"twitter:card\" content=\"summary_large_image\" \/>\n<meta name=\"twitter:label1\" content=\"Escrito por\" \/>\n\t<meta name=\"twitter:data1\" content=\"El Informativo Tam\" \/>\n\t<meta name=\"twitter:label2\" content=\"Tiempo de lectura\" \/>\n\t<meta name=\"twitter:data2\" content=\"2 minutos\" \/>\n<script type=\"application\/ld+json\" class=\"yoast-schema-graph\">{\"@context\":\"https:\\\/\\\/schema.org\",\"@graph\":[{\"@type\":\"Article\",\"@id\":\"https:\\\/\\\/elinformativotam.com\\\/index.php\\\/2024\\\/04\\\/26\\\/se-registran-dos-persecuciones-en-el-corredor-urbano-luis-donaldo-colosio-producto-de-dos-accidentes-en-ciudad-madero\\\/#article\",\"isPartOf\":{\"@id\":\"https:\\\/\\\/elinformativotam.com\\\/index.php\\\/2024\\\/04\\\/26\\\/se-registran-dos-persecuciones-en-el-corredor-urbano-luis-donaldo-colosio-producto-de-dos-accidentes-en-ciudad-madero\\\/\"},\"author\":{\"name\":\"El Informativo Tam\",\"@id\":\"https:\\\/\\\/elinformativotam.com\\\/#\\\/schema\\\/person\\\/78e08040eed0f6110f0c5f83b6153590\"},\"headline\":\"SE REGISTRAN DOS PERSECUCIONES EN EL CORREDOR URBANO &#8216;LUIS DONALDO COLOSIO&#8217; PRODUCTO DE DOS ACCIDENTES EN CIUDAD MADERO\",\"datePublished\":\"2024-04-26T22:03:34+00:00\",\"mainEntityOfPage\":{\"@id\":\"https:\\\/\\\/elinformativotam.com\\\/index.php\\\/2024\\\/04\\\/26\\\/se-registran-dos-persecuciones-en-el-corredor-urbano-luis-donaldo-colosio-producto-de-dos-accidentes-en-ciudad-madero\\\/\"},\"wordCount\":296,\"commentCount\":0,\"publisher\":{\"@id\":\"https:\\\/\\\/elinformativotam.com\\\/#organization\"},\"image\":{\"@id\":\"https:\\\/\\\/elinformativotam.com\\\/index.php\\\/2024\\\/04\\\/26\\\/se-registran-dos-persecuciones-en-el-corredor-urbano-luis-donaldo-colosio-producto-de-dos-accidentes-en-ciudad-madero\\\/#primaryimage\"},\"thumbnailUrl\":\"https:\\\/\\\/elinformativotam.com\\\/wp-content\\\/uploads\\\/2024\\\/04\\\/Choque-con-ciclista-.jpg\",\"articleSection\":[\"Altamira\"],\"inLanguage\":\"es\",\"potentialAction\":[{\"@type\":\"CommentAction\",\"name\":\"Comment\",\"target\":[\"https:\\\/\\\/elinformativotam.com\\\/index.php\\\/2024\\\/04\\\/26\\\/se-registran-dos-persecuciones-en-el-corredor-urbano-luis-donaldo-colosio-producto-de-dos-accidentes-en-ciudad-madero\\\/#respond\"]}]},{\"@type\":\"WebPage\",\"@id\":\"https:\\\/\\\/elinformativotam.com\\\/index.php\\\/2024\\\/04\\\/26\\\/se-registran-dos-persecuciones-en-el-corredor-urbano-luis-donaldo-colosio-producto-de-dos-accidentes-en-ciudad-madero\\\/\",\"url\":\"https:\\\/\\\/elinformativotam.com\\\/index.php\\\/2024\\\/04\\\/26\\\/se-registran-dos-persecuciones-en-el-corredor-urbano-luis-donaldo-colosio-producto-de-dos-accidentes-en-ciudad-madero\\\/\",\"name\":\"SE REGISTRAN DOS PERSECUCIONES EN EL CORREDOR URBANO 'LUIS DONALDO COLOSIO' PRODUCTO DE DOS ACCIDENTES EN CIUDAD MADERO - EL INFORMATIVO DE TAMAULIPAS\",\"isPartOf\":{\"@id\":\"https:\\\/\\\/elinformativotam.com\\\/#website\"},\"primaryImageOfPage\":{\"@id\":\"https:\\\/\\\/elinformativotam.com\\\/index.php\\\/2024\\\/04\\\/26\\\/se-registran-dos-persecuciones-en-el-corredor-urbano-luis-donaldo-colosio-producto-de-dos-accidentes-en-ciudad-madero\\\/#primaryimage\"},\"image\":{\"@id\":\"https:\\\/\\\/elinformativotam.com\\\/index.php\\\/2024\\\/04\\\/26\\\/se-registran-dos-persecuciones-en-el-corredor-urbano-luis-donaldo-colosio-producto-de-dos-accidentes-en-ciudad-madero\\\/#primaryimage\"},\"thumbnailUrl\":\"https:\\\/\\\/elinformativotam.com\\\/wp-content\\\/uploads\\\/2024\\\/04\\\/Choque-con-ciclista-.jpg\",\"datePublished\":\"2024-04-26T22:03:34+00:00\",\"description\":\"Una intensa ma\u00f1ana tuvieron elementos de Tr\u00e1nsito y Vialidad de Ciudad Madero, debido a dos persecuciones sobr\u00e9 el corredor urbano Luis Donaldo Colosio,\",\"inLanguage\":\"es\",\"potentialAction\":[{\"@type\":\"ReadAction\",\"target\":[\"https:\\\/\\\/elinformativotam.com\\\/index.php\\\/2024\\\/04\\\/26\\\/se-registran-dos-persecuciones-en-el-corredor-urbano-luis-donaldo-colosio-producto-de-dos-accidentes-en-ciudad-madero\\\/\"]}]},{\"@type\":\"ImageObject\",\"inLanguage\":\"es\",\"@id\":\"https:\\\/\\\/elinformativotam.com\\\/index.php\\\/2024\\\/04\\\/26\\\/se-registran-dos-persecuciones-en-el-corredor-urbano-luis-donaldo-colosio-producto-de-dos-accidentes-en-ciudad-madero\\\/#primaryimage\",\"url\":\"https:\\\/\\\/elinformativotam.com\\\/wp-content\\\/uploads\\\/2024\\\/04\\\/Choque-con-ciclista-.jpg\",\"contentUrl\":\"https:\\\/\\\/elinformativotam.com\\\/wp-content\\\/uploads\\\/2024\\\/04\\\/Choque-con-ciclista-.jpg\",\"width\":1175,\"height\":720},{\"@type\":\"WebSite\",\"@id\":\"https:\\\/\\\/elinformativotam.com\\\/#website\",\"url\":\"https:\\\/\\\/elinformativotam.com\\\/\",\"name\":\"EL INFORMATIVO DE TAMAULIPAS\",\"description\":\"Desde la Zona Metropolitana Para Todo M\u00e9xico\",\"publisher\":{\"@id\":\"https:\\\/\\\/elinformativotam.com\\\/#organization\"},\"potentialAction\":[{\"@type\":\"SearchAction\",\"target\":{\"@type\":\"EntryPoint\",\"urlTemplate\":\"https:\\\/\\\/elinformativotam.com\\\/?s={search_term_string}\"},\"query-input\":{\"@type\":\"PropertyValueSpecification\",\"valueRequired\":true,\"valueName\":\"search_term_string\"}}],\"inLanguage\":\"es\"},{\"@type\":\"Organization\",\"@id\":\"https:\\\/\\\/elinformativotam.com\\\/#organization\",\"name\":\"EL INFORMATIVO DE TAMAULIPAS\",\"url\":\"https:\\\/\\\/elinformativotam.com\\\/\",\"logo\":{\"@type\":\"ImageObject\",\"inLanguage\":\"es\",\"@id\":\"https:\\\/\\\/elinformativotam.com\\\/#\\\/schema\\\/logo\\\/image\\\/\",\"url\":\"https:\\\/\\\/elinformativotam.com\\\/wp-content\\\/uploads\\\/2026\\\/02\\\/Cabezal.png\",\"contentUrl\":\"https:\\\/\\\/elinformativotam.com\\\/wp-content\\\/uploads\\\/2026\\\/02\\\/Cabezal.png\",\"width\":960,\"height\":640,\"caption\":\"EL INFORMATIVO DE TAMAULIPAS\"},\"image\":{\"@id\":\"https:\\\/\\\/elinformativotam.com\\\/#\\\/schema\\\/logo\\\/image\\\/\"}},{\"@type\":\"Person\",\"@id\":\"https:\\\/\\\/elinformativotam.com\\\/#\\\/schema\\\/person\\\/78e08040eed0f6110f0c5f83b6153590\",\"name\":\"El Informativo Tam\",\"image\":{\"@type\":\"ImageObject\",\"inLanguage\":\"es\",\"@id\":\"https:\\\/\\\/secure.gravatar.com\\\/avatar\\\/f3b7ad3af540688955925ac610647be00b0cf41feea9c4978b73a707ee86bc53?s=96&d=mm&r=g\",\"url\":\"https:\\\/\\\/secure.gravatar.com\\\/avatar\\\/f3b7ad3af540688955925ac610647be00b0cf41feea9c4978b73a707ee86bc53?s=96&d=mm&r=g\",\"contentUrl\":\"https:\\\/\\\/secure.gravatar.com\\\/avatar\\\/f3b7ad3af540688955925ac610647be00b0cf41feea9c4978b73a707ee86bc53?s=96&d=mm&r=g\",\"caption\":\"El Informativo Tam\"}}]}<\/script>\n<!-- \/ Yoast SEO plugin. -->","yoast_head_json":{"title":"SE REGISTRAN DOS PERSECUCIONES EN EL CORREDOR URBANO 'LUIS DONALDO COLOSIO' PRODUCTO DE DOS ACCIDENTES EN CIUDAD MADERO - EL INFORMATIVO DE TAMAULIPAS","description":"Una intensa ma\u00f1ana tuvieron elementos de Tr\u00e1nsito y Vialidad de Ciudad Madero, debido a dos persecuciones sobr\u00e9 el corredor urbano Luis Donaldo Colosio,","robots":{"index":"index","follow":"follow","max-snippet":"max-snippet:-1","max-image-preview":"max-image-preview:large","max-video-preview":"max-video-preview:-1"},"canonical":"https:\/\/elinformativotam.com\/index.php\/2024\/04\/26\/se-registran-dos-persecuciones-en-el-corredor-urbano-luis-donaldo-colosio-producto-de-dos-accidentes-en-ciudad-madero\/","og_locale":"es_MX","og_type":"article","og_title":"SE REGISTRAN DOS PERSECUCIONES EN EL CORREDOR URBANO 'LUIS DONALDO COLOSIO' PRODUCTO DE DOS ACCIDENTES EN CIUDAD MADERO - EL INFORMATIVO DE TAMAULIPAS","og_description":"Una intensa ma\u00f1ana tuvieron elementos de Tr\u00e1nsito y Vialidad de Ciudad Madero, debido a dos persecuciones sobr\u00e9 el corredor urbano Luis Donaldo Colosio,","og_url":"https:\/\/elinformativotam.com\/index.php\/2024\/04\/26\/se-registran-dos-persecuciones-en-el-corredor-urbano-luis-donaldo-colosio-producto-de-dos-accidentes-en-ciudad-madero\/","og_site_name":"EL INFORMATIVO DE TAMAULIPAS","article_published_time":"2024-04-26T22:03:34+00:00","og_image":[{"width":1175,"height":720,"url":"https:\/\/elinformativotam.com\/wp-content\/uploads\/2024\/04\/Choque-con-ciclista-.jpg","type":"image\/jpeg"}],"author":"El Informativo Tam","twitter_card":"summary_large_image","twitter_misc":{"Escrito por":"El Informativo Tam","Tiempo de lectura":"2 minutos"},"schema":{"@context":"https:\/\/schema.org","@graph":[{"@type":"Article","@id":"https:\/\/elinformativotam.com\/index.php\/2024\/04\/26\/se-registran-dos-persecuciones-en-el-corredor-urbano-luis-donaldo-colosio-producto-de-dos-accidentes-en-ciudad-madero\/#article","isPartOf":{"@id":"https:\/\/elinformativotam.com\/index.php\/2024\/04\/26\/se-registran-dos-persecuciones-en-el-corredor-urbano-luis-donaldo-colosio-producto-de-dos-accidentes-en-ciudad-madero\/"},"author":{"name":"El Informativo Tam","@id":"https:\/\/elinformativotam.com\/#\/schema\/person\/78e08040eed0f6110f0c5f83b6153590"},"headline":"SE REGISTRAN DOS PERSECUCIONES EN EL CORREDOR URBANO &#8216;LUIS DONALDO COLOSIO&#8217; PRODUCTO DE DOS ACCIDENTES EN CIUDAD MADERO","datePublished":"2024-04-26T22:03:34+00:00","mainEntityOfPage":{"@id":"https:\/\/elinformativotam.com\/index.php\/2024\/04\/26\/se-registran-dos-persecuciones-en-el-corredor-urbano-luis-donaldo-colosio-producto-de-dos-accidentes-en-ciudad-madero\/"},"wordCount":296,"commentCount":0,"publisher":{"@id":"https:\/\/elinformativotam.com\/#organization"},"image":{"@id":"https:\/\/elinformativotam.com\/index.php\/2024\/04\/26\/se-registran-dos-persecuciones-en-el-corredor-urbano-luis-donaldo-colosio-producto-de-dos-accidentes-en-ciudad-madero\/#primaryimage"},"thumbnailUrl":"https:\/\/elinformativotam.com\/wp-content\/uploads\/2024\/04\/Choque-con-ciclista-.jpg","articleSection":["Altamira"],"inLanguage":"es","potentialAction":[{"@type":"CommentAction","name":"Comment","target":["https:\/\/elinformativotam.com\/index.php\/2024\/04\/26\/se-registran-dos-persecuciones-en-el-corredor-urbano-luis-donaldo-colosio-producto-de-dos-accidentes-en-ciudad-madero\/#respond"]}]},{"@type":"WebPage","@id":"https:\/\/elinformativotam.com\/index.php\/2024\/04\/26\/se-registran-dos-persecuciones-en-el-corredor-urbano-luis-donaldo-colosio-producto-de-dos-accidentes-en-ciudad-madero\/","url":"https:\/\/elinformativotam.com\/index.php\/2024\/04\/26\/se-registran-dos-persecuciones-en-el-corredor-urbano-luis-donaldo-colosio-producto-de-dos-accidentes-en-ciudad-madero\/","name":"SE REGISTRAN DOS PERSECUCIONES EN EL CORREDOR URBANO 'LUIS DONALDO COLOSIO' PRODUCTO DE DOS ACCIDENTES EN CIUDAD MADERO - EL INFORMATIVO DE TAMAULIPAS","isPartOf":{"@id":"https:\/\/elinformativotam.com\/#website"},"primaryImageOfPage":{"@id":"https:\/\/elinformativotam.com\/index.php\/2024\/04\/26\/se-registran-dos-persecuciones-en-el-corredor-urbano-luis-donaldo-colosio-producto-de-dos-accidentes-en-ciudad-madero\/#primaryimage"},"image":{"@id":"https:\/\/elinformativotam.com\/index.php\/2024\/04\/26\/se-registran-dos-persecuciones-en-el-corredor-urbano-luis-donaldo-colosio-producto-de-dos-accidentes-en-ciudad-madero\/#primaryimage"},"thumbnailUrl":"https:\/\/elinformativotam.com\/wp-content\/uploads\/2024\/04\/Choque-con-ciclista-.jpg","datePublished":"2024-04-26T22:03:34+00:00","description":"Una intensa ma\u00f1ana tuvieron elementos de Tr\u00e1nsito y Vialidad de Ciudad Madero, debido a dos persecuciones sobr\u00e9 el corredor urbano Luis Donaldo Colosio,","inLanguage":"es","potentialAction":[{"@type":"ReadAction","target":["https:\/\/elinformativotam.com\/index.php\/2024\/04\/26\/se-registran-dos-persecuciones-en-el-corredor-urbano-luis-donaldo-colosio-producto-de-dos-accidentes-en-ciudad-madero\/"]}]},{"@type":"ImageObject","inLanguage":"es","@id":"https:\/\/elinformativotam.com\/index.php\/2024\/04\/26\/se-registran-dos-persecuciones-en-el-corredor-urbano-luis-donaldo-colosio-producto-de-dos-accidentes-en-ciudad-madero\/#primaryimage","url":"https:\/\/elinformativotam.com\/wp-content\/uploads\/2024\/04\/Choque-con-ciclista-.jpg","contentUrl":"https:\/\/elinformativotam.com\/wp-content\/uploads\/2024\/04\/Choque-con-ciclista-.jpg","width":1175,"height":720},{"@type":"WebSite","@id":"https:\/\/elinformativotam.com\/#website","url":"https:\/\/elinformativotam.com\/","name":"EL INFORMATIVO DE TAMAULIPAS","description":"Desde la Zona Metropolitana Para Todo M\u00e9xico","publisher":{"@id":"https:\/\/elinformativotam.com\/#organization"},"potentialAction":[{"@type":"SearchAction","target":{"@type":"EntryPoint","urlTemplate":"https:\/\/elinformativotam.com\/?s={search_term_string}"},"query-input":{"@type":"PropertyValueSpecification","valueRequired":true,"valueName":"search_term_string"}}],"inLanguage":"es"},{"@type":"Organization","@id":"https:\/\/elinformativotam.com\/#organization","name":"EL INFORMATIVO DE TAMAULIPAS","url":"https:\/\/elinformativotam.com\/","logo":{"@type":"ImageObject","inLanguage":"es","@id":"https:\/\/elinformativotam.com\/#\/schema\/logo\/image\/","url":"https:\/\/elinformativotam.com\/wp-content\/uploads\/2026\/02\/Cabezal.png","contentUrl":"https:\/\/elinformativotam.com\/wp-content\/uploads\/2026\/02\/Cabezal.png","width":960,"height":640,"caption":"EL INFORMATIVO DE TAMAULIPAS"},"image":{"@id":"https:\/\/elinformativotam.com\/#\/schema\/logo\/image\/"}},{"@type":"Person","@id":"https:\/\/elinformativotam.com\/#\/schema\/person\/78e08040eed0f6110f0c5f83b6153590","name":"El Informativo Tam","image":{"@type":"ImageObject","inLanguage":"es","@id":"https:\/\/secure.gravatar.com\/avatar\/f3b7ad3af540688955925ac610647be00b0cf41feea9c4978b73a707ee86bc53?s=96&d=mm&r=g","url":"https:\/\/secure.gravatar.com\/avatar\/f3b7ad3af540688955925ac610647be00b0cf41feea9c4978b73a707ee86bc53?s=96&d=mm&r=g","contentUrl":"https:\/\/secure.gravatar.com\/avatar\/f3b7ad3af540688955925ac610647be00b0cf41feea9c4978b73a707ee86bc53?s=96&d=mm&r=g","caption":"El Informativo Tam"}}]}},"_links":{"self":[{"href":"https:\/\/elinformativotam.com\/index.php\/wp-json\/wp\/v2\/posts\/50458","targetHints":{"allow":["GET"]}}],"collection":[{"href":"https:\/\/elinformativotam.com\/index.php\/wp-json\/wp\/v2\/posts"}],"about":[{"href":"https:\/\/elinformativotam.com\/index.php\/wp-json\/wp\/v2\/types\/post"}],"author":[{"embeddable":true,"href":"https:\/\/elinformativotam.com\/index.php\/wp-json\/wp\/v2\/users\/1"}],"replies":[{"embeddable":true,"href":"https:\/\/elinformativotam.com\/index.php\/wp-json\/wp\/v2\/comments?post=50458"}],"version-history":[{"count":1,"href":"https:\/\/elinformativotam.com\/index.php\/wp-json\/wp\/v2\/posts\/50458\/revisions"}],"predecessor-version":[{"id":50460,"href":"https:\/\/elinformativotam.com\/index.php\/wp-json\/wp\/v2\/posts\/50458\/revisions\/50460"}],"wp:featuredmedia":[{"embeddable":true,"href":"https:\/\/elinformativotam.com\/index.php\/wp-json\/wp\/v2\/media\/50459"}],"wp:attachment":[{"href":"https:\/\/elinformativotam.com\/index.php\/wp-json\/wp\/v2\/media?parent=50458"}],"wp:term":[{"taxonomy":"category","embeddable":true,"href":"https:\/\/elinformativotam.com\/index.php\/wp-json\/wp\/v2\/categories?post=50458"},{"taxonomy":"post_tag","embeddable":true,"href":"https:\/\/elinformativotam.com\/index.php\/wp-json\/wp\/v2\/tags?post=50458"}],"curies":[{"name":"wp","href":"https:\/\/api.w.org\/{rel}","templated":true}]}}