{"id":50445,"date":"2024-04-26T13:58:21","date_gmt":"2024-04-26T19:58:21","guid":{"rendered":"https:\/\/elinformativotam.com\/?p=50445"},"modified":"2024-04-26T13:58:21","modified_gmt":"2024-04-26T19:58:21","slug":"candidatos-del-sur-no-deben-descuidar-seguridad-personal","status":"publish","type":"post","link":"https:\/\/elinformativotam.com\/index.php\/2024\/04\/26\/candidatos-del-sur-no-deben-descuidar-seguridad-personal\/","title":{"rendered":"CANDIDATOS DEL SUR NO DEBEN DESCUIDAR SEGURIDAD PERSONAL"},"content":{"rendered":"<h2 style=\"text-align: center;\"><em><span style=\"font-family: 'times new roman', times;\">*Exhorta PAN A No Echar En Saco Roto El Apoyo Que Les Brinda El Gobierno Y Las Autoridades Electorales En El Tema<\/span><\/em><\/h2>\n<p>&nbsp;<\/p>\n<p>&nbsp;<\/p>\n<p>Los candidatos del PAN-PRI y de todos los partidos pol\u00edticos que est\u00e1n en la contienda electoral concurrente, no deben echar en saco roto la opci\u00f3n de contar con seguridad personal, y denunciar cualquier posible situaci\u00f3n an\u00f3mala que observen durante sus recorridos proselitistas.<\/p>\n<p>&nbsp;<\/p>\n<p>As\u00ed lo expres\u00f3, el Presidente del Comit\u00e9 Directivo Municipal del PAN en Ciudad Madero, Francisco Casta\u00f1eda Cruz, qui\u00e9n consider\u00f3 que los abanderados de todos los institutos pol\u00edticos no deben echar por la borda las indicaciones que les hacen sus equipos de campa\u00f1a en este tema.<\/p>\n<p>&nbsp;<\/p>\n<p>Consider\u00f3, qu\u00e9 sin alarmar ni caer en psicosis los abanderados deben de tomar las debidas precauciones durante sus recorridos en las colonias, y evaluar cualquier posible acto hostil, por mas m\u00ednimo, que pudieran presentarse.<\/p>\n<p>&nbsp;<\/p>\n<p>Casta\u00f1eda, dej\u00f3 ver qu\u00e9 hoy m\u00e1s que nunca nadie &#8220;debe adoptar la valent\u00eda como un asunto de campa\u00f1a de qui\u00e9nes participan en la contienda&#8221;.<\/p>\n<p>&nbsp;<\/p>\n<p>El Presidente del PAN en esa ciudad remarc\u00f3 que en la zona sur las campa\u00f1as se han llevado de forma tranquila, y se espera, dijo, que as\u00ed concluya con la realizaci\u00f3n positiva de la elecci\u00f3n el pr\u00f3ximo 2 de Junio<\/p>\n<p>&nbsp;<\/p>\n<p>&#8220;Es un tema de responsabilidad, de protecci\u00f3n, no debe ser un asunto de valent\u00eda para nadie&#8221;, recalc\u00f3<\/p>\n<p>&nbsp;<\/p>\n<p>Finalmente, coment\u00f3 que en Ciudad Madero solo un abanderado ya anda en las calles con seguridad personal, mientras que en el PAN todos caminan junto a la poblaci\u00f3n que los acompa\u00f1a en los recorridos por las colonias.<\/p>\n","protected":false},"excerpt":{"rendered":"<p>*Exhorta PAN A No Echar En Saco Roto El Apoyo Que Les Brinda El Gobierno Y Las Autoridades Electorales En&hellip;<\/p>\n","protected":false},"author":1,"featured_media":50446,"comment_status":"open","ping_status":"open","sticky":false,"template":"","format":"standard","meta":{"footnotes":""},"categories":[3],"tags":[],"class_list":["post-50445","post","type-post","status-publish","format-standard","has-post-thumbnail","hentry","category-tampico"],"yoast_head":"<!-- This site is optimized with the Yoast SEO plugin v27.5 - https:\/\/yoast.com\/product\/yoast-seo-wordpress\/ -->\n<title>CANDIDATOS DEL SUR NO DEBEN DESCUIDAR SEGURIDAD PERSONAL - EL INFORMATIVO DE TAMAULIPAS<\/title>\n<meta name=\"description\" content=\"*Exhorta PAN A No Echar En Saco Roto El Apoyo Que Les Brinda El Gobierno Y Las Autoridades Electorales En El Tema &nbsp; &nbsp; Los candidatos del PAN-PRI\" \/>\n<meta name=\"robots\" content=\"index, follow, max-snippet:-1, max-image-preview:large, max-video-preview:-1\" \/>\n<link rel=\"canonical\" href=\"https:\/\/elinformativotam.com\/index.php\/2024\/04\/26\/candidatos-del-sur-no-deben-descuidar-seguridad-personal\/\" \/>\n<meta property=\"og:locale\" content=\"es_MX\" \/>\n<meta property=\"og:type\" content=\"article\" \/>\n<meta property=\"og:title\" content=\"CANDIDATOS DEL SUR NO DEBEN DESCUIDAR SEGURIDAD PERSONAL - EL INFORMATIVO DE TAMAULIPAS\" \/>\n<meta property=\"og:description\" content=\"*Exhorta PAN A No Echar En Saco Roto El Apoyo Que Les Brinda El Gobierno Y Las Autoridades Electorales En El Tema &nbsp; &nbsp; Los candidatos del PAN-PRI\" \/>\n<meta property=\"og:url\" content=\"https:\/\/elinformativotam.com\/index.php\/2024\/04\/26\/candidatos-del-sur-no-deben-descuidar-seguridad-personal\/\" \/>\n<meta property=\"og:site_name\" content=\"EL INFORMATIVO DE TAMAULIPAS\" \/>\n<meta property=\"article:published_time\" content=\"2024-04-26T19:58:21+00:00\" \/>\n<meta property=\"og:image\" content=\"https:\/\/elinformativotam.com\/wp-content\/uploads\/2024\/04\/Castaneda.jpeg\" \/>\n\t<meta property=\"og:image:width\" content=\"1600\" \/>\n\t<meta property=\"og:image:height\" content=\"1204\" \/>\n\t<meta property=\"og:image:type\" content=\"image\/jpeg\" \/>\n<meta name=\"author\" content=\"El Informativo Tam\" \/>\n<meta name=\"twitter:card\" content=\"summary_large_image\" \/>\n<meta name=\"twitter:label1\" content=\"Escrito por\" \/>\n\t<meta name=\"twitter:data1\" content=\"El Informativo Tam\" \/>\n\t<meta name=\"twitter:label2\" content=\"Tiempo de lectura\" \/>\n\t<meta name=\"twitter:data2\" content=\"2 minutos\" \/>\n<script type=\"application\/ld+json\" class=\"yoast-schema-graph\">{\"@context\":\"https:\\\/\\\/schema.org\",\"@graph\":[{\"@type\":\"Article\",\"@id\":\"https:\\\/\\\/elinformativotam.com\\\/index.php\\\/2024\\\/04\\\/26\\\/candidatos-del-sur-no-deben-descuidar-seguridad-personal\\\/#article\",\"isPartOf\":{\"@id\":\"https:\\\/\\\/elinformativotam.com\\\/index.php\\\/2024\\\/04\\\/26\\\/candidatos-del-sur-no-deben-descuidar-seguridad-personal\\\/\"},\"author\":{\"name\":\"El Informativo Tam\",\"@id\":\"https:\\\/\\\/elinformativotam.com\\\/#\\\/schema\\\/person\\\/78e08040eed0f6110f0c5f83b6153590\"},\"headline\":\"CANDIDATOS DEL SUR NO DEBEN DESCUIDAR SEGURIDAD PERSONAL\",\"datePublished\":\"2024-04-26T19:58:21+00:00\",\"mainEntityOfPage\":{\"@id\":\"https:\\\/\\\/elinformativotam.com\\\/index.php\\\/2024\\\/04\\\/26\\\/candidatos-del-sur-no-deben-descuidar-seguridad-personal\\\/\"},\"wordCount\":299,\"commentCount\":0,\"publisher\":{\"@id\":\"https:\\\/\\\/elinformativotam.com\\\/#organization\"},\"image\":{\"@id\":\"https:\\\/\\\/elinformativotam.com\\\/index.php\\\/2024\\\/04\\\/26\\\/candidatos-del-sur-no-deben-descuidar-seguridad-personal\\\/#primaryimage\"},\"thumbnailUrl\":\"https:\\\/\\\/elinformativotam.com\\\/wp-content\\\/uploads\\\/2024\\\/04\\\/Castaneda.jpeg\",\"articleSection\":[\"Tampico\"],\"inLanguage\":\"es\",\"potentialAction\":[{\"@type\":\"CommentAction\",\"name\":\"Comment\",\"target\":[\"https:\\\/\\\/elinformativotam.com\\\/index.php\\\/2024\\\/04\\\/26\\\/candidatos-del-sur-no-deben-descuidar-seguridad-personal\\\/#respond\"]}]},{\"@type\":\"WebPage\",\"@id\":\"https:\\\/\\\/elinformativotam.com\\\/index.php\\\/2024\\\/04\\\/26\\\/candidatos-del-sur-no-deben-descuidar-seguridad-personal\\\/\",\"url\":\"https:\\\/\\\/elinformativotam.com\\\/index.php\\\/2024\\\/04\\\/26\\\/candidatos-del-sur-no-deben-descuidar-seguridad-personal\\\/\",\"name\":\"CANDIDATOS DEL SUR NO DEBEN DESCUIDAR SEGURIDAD PERSONAL - EL INFORMATIVO DE TAMAULIPAS\",\"isPartOf\":{\"@id\":\"https:\\\/\\\/elinformativotam.com\\\/#website\"},\"primaryImageOfPage\":{\"@id\":\"https:\\\/\\\/elinformativotam.com\\\/index.php\\\/2024\\\/04\\\/26\\\/candidatos-del-sur-no-deben-descuidar-seguridad-personal\\\/#primaryimage\"},\"image\":{\"@id\":\"https:\\\/\\\/elinformativotam.com\\\/index.php\\\/2024\\\/04\\\/26\\\/candidatos-del-sur-no-deben-descuidar-seguridad-personal\\\/#primaryimage\"},\"thumbnailUrl\":\"https:\\\/\\\/elinformativotam.com\\\/wp-content\\\/uploads\\\/2024\\\/04\\\/Castaneda.jpeg\",\"datePublished\":\"2024-04-26T19:58:21+00:00\",\"description\":\"*Exhorta PAN A No Echar En Saco Roto El Apoyo Que Les Brinda El Gobierno Y Las Autoridades Electorales En El Tema &nbsp; &nbsp; Los candidatos del PAN-PRI\",\"inLanguage\":\"es\",\"potentialAction\":[{\"@type\":\"ReadAction\",\"target\":[\"https:\\\/\\\/elinformativotam.com\\\/index.php\\\/2024\\\/04\\\/26\\\/candidatos-del-sur-no-deben-descuidar-seguridad-personal\\\/\"]}]},{\"@type\":\"ImageObject\",\"inLanguage\":\"es\",\"@id\":\"https:\\\/\\\/elinformativotam.com\\\/index.php\\\/2024\\\/04\\\/26\\\/candidatos-del-sur-no-deben-descuidar-seguridad-personal\\\/#primaryimage\",\"url\":\"https:\\\/\\\/elinformativotam.com\\\/wp-content\\\/uploads\\\/2024\\\/04\\\/Castaneda.jpeg\",\"contentUrl\":\"https:\\\/\\\/elinformativotam.com\\\/wp-content\\\/uploads\\\/2024\\\/04\\\/Castaneda.jpeg\",\"width\":1600,\"height\":1204},{\"@type\":\"WebSite\",\"@id\":\"https:\\\/\\\/elinformativotam.com\\\/#website\",\"url\":\"https:\\\/\\\/elinformativotam.com\\\/\",\"name\":\"EL INFORMATIVO DE TAMAULIPAS\",\"description\":\"Desde la Zona Metropolitana Para Todo M\u00e9xico\",\"publisher\":{\"@id\":\"https:\\\/\\\/elinformativotam.com\\\/#organization\"},\"potentialAction\":[{\"@type\":\"SearchAction\",\"target\":{\"@type\":\"EntryPoint\",\"urlTemplate\":\"https:\\\/\\\/elinformativotam.com\\\/?s={search_term_string}\"},\"query-input\":{\"@type\":\"PropertyValueSpecification\",\"valueRequired\":true,\"valueName\":\"search_term_string\"}}],\"inLanguage\":\"es\"},{\"@type\":\"Organization\",\"@id\":\"https:\\\/\\\/elinformativotam.com\\\/#organization\",\"name\":\"EL INFORMATIVO DE TAMAULIPAS\",\"url\":\"https:\\\/\\\/elinformativotam.com\\\/\",\"logo\":{\"@type\":\"ImageObject\",\"inLanguage\":\"es\",\"@id\":\"https:\\\/\\\/elinformativotam.com\\\/#\\\/schema\\\/logo\\\/image\\\/\",\"url\":\"https:\\\/\\\/elinformativotam.com\\\/wp-content\\\/uploads\\\/2026\\\/02\\\/Cabezal.png\",\"contentUrl\":\"https:\\\/\\\/elinformativotam.com\\\/wp-content\\\/uploads\\\/2026\\\/02\\\/Cabezal.png\",\"width\":960,\"height\":640,\"caption\":\"EL INFORMATIVO DE TAMAULIPAS\"},\"image\":{\"@id\":\"https:\\\/\\\/elinformativotam.com\\\/#\\\/schema\\\/logo\\\/image\\\/\"}},{\"@type\":\"Person\",\"@id\":\"https:\\\/\\\/elinformativotam.com\\\/#\\\/schema\\\/person\\\/78e08040eed0f6110f0c5f83b6153590\",\"name\":\"El Informativo Tam\",\"image\":{\"@type\":\"ImageObject\",\"inLanguage\":\"es\",\"@id\":\"https:\\\/\\\/secure.gravatar.com\\\/avatar\\\/f3b7ad3af540688955925ac610647be00b0cf41feea9c4978b73a707ee86bc53?s=96&d=mm&r=g\",\"url\":\"https:\\\/\\\/secure.gravatar.com\\\/avatar\\\/f3b7ad3af540688955925ac610647be00b0cf41feea9c4978b73a707ee86bc53?s=96&d=mm&r=g\",\"contentUrl\":\"https:\\\/\\\/secure.gravatar.com\\\/avatar\\\/f3b7ad3af540688955925ac610647be00b0cf41feea9c4978b73a707ee86bc53?s=96&d=mm&r=g\",\"caption\":\"El Informativo Tam\"}}]}<\/script>\n<!-- \/ Yoast SEO plugin. -->","yoast_head_json":{"title":"CANDIDATOS DEL SUR NO DEBEN DESCUIDAR SEGURIDAD PERSONAL - EL INFORMATIVO DE TAMAULIPAS","description":"*Exhorta PAN A No Echar En Saco Roto El Apoyo Que Les Brinda El Gobierno Y Las Autoridades Electorales En El Tema &nbsp; &nbsp; Los candidatos del PAN-PRI","robots":{"index":"index","follow":"follow","max-snippet":"max-snippet:-1","max-image-preview":"max-image-preview:large","max-video-preview":"max-video-preview:-1"},"canonical":"https:\/\/elinformativotam.com\/index.php\/2024\/04\/26\/candidatos-del-sur-no-deben-descuidar-seguridad-personal\/","og_locale":"es_MX","og_type":"article","og_title":"CANDIDATOS DEL SUR NO DEBEN DESCUIDAR SEGURIDAD PERSONAL - EL INFORMATIVO DE TAMAULIPAS","og_description":"*Exhorta PAN A No Echar En Saco Roto El Apoyo Que Les Brinda El Gobierno Y Las Autoridades Electorales En El Tema &nbsp; &nbsp; Los candidatos del PAN-PRI","og_url":"https:\/\/elinformativotam.com\/index.php\/2024\/04\/26\/candidatos-del-sur-no-deben-descuidar-seguridad-personal\/","og_site_name":"EL INFORMATIVO DE TAMAULIPAS","article_published_time":"2024-04-26T19:58:21+00:00","og_image":[{"width":1600,"height":1204,"url":"https:\/\/elinformativotam.com\/wp-content\/uploads\/2024\/04\/Castaneda.jpeg","type":"image\/jpeg"}],"author":"El Informativo Tam","twitter_card":"summary_large_image","twitter_misc":{"Escrito por":"El Informativo Tam","Tiempo de lectura":"2 minutos"},"schema":{"@context":"https:\/\/schema.org","@graph":[{"@type":"Article","@id":"https:\/\/elinformativotam.com\/index.php\/2024\/04\/26\/candidatos-del-sur-no-deben-descuidar-seguridad-personal\/#article","isPartOf":{"@id":"https:\/\/elinformativotam.com\/index.php\/2024\/04\/26\/candidatos-del-sur-no-deben-descuidar-seguridad-personal\/"},"author":{"name":"El Informativo Tam","@id":"https:\/\/elinformativotam.com\/#\/schema\/person\/78e08040eed0f6110f0c5f83b6153590"},"headline":"CANDIDATOS DEL SUR NO DEBEN DESCUIDAR SEGURIDAD PERSONAL","datePublished":"2024-04-26T19:58:21+00:00","mainEntityOfPage":{"@id":"https:\/\/elinformativotam.com\/index.php\/2024\/04\/26\/candidatos-del-sur-no-deben-descuidar-seguridad-personal\/"},"wordCount":299,"commentCount":0,"publisher":{"@id":"https:\/\/elinformativotam.com\/#organization"},"image":{"@id":"https:\/\/elinformativotam.com\/index.php\/2024\/04\/26\/candidatos-del-sur-no-deben-descuidar-seguridad-personal\/#primaryimage"},"thumbnailUrl":"https:\/\/elinformativotam.com\/wp-content\/uploads\/2024\/04\/Castaneda.jpeg","articleSection":["Tampico"],"inLanguage":"es","potentialAction":[{"@type":"CommentAction","name":"Comment","target":["https:\/\/elinformativotam.com\/index.php\/2024\/04\/26\/candidatos-del-sur-no-deben-descuidar-seguridad-personal\/#respond"]}]},{"@type":"WebPage","@id":"https:\/\/elinformativotam.com\/index.php\/2024\/04\/26\/candidatos-del-sur-no-deben-descuidar-seguridad-personal\/","url":"https:\/\/elinformativotam.com\/index.php\/2024\/04\/26\/candidatos-del-sur-no-deben-descuidar-seguridad-personal\/","name":"CANDIDATOS DEL SUR NO DEBEN DESCUIDAR SEGURIDAD PERSONAL - EL INFORMATIVO DE TAMAULIPAS","isPartOf":{"@id":"https:\/\/elinformativotam.com\/#website"},"primaryImageOfPage":{"@id":"https:\/\/elinformativotam.com\/index.php\/2024\/04\/26\/candidatos-del-sur-no-deben-descuidar-seguridad-personal\/#primaryimage"},"image":{"@id":"https:\/\/elinformativotam.com\/index.php\/2024\/04\/26\/candidatos-del-sur-no-deben-descuidar-seguridad-personal\/#primaryimage"},"thumbnailUrl":"https:\/\/elinformativotam.com\/wp-content\/uploads\/2024\/04\/Castaneda.jpeg","datePublished":"2024-04-26T19:58:21+00:00","description":"*Exhorta PAN A No Echar En Saco Roto El Apoyo Que Les Brinda El Gobierno Y Las Autoridades Electorales En El Tema &nbsp; &nbsp; Los candidatos del PAN-PRI","inLanguage":"es","potentialAction":[{"@type":"ReadAction","target":["https:\/\/elinformativotam.com\/index.php\/2024\/04\/26\/candidatos-del-sur-no-deben-descuidar-seguridad-personal\/"]}]},{"@type":"ImageObject","inLanguage":"es","@id":"https:\/\/elinformativotam.com\/index.php\/2024\/04\/26\/candidatos-del-sur-no-deben-descuidar-seguridad-personal\/#primaryimage","url":"https:\/\/elinformativotam.com\/wp-content\/uploads\/2024\/04\/Castaneda.jpeg","contentUrl":"https:\/\/elinformativotam.com\/wp-content\/uploads\/2024\/04\/Castaneda.jpeg","width":1600,"height":1204},{"@type":"WebSite","@id":"https:\/\/elinformativotam.com\/#website","url":"https:\/\/elinformativotam.com\/","name":"EL INFORMATIVO DE TAMAULIPAS","description":"Desde la Zona Metropolitana Para Todo M\u00e9xico","publisher":{"@id":"https:\/\/elinformativotam.com\/#organization"},"potentialAction":[{"@type":"SearchAction","target":{"@type":"EntryPoint","urlTemplate":"https:\/\/elinformativotam.com\/?s={search_term_string}"},"query-input":{"@type":"PropertyValueSpecification","valueRequired":true,"valueName":"search_term_string"}}],"inLanguage":"es"},{"@type":"Organization","@id":"https:\/\/elinformativotam.com\/#organization","name":"EL INFORMATIVO DE TAMAULIPAS","url":"https:\/\/elinformativotam.com\/","logo":{"@type":"ImageObject","inLanguage":"es","@id":"https:\/\/elinformativotam.com\/#\/schema\/logo\/image\/","url":"https:\/\/elinformativotam.com\/wp-content\/uploads\/2026\/02\/Cabezal.png","contentUrl":"https:\/\/elinformativotam.com\/wp-content\/uploads\/2026\/02\/Cabezal.png","width":960,"height":640,"caption":"EL INFORMATIVO DE TAMAULIPAS"},"image":{"@id":"https:\/\/elinformativotam.com\/#\/schema\/logo\/image\/"}},{"@type":"Person","@id":"https:\/\/elinformativotam.com\/#\/schema\/person\/78e08040eed0f6110f0c5f83b6153590","name":"El Informativo Tam","image":{"@type":"ImageObject","inLanguage":"es","@id":"https:\/\/secure.gravatar.com\/avatar\/f3b7ad3af540688955925ac610647be00b0cf41feea9c4978b73a707ee86bc53?s=96&d=mm&r=g","url":"https:\/\/secure.gravatar.com\/avatar\/f3b7ad3af540688955925ac610647be00b0cf41feea9c4978b73a707ee86bc53?s=96&d=mm&r=g","contentUrl":"https:\/\/secure.gravatar.com\/avatar\/f3b7ad3af540688955925ac610647be00b0cf41feea9c4978b73a707ee86bc53?s=96&d=mm&r=g","caption":"El Informativo Tam"}}]}},"_links":{"self":[{"href":"https:\/\/elinformativotam.com\/index.php\/wp-json\/wp\/v2\/posts\/50445","targetHints":{"allow":["GET"]}}],"collection":[{"href":"https:\/\/elinformativotam.com\/index.php\/wp-json\/wp\/v2\/posts"}],"about":[{"href":"https:\/\/elinformativotam.com\/index.php\/wp-json\/wp\/v2\/types\/post"}],"author":[{"embeddable":true,"href":"https:\/\/elinformativotam.com\/index.php\/wp-json\/wp\/v2\/users\/1"}],"replies":[{"embeddable":true,"href":"https:\/\/elinformativotam.com\/index.php\/wp-json\/wp\/v2\/comments?post=50445"}],"version-history":[{"count":1,"href":"https:\/\/elinformativotam.com\/index.php\/wp-json\/wp\/v2\/posts\/50445\/revisions"}],"predecessor-version":[{"id":50447,"href":"https:\/\/elinformativotam.com\/index.php\/wp-json\/wp\/v2\/posts\/50445\/revisions\/50447"}],"wp:featuredmedia":[{"embeddable":true,"href":"https:\/\/elinformativotam.com\/index.php\/wp-json\/wp\/v2\/media\/50446"}],"wp:attachment":[{"href":"https:\/\/elinformativotam.com\/index.php\/wp-json\/wp\/v2\/media?parent=50445"}],"wp:term":[{"taxonomy":"category","embeddable":true,"href":"https:\/\/elinformativotam.com\/index.php\/wp-json\/wp\/v2\/categories?post=50445"},{"taxonomy":"post_tag","embeddable":true,"href":"https:\/\/elinformativotam.com\/index.php\/wp-json\/wp\/v2\/tags?post=50445"}],"curies":[{"name":"wp","href":"https:\/\/api.w.org\/{rel}","templated":true}]}}