{"id":5044,"date":"2020-04-19T14:12:37","date_gmt":"2020-04-19T20:12:37","guid":{"rendered":"http:\/\/elinformativotam.com\/?p=5044"},"modified":"2020-04-19T14:12:37","modified_gmt":"2020-04-19T20:12:37","slug":"imparten-activacion-fisica-a-abuelitos-maderenses-a-distancia","status":"publish","type":"post","link":"https:\/\/elinformativotam.com\/index.php\/2020\/04\/19\/imparten-activacion-fisica-a-abuelitos-maderenses-a-distancia\/","title":{"rendered":"IMPARTEN ACTIVACI\u00d3N F\u00cdSICA A ABUELITOS MADERENSES A DISTANCIA"},"content":{"rendered":"<p>Debido a la contingencia sanitaria generada por el Covid-19, el Gobierno de Ciudad Madero, encabezado por el alcalde Adri\u00e1n Oseguera Kernion, trabaja en la implementaci\u00f3n de actividades a distancia, dirigidas principalmente a personas de la tercera edad: uno de los sectores m\u00e1s vulnerables ante esta situaci\u00f3n de salud.<\/p>\n<p>&nbsp;<\/p>\n<p>En ese sentido, la Direcci\u00f3n de Atenci\u00f3n al Adulto Mayor inici\u00f3 con clases de gimnasia cerebral, las cuales se difunden a trav\u00e9s de videos que son enviados a cada uno de los grupos deportivos y clubes de las colonias, para que los abuelitos los realicen en casa de manera individual.<\/p>\n<p>&nbsp;<\/p>\n<p>La titular de la citada dependencia municipal, Alejandra Calder\u00f3n \u00c1valos, sostuvo que el prop\u00f3sito de estas acciones es mantenerlos activos y buscar actividades que permitan aligerar los efectos negativos que pueda provocar en ellos el confinamiento.<\/p>\n<p>&nbsp;<\/p>\n<p>\u201cLa idea es que no lleguen al sedentarismo, seguir fortaleciendo su organismo, que no bajen sus defensas, evitar riesgos de hipertensi\u00f3n, cardiopat\u00edas cr\u00f3nicas, accidentes cardiovasculares, adem\u00e1s de que queremos mantenerlos tranquilos, porque algunos de ellos tienen mucho temor ante lo que estamos viviendo\u201d, expres\u00f3 Calder\u00f3n \u00c1valos.<\/p>\n<p>&nbsp;<\/p>\n<p>Las clases son impartidas por el profesor Juan Gayt\u00e1n C\u00f3rdova y se\u00f1al\u00f3 que tambi\u00e9n se env\u00edan videos de terapias dirigidas por el psic\u00f3logo Gonzalo De los Santos, as\u00ed como recomendaciones sanitarias y de nutrici\u00f3n.<\/p>\n<p>&nbsp;<\/p>\n<p>Los grupos que participan en estas ejercitaciones a distancia son conformados por adultos mayores de diferentes grupos disciplinarios como Tai Ch\u00ed, acuaerobics, cachibol, gimnasia cerebral, zumba y yoga, as\u00ed como los abuelitos de los clubes en las colonias 15 de Mayo, Ampliaci\u00f3n 15 de Mayo, 16 de Septiembre, Francisco Villa, Ampliaci\u00f3n Las Flores, Emiliano Zapata y Quetzalc\u00f3atl.<\/p>\n","protected":false},"excerpt":{"rendered":"<p>Debido a la contingencia sanitaria generada por el Covid-19, el Gobierno de Ciudad Madero, encabezado por el alcalde Adri\u00e1n Oseguera&hellip;<\/p>\n","protected":false},"author":1,"featured_media":0,"comment_status":"open","ping_status":"open","sticky":false,"template":"","format":"standard","meta":{"footnotes":""},"categories":[4],"tags":[],"class_list":["post-5044","post","type-post","status-publish","format-standard","hentry","category-madero"],"yoast_head":"<!-- This site is optimized with the Yoast SEO plugin v27.5 - https:\/\/yoast.com\/product\/yoast-seo-wordpress\/ -->\n<title>IMPARTEN ACTIVACI\u00d3N F\u00cdSICA A ABUELITOS MADERENSES A DISTANCIA - EL INFORMATIVO DE TAMAULIPAS<\/title>\n<meta name=\"description\" content=\"Debido a la contingencia sanitaria generada por el Covid-19, el Gobierno de Ciudad Madero, encabezado por el alcalde Adri\u00e1n Oseguera Kernion, trabaja en\" \/>\n<meta name=\"robots\" content=\"index, follow, max-snippet:-1, max-image-preview:large, max-video-preview:-1\" \/>\n<link rel=\"canonical\" href=\"https:\/\/elinformativotam.com\/index.php\/2020\/04\/19\/imparten-activacion-fisica-a-abuelitos-maderenses-a-distancia\/\" \/>\n<meta property=\"og:locale\" content=\"es_MX\" \/>\n<meta property=\"og:type\" content=\"article\" \/>\n<meta property=\"og:title\" content=\"IMPARTEN ACTIVACI\u00d3N F\u00cdSICA A ABUELITOS MADERENSES A DISTANCIA - EL INFORMATIVO DE TAMAULIPAS\" \/>\n<meta property=\"og:description\" content=\"Debido a la contingencia sanitaria generada por el Covid-19, el Gobierno de Ciudad Madero, encabezado por el alcalde Adri\u00e1n Oseguera Kernion, trabaja en\" \/>\n<meta property=\"og:url\" content=\"https:\/\/elinformativotam.com\/index.php\/2020\/04\/19\/imparten-activacion-fisica-a-abuelitos-maderenses-a-distancia\/\" \/>\n<meta property=\"og:site_name\" content=\"EL INFORMATIVO DE TAMAULIPAS\" \/>\n<meta property=\"article:published_time\" content=\"2020-04-19T20:12:37+00:00\" \/>\n<meta name=\"author\" content=\"El Informativo Tam\" \/>\n<meta name=\"twitter:card\" content=\"summary_large_image\" \/>\n<meta name=\"twitter:label1\" content=\"Escrito por\" \/>\n\t<meta name=\"twitter:data1\" content=\"El Informativo Tam\" \/>\n\t<meta name=\"twitter:label2\" content=\"Tiempo de lectura\" \/>\n\t<meta name=\"twitter:data2\" content=\"1 minuto\" \/>\n<script type=\"application\/ld+json\" class=\"yoast-schema-graph\">{\"@context\":\"https:\\\/\\\/schema.org\",\"@graph\":[{\"@type\":\"Article\",\"@id\":\"https:\\\/\\\/elinformativotam.com\\\/index.php\\\/2020\\\/04\\\/19\\\/imparten-activacion-fisica-a-abuelitos-maderenses-a-distancia\\\/#article\",\"isPartOf\":{\"@id\":\"https:\\\/\\\/elinformativotam.com\\\/index.php\\\/2020\\\/04\\\/19\\\/imparten-activacion-fisica-a-abuelitos-maderenses-a-distancia\\\/\"},\"author\":{\"name\":\"El Informativo Tam\",\"@id\":\"https:\\\/\\\/elinformativotam.com\\\/#\\\/schema\\\/person\\\/78e08040eed0f6110f0c5f83b6153590\"},\"headline\":\"IMPARTEN ACTIVACI\u00d3N F\u00cdSICA A ABUELITOS MADERENSES A DISTANCIA\",\"datePublished\":\"2020-04-19T20:12:37+00:00\",\"mainEntityOfPage\":{\"@id\":\"https:\\\/\\\/elinformativotam.com\\\/index.php\\\/2020\\\/04\\\/19\\\/imparten-activacion-fisica-a-abuelitos-maderenses-a-distancia\\\/\"},\"wordCount\":307,\"commentCount\":0,\"publisher\":{\"@id\":\"https:\\\/\\\/elinformativotam.com\\\/#organization\"},\"articleSection\":[\"Cd Madero\"],\"inLanguage\":\"es\",\"potentialAction\":[{\"@type\":\"CommentAction\",\"name\":\"Comment\",\"target\":[\"https:\\\/\\\/elinformativotam.com\\\/index.php\\\/2020\\\/04\\\/19\\\/imparten-activacion-fisica-a-abuelitos-maderenses-a-distancia\\\/#respond\"]}]},{\"@type\":\"WebPage\",\"@id\":\"https:\\\/\\\/elinformativotam.com\\\/index.php\\\/2020\\\/04\\\/19\\\/imparten-activacion-fisica-a-abuelitos-maderenses-a-distancia\\\/\",\"url\":\"https:\\\/\\\/elinformativotam.com\\\/index.php\\\/2020\\\/04\\\/19\\\/imparten-activacion-fisica-a-abuelitos-maderenses-a-distancia\\\/\",\"name\":\"IMPARTEN ACTIVACI\u00d3N F\u00cdSICA A ABUELITOS MADERENSES A DISTANCIA - EL INFORMATIVO DE TAMAULIPAS\",\"isPartOf\":{\"@id\":\"https:\\\/\\\/elinformativotam.com\\\/#website\"},\"datePublished\":\"2020-04-19T20:12:37+00:00\",\"description\":\"Debido a la contingencia sanitaria generada por el Covid-19, el Gobierno de Ciudad Madero, encabezado por el alcalde Adri\u00e1n Oseguera Kernion, trabaja en\",\"inLanguage\":\"es\",\"potentialAction\":[{\"@type\":\"ReadAction\",\"target\":[\"https:\\\/\\\/elinformativotam.com\\\/index.php\\\/2020\\\/04\\\/19\\\/imparten-activacion-fisica-a-abuelitos-maderenses-a-distancia\\\/\"]}]},{\"@type\":\"WebSite\",\"@id\":\"https:\\\/\\\/elinformativotam.com\\\/#website\",\"url\":\"https:\\\/\\\/elinformativotam.com\\\/\",\"name\":\"EL INFORMATIVO DE TAMAULIPAS\",\"description\":\"Desde la Zona Metropolitana Para Todo M\u00e9xico\",\"publisher\":{\"@id\":\"https:\\\/\\\/elinformativotam.com\\\/#organization\"},\"potentialAction\":[{\"@type\":\"SearchAction\",\"target\":{\"@type\":\"EntryPoint\",\"urlTemplate\":\"https:\\\/\\\/elinformativotam.com\\\/?s={search_term_string}\"},\"query-input\":{\"@type\":\"PropertyValueSpecification\",\"valueRequired\":true,\"valueName\":\"search_term_string\"}}],\"inLanguage\":\"es\"},{\"@type\":\"Organization\",\"@id\":\"https:\\\/\\\/elinformativotam.com\\\/#organization\",\"name\":\"EL INFORMATIVO DE TAMAULIPAS\",\"url\":\"https:\\\/\\\/elinformativotam.com\\\/\",\"logo\":{\"@type\":\"ImageObject\",\"inLanguage\":\"es\",\"@id\":\"https:\\\/\\\/elinformativotam.com\\\/#\\\/schema\\\/logo\\\/image\\\/\",\"url\":\"https:\\\/\\\/elinformativotam.com\\\/wp-content\\\/uploads\\\/2026\\\/02\\\/Cabezal.png\",\"contentUrl\":\"https:\\\/\\\/elinformativotam.com\\\/wp-content\\\/uploads\\\/2026\\\/02\\\/Cabezal.png\",\"width\":960,\"height\":640,\"caption\":\"EL INFORMATIVO DE TAMAULIPAS\"},\"image\":{\"@id\":\"https:\\\/\\\/elinformativotam.com\\\/#\\\/schema\\\/logo\\\/image\\\/\"}},{\"@type\":\"Person\",\"@id\":\"https:\\\/\\\/elinformativotam.com\\\/#\\\/schema\\\/person\\\/78e08040eed0f6110f0c5f83b6153590\",\"name\":\"El Informativo Tam\",\"image\":{\"@type\":\"ImageObject\",\"inLanguage\":\"es\",\"@id\":\"https:\\\/\\\/secure.gravatar.com\\\/avatar\\\/f3b7ad3af540688955925ac610647be00b0cf41feea9c4978b73a707ee86bc53?s=96&d=mm&r=g\",\"url\":\"https:\\\/\\\/secure.gravatar.com\\\/avatar\\\/f3b7ad3af540688955925ac610647be00b0cf41feea9c4978b73a707ee86bc53?s=96&d=mm&r=g\",\"contentUrl\":\"https:\\\/\\\/secure.gravatar.com\\\/avatar\\\/f3b7ad3af540688955925ac610647be00b0cf41feea9c4978b73a707ee86bc53?s=96&d=mm&r=g\",\"caption\":\"El Informativo Tam\"}}]}<\/script>\n<!-- \/ Yoast SEO plugin. -->","yoast_head_json":{"title":"IMPARTEN ACTIVACI\u00d3N F\u00cdSICA A ABUELITOS MADERENSES A DISTANCIA - EL INFORMATIVO DE TAMAULIPAS","description":"Debido a la contingencia sanitaria generada por el Covid-19, el Gobierno de Ciudad Madero, encabezado por el alcalde Adri\u00e1n Oseguera Kernion, trabaja en","robots":{"index":"index","follow":"follow","max-snippet":"max-snippet:-1","max-image-preview":"max-image-preview:large","max-video-preview":"max-video-preview:-1"},"canonical":"https:\/\/elinformativotam.com\/index.php\/2020\/04\/19\/imparten-activacion-fisica-a-abuelitos-maderenses-a-distancia\/","og_locale":"es_MX","og_type":"article","og_title":"IMPARTEN ACTIVACI\u00d3N F\u00cdSICA A ABUELITOS MADERENSES A DISTANCIA - EL INFORMATIVO DE TAMAULIPAS","og_description":"Debido a la contingencia sanitaria generada por el Covid-19, el Gobierno de Ciudad Madero, encabezado por el alcalde Adri\u00e1n Oseguera Kernion, trabaja en","og_url":"https:\/\/elinformativotam.com\/index.php\/2020\/04\/19\/imparten-activacion-fisica-a-abuelitos-maderenses-a-distancia\/","og_site_name":"EL INFORMATIVO DE TAMAULIPAS","article_published_time":"2020-04-19T20:12:37+00:00","author":"El Informativo Tam","twitter_card":"summary_large_image","twitter_misc":{"Escrito por":"El Informativo Tam","Tiempo de lectura":"1 minuto"},"schema":{"@context":"https:\/\/schema.org","@graph":[{"@type":"Article","@id":"https:\/\/elinformativotam.com\/index.php\/2020\/04\/19\/imparten-activacion-fisica-a-abuelitos-maderenses-a-distancia\/#article","isPartOf":{"@id":"https:\/\/elinformativotam.com\/index.php\/2020\/04\/19\/imparten-activacion-fisica-a-abuelitos-maderenses-a-distancia\/"},"author":{"name":"El Informativo Tam","@id":"https:\/\/elinformativotam.com\/#\/schema\/person\/78e08040eed0f6110f0c5f83b6153590"},"headline":"IMPARTEN ACTIVACI\u00d3N F\u00cdSICA A ABUELITOS MADERENSES A DISTANCIA","datePublished":"2020-04-19T20:12:37+00:00","mainEntityOfPage":{"@id":"https:\/\/elinformativotam.com\/index.php\/2020\/04\/19\/imparten-activacion-fisica-a-abuelitos-maderenses-a-distancia\/"},"wordCount":307,"commentCount":0,"publisher":{"@id":"https:\/\/elinformativotam.com\/#organization"},"articleSection":["Cd Madero"],"inLanguage":"es","potentialAction":[{"@type":"CommentAction","name":"Comment","target":["https:\/\/elinformativotam.com\/index.php\/2020\/04\/19\/imparten-activacion-fisica-a-abuelitos-maderenses-a-distancia\/#respond"]}]},{"@type":"WebPage","@id":"https:\/\/elinformativotam.com\/index.php\/2020\/04\/19\/imparten-activacion-fisica-a-abuelitos-maderenses-a-distancia\/","url":"https:\/\/elinformativotam.com\/index.php\/2020\/04\/19\/imparten-activacion-fisica-a-abuelitos-maderenses-a-distancia\/","name":"IMPARTEN ACTIVACI\u00d3N F\u00cdSICA A ABUELITOS MADERENSES A DISTANCIA - EL INFORMATIVO DE TAMAULIPAS","isPartOf":{"@id":"https:\/\/elinformativotam.com\/#website"},"datePublished":"2020-04-19T20:12:37+00:00","description":"Debido a la contingencia sanitaria generada por el Covid-19, el Gobierno de Ciudad Madero, encabezado por el alcalde Adri\u00e1n Oseguera Kernion, trabaja en","inLanguage":"es","potentialAction":[{"@type":"ReadAction","target":["https:\/\/elinformativotam.com\/index.php\/2020\/04\/19\/imparten-activacion-fisica-a-abuelitos-maderenses-a-distancia\/"]}]},{"@type":"WebSite","@id":"https:\/\/elinformativotam.com\/#website","url":"https:\/\/elinformativotam.com\/","name":"EL INFORMATIVO DE TAMAULIPAS","description":"Desde la Zona Metropolitana Para Todo M\u00e9xico","publisher":{"@id":"https:\/\/elinformativotam.com\/#organization"},"potentialAction":[{"@type":"SearchAction","target":{"@type":"EntryPoint","urlTemplate":"https:\/\/elinformativotam.com\/?s={search_term_string}"},"query-input":{"@type":"PropertyValueSpecification","valueRequired":true,"valueName":"search_term_string"}}],"inLanguage":"es"},{"@type":"Organization","@id":"https:\/\/elinformativotam.com\/#organization","name":"EL INFORMATIVO DE TAMAULIPAS","url":"https:\/\/elinformativotam.com\/","logo":{"@type":"ImageObject","inLanguage":"es","@id":"https:\/\/elinformativotam.com\/#\/schema\/logo\/image\/","url":"https:\/\/elinformativotam.com\/wp-content\/uploads\/2026\/02\/Cabezal.png","contentUrl":"https:\/\/elinformativotam.com\/wp-content\/uploads\/2026\/02\/Cabezal.png","width":960,"height":640,"caption":"EL INFORMATIVO DE TAMAULIPAS"},"image":{"@id":"https:\/\/elinformativotam.com\/#\/schema\/logo\/image\/"}},{"@type":"Person","@id":"https:\/\/elinformativotam.com\/#\/schema\/person\/78e08040eed0f6110f0c5f83b6153590","name":"El Informativo Tam","image":{"@type":"ImageObject","inLanguage":"es","@id":"https:\/\/secure.gravatar.com\/avatar\/f3b7ad3af540688955925ac610647be00b0cf41feea9c4978b73a707ee86bc53?s=96&d=mm&r=g","url":"https:\/\/secure.gravatar.com\/avatar\/f3b7ad3af540688955925ac610647be00b0cf41feea9c4978b73a707ee86bc53?s=96&d=mm&r=g","contentUrl":"https:\/\/secure.gravatar.com\/avatar\/f3b7ad3af540688955925ac610647be00b0cf41feea9c4978b73a707ee86bc53?s=96&d=mm&r=g","caption":"El Informativo Tam"}}]}},"_links":{"self":[{"href":"https:\/\/elinformativotam.com\/index.php\/wp-json\/wp\/v2\/posts\/5044","targetHints":{"allow":["GET"]}}],"collection":[{"href":"https:\/\/elinformativotam.com\/index.php\/wp-json\/wp\/v2\/posts"}],"about":[{"href":"https:\/\/elinformativotam.com\/index.php\/wp-json\/wp\/v2\/types\/post"}],"author":[{"embeddable":true,"href":"https:\/\/elinformativotam.com\/index.php\/wp-json\/wp\/v2\/users\/1"}],"replies":[{"embeddable":true,"href":"https:\/\/elinformativotam.com\/index.php\/wp-json\/wp\/v2\/comments?post=5044"}],"version-history":[{"count":0,"href":"https:\/\/elinformativotam.com\/index.php\/wp-json\/wp\/v2\/posts\/5044\/revisions"}],"wp:attachment":[{"href":"https:\/\/elinformativotam.com\/index.php\/wp-json\/wp\/v2\/media?parent=5044"}],"wp:term":[{"taxonomy":"category","embeddable":true,"href":"https:\/\/elinformativotam.com\/index.php\/wp-json\/wp\/v2\/categories?post=5044"},{"taxonomy":"post_tag","embeddable":true,"href":"https:\/\/elinformativotam.com\/index.php\/wp-json\/wp\/v2\/tags?post=5044"}],"curies":[{"name":"wp","href":"https:\/\/api.w.org\/{rel}","templated":true}]}}