{"id":50439,"date":"2024-04-26T13:52:55","date_gmt":"2024-04-26T19:52:55","guid":{"rendered":"https:\/\/elinformativotam.com\/?p=50439"},"modified":"2024-04-26T13:52:55","modified_gmt":"2024-04-26T19:52:55","slug":"aprueba-cabildo-baja-de-cerca-de-100-bienes-patrimoniales","status":"publish","type":"post","link":"https:\/\/elinformativotam.com\/index.php\/2024\/04\/26\/aprueba-cabildo-baja-de-cerca-de-100-bienes-patrimoniales\/","title":{"rendered":"APRUEBA CABILDO BAJA DE CERCA DE 100 BIENES PATRIMONIALES."},"content":{"rendered":"<p>Cd. Madero, Tamaulipas.- Durante la sesi\u00f3n del cabildo en Ciudad Madero, se aprob\u00f3 por unanimidad dar de baja m\u00e1s de 90 bienes propiedad del municipio, algunos de los cuales fueron catalogados de inservibles.<\/p>\n<p>&nbsp;<\/p>\n<p>El secretario del ayuntamiento en Madero, Juan Antonio Ortega Ju\u00e1rez,\u00a0 dijo que son entre equipo de computo, radiocomunicaci\u00f3n, herramienta, equipo de oficina, entre otros m\u00e1s los que se pretende dar de baja y los cuales se encuentran en una bodega.<\/p>\n<p>&nbsp;<\/p>\n<p>Por su parte, el alcalde en funciones, Carlo Alberto Gonz\u00e1lez Portes, dijo que se aprob\u00f3 por el cabildo , construir en la explanada del ayuntamiento, una r\u00e9plica del reloj que anteriormente exist\u00eda en este lugar, esto en el marco de la celebraci\u00f3n de los 100 a\u00f1os de fundaci\u00f3n de Ciudad Madero.<\/p>\n<p>&nbsp;<\/p>\n<p>Indic\u00f3 que esta r\u00e9plica ser\u00e1 al 50 por ciento de su tama\u00f1o original, para que sea una conmemoraci\u00f3n a lo que exist\u00eda en los inicios de Ciudad Madero, adem\u00e1s que ser\u00e1 en este punto donde se colocar\u00e1 una c\u00e1psula del tiempo, la cual se abrir\u00e1 en una fecha a\u00fan no determinada.<\/p>\n","protected":false},"excerpt":{"rendered":"<p>Cd. Madero, Tamaulipas.- Durante la sesi\u00f3n del cabildo en Ciudad Madero, se aprob\u00f3 por unanimidad dar de baja m\u00e1s de&hellip;<\/p>\n","protected":false},"author":1,"featured_media":50440,"comment_status":"open","ping_status":"open","sticky":false,"template":"","format":"standard","meta":{"footnotes":""},"categories":[4],"tags":[],"class_list":["post-50439","post","type-post","status-publish","format-standard","has-post-thumbnail","hentry","category-madero"],"yoast_head":"<!-- This site is optimized with the Yoast SEO plugin v27.5 - https:\/\/yoast.com\/product\/yoast-seo-wordpress\/ -->\n<title>APRUEBA CABILDO BAJA DE CERCA DE 100 BIENES PATRIMONIALES. - EL INFORMATIVO DE TAMAULIPAS<\/title>\n<meta name=\"description\" content=\"Cd. Madero, Tamaulipas.- Durante la sesi\u00f3n del cabildo en Ciudad Madero, se aprob\u00f3 por unanimidad dar de baja m\u00e1s de 90 bienes propiedad del municipio,\" \/>\n<meta name=\"robots\" content=\"index, follow, max-snippet:-1, max-image-preview:large, max-video-preview:-1\" \/>\n<link rel=\"canonical\" href=\"https:\/\/elinformativotam.com\/index.php\/2024\/04\/26\/aprueba-cabildo-baja-de-cerca-de-100-bienes-patrimoniales\/\" \/>\n<meta property=\"og:locale\" content=\"es_MX\" \/>\n<meta property=\"og:type\" content=\"article\" \/>\n<meta property=\"og:title\" content=\"APRUEBA CABILDO BAJA DE CERCA DE 100 BIENES PATRIMONIALES. - EL INFORMATIVO DE TAMAULIPAS\" \/>\n<meta property=\"og:description\" content=\"Cd. Madero, Tamaulipas.- Durante la sesi\u00f3n del cabildo en Ciudad Madero, se aprob\u00f3 por unanimidad dar de baja m\u00e1s de 90 bienes propiedad del municipio,\" \/>\n<meta property=\"og:url\" content=\"https:\/\/elinformativotam.com\/index.php\/2024\/04\/26\/aprueba-cabildo-baja-de-cerca-de-100-bienes-patrimoniales\/\" \/>\n<meta property=\"og:site_name\" content=\"EL INFORMATIVO DE TAMAULIPAS\" \/>\n<meta property=\"article:published_time\" content=\"2024-04-26T19:52:55+00:00\" \/>\n<meta property=\"og:image\" content=\"https:\/\/elinformativotam.com\/wp-content\/uploads\/2024\/04\/Cabildo.jpeg\" \/>\n\t<meta property=\"og:image:width\" content=\"1247\" \/>\n\t<meta property=\"og:image:height\" content=\"616\" \/>\n\t<meta property=\"og:image:type\" content=\"image\/jpeg\" \/>\n<meta name=\"author\" content=\"El Informativo Tam\" \/>\n<meta name=\"twitter:card\" content=\"summary_large_image\" \/>\n<meta name=\"twitter:label1\" content=\"Escrito por\" \/>\n\t<meta name=\"twitter:data1\" content=\"El Informativo Tam\" \/>\n\t<meta name=\"twitter:label2\" content=\"Tiempo de lectura\" \/>\n\t<meta name=\"twitter:data2\" content=\"1 minuto\" \/>\n<script type=\"application\/ld+json\" class=\"yoast-schema-graph\">{\"@context\":\"https:\\\/\\\/schema.org\",\"@graph\":[{\"@type\":\"Article\",\"@id\":\"https:\\\/\\\/elinformativotam.com\\\/index.php\\\/2024\\\/04\\\/26\\\/aprueba-cabildo-baja-de-cerca-de-100-bienes-patrimoniales\\\/#article\",\"isPartOf\":{\"@id\":\"https:\\\/\\\/elinformativotam.com\\\/index.php\\\/2024\\\/04\\\/26\\\/aprueba-cabildo-baja-de-cerca-de-100-bienes-patrimoniales\\\/\"},\"author\":{\"name\":\"El Informativo Tam\",\"@id\":\"https:\\\/\\\/elinformativotam.com\\\/#\\\/schema\\\/person\\\/78e08040eed0f6110f0c5f83b6153590\"},\"headline\":\"APRUEBA CABILDO BAJA DE CERCA DE 100 BIENES PATRIMONIALES.\",\"datePublished\":\"2024-04-26T19:52:55+00:00\",\"mainEntityOfPage\":{\"@id\":\"https:\\\/\\\/elinformativotam.com\\\/index.php\\\/2024\\\/04\\\/26\\\/aprueba-cabildo-baja-de-cerca-de-100-bienes-patrimoniales\\\/\"},\"wordCount\":201,\"commentCount\":0,\"publisher\":{\"@id\":\"https:\\\/\\\/elinformativotam.com\\\/#organization\"},\"image\":{\"@id\":\"https:\\\/\\\/elinformativotam.com\\\/index.php\\\/2024\\\/04\\\/26\\\/aprueba-cabildo-baja-de-cerca-de-100-bienes-patrimoniales\\\/#primaryimage\"},\"thumbnailUrl\":\"https:\\\/\\\/elinformativotam.com\\\/wp-content\\\/uploads\\\/2024\\\/04\\\/Cabildo.jpeg\",\"articleSection\":[\"Cd Madero\"],\"inLanguage\":\"es\",\"potentialAction\":[{\"@type\":\"CommentAction\",\"name\":\"Comment\",\"target\":[\"https:\\\/\\\/elinformativotam.com\\\/index.php\\\/2024\\\/04\\\/26\\\/aprueba-cabildo-baja-de-cerca-de-100-bienes-patrimoniales\\\/#respond\"]}]},{\"@type\":\"WebPage\",\"@id\":\"https:\\\/\\\/elinformativotam.com\\\/index.php\\\/2024\\\/04\\\/26\\\/aprueba-cabildo-baja-de-cerca-de-100-bienes-patrimoniales\\\/\",\"url\":\"https:\\\/\\\/elinformativotam.com\\\/index.php\\\/2024\\\/04\\\/26\\\/aprueba-cabildo-baja-de-cerca-de-100-bienes-patrimoniales\\\/\",\"name\":\"APRUEBA CABILDO BAJA DE CERCA DE 100 BIENES PATRIMONIALES. - EL INFORMATIVO DE TAMAULIPAS\",\"isPartOf\":{\"@id\":\"https:\\\/\\\/elinformativotam.com\\\/#website\"},\"primaryImageOfPage\":{\"@id\":\"https:\\\/\\\/elinformativotam.com\\\/index.php\\\/2024\\\/04\\\/26\\\/aprueba-cabildo-baja-de-cerca-de-100-bienes-patrimoniales\\\/#primaryimage\"},\"image\":{\"@id\":\"https:\\\/\\\/elinformativotam.com\\\/index.php\\\/2024\\\/04\\\/26\\\/aprueba-cabildo-baja-de-cerca-de-100-bienes-patrimoniales\\\/#primaryimage\"},\"thumbnailUrl\":\"https:\\\/\\\/elinformativotam.com\\\/wp-content\\\/uploads\\\/2024\\\/04\\\/Cabildo.jpeg\",\"datePublished\":\"2024-04-26T19:52:55+00:00\",\"description\":\"Cd. Madero, Tamaulipas.- Durante la sesi\u00f3n del cabildo en Ciudad Madero, se aprob\u00f3 por unanimidad dar de baja m\u00e1s de 90 bienes propiedad del municipio,\",\"inLanguage\":\"es\",\"potentialAction\":[{\"@type\":\"ReadAction\",\"target\":[\"https:\\\/\\\/elinformativotam.com\\\/index.php\\\/2024\\\/04\\\/26\\\/aprueba-cabildo-baja-de-cerca-de-100-bienes-patrimoniales\\\/\"]}]},{\"@type\":\"ImageObject\",\"inLanguage\":\"es\",\"@id\":\"https:\\\/\\\/elinformativotam.com\\\/index.php\\\/2024\\\/04\\\/26\\\/aprueba-cabildo-baja-de-cerca-de-100-bienes-patrimoniales\\\/#primaryimage\",\"url\":\"https:\\\/\\\/elinformativotam.com\\\/wp-content\\\/uploads\\\/2024\\\/04\\\/Cabildo.jpeg\",\"contentUrl\":\"https:\\\/\\\/elinformativotam.com\\\/wp-content\\\/uploads\\\/2024\\\/04\\\/Cabildo.jpeg\",\"width\":1247,\"height\":616},{\"@type\":\"WebSite\",\"@id\":\"https:\\\/\\\/elinformativotam.com\\\/#website\",\"url\":\"https:\\\/\\\/elinformativotam.com\\\/\",\"name\":\"EL INFORMATIVO DE TAMAULIPAS\",\"description\":\"Desde la Zona Metropolitana Para Todo M\u00e9xico\",\"publisher\":{\"@id\":\"https:\\\/\\\/elinformativotam.com\\\/#organization\"},\"potentialAction\":[{\"@type\":\"SearchAction\",\"target\":{\"@type\":\"EntryPoint\",\"urlTemplate\":\"https:\\\/\\\/elinformativotam.com\\\/?s={search_term_string}\"},\"query-input\":{\"@type\":\"PropertyValueSpecification\",\"valueRequired\":true,\"valueName\":\"search_term_string\"}}],\"inLanguage\":\"es\"},{\"@type\":\"Organization\",\"@id\":\"https:\\\/\\\/elinformativotam.com\\\/#organization\",\"name\":\"EL INFORMATIVO DE TAMAULIPAS\",\"url\":\"https:\\\/\\\/elinformativotam.com\\\/\",\"logo\":{\"@type\":\"ImageObject\",\"inLanguage\":\"es\",\"@id\":\"https:\\\/\\\/elinformativotam.com\\\/#\\\/schema\\\/logo\\\/image\\\/\",\"url\":\"https:\\\/\\\/elinformativotam.com\\\/wp-content\\\/uploads\\\/2026\\\/02\\\/Cabezal.png\",\"contentUrl\":\"https:\\\/\\\/elinformativotam.com\\\/wp-content\\\/uploads\\\/2026\\\/02\\\/Cabezal.png\",\"width\":960,\"height\":640,\"caption\":\"EL INFORMATIVO DE TAMAULIPAS\"},\"image\":{\"@id\":\"https:\\\/\\\/elinformativotam.com\\\/#\\\/schema\\\/logo\\\/image\\\/\"}},{\"@type\":\"Person\",\"@id\":\"https:\\\/\\\/elinformativotam.com\\\/#\\\/schema\\\/person\\\/78e08040eed0f6110f0c5f83b6153590\",\"name\":\"El Informativo Tam\",\"image\":{\"@type\":\"ImageObject\",\"inLanguage\":\"es\",\"@id\":\"https:\\\/\\\/secure.gravatar.com\\\/avatar\\\/f3b7ad3af540688955925ac610647be00b0cf41feea9c4978b73a707ee86bc53?s=96&d=mm&r=g\",\"url\":\"https:\\\/\\\/secure.gravatar.com\\\/avatar\\\/f3b7ad3af540688955925ac610647be00b0cf41feea9c4978b73a707ee86bc53?s=96&d=mm&r=g\",\"contentUrl\":\"https:\\\/\\\/secure.gravatar.com\\\/avatar\\\/f3b7ad3af540688955925ac610647be00b0cf41feea9c4978b73a707ee86bc53?s=96&d=mm&r=g\",\"caption\":\"El Informativo Tam\"}}]}<\/script>\n<!-- \/ Yoast SEO plugin. -->","yoast_head_json":{"title":"APRUEBA CABILDO BAJA DE CERCA DE 100 BIENES PATRIMONIALES. - EL INFORMATIVO DE TAMAULIPAS","description":"Cd. Madero, Tamaulipas.- Durante la sesi\u00f3n del cabildo en Ciudad Madero, se aprob\u00f3 por unanimidad dar de baja m\u00e1s de 90 bienes propiedad del municipio,","robots":{"index":"index","follow":"follow","max-snippet":"max-snippet:-1","max-image-preview":"max-image-preview:large","max-video-preview":"max-video-preview:-1"},"canonical":"https:\/\/elinformativotam.com\/index.php\/2024\/04\/26\/aprueba-cabildo-baja-de-cerca-de-100-bienes-patrimoniales\/","og_locale":"es_MX","og_type":"article","og_title":"APRUEBA CABILDO BAJA DE CERCA DE 100 BIENES PATRIMONIALES. - EL INFORMATIVO DE TAMAULIPAS","og_description":"Cd. Madero, Tamaulipas.- Durante la sesi\u00f3n del cabildo en Ciudad Madero, se aprob\u00f3 por unanimidad dar de baja m\u00e1s de 90 bienes propiedad del municipio,","og_url":"https:\/\/elinformativotam.com\/index.php\/2024\/04\/26\/aprueba-cabildo-baja-de-cerca-de-100-bienes-patrimoniales\/","og_site_name":"EL INFORMATIVO DE TAMAULIPAS","article_published_time":"2024-04-26T19:52:55+00:00","og_image":[{"width":1247,"height":616,"url":"https:\/\/elinformativotam.com\/wp-content\/uploads\/2024\/04\/Cabildo.jpeg","type":"image\/jpeg"}],"author":"El Informativo Tam","twitter_card":"summary_large_image","twitter_misc":{"Escrito por":"El Informativo Tam","Tiempo de lectura":"1 minuto"},"schema":{"@context":"https:\/\/schema.org","@graph":[{"@type":"Article","@id":"https:\/\/elinformativotam.com\/index.php\/2024\/04\/26\/aprueba-cabildo-baja-de-cerca-de-100-bienes-patrimoniales\/#article","isPartOf":{"@id":"https:\/\/elinformativotam.com\/index.php\/2024\/04\/26\/aprueba-cabildo-baja-de-cerca-de-100-bienes-patrimoniales\/"},"author":{"name":"El Informativo Tam","@id":"https:\/\/elinformativotam.com\/#\/schema\/person\/78e08040eed0f6110f0c5f83b6153590"},"headline":"APRUEBA CABILDO BAJA DE CERCA DE 100 BIENES PATRIMONIALES.","datePublished":"2024-04-26T19:52:55+00:00","mainEntityOfPage":{"@id":"https:\/\/elinformativotam.com\/index.php\/2024\/04\/26\/aprueba-cabildo-baja-de-cerca-de-100-bienes-patrimoniales\/"},"wordCount":201,"commentCount":0,"publisher":{"@id":"https:\/\/elinformativotam.com\/#organization"},"image":{"@id":"https:\/\/elinformativotam.com\/index.php\/2024\/04\/26\/aprueba-cabildo-baja-de-cerca-de-100-bienes-patrimoniales\/#primaryimage"},"thumbnailUrl":"https:\/\/elinformativotam.com\/wp-content\/uploads\/2024\/04\/Cabildo.jpeg","articleSection":["Cd Madero"],"inLanguage":"es","potentialAction":[{"@type":"CommentAction","name":"Comment","target":["https:\/\/elinformativotam.com\/index.php\/2024\/04\/26\/aprueba-cabildo-baja-de-cerca-de-100-bienes-patrimoniales\/#respond"]}]},{"@type":"WebPage","@id":"https:\/\/elinformativotam.com\/index.php\/2024\/04\/26\/aprueba-cabildo-baja-de-cerca-de-100-bienes-patrimoniales\/","url":"https:\/\/elinformativotam.com\/index.php\/2024\/04\/26\/aprueba-cabildo-baja-de-cerca-de-100-bienes-patrimoniales\/","name":"APRUEBA CABILDO BAJA DE CERCA DE 100 BIENES PATRIMONIALES. - EL INFORMATIVO DE TAMAULIPAS","isPartOf":{"@id":"https:\/\/elinformativotam.com\/#website"},"primaryImageOfPage":{"@id":"https:\/\/elinformativotam.com\/index.php\/2024\/04\/26\/aprueba-cabildo-baja-de-cerca-de-100-bienes-patrimoniales\/#primaryimage"},"image":{"@id":"https:\/\/elinformativotam.com\/index.php\/2024\/04\/26\/aprueba-cabildo-baja-de-cerca-de-100-bienes-patrimoniales\/#primaryimage"},"thumbnailUrl":"https:\/\/elinformativotam.com\/wp-content\/uploads\/2024\/04\/Cabildo.jpeg","datePublished":"2024-04-26T19:52:55+00:00","description":"Cd. Madero, Tamaulipas.- Durante la sesi\u00f3n del cabildo en Ciudad Madero, se aprob\u00f3 por unanimidad dar de baja m\u00e1s de 90 bienes propiedad del municipio,","inLanguage":"es","potentialAction":[{"@type":"ReadAction","target":["https:\/\/elinformativotam.com\/index.php\/2024\/04\/26\/aprueba-cabildo-baja-de-cerca-de-100-bienes-patrimoniales\/"]}]},{"@type":"ImageObject","inLanguage":"es","@id":"https:\/\/elinformativotam.com\/index.php\/2024\/04\/26\/aprueba-cabildo-baja-de-cerca-de-100-bienes-patrimoniales\/#primaryimage","url":"https:\/\/elinformativotam.com\/wp-content\/uploads\/2024\/04\/Cabildo.jpeg","contentUrl":"https:\/\/elinformativotam.com\/wp-content\/uploads\/2024\/04\/Cabildo.jpeg","width":1247,"height":616},{"@type":"WebSite","@id":"https:\/\/elinformativotam.com\/#website","url":"https:\/\/elinformativotam.com\/","name":"EL INFORMATIVO DE TAMAULIPAS","description":"Desde la Zona Metropolitana Para Todo M\u00e9xico","publisher":{"@id":"https:\/\/elinformativotam.com\/#organization"},"potentialAction":[{"@type":"SearchAction","target":{"@type":"EntryPoint","urlTemplate":"https:\/\/elinformativotam.com\/?s={search_term_string}"},"query-input":{"@type":"PropertyValueSpecification","valueRequired":true,"valueName":"search_term_string"}}],"inLanguage":"es"},{"@type":"Organization","@id":"https:\/\/elinformativotam.com\/#organization","name":"EL INFORMATIVO DE TAMAULIPAS","url":"https:\/\/elinformativotam.com\/","logo":{"@type":"ImageObject","inLanguage":"es","@id":"https:\/\/elinformativotam.com\/#\/schema\/logo\/image\/","url":"https:\/\/elinformativotam.com\/wp-content\/uploads\/2026\/02\/Cabezal.png","contentUrl":"https:\/\/elinformativotam.com\/wp-content\/uploads\/2026\/02\/Cabezal.png","width":960,"height":640,"caption":"EL INFORMATIVO DE TAMAULIPAS"},"image":{"@id":"https:\/\/elinformativotam.com\/#\/schema\/logo\/image\/"}},{"@type":"Person","@id":"https:\/\/elinformativotam.com\/#\/schema\/person\/78e08040eed0f6110f0c5f83b6153590","name":"El Informativo Tam","image":{"@type":"ImageObject","inLanguage":"es","@id":"https:\/\/secure.gravatar.com\/avatar\/f3b7ad3af540688955925ac610647be00b0cf41feea9c4978b73a707ee86bc53?s=96&d=mm&r=g","url":"https:\/\/secure.gravatar.com\/avatar\/f3b7ad3af540688955925ac610647be00b0cf41feea9c4978b73a707ee86bc53?s=96&d=mm&r=g","contentUrl":"https:\/\/secure.gravatar.com\/avatar\/f3b7ad3af540688955925ac610647be00b0cf41feea9c4978b73a707ee86bc53?s=96&d=mm&r=g","caption":"El Informativo Tam"}}]}},"_links":{"self":[{"href":"https:\/\/elinformativotam.com\/index.php\/wp-json\/wp\/v2\/posts\/50439","targetHints":{"allow":["GET"]}}],"collection":[{"href":"https:\/\/elinformativotam.com\/index.php\/wp-json\/wp\/v2\/posts"}],"about":[{"href":"https:\/\/elinformativotam.com\/index.php\/wp-json\/wp\/v2\/types\/post"}],"author":[{"embeddable":true,"href":"https:\/\/elinformativotam.com\/index.php\/wp-json\/wp\/v2\/users\/1"}],"replies":[{"embeddable":true,"href":"https:\/\/elinformativotam.com\/index.php\/wp-json\/wp\/v2\/comments?post=50439"}],"version-history":[{"count":1,"href":"https:\/\/elinformativotam.com\/index.php\/wp-json\/wp\/v2\/posts\/50439\/revisions"}],"predecessor-version":[{"id":50441,"href":"https:\/\/elinformativotam.com\/index.php\/wp-json\/wp\/v2\/posts\/50439\/revisions\/50441"}],"wp:featuredmedia":[{"embeddable":true,"href":"https:\/\/elinformativotam.com\/index.php\/wp-json\/wp\/v2\/media\/50440"}],"wp:attachment":[{"href":"https:\/\/elinformativotam.com\/index.php\/wp-json\/wp\/v2\/media?parent=50439"}],"wp:term":[{"taxonomy":"category","embeddable":true,"href":"https:\/\/elinformativotam.com\/index.php\/wp-json\/wp\/v2\/categories?post=50439"},{"taxonomy":"post_tag","embeddable":true,"href":"https:\/\/elinformativotam.com\/index.php\/wp-json\/wp\/v2\/tags?post=50439"}],"curies":[{"name":"wp","href":"https:\/\/api.w.org\/{rel}","templated":true}]}}