{"id":50423,"date":"2024-04-23T22:12:49","date_gmt":"2024-04-24T04:12:49","guid":{"rendered":"https:\/\/elinformativotam.com\/?p=50423"},"modified":"2024-04-23T22:12:49","modified_gmt":"2024-04-24T04:12:49","slug":"realizan-primer-encuentro-regional-de-liderazgos-lgbtttq-en-el-sur-de-tamaulipas","status":"publish","type":"post","link":"https:\/\/elinformativotam.com\/index.php\/2024\/04\/23\/realizan-primer-encuentro-regional-de-liderazgos-lgbtttq-en-el-sur-de-tamaulipas\/","title":{"rendered":"REALIZAN PRIMER ENCUENTRO REGIONAL DE LIDERAZGOS LGBTTTQ+ EN EL SUR DE TAMAULIPAS"},"content":{"rendered":"<p>La comunidad LGBTTTIQ+, llevaron a cabo el primer Encuentro Regional de Liderazgos del Sur de Tamaulipas, espacio que busca fomentar la participaci\u00f3n de este grupo de la sociedad en el \u00e1rea pol\u00edtica as\u00ed como la incidencia en la formaci\u00f3n de pol\u00edticas p\u00fablicas enfocadas en la comunidad.<\/p>\n<p>&nbsp;<\/p>\n<p>En este lugar se dieron cita activistas de organizaciones civiles y l\u00edderes de la comunidad LGBTTTQ+; as\u00ed como diversos actores pol\u00edticos de la regi\u00f3n.<\/p>\n<p>&nbsp;<\/p>\n<p>\u201cPara las personas que conformamos la diversidad sexo gen\u00e9rica este no es un esfuerzo en vano puesto que en la promoci\u00f3n y defensa de nuestros derechos se encuentra la base para la formaci\u00f3n de una sociedad m\u00e1s justa y equitativa\u201d, coment\u00f3.<\/p>\n<p>&nbsp;<\/p>\n<p>En esta reuni\u00f3n se abordaron temas de pol\u00edtica en materia de derechos humanos, respeto, igualdad, inclusi\u00f3n y cero discriminaci\u00f3n.<\/p>\n<p>&nbsp;<\/p>\n<p>Para los movimientos sociales\u00a0 el trabajo en equipo de todos los que formar parte de la comunidad en Tamaulipas y la resistencia trans que impulsan Tamaulipas Diversidad Vihda Trans, Tendremos Alas AC, Colectivo Tamaholipa y diversos liderazgos del Sur, es importante resaltar la voluntad pol\u00edtica que mostraron los distintos actores pol\u00edticos y l\u00edderes al llamado publico de Sociedad\u00a0 Civil para participar en estos\u00a0 procesos de capacitaci\u00f3n y formaci\u00f3n.<\/p>\n<p>&nbsp;<\/p>\n<p>Ah\u00ed se pidi\u00f3 trabajar\u00a0 en el tema de alerta de g\u00e9nero, violencia de g\u00e9nero, feminicidios, transfeminicidios, armonizaci\u00f3n legislativa, diversidad sexo g\u00e9nerica, salud, educaci\u00f3n, cultura, deporte, trabajo y justicia Incluyente.<\/p>\n<p>&nbsp;<\/p>\n<p>Ah\u00ed tuvieron lugar dependencias como la Comisi\u00f3n Estatal de los Derechos Humanos del Estado de Tamaulipas, la Junta Local Ejecutiva del Instituto Nacional Electoral del Estado de Tamaulipas y del Instituto Electoral del Estado de Tamaulipas, quienes conformaron el panel de ponentes al igual que a los compa\u00f1eros l\u00edderes de la comunidad LGBTTTIQ+.<\/p>\n<p>&nbsp;<\/p>\n","protected":false},"excerpt":{"rendered":"<p>La comunidad LGBTTTIQ+, llevaron a cabo el primer Encuentro Regional de Liderazgos del Sur de Tamaulipas, espacio que busca fomentar&hellip;<\/p>\n","protected":false},"author":1,"featured_media":50424,"comment_status":"open","ping_status":"open","sticky":false,"template":"","format":"standard","meta":{"footnotes":""},"categories":[5],"tags":[],"class_list":["post-50423","post","type-post","status-publish","format-standard","has-post-thumbnail","hentry","category-altamira"],"yoast_head":"<!-- This site is optimized with the Yoast SEO plugin v27.5 - https:\/\/yoast.com\/product\/yoast-seo-wordpress\/ -->\n<title>REALIZAN PRIMER ENCUENTRO REGIONAL DE LIDERAZGOS LGBTTTQ+ EN EL SUR DE TAMAULIPAS - EL INFORMATIVO DE TAMAULIPAS<\/title>\n<meta name=\"description\" content=\"La comunidad LGBTTTIQ+, llevaron a cabo el primer Encuentro Regional de Liderazgos del Sur de Tamaulipas, espacio que busca fomentar la participaci\u00f3n de\" \/>\n<meta name=\"robots\" content=\"index, follow, max-snippet:-1, max-image-preview:large, max-video-preview:-1\" \/>\n<link rel=\"canonical\" href=\"https:\/\/elinformativotam.com\/index.php\/2024\/04\/23\/realizan-primer-encuentro-regional-de-liderazgos-lgbtttq-en-el-sur-de-tamaulipas\/\" \/>\n<meta property=\"og:locale\" content=\"es_MX\" \/>\n<meta property=\"og:type\" content=\"article\" \/>\n<meta property=\"og:title\" content=\"REALIZAN PRIMER ENCUENTRO REGIONAL DE LIDERAZGOS LGBTTTQ+ EN EL SUR DE TAMAULIPAS - EL INFORMATIVO DE TAMAULIPAS\" \/>\n<meta property=\"og:description\" content=\"La comunidad LGBTTTIQ+, llevaron a cabo el primer Encuentro Regional de Liderazgos del Sur de Tamaulipas, espacio que busca fomentar la participaci\u00f3n de\" \/>\n<meta property=\"og:url\" content=\"https:\/\/elinformativotam.com\/index.php\/2024\/04\/23\/realizan-primer-encuentro-regional-de-liderazgos-lgbtttq-en-el-sur-de-tamaulipas\/\" \/>\n<meta property=\"og:site_name\" content=\"EL INFORMATIVO DE TAMAULIPAS\" \/>\n<meta property=\"article:published_time\" content=\"2024-04-24T04:12:49+00:00\" \/>\n<meta property=\"og:image\" content=\"https:\/\/elinformativotam.com\/wp-content\/uploads\/2024\/04\/Lgtb.jpeg\" \/>\n\t<meta property=\"og:image:width\" content=\"1600\" \/>\n\t<meta property=\"og:image:height\" content=\"900\" \/>\n\t<meta property=\"og:image:type\" content=\"image\/jpeg\" \/>\n<meta name=\"author\" content=\"El Informativo Tam\" \/>\n<meta name=\"twitter:card\" content=\"summary_large_image\" \/>\n<meta name=\"twitter:label1\" content=\"Escrito por\" \/>\n\t<meta name=\"twitter:data1\" content=\"El Informativo Tam\" \/>\n\t<meta name=\"twitter:label2\" content=\"Tiempo de lectura\" \/>\n\t<meta name=\"twitter:data2\" content=\"2 minutos\" \/>\n<script type=\"application\/ld+json\" class=\"yoast-schema-graph\">{\"@context\":\"https:\\\/\\\/schema.org\",\"@graph\":[{\"@type\":\"Article\",\"@id\":\"https:\\\/\\\/elinformativotam.com\\\/index.php\\\/2024\\\/04\\\/23\\\/realizan-primer-encuentro-regional-de-liderazgos-lgbtttq-en-el-sur-de-tamaulipas\\\/#article\",\"isPartOf\":{\"@id\":\"https:\\\/\\\/elinformativotam.com\\\/index.php\\\/2024\\\/04\\\/23\\\/realizan-primer-encuentro-regional-de-liderazgos-lgbtttq-en-el-sur-de-tamaulipas\\\/\"},\"author\":{\"name\":\"El Informativo Tam\",\"@id\":\"https:\\\/\\\/elinformativotam.com\\\/#\\\/schema\\\/person\\\/78e08040eed0f6110f0c5f83b6153590\"},\"headline\":\"REALIZAN PRIMER ENCUENTRO REGIONAL DE LIDERAZGOS LGBTTTQ+ EN EL SUR DE TAMAULIPAS\",\"datePublished\":\"2024-04-24T04:12:49+00:00\",\"mainEntityOfPage\":{\"@id\":\"https:\\\/\\\/elinformativotam.com\\\/index.php\\\/2024\\\/04\\\/23\\\/realizan-primer-encuentro-regional-de-liderazgos-lgbtttq-en-el-sur-de-tamaulipas\\\/\"},\"wordCount\":328,\"commentCount\":0,\"publisher\":{\"@id\":\"https:\\\/\\\/elinformativotam.com\\\/#organization\"},\"image\":{\"@id\":\"https:\\\/\\\/elinformativotam.com\\\/index.php\\\/2024\\\/04\\\/23\\\/realizan-primer-encuentro-regional-de-liderazgos-lgbtttq-en-el-sur-de-tamaulipas\\\/#primaryimage\"},\"thumbnailUrl\":\"https:\\\/\\\/elinformativotam.com\\\/wp-content\\\/uploads\\\/2024\\\/04\\\/Lgtb.jpeg\",\"articleSection\":[\"Altamira\"],\"inLanguage\":\"es\",\"potentialAction\":[{\"@type\":\"CommentAction\",\"name\":\"Comment\",\"target\":[\"https:\\\/\\\/elinformativotam.com\\\/index.php\\\/2024\\\/04\\\/23\\\/realizan-primer-encuentro-regional-de-liderazgos-lgbtttq-en-el-sur-de-tamaulipas\\\/#respond\"]}]},{\"@type\":\"WebPage\",\"@id\":\"https:\\\/\\\/elinformativotam.com\\\/index.php\\\/2024\\\/04\\\/23\\\/realizan-primer-encuentro-regional-de-liderazgos-lgbtttq-en-el-sur-de-tamaulipas\\\/\",\"url\":\"https:\\\/\\\/elinformativotam.com\\\/index.php\\\/2024\\\/04\\\/23\\\/realizan-primer-encuentro-regional-de-liderazgos-lgbtttq-en-el-sur-de-tamaulipas\\\/\",\"name\":\"REALIZAN PRIMER ENCUENTRO REGIONAL DE LIDERAZGOS LGBTTTQ+ EN EL SUR DE TAMAULIPAS - EL INFORMATIVO DE TAMAULIPAS\",\"isPartOf\":{\"@id\":\"https:\\\/\\\/elinformativotam.com\\\/#website\"},\"primaryImageOfPage\":{\"@id\":\"https:\\\/\\\/elinformativotam.com\\\/index.php\\\/2024\\\/04\\\/23\\\/realizan-primer-encuentro-regional-de-liderazgos-lgbtttq-en-el-sur-de-tamaulipas\\\/#primaryimage\"},\"image\":{\"@id\":\"https:\\\/\\\/elinformativotam.com\\\/index.php\\\/2024\\\/04\\\/23\\\/realizan-primer-encuentro-regional-de-liderazgos-lgbtttq-en-el-sur-de-tamaulipas\\\/#primaryimage\"},\"thumbnailUrl\":\"https:\\\/\\\/elinformativotam.com\\\/wp-content\\\/uploads\\\/2024\\\/04\\\/Lgtb.jpeg\",\"datePublished\":\"2024-04-24T04:12:49+00:00\",\"description\":\"La comunidad LGBTTTIQ+, llevaron a cabo el primer Encuentro Regional de Liderazgos del Sur de Tamaulipas, espacio que busca fomentar la participaci\u00f3n de\",\"inLanguage\":\"es\",\"potentialAction\":[{\"@type\":\"ReadAction\",\"target\":[\"https:\\\/\\\/elinformativotam.com\\\/index.php\\\/2024\\\/04\\\/23\\\/realizan-primer-encuentro-regional-de-liderazgos-lgbtttq-en-el-sur-de-tamaulipas\\\/\"]}]},{\"@type\":\"ImageObject\",\"inLanguage\":\"es\",\"@id\":\"https:\\\/\\\/elinformativotam.com\\\/index.php\\\/2024\\\/04\\\/23\\\/realizan-primer-encuentro-regional-de-liderazgos-lgbtttq-en-el-sur-de-tamaulipas\\\/#primaryimage\",\"url\":\"https:\\\/\\\/elinformativotam.com\\\/wp-content\\\/uploads\\\/2024\\\/04\\\/Lgtb.jpeg\",\"contentUrl\":\"https:\\\/\\\/elinformativotam.com\\\/wp-content\\\/uploads\\\/2024\\\/04\\\/Lgtb.jpeg\",\"width\":1600,\"height\":900},{\"@type\":\"WebSite\",\"@id\":\"https:\\\/\\\/elinformativotam.com\\\/#website\",\"url\":\"https:\\\/\\\/elinformativotam.com\\\/\",\"name\":\"EL INFORMATIVO DE TAMAULIPAS\",\"description\":\"Desde la Zona Metropolitana Para Todo M\u00e9xico\",\"publisher\":{\"@id\":\"https:\\\/\\\/elinformativotam.com\\\/#organization\"},\"potentialAction\":[{\"@type\":\"SearchAction\",\"target\":{\"@type\":\"EntryPoint\",\"urlTemplate\":\"https:\\\/\\\/elinformativotam.com\\\/?s={search_term_string}\"},\"query-input\":{\"@type\":\"PropertyValueSpecification\",\"valueRequired\":true,\"valueName\":\"search_term_string\"}}],\"inLanguage\":\"es\"},{\"@type\":\"Organization\",\"@id\":\"https:\\\/\\\/elinformativotam.com\\\/#organization\",\"name\":\"EL INFORMATIVO DE TAMAULIPAS\",\"url\":\"https:\\\/\\\/elinformativotam.com\\\/\",\"logo\":{\"@type\":\"ImageObject\",\"inLanguage\":\"es\",\"@id\":\"https:\\\/\\\/elinformativotam.com\\\/#\\\/schema\\\/logo\\\/image\\\/\",\"url\":\"https:\\\/\\\/elinformativotam.com\\\/wp-content\\\/uploads\\\/2026\\\/02\\\/Cabezal.png\",\"contentUrl\":\"https:\\\/\\\/elinformativotam.com\\\/wp-content\\\/uploads\\\/2026\\\/02\\\/Cabezal.png\",\"width\":960,\"height\":640,\"caption\":\"EL INFORMATIVO DE TAMAULIPAS\"},\"image\":{\"@id\":\"https:\\\/\\\/elinformativotam.com\\\/#\\\/schema\\\/logo\\\/image\\\/\"}},{\"@type\":\"Person\",\"@id\":\"https:\\\/\\\/elinformativotam.com\\\/#\\\/schema\\\/person\\\/78e08040eed0f6110f0c5f83b6153590\",\"name\":\"El Informativo Tam\",\"image\":{\"@type\":\"ImageObject\",\"inLanguage\":\"es\",\"@id\":\"https:\\\/\\\/secure.gravatar.com\\\/avatar\\\/f3b7ad3af540688955925ac610647be00b0cf41feea9c4978b73a707ee86bc53?s=96&d=mm&r=g\",\"url\":\"https:\\\/\\\/secure.gravatar.com\\\/avatar\\\/f3b7ad3af540688955925ac610647be00b0cf41feea9c4978b73a707ee86bc53?s=96&d=mm&r=g\",\"contentUrl\":\"https:\\\/\\\/secure.gravatar.com\\\/avatar\\\/f3b7ad3af540688955925ac610647be00b0cf41feea9c4978b73a707ee86bc53?s=96&d=mm&r=g\",\"caption\":\"El Informativo Tam\"}}]}<\/script>\n<!-- \/ Yoast SEO plugin. -->","yoast_head_json":{"title":"REALIZAN PRIMER ENCUENTRO REGIONAL DE LIDERAZGOS LGBTTTQ+ EN EL SUR DE TAMAULIPAS - EL INFORMATIVO DE TAMAULIPAS","description":"La comunidad LGBTTTIQ+, llevaron a cabo el primer Encuentro Regional de Liderazgos del Sur de Tamaulipas, espacio que busca fomentar la participaci\u00f3n de","robots":{"index":"index","follow":"follow","max-snippet":"max-snippet:-1","max-image-preview":"max-image-preview:large","max-video-preview":"max-video-preview:-1"},"canonical":"https:\/\/elinformativotam.com\/index.php\/2024\/04\/23\/realizan-primer-encuentro-regional-de-liderazgos-lgbtttq-en-el-sur-de-tamaulipas\/","og_locale":"es_MX","og_type":"article","og_title":"REALIZAN PRIMER ENCUENTRO REGIONAL DE LIDERAZGOS LGBTTTQ+ EN EL SUR DE TAMAULIPAS - EL INFORMATIVO DE TAMAULIPAS","og_description":"La comunidad LGBTTTIQ+, llevaron a cabo el primer Encuentro Regional de Liderazgos del Sur de Tamaulipas, espacio que busca fomentar la participaci\u00f3n de","og_url":"https:\/\/elinformativotam.com\/index.php\/2024\/04\/23\/realizan-primer-encuentro-regional-de-liderazgos-lgbtttq-en-el-sur-de-tamaulipas\/","og_site_name":"EL INFORMATIVO DE TAMAULIPAS","article_published_time":"2024-04-24T04:12:49+00:00","og_image":[{"width":1600,"height":900,"url":"https:\/\/elinformativotam.com\/wp-content\/uploads\/2024\/04\/Lgtb.jpeg","type":"image\/jpeg"}],"author":"El Informativo Tam","twitter_card":"summary_large_image","twitter_misc":{"Escrito por":"El Informativo Tam","Tiempo de lectura":"2 minutos"},"schema":{"@context":"https:\/\/schema.org","@graph":[{"@type":"Article","@id":"https:\/\/elinformativotam.com\/index.php\/2024\/04\/23\/realizan-primer-encuentro-regional-de-liderazgos-lgbtttq-en-el-sur-de-tamaulipas\/#article","isPartOf":{"@id":"https:\/\/elinformativotam.com\/index.php\/2024\/04\/23\/realizan-primer-encuentro-regional-de-liderazgos-lgbtttq-en-el-sur-de-tamaulipas\/"},"author":{"name":"El Informativo Tam","@id":"https:\/\/elinformativotam.com\/#\/schema\/person\/78e08040eed0f6110f0c5f83b6153590"},"headline":"REALIZAN PRIMER ENCUENTRO REGIONAL DE LIDERAZGOS LGBTTTQ+ EN EL SUR DE TAMAULIPAS","datePublished":"2024-04-24T04:12:49+00:00","mainEntityOfPage":{"@id":"https:\/\/elinformativotam.com\/index.php\/2024\/04\/23\/realizan-primer-encuentro-regional-de-liderazgos-lgbtttq-en-el-sur-de-tamaulipas\/"},"wordCount":328,"commentCount":0,"publisher":{"@id":"https:\/\/elinformativotam.com\/#organization"},"image":{"@id":"https:\/\/elinformativotam.com\/index.php\/2024\/04\/23\/realizan-primer-encuentro-regional-de-liderazgos-lgbtttq-en-el-sur-de-tamaulipas\/#primaryimage"},"thumbnailUrl":"https:\/\/elinformativotam.com\/wp-content\/uploads\/2024\/04\/Lgtb.jpeg","articleSection":["Altamira"],"inLanguage":"es","potentialAction":[{"@type":"CommentAction","name":"Comment","target":["https:\/\/elinformativotam.com\/index.php\/2024\/04\/23\/realizan-primer-encuentro-regional-de-liderazgos-lgbtttq-en-el-sur-de-tamaulipas\/#respond"]}]},{"@type":"WebPage","@id":"https:\/\/elinformativotam.com\/index.php\/2024\/04\/23\/realizan-primer-encuentro-regional-de-liderazgos-lgbtttq-en-el-sur-de-tamaulipas\/","url":"https:\/\/elinformativotam.com\/index.php\/2024\/04\/23\/realizan-primer-encuentro-regional-de-liderazgos-lgbtttq-en-el-sur-de-tamaulipas\/","name":"REALIZAN PRIMER ENCUENTRO REGIONAL DE LIDERAZGOS LGBTTTQ+ EN EL SUR DE TAMAULIPAS - EL INFORMATIVO DE TAMAULIPAS","isPartOf":{"@id":"https:\/\/elinformativotam.com\/#website"},"primaryImageOfPage":{"@id":"https:\/\/elinformativotam.com\/index.php\/2024\/04\/23\/realizan-primer-encuentro-regional-de-liderazgos-lgbtttq-en-el-sur-de-tamaulipas\/#primaryimage"},"image":{"@id":"https:\/\/elinformativotam.com\/index.php\/2024\/04\/23\/realizan-primer-encuentro-regional-de-liderazgos-lgbtttq-en-el-sur-de-tamaulipas\/#primaryimage"},"thumbnailUrl":"https:\/\/elinformativotam.com\/wp-content\/uploads\/2024\/04\/Lgtb.jpeg","datePublished":"2024-04-24T04:12:49+00:00","description":"La comunidad LGBTTTIQ+, llevaron a cabo el primer Encuentro Regional de Liderazgos del Sur de Tamaulipas, espacio que busca fomentar la participaci\u00f3n de","inLanguage":"es","potentialAction":[{"@type":"ReadAction","target":["https:\/\/elinformativotam.com\/index.php\/2024\/04\/23\/realizan-primer-encuentro-regional-de-liderazgos-lgbtttq-en-el-sur-de-tamaulipas\/"]}]},{"@type":"ImageObject","inLanguage":"es","@id":"https:\/\/elinformativotam.com\/index.php\/2024\/04\/23\/realizan-primer-encuentro-regional-de-liderazgos-lgbtttq-en-el-sur-de-tamaulipas\/#primaryimage","url":"https:\/\/elinformativotam.com\/wp-content\/uploads\/2024\/04\/Lgtb.jpeg","contentUrl":"https:\/\/elinformativotam.com\/wp-content\/uploads\/2024\/04\/Lgtb.jpeg","width":1600,"height":900},{"@type":"WebSite","@id":"https:\/\/elinformativotam.com\/#website","url":"https:\/\/elinformativotam.com\/","name":"EL INFORMATIVO DE TAMAULIPAS","description":"Desde la Zona Metropolitana Para Todo M\u00e9xico","publisher":{"@id":"https:\/\/elinformativotam.com\/#organization"},"potentialAction":[{"@type":"SearchAction","target":{"@type":"EntryPoint","urlTemplate":"https:\/\/elinformativotam.com\/?s={search_term_string}"},"query-input":{"@type":"PropertyValueSpecification","valueRequired":true,"valueName":"search_term_string"}}],"inLanguage":"es"},{"@type":"Organization","@id":"https:\/\/elinformativotam.com\/#organization","name":"EL INFORMATIVO DE TAMAULIPAS","url":"https:\/\/elinformativotam.com\/","logo":{"@type":"ImageObject","inLanguage":"es","@id":"https:\/\/elinformativotam.com\/#\/schema\/logo\/image\/","url":"https:\/\/elinformativotam.com\/wp-content\/uploads\/2026\/02\/Cabezal.png","contentUrl":"https:\/\/elinformativotam.com\/wp-content\/uploads\/2026\/02\/Cabezal.png","width":960,"height":640,"caption":"EL INFORMATIVO DE TAMAULIPAS"},"image":{"@id":"https:\/\/elinformativotam.com\/#\/schema\/logo\/image\/"}},{"@type":"Person","@id":"https:\/\/elinformativotam.com\/#\/schema\/person\/78e08040eed0f6110f0c5f83b6153590","name":"El Informativo Tam","image":{"@type":"ImageObject","inLanguage":"es","@id":"https:\/\/secure.gravatar.com\/avatar\/f3b7ad3af540688955925ac610647be00b0cf41feea9c4978b73a707ee86bc53?s=96&d=mm&r=g","url":"https:\/\/secure.gravatar.com\/avatar\/f3b7ad3af540688955925ac610647be00b0cf41feea9c4978b73a707ee86bc53?s=96&d=mm&r=g","contentUrl":"https:\/\/secure.gravatar.com\/avatar\/f3b7ad3af540688955925ac610647be00b0cf41feea9c4978b73a707ee86bc53?s=96&d=mm&r=g","caption":"El Informativo Tam"}}]}},"_links":{"self":[{"href":"https:\/\/elinformativotam.com\/index.php\/wp-json\/wp\/v2\/posts\/50423","targetHints":{"allow":["GET"]}}],"collection":[{"href":"https:\/\/elinformativotam.com\/index.php\/wp-json\/wp\/v2\/posts"}],"about":[{"href":"https:\/\/elinformativotam.com\/index.php\/wp-json\/wp\/v2\/types\/post"}],"author":[{"embeddable":true,"href":"https:\/\/elinformativotam.com\/index.php\/wp-json\/wp\/v2\/users\/1"}],"replies":[{"embeddable":true,"href":"https:\/\/elinformativotam.com\/index.php\/wp-json\/wp\/v2\/comments?post=50423"}],"version-history":[{"count":1,"href":"https:\/\/elinformativotam.com\/index.php\/wp-json\/wp\/v2\/posts\/50423\/revisions"}],"predecessor-version":[{"id":50425,"href":"https:\/\/elinformativotam.com\/index.php\/wp-json\/wp\/v2\/posts\/50423\/revisions\/50425"}],"wp:featuredmedia":[{"embeddable":true,"href":"https:\/\/elinformativotam.com\/index.php\/wp-json\/wp\/v2\/media\/50424"}],"wp:attachment":[{"href":"https:\/\/elinformativotam.com\/index.php\/wp-json\/wp\/v2\/media?parent=50423"}],"wp:term":[{"taxonomy":"category","embeddable":true,"href":"https:\/\/elinformativotam.com\/index.php\/wp-json\/wp\/v2\/categories?post=50423"},{"taxonomy":"post_tag","embeddable":true,"href":"https:\/\/elinformativotam.com\/index.php\/wp-json\/wp\/v2\/tags?post=50423"}],"curies":[{"name":"wp","href":"https:\/\/api.w.org\/{rel}","templated":true}]}}