{"id":50418,"date":"2024-04-23T22:01:46","date_gmt":"2024-04-24T04:01:46","guid":{"rendered":"https:\/\/elinformativotam.com\/?p=50418"},"modified":"2024-04-23T22:01:46","modified_gmt":"2024-04-24T04:01:46","slug":"no-estoy-derrotado-adrian-oseguera","status":"publish","type":"post","link":"https:\/\/elinformativotam.com\/index.php\/2024\/04\/23\/no-estoy-derrotado-adrian-oseguera\/","title":{"rendered":"NO ESTOY DERROTADO: ADRIAN OSEGUERA"},"content":{"rendered":"<h2 style=\"text-align: center;\"><em><span style=\"font-family: 'times new roman', times;\">*Advierte Que El 2 De Junio Las Estructuras Territorales Dar\u00e1n La Pelea En La Movilizaci\u00f3n Del Electorado<\/span><\/em><\/h2>\n<p>&nbsp;<\/p>\n<p>&nbsp;<\/p>\n<p>A pocas horas de haber retornado a la contienda federal de manera oficial, el candidato del PT a la diputaci\u00f3n federal por el 8 distrito, Adri\u00e1n Oseguera Kerni\u00f3n, advirti\u00f3 que el 2 de Junio las estructuras territorales hablar\u00e1n por s\u00ed solas, pues reiter\u00f3 que a\u00fan no se le puede dar como derrotado en dicha contienda.<\/p>\n<p>&nbsp;<\/p>\n<p>Entrevistado durante la visita de Claudia Sheinbaum a la zona sur, el alcalde con licencia de Ciudad Madero, dej\u00f3 ver qu\u00e9 a\u00fan &#8220;est\u00e1 vivo en la contienda federal<\/p>\n<p>&nbsp;<\/p>\n<p>Remarc\u00f3 que la elecci\u00f3n en ese distrito, dijo, &#8220;se pone interesante, pues siempre estuve apoyando a los candidatos de Morena cuando se me retir\u00f3 la candidatura&#8221;.<\/p>\n<p>&nbsp;<\/p>\n<p>Remarc\u00f3 que &#8220;todo el distrito lo vamos a ganar,.pero tendr\u00e9 que trabajar muy duro para recuperar todos esos d\u00edas que no hice campa\u00f1a&#8221;, revel\u00f3<\/p>\n<p>&nbsp;<\/p>\n<p>Oseguera, puntualiz\u00f3 que Jes\u00fas Nader Nasrallah &#8220;es mi amigo y le ha ido bien a Tampico&#8221;, sin embargo, reiter\u00f3, que habr\u00e1 de salir airoso el 2 de junio<\/p>\n<p>&nbsp;<\/p>\n<p>El alcalde con licencia de Madero, resalt\u00f3 que la organizaci\u00f3n y movilizaci\u00f3n son dos aspectos que hacen ganar a un candidato el d\u00eda de la elecci\u00f3n.<\/p>\n<p>&nbsp;<\/p>\n<p>&#8220;Las estructuras territorales hablar\u00e1n por s\u00ed solas, y con propuesta vamos a ganar&#8221;, recalc\u00f3<\/p>\n<p>&nbsp;<\/p>\n<p>&nbsp;<\/p>\n<p>&nbsp;<\/p>\n<p>&nbsp;<\/p>\n","protected":false},"excerpt":{"rendered":"<p>*Advierte Que El 2 De Junio Las Estructuras Territorales Dar\u00e1n La Pelea En La Movilizaci\u00f3n Del Electorado &nbsp; &nbsp; A&hellip;<\/p>\n","protected":false},"author":1,"featured_media":50419,"comment_status":"open","ping_status":"open","sticky":false,"template":"","format":"standard","meta":{"footnotes":""},"categories":[3],"tags":[],"class_list":["post-50418","post","type-post","status-publish","format-standard","has-post-thumbnail","hentry","category-tampico"],"yoast_head":"<!-- This site is optimized with the Yoast SEO plugin v27.5 - https:\/\/yoast.com\/product\/yoast-seo-wordpress\/ -->\n<title>NO ESTOY DERROTADO: ADRIAN OSEGUERA - EL INFORMATIVO DE TAMAULIPAS<\/title>\n<meta name=\"description\" content=\"*Advierte Que El 2 De Junio Las Estructuras Territorales Dar\u00e1n La Pelea En La Movilizaci\u00f3n Del Electorado &nbsp; &nbsp; A pocas horas de haber retornado a\" \/>\n<meta name=\"robots\" content=\"index, follow, max-snippet:-1, max-image-preview:large, max-video-preview:-1\" \/>\n<link rel=\"canonical\" href=\"https:\/\/elinformativotam.com\/index.php\/2024\/04\/23\/no-estoy-derrotado-adrian-oseguera\/\" \/>\n<meta property=\"og:locale\" content=\"es_MX\" \/>\n<meta property=\"og:type\" content=\"article\" \/>\n<meta property=\"og:title\" content=\"NO ESTOY DERROTADO: ADRIAN OSEGUERA - EL INFORMATIVO DE TAMAULIPAS\" \/>\n<meta property=\"og:description\" content=\"*Advierte Que El 2 De Junio Las Estructuras Territorales Dar\u00e1n La Pelea En La Movilizaci\u00f3n Del Electorado &nbsp; &nbsp; A pocas horas de haber retornado a\" \/>\n<meta property=\"og:url\" content=\"https:\/\/elinformativotam.com\/index.php\/2024\/04\/23\/no-estoy-derrotado-adrian-oseguera\/\" \/>\n<meta property=\"og:site_name\" content=\"EL INFORMATIVO DE TAMAULIPAS\" \/>\n<meta property=\"article:published_time\" content=\"2024-04-24T04:01:46+00:00\" \/>\n<meta property=\"og:image\" content=\"https:\/\/elinformativotam.com\/wp-content\/uploads\/2024\/04\/Adrian.jpeg\" \/>\n\t<meta property=\"og:image:width\" content=\"1280\" \/>\n\t<meta property=\"og:image:height\" content=\"963\" \/>\n\t<meta property=\"og:image:type\" content=\"image\/jpeg\" \/>\n<meta name=\"author\" content=\"El Informativo Tam\" \/>\n<meta name=\"twitter:card\" content=\"summary_large_image\" \/>\n<meta name=\"twitter:label1\" content=\"Escrito por\" \/>\n\t<meta name=\"twitter:data1\" content=\"El Informativo Tam\" \/>\n\t<meta name=\"twitter:label2\" content=\"Tiempo de lectura\" \/>\n\t<meta name=\"twitter:data2\" content=\"2 minutos\" \/>\n<script type=\"application\/ld+json\" class=\"yoast-schema-graph\">{\"@context\":\"https:\\\/\\\/schema.org\",\"@graph\":[{\"@type\":\"Article\",\"@id\":\"https:\\\/\\\/elinformativotam.com\\\/index.php\\\/2024\\\/04\\\/23\\\/no-estoy-derrotado-adrian-oseguera\\\/#article\",\"isPartOf\":{\"@id\":\"https:\\\/\\\/elinformativotam.com\\\/index.php\\\/2024\\\/04\\\/23\\\/no-estoy-derrotado-adrian-oseguera\\\/\"},\"author\":{\"name\":\"El Informativo Tam\",\"@id\":\"https:\\\/\\\/elinformativotam.com\\\/#\\\/schema\\\/person\\\/78e08040eed0f6110f0c5f83b6153590\"},\"headline\":\"NO ESTOY DERROTADO: ADRIAN OSEGUERA\",\"datePublished\":\"2024-04-24T04:01:46+00:00\",\"mainEntityOfPage\":{\"@id\":\"https:\\\/\\\/elinformativotam.com\\\/index.php\\\/2024\\\/04\\\/23\\\/no-estoy-derrotado-adrian-oseguera\\\/\"},\"wordCount\":249,\"commentCount\":0,\"publisher\":{\"@id\":\"https:\\\/\\\/elinformativotam.com\\\/#organization\"},\"image\":{\"@id\":\"https:\\\/\\\/elinformativotam.com\\\/index.php\\\/2024\\\/04\\\/23\\\/no-estoy-derrotado-adrian-oseguera\\\/#primaryimage\"},\"thumbnailUrl\":\"https:\\\/\\\/elinformativotam.com\\\/wp-content\\\/uploads\\\/2024\\\/04\\\/Adrian.jpeg\",\"articleSection\":[\"Tampico\"],\"inLanguage\":\"es\",\"potentialAction\":[{\"@type\":\"CommentAction\",\"name\":\"Comment\",\"target\":[\"https:\\\/\\\/elinformativotam.com\\\/index.php\\\/2024\\\/04\\\/23\\\/no-estoy-derrotado-adrian-oseguera\\\/#respond\"]}]},{\"@type\":\"WebPage\",\"@id\":\"https:\\\/\\\/elinformativotam.com\\\/index.php\\\/2024\\\/04\\\/23\\\/no-estoy-derrotado-adrian-oseguera\\\/\",\"url\":\"https:\\\/\\\/elinformativotam.com\\\/index.php\\\/2024\\\/04\\\/23\\\/no-estoy-derrotado-adrian-oseguera\\\/\",\"name\":\"NO ESTOY DERROTADO: ADRIAN OSEGUERA - EL INFORMATIVO DE TAMAULIPAS\",\"isPartOf\":{\"@id\":\"https:\\\/\\\/elinformativotam.com\\\/#website\"},\"primaryImageOfPage\":{\"@id\":\"https:\\\/\\\/elinformativotam.com\\\/index.php\\\/2024\\\/04\\\/23\\\/no-estoy-derrotado-adrian-oseguera\\\/#primaryimage\"},\"image\":{\"@id\":\"https:\\\/\\\/elinformativotam.com\\\/index.php\\\/2024\\\/04\\\/23\\\/no-estoy-derrotado-adrian-oseguera\\\/#primaryimage\"},\"thumbnailUrl\":\"https:\\\/\\\/elinformativotam.com\\\/wp-content\\\/uploads\\\/2024\\\/04\\\/Adrian.jpeg\",\"datePublished\":\"2024-04-24T04:01:46+00:00\",\"description\":\"*Advierte Que El 2 De Junio Las Estructuras Territorales Dar\u00e1n La Pelea En La Movilizaci\u00f3n Del Electorado &nbsp; &nbsp; A pocas horas de haber retornado a\",\"inLanguage\":\"es\",\"potentialAction\":[{\"@type\":\"ReadAction\",\"target\":[\"https:\\\/\\\/elinformativotam.com\\\/index.php\\\/2024\\\/04\\\/23\\\/no-estoy-derrotado-adrian-oseguera\\\/\"]}]},{\"@type\":\"ImageObject\",\"inLanguage\":\"es\",\"@id\":\"https:\\\/\\\/elinformativotam.com\\\/index.php\\\/2024\\\/04\\\/23\\\/no-estoy-derrotado-adrian-oseguera\\\/#primaryimage\",\"url\":\"https:\\\/\\\/elinformativotam.com\\\/wp-content\\\/uploads\\\/2024\\\/04\\\/Adrian.jpeg\",\"contentUrl\":\"https:\\\/\\\/elinformativotam.com\\\/wp-content\\\/uploads\\\/2024\\\/04\\\/Adrian.jpeg\",\"width\":1280,\"height\":963},{\"@type\":\"WebSite\",\"@id\":\"https:\\\/\\\/elinformativotam.com\\\/#website\",\"url\":\"https:\\\/\\\/elinformativotam.com\\\/\",\"name\":\"EL INFORMATIVO DE TAMAULIPAS\",\"description\":\"Desde la Zona Metropolitana Para Todo M\u00e9xico\",\"publisher\":{\"@id\":\"https:\\\/\\\/elinformativotam.com\\\/#organization\"},\"potentialAction\":[{\"@type\":\"SearchAction\",\"target\":{\"@type\":\"EntryPoint\",\"urlTemplate\":\"https:\\\/\\\/elinformativotam.com\\\/?s={search_term_string}\"},\"query-input\":{\"@type\":\"PropertyValueSpecification\",\"valueRequired\":true,\"valueName\":\"search_term_string\"}}],\"inLanguage\":\"es\"},{\"@type\":\"Organization\",\"@id\":\"https:\\\/\\\/elinformativotam.com\\\/#organization\",\"name\":\"EL INFORMATIVO DE TAMAULIPAS\",\"url\":\"https:\\\/\\\/elinformativotam.com\\\/\",\"logo\":{\"@type\":\"ImageObject\",\"inLanguage\":\"es\",\"@id\":\"https:\\\/\\\/elinformativotam.com\\\/#\\\/schema\\\/logo\\\/image\\\/\",\"url\":\"https:\\\/\\\/elinformativotam.com\\\/wp-content\\\/uploads\\\/2026\\\/02\\\/Cabezal.png\",\"contentUrl\":\"https:\\\/\\\/elinformativotam.com\\\/wp-content\\\/uploads\\\/2026\\\/02\\\/Cabezal.png\",\"width\":960,\"height\":640,\"caption\":\"EL INFORMATIVO DE TAMAULIPAS\"},\"image\":{\"@id\":\"https:\\\/\\\/elinformativotam.com\\\/#\\\/schema\\\/logo\\\/image\\\/\"}},{\"@type\":\"Person\",\"@id\":\"https:\\\/\\\/elinformativotam.com\\\/#\\\/schema\\\/person\\\/78e08040eed0f6110f0c5f83b6153590\",\"name\":\"El Informativo Tam\",\"image\":{\"@type\":\"ImageObject\",\"inLanguage\":\"es\",\"@id\":\"https:\\\/\\\/secure.gravatar.com\\\/avatar\\\/f3b7ad3af540688955925ac610647be00b0cf41feea9c4978b73a707ee86bc53?s=96&d=mm&r=g\",\"url\":\"https:\\\/\\\/secure.gravatar.com\\\/avatar\\\/f3b7ad3af540688955925ac610647be00b0cf41feea9c4978b73a707ee86bc53?s=96&d=mm&r=g\",\"contentUrl\":\"https:\\\/\\\/secure.gravatar.com\\\/avatar\\\/f3b7ad3af540688955925ac610647be00b0cf41feea9c4978b73a707ee86bc53?s=96&d=mm&r=g\",\"caption\":\"El Informativo Tam\"}}]}<\/script>\n<!-- \/ Yoast SEO plugin. -->","yoast_head_json":{"title":"NO ESTOY DERROTADO: ADRIAN OSEGUERA - EL INFORMATIVO DE TAMAULIPAS","description":"*Advierte Que El 2 De Junio Las Estructuras Territorales Dar\u00e1n La Pelea En La Movilizaci\u00f3n Del Electorado &nbsp; &nbsp; A pocas horas de haber retornado a","robots":{"index":"index","follow":"follow","max-snippet":"max-snippet:-1","max-image-preview":"max-image-preview:large","max-video-preview":"max-video-preview:-1"},"canonical":"https:\/\/elinformativotam.com\/index.php\/2024\/04\/23\/no-estoy-derrotado-adrian-oseguera\/","og_locale":"es_MX","og_type":"article","og_title":"NO ESTOY DERROTADO: ADRIAN OSEGUERA - EL INFORMATIVO DE TAMAULIPAS","og_description":"*Advierte Que El 2 De Junio Las Estructuras Territorales Dar\u00e1n La Pelea En La Movilizaci\u00f3n Del Electorado &nbsp; &nbsp; A pocas horas de haber retornado a","og_url":"https:\/\/elinformativotam.com\/index.php\/2024\/04\/23\/no-estoy-derrotado-adrian-oseguera\/","og_site_name":"EL INFORMATIVO DE TAMAULIPAS","article_published_time":"2024-04-24T04:01:46+00:00","og_image":[{"width":1280,"height":963,"url":"https:\/\/elinformativotam.com\/wp-content\/uploads\/2024\/04\/Adrian.jpeg","type":"image\/jpeg"}],"author":"El Informativo Tam","twitter_card":"summary_large_image","twitter_misc":{"Escrito por":"El Informativo Tam","Tiempo de lectura":"2 minutos"},"schema":{"@context":"https:\/\/schema.org","@graph":[{"@type":"Article","@id":"https:\/\/elinformativotam.com\/index.php\/2024\/04\/23\/no-estoy-derrotado-adrian-oseguera\/#article","isPartOf":{"@id":"https:\/\/elinformativotam.com\/index.php\/2024\/04\/23\/no-estoy-derrotado-adrian-oseguera\/"},"author":{"name":"El Informativo Tam","@id":"https:\/\/elinformativotam.com\/#\/schema\/person\/78e08040eed0f6110f0c5f83b6153590"},"headline":"NO ESTOY DERROTADO: ADRIAN OSEGUERA","datePublished":"2024-04-24T04:01:46+00:00","mainEntityOfPage":{"@id":"https:\/\/elinformativotam.com\/index.php\/2024\/04\/23\/no-estoy-derrotado-adrian-oseguera\/"},"wordCount":249,"commentCount":0,"publisher":{"@id":"https:\/\/elinformativotam.com\/#organization"},"image":{"@id":"https:\/\/elinformativotam.com\/index.php\/2024\/04\/23\/no-estoy-derrotado-adrian-oseguera\/#primaryimage"},"thumbnailUrl":"https:\/\/elinformativotam.com\/wp-content\/uploads\/2024\/04\/Adrian.jpeg","articleSection":["Tampico"],"inLanguage":"es","potentialAction":[{"@type":"CommentAction","name":"Comment","target":["https:\/\/elinformativotam.com\/index.php\/2024\/04\/23\/no-estoy-derrotado-adrian-oseguera\/#respond"]}]},{"@type":"WebPage","@id":"https:\/\/elinformativotam.com\/index.php\/2024\/04\/23\/no-estoy-derrotado-adrian-oseguera\/","url":"https:\/\/elinformativotam.com\/index.php\/2024\/04\/23\/no-estoy-derrotado-adrian-oseguera\/","name":"NO ESTOY DERROTADO: ADRIAN OSEGUERA - EL INFORMATIVO DE TAMAULIPAS","isPartOf":{"@id":"https:\/\/elinformativotam.com\/#website"},"primaryImageOfPage":{"@id":"https:\/\/elinformativotam.com\/index.php\/2024\/04\/23\/no-estoy-derrotado-adrian-oseguera\/#primaryimage"},"image":{"@id":"https:\/\/elinformativotam.com\/index.php\/2024\/04\/23\/no-estoy-derrotado-adrian-oseguera\/#primaryimage"},"thumbnailUrl":"https:\/\/elinformativotam.com\/wp-content\/uploads\/2024\/04\/Adrian.jpeg","datePublished":"2024-04-24T04:01:46+00:00","description":"*Advierte Que El 2 De Junio Las Estructuras Territorales Dar\u00e1n La Pelea En La Movilizaci\u00f3n Del Electorado &nbsp; &nbsp; A pocas horas de haber retornado a","inLanguage":"es","potentialAction":[{"@type":"ReadAction","target":["https:\/\/elinformativotam.com\/index.php\/2024\/04\/23\/no-estoy-derrotado-adrian-oseguera\/"]}]},{"@type":"ImageObject","inLanguage":"es","@id":"https:\/\/elinformativotam.com\/index.php\/2024\/04\/23\/no-estoy-derrotado-adrian-oseguera\/#primaryimage","url":"https:\/\/elinformativotam.com\/wp-content\/uploads\/2024\/04\/Adrian.jpeg","contentUrl":"https:\/\/elinformativotam.com\/wp-content\/uploads\/2024\/04\/Adrian.jpeg","width":1280,"height":963},{"@type":"WebSite","@id":"https:\/\/elinformativotam.com\/#website","url":"https:\/\/elinformativotam.com\/","name":"EL INFORMATIVO DE TAMAULIPAS","description":"Desde la Zona Metropolitana Para Todo M\u00e9xico","publisher":{"@id":"https:\/\/elinformativotam.com\/#organization"},"potentialAction":[{"@type":"SearchAction","target":{"@type":"EntryPoint","urlTemplate":"https:\/\/elinformativotam.com\/?s={search_term_string}"},"query-input":{"@type":"PropertyValueSpecification","valueRequired":true,"valueName":"search_term_string"}}],"inLanguage":"es"},{"@type":"Organization","@id":"https:\/\/elinformativotam.com\/#organization","name":"EL INFORMATIVO DE TAMAULIPAS","url":"https:\/\/elinformativotam.com\/","logo":{"@type":"ImageObject","inLanguage":"es","@id":"https:\/\/elinformativotam.com\/#\/schema\/logo\/image\/","url":"https:\/\/elinformativotam.com\/wp-content\/uploads\/2026\/02\/Cabezal.png","contentUrl":"https:\/\/elinformativotam.com\/wp-content\/uploads\/2026\/02\/Cabezal.png","width":960,"height":640,"caption":"EL INFORMATIVO DE TAMAULIPAS"},"image":{"@id":"https:\/\/elinformativotam.com\/#\/schema\/logo\/image\/"}},{"@type":"Person","@id":"https:\/\/elinformativotam.com\/#\/schema\/person\/78e08040eed0f6110f0c5f83b6153590","name":"El Informativo Tam","image":{"@type":"ImageObject","inLanguage":"es","@id":"https:\/\/secure.gravatar.com\/avatar\/f3b7ad3af540688955925ac610647be00b0cf41feea9c4978b73a707ee86bc53?s=96&d=mm&r=g","url":"https:\/\/secure.gravatar.com\/avatar\/f3b7ad3af540688955925ac610647be00b0cf41feea9c4978b73a707ee86bc53?s=96&d=mm&r=g","contentUrl":"https:\/\/secure.gravatar.com\/avatar\/f3b7ad3af540688955925ac610647be00b0cf41feea9c4978b73a707ee86bc53?s=96&d=mm&r=g","caption":"El Informativo Tam"}}]}},"_links":{"self":[{"href":"https:\/\/elinformativotam.com\/index.php\/wp-json\/wp\/v2\/posts\/50418","targetHints":{"allow":["GET"]}}],"collection":[{"href":"https:\/\/elinformativotam.com\/index.php\/wp-json\/wp\/v2\/posts"}],"about":[{"href":"https:\/\/elinformativotam.com\/index.php\/wp-json\/wp\/v2\/types\/post"}],"author":[{"embeddable":true,"href":"https:\/\/elinformativotam.com\/index.php\/wp-json\/wp\/v2\/users\/1"}],"replies":[{"embeddable":true,"href":"https:\/\/elinformativotam.com\/index.php\/wp-json\/wp\/v2\/comments?post=50418"}],"version-history":[{"count":1,"href":"https:\/\/elinformativotam.com\/index.php\/wp-json\/wp\/v2\/posts\/50418\/revisions"}],"predecessor-version":[{"id":50420,"href":"https:\/\/elinformativotam.com\/index.php\/wp-json\/wp\/v2\/posts\/50418\/revisions\/50420"}],"wp:featuredmedia":[{"embeddable":true,"href":"https:\/\/elinformativotam.com\/index.php\/wp-json\/wp\/v2\/media\/50419"}],"wp:attachment":[{"href":"https:\/\/elinformativotam.com\/index.php\/wp-json\/wp\/v2\/media?parent=50418"}],"wp:term":[{"taxonomy":"category","embeddable":true,"href":"https:\/\/elinformativotam.com\/index.php\/wp-json\/wp\/v2\/categories?post=50418"},{"taxonomy":"post_tag","embeddable":true,"href":"https:\/\/elinformativotam.com\/index.php\/wp-json\/wp\/v2\/tags?post=50418"}],"curies":[{"name":"wp","href":"https:\/\/api.w.org\/{rel}","templated":true}]}}